{"id":1006,"date":"2020-08-07T13:16:00","date_gmt":"2020-08-07T11:16:00","guid":{"rendered":"https:\/\/www.profinfo.pl\/blog\/?p=1006"},"modified":"2024-03-05T14:31:16","modified_gmt":"2024-03-05T13:31:16","slug":"ustawa-o-podatku-vat-wraz-z-zalacznikiem-nr-15-co-mialo-na-celu-wprowadzenie-zasady-split-payment-ktore-towary-i-uslugi-zostaly-objete-tym-obowiazkiem","status":"publish","type":"post","link":"https:\/\/www.profinfo.pl\/blog\/ustawa-o-podatku-vat-wraz-z-zalacznikiem-nr-15-co-mialo-na-celu-wprowadzenie-zasady-split-payment-ktore-towary-i-uslugi-zostaly-objete-tym-obowiazkiem\/","title":{"rendered":"Ustawa o podatku VAT wraz z za\u0142\u0105cznikiem nr 15. Co mia\u0142o na celu wprowadzenie zasady split payment? Kt\u00f3re towary i us\u0142ugi zosta\u0142y obj\u0119te tym obowi\u0105zkiem?"},"content":{"rendered":"\n<p><strong>Ze wzgl\u0119du na liczne zmiany zachodz\u0105ce w podej\u015bciu do opodatkowania i pr\u00f3b uszczeg\u00f3\u0142awiania przepis\u00f3w, ustawa o podatku VAT podlega\u0142a wielokrotnym nowelizacjom. Ich celem by\u0142o m.in. uszczelnienie systemu podatkowego i zapobie\u017cenie oszustwom. I w\u0142a\u015bnie po to wprowadzono obowi\u0105zkowy mechanizm podzielonej p\u0142atno\u015bci, inaczej <em>split payment<\/em>.<\/strong><\/p>\n\n\n\n<!--more-->\n\n\n\n<h2 class=\"wp-block-heading\"><span class=\"ez-toc-section\" id=\"Ustawa-o-podatku-VAT-Za-co-mozna-cenic-podatek-od-wartosci-dodanej\"><\/span>Ustawa o podatku VAT. Za co mo\u017cna ceni\u0107 podatek od warto\u015bci dodanej?<span class=\"ez-toc-section-end\"><\/span><\/h2>\n\n\n\n<p>Tak jak we wszystkich pa\u0144stwach cz\u0142onkowskich, tak i u nas, za jedn\u0105 z podstawowych zalet podatku VAT uwa\u017cana jest jego zdolno\u015b\u0107 do ograniczania mo\u017cliwo\u015bci dokonywania oszustw podatkowych.Podatek VAT pozwala unikn\u0105\u0107 pa\u0144stwom zagro\u017cenia ze strony podatnik\u00f3w prowadz\u0105cych nieuczciwe praktyki podatkowe, kt\u00f3re by\u0142yby mo\u017cliwe do przeprowadzenia przy ca\u0142kowitym i jednokrotnym opodatkowaniu produkcji i handlu. Jednak zmniejszenie mo\u017cliwo\u015bci dokonywania oszustw podatkowych to nie jedyne zalety VAT-u.<\/p>\n\n\n\n<p>W ostatnich latach w Polsce szczeg\u00f3lnie na znaczeniu zyska\u0142a jednak cecha pierwszorz\u0119dna podatku VAT, czyli ograniczanie mo\u017cliwo\u015bci dokonywania oszustw podatkowych. <strong>Zdolno\u015b\u0107 ta zosta\u0142a dodatkowo wzmocniona przez ca\u0142y szereg nowych rozwi\u0105za\u0144 i przepis\u00f3w, w tym przez mechanizm podzielonej p\u0142atno\u015bci<\/strong> (z ang. <em>split payment<\/em>), kt\u00f3ry to mechanizm od 1 listopada 2019 roku sta\u0142 si\u0119 obowi\u0105zkowy dla towar\u00f3w i us\u0142ug zawartych w za\u0142\u0105czniku nr 15 do ustawy o VAT.<\/p>\n\n\n\n<figure class=\"wp-block-pullquote alignwide is-style-default\"><blockquote><p><a href=\"https:\/\/www.profinfo.pl\/sklep\/pakiet-vat-2023,376744.html?utm_source=blog&amp;utm_medium=baner&amp;utm_campaign=Ustawa+o+podatku+VAT+wraz+z+za%C5%82%C4%85cznikiem+nr+15.+Co+mia%C5%82o+na+celu+wprowadzenie+zasady+split+payment%3F+Kt%C3%B3re+towary+i+us%C5%82ugi+zosta%C5%82y+obj%C4%99te+tym+obowi%C4%85zkiem%3F&amp;utm_content=VAT.+Komentarz+2023+%2B+Raport+specjalny\"><img decoding=\"async\" width=\"700\" height=\"225\" class=\"wp-image-2233\" style=\"width: 700px;\" src=\"https:\/\/www.profinfo.pl\/blog\/wp-content\/uploads\/2020\/08\/vat-komentarz-2023.png\" alt=\"VAT. Komentarz 2023 + Raport specjalny \" title=\"\"><\/a><\/p><cite>&#8222;VAT. Komentarz 2023&#8221;. <a href=\"https:\/\/www.profinfo.pl\/sklep\/pakiet-vat-2023,376744.html?utm_source=blog&amp;utm_medium=link&amp;utm_campaign=Ustawa+o+podatku+VAT+wraz+z+za%C5%82%C4%85cznikiem+nr+15.+Co+mia%C5%82o+na+celu+wprowadzenie+zasady+split+payment%3F+Kt%C3%B3re+towary+i+us%C5%82ugi+zosta%C5%82y+obj%C4%99te+tym+obowi%C4%85zkiem%3F&amp;utm_content=VAT.+Komentarz+2023+%2B+Raport+specjalny\">Kup w ksi\u0119garni ProfInfo.pl<\/a><\/cite><\/blockquote><\/figure>\n\n\n\n<h2 class=\"wp-block-heading\"><span class=\"ez-toc-section\" id=\"Czym-jest-i-czemu-sluzy-mechanizm-podzielonej-platnosci-MPP-czyli-inaczej-split-payment\"><\/span>Czym jest i czemu s\u0142u\u017cy mechanizm podzielonej p\u0142atno\u015bci (MPP), czyli inaczej <em>split payment<\/em>?<span class=\"ez-toc-section-end\"><\/span><\/h2>\n\n\n\n<p>Split payment lub mechanizm podzielonej p\u0142atno\u015bci (w skr\u00f3cie MPP) mo\u017cna w pewnym uproszczeniu opisa\u0107 jako p\u0142atno\u015b\u0107 dzielon\u0105 na dwa rachunki. <strong>Ka\u017cdy przelew wysy\u0142any wed\u0142ug tego mechanizmu dzielony jest automatycznie na dwa rachunki nale\u017c\u0105ce do sprzedawcy. Warto\u015b\u0107 kwoty podstawowej netto trafia na jeden rachunek, a kwota podatku VAT na drugi<\/strong>.<\/p>\n\n\n\n<p>Mechanizm podzielonej p\u0142atno\u015bci wszed\u0142 w \u017cycie ju\u017c 1 lipca 2018 r. jednak w\u00f3wczas jego stosowanie by\u0142o jedynie dobrowolne. Przez ca\u0142y rok MPP by\u0142 testowany zar\u00f3wno przez przedsi\u0119biorc\u00f3w, jak i organy kontrolne. Swoist\u0105 marchewk\u0105 zach\u0119caj\u0105c\u0105 do stosowania MPP by\u0142o gwarantowane z\u0142agodzenie sankcji wobec fiskusa. \u00d3w okres testowy wypad\u0142 na tyle dobrze, \u017ce Ministerstwo Finans\u00f3w zdecydowa\u0142o si\u0119 wprowadzi\u0107 <em>split payment<\/em> jako mechanizm obowi\u0105zkowy. Jak powiedzia\u0142 minister Jerzy Kwieci\u0144ski \u2013 <em>Funkcjonuj\u0105cy od ponad roku mechanizm podzielonej p\u0142atno\u015bci okaza\u0142 si\u0119 skuteczn\u0105 ochron\u0105 dla uczciwych podatnik\u00f3w w eliminowaniu oszustw w VAT. Dlatego jestem pewien, \u017ce obowi\u0105zkowa posta\u0107 mechanizmu zminimalizuje ryzyko znikania podatnik\u00f3w wraz z zap\u0142aconym im przez kontrahent\u00f3w, a nieodprowadzonym podatkiem<\/em>.<\/p>\n\n\n\n<p><strong>Obowi\u0105zkowy mechanizm podzielonej p\u0142atno\u015bci wszed\u0142 w \u017cycie 1 listopada 2019 roku. Swoim zasi\u0119giem obj\u0105\u0142 on przede wszystkim te towary oraz us\u0142ugi, kt\u00f3re dotychczas podlega\u0142y tzw. odwrotnemu obci\u0105\u017ceniu<\/strong>. Odwrotne obci\u0105\u017cenie przenosi\u0142o obowi\u0105zek rozliczania VAT ze sprzedawcy na nabywc\u0119. Od 1 lipca rozwi\u0105zanie to zosta\u0142o w cz\u0119\u015bci zast\u0105pione przez MPP uznawany za lepsz\u0105 form\u0119 zabezpieczenia bud\u017cetu pa\u0144stwa przed ryzykiem nieodprowadzenia VAT przez dostawc\u00f3w i jednocze\u015bnie pozwalaj\u0105cy uwolni\u0107 ich odbiorc\u00f3w od ryzyka uwik\u0142ania w dzia\u0142ania maj\u0105ce na celu wy\u0142udzenie tego\u017c podatku.<\/p>\n\n\n\n<h2 class=\"wp-block-heading\"><span class=\"ez-toc-section\" id=\"Jakie-towary-i-uslugi-zostaly-objete-obowiazkowym-mechanizmem-podzielonej-platnosci\"><\/span>Jakie towary i us\u0142ugi zosta\u0142y obj\u0119te obowi\u0105zkowym mechanizmem podzielonej p\u0142atno\u015bci?<span class=\"ez-toc-section-end\"><\/span><\/h2>\n\n\n\n<p>Za\u0142\u0105cznik numer 15 do ustawy o VAT, zawieraj\u0105cy <em>Wykaz towar\u00f3w i us\u0142ug, o kt\u00f3rych mowa w art. 105a, ust. 1, art. 106e, ust. 1 pkt 18a, art. 108a ust. 1a oraz art. 108e Ustawy<\/em> to spis 150 pozycji obj\u0119tych od 1 listopada 2019 r. obowi\u0105zkiem mechanizmu podzielonej p\u0142atno\u015bci. W za\u0142\u0105czniku tym ustawodawca wymieni\u0142 towary i us\u0142ugi takiej jak:<\/p>\n\n\n\n<ul class=\"wp-block-list\">\n<li>paliwa,<\/li>\n\n\n\n<li>stal, wyroby stalowe,<\/li>\n\n\n\n<li>z\u0142om, odpady,<\/li>\n\n\n\n<li>metale szlachetne (np. z\u0142oto, srebro) i nieszlachetne (np. mied\u017a),<\/li>\n\n\n\n<li>foli\u0119 stretch,<\/li>\n\n\n\n<li>tablety, smartfony, konsole,<\/li>\n\n\n\n<li>us\u0142ugi budowlane,<\/li>\n\n\n\n<li>cz\u0119\u015bci i akcesoria do pojazd\u00f3w silnikowych,<\/li>\n\n\n\n<li>w\u0119giel i produkty w\u0119glowe,<\/li>\n\n\n\n<li>maszyny i urz\u0105dzenia elektryczne oraz ich cz\u0119\u015bci i akcesoria.<\/li>\n<\/ul>\n\n\n\n<p><strong>Nale\u017cy zauwa\u017cy\u0107, \u017ce w za\u0142\u0105czniku nr 15 do ustawy o VAT, opr\u00f3cz towar\u00f3w i us\u0142ug obj\u0119tych odwrotnym obci\u0105\u017ceniem podatkowym i odpowiedzialno\u015bci\u0105 podatkow\u0105, z uwagi na okre\u015blone i zdiagnozowane nieprawid\u0142owo\u015bci znalaz\u0142y si\u0119 r\u00f3wnie\u017c innego rodzaju transakcje<\/strong>.<\/p>\n\n\n\n<h3 class=\"wp-block-heading\">Czytaj tak\u017ce:<\/h3>\n\n\n\n<ul class=\"wp-block-list\">\n<li><a href=\"https:\/\/www.profinfo.pl\/sklep\/mechanizm-podzielonej-platnosci,157512.html?utm_source=blog&amp;utm_medium=link&amp;utm_campaign=Ustawa+o+podatku+VAT+wraz+z+za%C5%82%C4%85cznikiem+nr+15.+Co+mia%C5%82o+na+celu+wprowadzenie+zasady+split+payment%3F+Kt%C3%B3re+towary+i+us%C5%82ugi+zosta%C5%82y+obj%C4%99te+tym+obowi%C4%85zkiem%3F&amp;utm_content=Mechanizm+podzielonej+p%C5%82atno%C5%9Bci%2C+Agnieszka+Weso%C5%82owska+2021\">Mechanizm podzielonej p\u0142atno\u015bci, Agnieszka Weso\u0142owska 2021<\/a><\/li>\n<\/ul>\n\n\n\n<p><\/p>\n","protected":false},"excerpt":{"rendered":"<p>Ze wzgl\u0119du na liczne zmiany zachodz\u0105ce w podej\u015bciu do opodatkowania i pr\u00f3b uszczeg\u00f3\u0142awiania przepis\u00f3w, ustawa o podatku VAT podlega\u0142a wielokrotnym nowelizacjom. Ich celem by\u0142o m.in. uszczelnienie systemu podatkowego i zapobie\u017cenie oszustwom. I w\u0142a\u015bnie po to wprowadzono obowi\u0105zkowy mechanizm podzielonej p\u0142atno\u015bci, inaczej split payment.<\/p>\n","protected":false},"author":1,"featured_media":1007,"comment_status":"open","ping_status":"open","sticky":false,"template":"","format":"standard","meta":{"footnotes":""},"categories":[71,70],"tags":[117],"class_list":["post-1006","post","type-post","status-publish","format-standard","has-post-thumbnail","hentry","category-porady","category-aktualnosci","tag-podatki-i-rachunkowosc"],"_links":{"self":[{"href":"https:\/\/www.profinfo.pl\/blog\/wp-json\/wp\/v2\/posts\/1006","targetHints":{"allow":["GET"]}}],"collection":[{"href":"https:\/\/www.profinfo.pl\/blog\/wp-json\/wp\/v2\/posts"}],"about":[{"href":"https:\/\/www.profinfo.pl\/blog\/wp-json\/wp\/v2\/types\/post"}],"author":[{"embeddable":true,"href":"https:\/\/www.profinfo.pl\/blog\/wp-json\/wp\/v2\/users\/1"}],"replies":[{"embeddable":true,"href":"https:\/\/www.profinfo.pl\/blog\/wp-json\/wp\/v2\/comments?post=1006"}],"version-history":[{"count":5,"href":"https:\/\/www.profinfo.pl\/blog\/wp-json\/wp\/v2\/posts\/1006\/revisions"}],"predecessor-version":[{"id":3102,"href":"https:\/\/www.profinfo.pl\/blog\/wp-json\/wp\/v2\/posts\/1006\/revisions\/3102"}],"wp:featuredmedia":[{"embeddable":true,"href":"https:\/\/www.profinfo.pl\/blog\/wp-json\/wp\/v2\/media\/1007"}],"wp:attachment":[{"href":"https:\/\/www.profinfo.pl\/blog\/wp-json\/wp\/v2\/media?parent=1006"}],"wp:term":[{"taxonomy":"category","embeddable":true,"href":"https:\/\/www.profinfo.pl\/blog\/wp-json\/wp\/v2\/categories?post=1006"},{"taxonomy":"post_tag","embeddable":true,"href":"https:\/\/www.profinfo.pl\/blog\/wp-json\/wp\/v2\/tags?post=1006"}],"curies":[{"name":"wp","href":"https:\/\/api.w.org\/{rel}","templated":true}]}}