{"id":1012,"date":"2020-08-20T14:27:00","date_gmt":"2020-08-20T12:27:00","guid":{"rendered":"https:\/\/www.profinfo.pl\/blog\/?p=1012"},"modified":"2024-01-03T09:23:12","modified_gmt":"2024-01-03T08:23:12","slug":"prawo-pracy-w-dobie-koronawirusa-w-jaki-sposob-pandemia-covid-19-wplynela-na-prawa-i-obowiazki-pracownikow","status":"publish","type":"post","link":"https:\/\/www.profinfo.pl\/blog\/prawo-pracy-w-dobie-koronawirusa-w-jaki-sposob-pandemia-covid-19-wplynela-na-prawa-i-obowiazki-pracownikow\/","title":{"rendered":"Prawo pracy w dobie koronawirusa. W jaki spos\u00f3b pandemia COVID-19 wp\u0142yn\u0119\u0142a na prawa i obowi\u0105zki pracownik\u00f3w?"},"content":{"rendered":"\n<p><strong>Pandemia COVID-19 odcisn\u0119\u0142a pi\u0119tno na niemal ka\u017cdym aspekcie naszego \u017cycia. Szczeg\u00f3lnie du\u017ce zmiany wywo\u0142a\u0142a w gospodarce, biznesie i na rynku pracy. Dotychczasowe prawa i obowi\u0105zki pracownik\u00f3w zosta\u0142y cz\u0119\u015bciowo zmodyfikowane, wprowadzaj\u0105c nowe mo\u017cliwo\u015bci, ale te\u017c nowe wymagania. Nie zawsze jednak zmiany te pozosta\u0142y dla pracownik\u00f3w zrozumia\u0142e, a dla pracodawc\u00f3w wolne do pr\u00f3b nadu\u017cy\u0107 z ich strony. Jak wygl\u0105da prawo pracy w dobie koronawirusa?<\/strong><\/p>\n\n\n\n<!--more-->\n\n\n\n<h2 class=\"wp-block-heading\">Jak przedstawiaj\u0105 si\u0119 prawa i obowi\u0105zki pracownika w czasie pandemii COVID-19? Jakie zmiany w tym aspekcie przyni\u00f3s\u0142 nam koronawirus?<\/h2>\n\n\n\n<p>Wiele aspekt\u00f3w naszej codziennej pracy uleg\u0142o mniejszym lub wi\u0119kszym zmianom na podstawie kolejnych tarcz antykryzysowych, wiele jednak nadal podlega regulacjom zawartym w <a href=\"https:\/\/www.profinfo.pl\/kodeks-pracy-kp\">Kodeksie pracy<\/a>. W tym drugim przypadku jedyne, co zmieni\u0142o si\u0119 w wyniku pandemii COVOD-19, to rozszerzenie interpretacji o zdarzenia wcze\u015bniej nam obce, a powstaj\u0105ce na skutek powszechnego zagro\u017cenia epidemiologicznego.<\/p>\n\n\n\n<figure class=\"wp-block-pullquote is-style-default\"><blockquote><p><a href=\"https:\/\/www.profinfo.pl\/prawo-w-czasach-kryzysu\"><img decoding=\"async\" width=\"700\" height=\"154\" class=\"wp-image-1014\" style=\"width: 700px;\" src=\"https:\/\/www.profinfo.pl\/blog\/wp-content\/uploads\/2020\/10\/koronawirus-a-prawo.jpg\" alt=\"koronawirus a prawo\" title=\"\" srcset=\"https:\/\/www.profinfo.pl\/blog\/wp-content\/uploads\/2020\/10\/koronawirus-a-prawo.jpg 1140w, https:\/\/www.profinfo.pl\/blog\/wp-content\/uploads\/2020\/10\/koronawirus-a-prawo-300x66.jpg 300w, https:\/\/www.profinfo.pl\/blog\/wp-content\/uploads\/2020\/10\/koronawirus-a-prawo-1024x225.jpg 1024w, https:\/\/www.profinfo.pl\/blog\/wp-content\/uploads\/2020\/10\/koronawirus-a-prawo-768x168.jpg 768w\" sizes=\"(max-width: 479px) 90vw, (max-width: 599px) 432px, 536px\" \/><\/a><\/p><cite>Koronawirus a prawo &#8211; wszystko, co musisz wiedzie\u0107<\/cite><\/blockquote><\/figure>\n\n\n\n<p>Je\u015bli chodzi o wa\u017cne zmiany w prawach i obowi\u0105zkach pracownik\u00f3w wprowadzane przez tarcze antykryzysowe, to tu nale\u017cy wymieni\u0107 dwie modyfikacje:<\/p>\n\n\n\n<ol class=\"wp-block-list\" type=\"1\"><li><strong>Prac\u0119 zdaln\u0105, czyli prac\u0119 \u015bwiadczon\u0105 poza miejscem jej sta\u0142ego wykonywania<\/strong> \u2013 przyj\u0119ta przez rz\u0105d pierwsza tarcza antykryzysowa (<em>Ustawa z 02.03.2020 r. o szczeg\u00f3lnych rozwi\u0105zaniach zwi\u0105zanych z zapobieganiem, przeciwdzia\u0142aniem i zwalczaniem COVID-19, innych chor\u00f3b zaka\u017anych oraz wywo\u0142anych nimi sytuacji kryzysowych<\/em> \u2013 Dz.U. z 2020 r. poz. 374) wprowadzi\u0142a przepisy odnosz\u0105ce si\u0119 do pracy zdalnej, w \u015bwietle kt\u00f3rych <strong>pracodawca mo\u017ce, ale nie musi, nakaza\u0107 swoim pracownikom przej\u015bcie na system pracy zdalnej, przy czym je\u015bli pracodawca na taki krok si\u0119 zdecyduje, pracownik nie mo\u017ce nakazowi temu si\u0119 sprzeciwi\u0107<\/strong>. W tarczy antykryzysowej 4.0 rz\u0105d doprecyzowa\u0142 zasady wykonywania pracy zdalnej, zaw\u0119\u017caj\u0105c m. in. list\u0119 os\u00f3b, kt\u00f3re mog\u0105 by\u0107 kierowane do pracy zdalnej, do tych pracownik\u00f3w, kt\u00f3rym pozwalaj\u0105 na to ich umiej\u0119tno\u015bci, mo\u017cliwo\u015bci techniczne oraz warunki lokalowe.<\/li><li><strong>Elastyczny czas pracy<\/strong> \u2013 za spraw\u0105 pierwszej tarczy antykryzysowej, a dok\u0142adniej art. 15zf, dotychczas obowi\u0105zuj\u0105ce przepisy o czasie pracy zosta\u0142y uelastycznione. <strong>Pracodawcy zyskali m. in. mo\u017cliwo\u015b\u0107 ograniczania nieprzerwanego odpoczynku dobowego pracownik\u00f3w do nie mniej ni\u017c 8 godzin, a nieprzerwanego odpoczynku tygodniowego do nie mniej ni\u017c 32 godzin<\/strong>. Warunkiem podobnych zmian jest jednak to, i\u017c wprowadzaj\u0105cy je pracodawcy musz\u0105 odnotowa\u0107 spadek obrot\u00f3w gospodarczych na skutek epidemii koronawirusa, a tak\u017ce:<ul><li>nie posiadaj\u0105 zaleg\u0142o\u015bci w regulowaniu zobowi\u0105za\u0144 podatkowych,<\/li><li>nie posiadaj\u0105 zaleg\u0142o\u015bci z tytu\u0142u obowi\u0105zkowych sk\u0142adek na ubezpieczania spo\u0142eczne i fundusze.<\/li><\/ul><\/li><\/ol>\n\n\n\n<p>W przypadku tak wa\u017cnych aspekt\u00f3w zwi\u0105zanych z prawami i obowi\u0105zkami pracownik\u00f3w, jak:<\/p>\n\n\n\n<ul class=\"wp-block-list\"><li><strong>urlop wypoczynkowy<\/strong> (art. 163 \u00a7 1 Kodeksu pracy),<\/li><li><strong>obowi\u0105zek informacyjny wobec pracownika o ryzyku zawodowym wywo\u0142anym koronawirusem<\/strong> (obejmuj\u0105cy pracodawc\u0119),<\/li><li><strong>bezpiecze\u0144stwo w miejscu pracy<\/strong>,<\/li><li><strong>zamkni\u0119cie zak\u0142adu pracy lub niemo\u017cno\u015b\u0107 wykonywania pracy zdalnej<\/strong> (art. 81 \u00a7 1 Kodeksu pracy);<\/li><\/ul>\n\n\n\n<p>szczeg\u00f3\u0142owe regulacje znale\u017a\u0107 mo\u017cna w Kodeksie pracy i to w\u0142a\u015bnie one s\u0105 podstaw\u0105 do okre\u015blania, w jaki spos\u00f3b wymienione aspekty w dobie pandemii COVID-19 powinny by\u0107 realizowane.<\/p>\n\n\n\n<figure class=\"wp-block-image size-large\"><a href=\"https:\/\/www.profinfo.pl\/prawo-upadlosciowe-nowosci\"><img decoding=\"async\" width=\"782\" height=\"73\" src=\"https:\/\/www.profinfo.pl\/blog\/wp-content\/uploads\/2020\/10\/zmiany-w-prawie-upadlosciowym.jpg\" alt=\"zmiany w prawie upad\u0142o\u015bciowym\" class=\"wp-image-1015\" title=\"\" srcset=\"https:\/\/www.profinfo.pl\/blog\/wp-content\/uploads\/2020\/10\/zmiany-w-prawie-upadlosciowym.jpg 782w, https:\/\/www.profinfo.pl\/blog\/wp-content\/uploads\/2020\/10\/zmiany-w-prawie-upadlosciowym-300x28.jpg 300w, https:\/\/www.profinfo.pl\/blog\/wp-content\/uploads\/2020\/10\/zmiany-w-prawie-upadlosciowym-768x72.jpg 768w\" sizes=\"(max-width: 959px) 688px, 768px\" \/><\/a><\/figure>\n\n\n\n<h2 class=\"wp-block-heading\">Jakiego typu w\u0105tpliwo\u015bci zwi\u0105zane z prac\u0105 w cieniu koronawirusa wyra\u017caj\u0105 sami pracownicy?<\/h2>\n\n\n\n<p>Mimo wprowadzenia tarcz kryzysowych i zawartych w nich przepis\u00f3w wp\u0142ywaj\u0105cych na prawa i obowi\u0105zki pracownik\u00f3w, praktycznie codzienne pojawiaj\u0105 si\u0119 jakie\u015b nowe w\u0105tpliwo\u015bci powsta\u0142e na styku <a href=\"https:\/\/www.profinfo.pl\/sklep\/prawo-pracy.html\">prawa pracy<\/a> z koronawirusem. W\u0105tpliwo\u015bci te dotycz\u0105 realnych dzia\u0142a\u0144 wykonywanych przez pracodawc\u00f3w, kt\u00f3re odbijaj\u0105 si\u0119 zwykle niekorzystnie na samych pracownikach. Jakiego typu s\u0105 to dzia\u0142ania?<\/p>\n\n\n\n<ul class=\"wp-block-list\"><li><strong>ograniczanie czasu pracy do 7 godzin, r\u00f3wnie\u017c dla os\u00f3b przebywaj\u0105cych w tym czasie na urlopie, z naliczaniem im wynagrodzenia za ka\u017cdy dzie\u0144 urlopu odpowiedniego do skr\u00f3conego czasu pracy<\/strong> \u2013 jest to dzia\u0142anie niezgodne z art. 154(2) \u00a7 2 Kodeksu pracy;<\/li><li><strong>pr\u00f3by zmniejszania etatu pracownikom<\/strong> \u2013 pracodawca mo\u017ce tak\u0105 zmian\u0119 zaproponowa\u0107, jednak pracownicy nie maj\u0105 obowi\u0105zku si\u0119 na ni\u0105 zgadza\u0107;<\/li><li><strong>kierowanie pracownik\u00f3w na zaleg\u0142y urlop<\/strong> \u2013 tak\u0105 mo\u017cliwo\u015b\u0107 przewiduje tarcza antykryzysowa w art. 15gc, w kt\u00f3rym czytamy, i\u017c: <em>W okresie obowi\u0105zywania stanu zagro\u017cenia epidemicznego lub stanu epidemii, og\u0142oszonego z powodu COVID-19, pracodawca mo\u017ce udzieli\u0107 pracownikowi, w terminie przez siebie wskazanym, bez uzyskania zgody pracownika i z pomini\u0119ciem planu urlop\u00f3w, urlopu wypoczynkowego niewykorzystanego przez pracownika w poprzednich latach kalendarzowych, w wymiarze do 30 dni urlopu, a pracownik jest obowi\u0105zany taki urlop wykorzysta\u0107.<\/em><\/li><\/ul>\n\n\n\n<p>Zdarzaj\u0105 si\u0119 jednak r\u00f3wnie\u017c przypadki zupe\u0142nie \u015bwiadomego \u0142amania przez pracodawc\u00f3w przepis\u00f3w prawa pracy, kt\u00f3re to \u0142amanie odbywa si\u0119 pod pozorem konieczno\u015bci dostosowywania si\u0119 do warunk\u00f3w wywo\u0142anych pandemi\u0105 COVID-19. Z punktu widzenia art. 174 Kodeksu pracy jest to dzia\u0142anie niezgodne z prawem, poniewa\u017c urlop bezp\u0142atny udzielany jest jedynie na wniosek pracownika, a dodatkowo art. 81 \u00a71 KP wskazuje, \u017ce: <em>Pracownikowi za czas niewykonywania pracy, je\u017celi by\u0142 got\u00f3w do jej wykonywania, a dozna\u0142 przeszk\u00f3d z przyczyn dotycz\u0105cych pracodawcy, przys\u0142uguje wynagrodzenie wynikaj\u0105ce z jego osobistego zaszeregowania, okre\u015blonego stawk\u0105 godzinow\u0105 lub miesi\u0119czn\u0105<\/em>.<\/p>\n\n\n\n<h3 class=\"wp-block-heading\">Sprawd\u017a tak\u017ce:<\/h3>\n\n\n\n<ul class=\"wp-block-list\"><li><a href=\"https:\/\/www.profinfo.pl\/sklep\/praca-zdalna-praktyczny-przewodnik,138013.html\">Praca zdalna. Praktyczny przewodnik, Monika Krzyszkowska-D\u0105browska 2020<\/a><\/li><li><a href=\"https:\/\/www.profinfo.pl\/sklep\/czas-pracy-w-praktyce-rozwiazania-dotyczace-czasu-pracy-zwiazane-z-covid-19,132172.html\">Czas pracy w praktyce. Rozwi\u0105zania dotycz\u0105ce czasu pracy zwi\u0105zane z COVID-19, Iwona Jaroszewska-Ignatowska 2020<\/a><\/li><li><a href=\"https:\/\/www.profinfo.pl\/sklep\/ochrona-danych-osobowych-w-warunkach-pracy-zdalnej,138557.html\">Ochrona danych osobowych w warunkach pracy zdalnej, Marlena Sakowska-Bary\u0142a 2020<\/a><\/li><li><a href=\"https:\/\/www.profinfo.pl\/sklep\/tarcza-antykryzysowa-szczegolne-regulacje-w-prawie-pracy-prawie-urzedniczym-i-prawie-ubezpieczen-spolecznych-komentarz,132058.html\">Tarcza antykryzysowa. Szczeg\u00f3lne regulacje w prawie pracy, prawie urz\u0119dniczym i prawie ubezpiecze\u0144 spo\u0142ecznych. Komentarz, Krzysztof Wojciech Baran 2020<\/a><\/li><\/ul>\n","protected":false},"excerpt":{"rendered":"<p>Pandemia COVID-19 odcisn\u0119\u0142a pi\u0119tno na niemal ka\u017cdym aspekcie naszego \u017cycia. Szczeg\u00f3lnie du\u017ce zmiany wywo\u0142a\u0142a w gospodarce, biznesie i na rynku pracy. Dotychczasowe prawa i obowi\u0105zki pracownik\u00f3w zosta\u0142y cz\u0119\u015bciowo zmodyfikowane, wprowadzaj\u0105c nowe mo\u017cliwo\u015bci, ale te\u017c nowe wymagania. Nie zawsze jednak zmiany te pozosta\u0142y dla pracownik\u00f3w zrozumia\u0142e, a dla pracodawc\u00f3w wolne do pr\u00f3b nadu\u017cy\u0107 z ich strony. &hellip; <\/p>\n<p><a href=\"https:\/\/www.profinfo.pl\/blog\/prawo-pracy-w-dobie-koronawirusa-w-jaki-sposob-pandemia-covid-19-wplynela-na-prawa-i-obowiazki-pracownikow\/\" class=\"more-link\">Czytaj wi\u0119cej<span class=\"screen-reader-text\"> &#8222;Prawo pracy w dobie koronawirusa. W jaki spos\u00f3b pandemia COVID-19 wp\u0142yn\u0119\u0142a na prawa i obowi\u0105zki pracownik\u00f3w?&#8221;<\/span><\/a><\/p>\n","protected":false},"author":1,"featured_media":1013,"comment_status":"open","ping_status":"open","sticky":false,"template":"","format":"standard","meta":{"footnotes":""},"categories":[71,70],"tags":[113],"class_list":["post-1012","post","type-post","status-publish","format-standard","has-post-thumbnail","hentry","category-porady","category-aktualnosci","tag-prawo-pracy-i-ubezpieczen-spolecznych"],"_links":{"self":[{"href":"https:\/\/www.profinfo.pl\/blog\/wp-json\/wp\/v2\/posts\/1012","targetHints":{"allow":["GET"]}}],"collection":[{"href":"https:\/\/www.profinfo.pl\/blog\/wp-json\/wp\/v2\/posts"}],"about":[{"href":"https:\/\/www.profinfo.pl\/blog\/wp-json\/wp\/v2\/types\/post"}],"author":[{"embeddable":true,"href":"https:\/\/www.profinfo.pl\/blog\/wp-json\/wp\/v2\/users\/1"}],"replies":[{"embeddable":true,"href":"https:\/\/www.profinfo.pl\/blog\/wp-json\/wp\/v2\/comments?post=1012"}],"version-history":[{"count":2,"href":"https:\/\/www.profinfo.pl\/blog\/wp-json\/wp\/v2\/posts\/1012\/revisions"}],"predecessor-version":[{"id":1017,"href":"https:\/\/www.profinfo.pl\/blog\/wp-json\/wp\/v2\/posts\/1012\/revisions\/1017"}],"wp:featuredmedia":[{"embeddable":true,"href":"https:\/\/www.profinfo.pl\/blog\/wp-json\/wp\/v2\/media\/1013"}],"wp:attachment":[{"href":"https:\/\/www.profinfo.pl\/blog\/wp-json\/wp\/v2\/media?parent=1012"}],"wp:term":[{"taxonomy":"category","embeddable":true,"href":"https:\/\/www.profinfo.pl\/blog\/wp-json\/wp\/v2\/categories?post=1012"},{"taxonomy":"post_tag","embeddable":true,"href":"https:\/\/www.profinfo.pl\/blog\/wp-json\/wp\/v2\/tags?post=1012"}],"curies":[{"name":"wp","href":"https:\/\/api.w.org\/{rel}","templated":true}]}}