{"id":1112,"date":"2021-01-21T10:43:00","date_gmt":"2021-01-21T09:43:00","guid":{"rendered":"https:\/\/www.profinfo.pl\/blog\/?p=1112"},"modified":"2021-02-10T11:11:57","modified_gmt":"2021-02-10T10:11:57","slug":"upadlosc-konsumencka-wszystko-co-kazdy-konsument-powinien-wiedziec-na-ten-temat","status":"publish","type":"post","link":"https:\/\/www.profinfo.pl\/blog\/upadlosc-konsumencka-wszystko-co-kazdy-konsument-powinien-wiedziec-na-ten-temat\/","title":{"rendered":"Upad\u0142o\u015b\u0107 konsumencka. Wszystko, co ka\u017cdy konsument powinien wiedzie\u0107 na ten temat"},"content":{"rendered":"\n<p><strong>Upad\u0142o\u015b\u0107 konsumencka og\u0142aszana jest w przypadku d\u0142u\u017cnik\u00f3w, kt\u00f3rzy nie s\u0105 w stanie sp\u0142aca\u0107 w\u0142asnych zobowi\u0105za\u0144. Zar\u00f3wno poj\u0119cie niewyp\u0142acalno\u015bci, jak i ca\u0142a procedura post\u0119powania w podobnych przypadkach, okre\u015blone zosta\u0142y w ustawie z dnia 28 lutego 2003 r. Prawo upad\u0142o\u015bciowe (Dz. U. z 2020 r. poz. 1228). Jakie s\u0105 najwa\u017cniejsze zagadnienia zwi\u0105zane z upad\u0142o\u015bci\u0105 konsumenck\u0105? O czym powinien wiedzie\u0107 ka\u017cdy d\u0142u\u017cnik przed przyst\u0105pieniem do sk\u0142adania wniosku o upad\u0142o\u015b\u0107?<\/strong><\/p>\n\n\n\n<!--more-->\n\n\n\n<h2 class=\"wp-block-heading\"><span class=\"ez-toc-section\" id=\"Jakie-ustalenia-nalezy-poczynic-przed-sporzadzeniem-wniosku-o-upadlosc-konsumencka-Ktore-dokumenty-okaza-sie-tu-niezbedne\"><\/span>Jakie ustalenia nale\u017cy poczyni\u0107 przed sporz\u0105dzeniem wniosku o upad\u0142o\u015b\u0107 konsumenck\u0105? Kt\u00f3re dokumenty oka\u017c\u0105 si\u0119 tu niezb\u0119dne?<span class=\"ez-toc-section-end\"><\/span><\/h2>\n\n\n\n<p>Do sporz\u0105dzenia wniosku o og\u0142oszenie upad\u0142o\u015bci konsumenckiej niezb\u0119dna jest dok\u0142adna analiza sytuacji d\u0142u\u017cnika oraz przeprowadzenie nast\u0119puj\u0105cych czynno\u015bci:<\/p>\n\n\n\n<ul class=\"wp-block-list\"><li>ustalenie liczby wierzycieli oraz podstaw\u0119 i wysoko\u015b\u0107 zad\u0142u\u017cenia;<\/li><li>zgromadzenie dowod\u00f3w potwierdzaj\u0105cych wszystkie podane przyczyny niewyp\u0142acalno\u015bci;<\/li><li>okre\u015blenie, czy wobec zad\u0142u\u017conego prowadzone s\u0105 post\u0119powania s\u0105dowe, egzekucyjne oraz windykacyjne;<\/li><li>ustalenie miesi\u0119cznych dochod\u00f3w d\u0142u\u017cnika wraz z ich podstaw\u0105 oraz kosztami utrzymania;<\/li><li>orientacyjne wycenienie warto\u015bci posiadanego maj\u0105tku.<\/li><\/ul>\n\n\n\n<p>Z jakimi problemami na tym etapie najcz\u0119\u015bciej spotykaj\u0105 si\u0119 zad\u0142u\u017ceni konsumenci? Zwykle najwi\u0119ksz\u0105 trudno\u015bci\u0105 jest okre\u015blenie, sk\u0105d pochodzi zad\u0142u\u017cenie oraz jaka jest jego wysoko\u015b\u0107. Dzieje si\u0119 tak ze wzgl\u0119du na to, i\u017c osoby zad\u0142u\u017cone cz\u0119sto zrywaj\u0105 wszelkie kontakty ze swoimi wierzycielami, nie odbieraj\u0105 lub niszcz\u0105 otrzymywan\u0105 od nich korespondencj\u0119. Aby ustali\u0107 pochodzenie i wysoko\u015b\u0107 zad\u0142u\u017cenia, nale\u017cy:<\/p>\n\n\n\n<ul class=\"wp-block-list\"><li>skontaktowa\u0107 si\u0119 z wierzycielem lub komornikiem,<\/li><li>skierowa\u0107 zapytanie do s\u0105du odno\u015bnie do wszystkich tocz\u0105cych si\u0119 przeciwko d\u0142u\u017cnikowi post\u0119powa\u0144 (o ile ten zdaje sobie spraw\u0119 z tego, i\u017c takie post\u0119powania si\u0119 tocz\u0105).<\/li><\/ul>\n\n\n\n<p>Dokumentami, kt\u00f3re pomog\u0105 uzasadni\u0107 wniosek o <a href=\"https:\/\/www.profinfo.pl\/hasla-lex\/upadlosc-konsumencka,5017.html\">upad\u0142o\u015b\u0107 konsumenck\u0105<\/a> i kt\u00f3re warto zgromadzi\u0107 jeszcze przed jego sporz\u0105dzeniem, s\u0105:<\/p>\n\n\n\n<ul class=\"wp-block-list\"><li>wszelkie umowy potwierdzaj\u0105ce zad\u0142u\u017cenie,<\/li><li>wezwania do zap\u0142aty,<\/li><li>nakazy zap\u0142aty,<\/li><li>wyroki,<\/li><li>informacje od komornika,<\/li><li>informacje od wierzycieli,<\/li><li>informacje dotycz\u0105ce cesji wierzytelno\u015bci.<\/li><\/ul>\n\n\n\n<p>Dokumentami, kt\u00f3re warto r\u00f3wnie\u017c zgromadzi\u0107, s\u0105 tak\u017ce wszelkie dowody potwierdzaj\u0105ce sp\u0142at\u0119 zobowi\u0105za\u0144 finansowych (rat kredytu, po\u017cyczki itp.).<\/p>\n\n\n\n<figure class=\"wp-block-pullquote alignwide is-style-default\"><blockquote><p><a href=\"https:\/\/www.profinfo.pl\/sklep\/upadlosc-konsumencka,128805.html\"><img decoding=\"async\" width=\"700\" height=\"241\" class=\"wp-image-1121\" style=\"width: 700px;\" src=\"https:\/\/www.profinfo.pl\/blog\/wp-content\/uploads\/2021\/01\/upadlosc-konsumencka-ksiazka.png\" alt=\"Upad\u0142o\u015b\u0107 konsumencka \" title=\"\" srcset=\"https:\/\/www.profinfo.pl\/blog\/wp-content\/uploads\/2021\/01\/upadlosc-konsumencka-ksiazka.png 948w, https:\/\/www.profinfo.pl\/blog\/wp-content\/uploads\/2021\/01\/upadlosc-konsumencka-ksiazka-300x103.png 300w, https:\/\/www.profinfo.pl\/blog\/wp-content\/uploads\/2021\/01\/upadlosc-konsumencka-ksiazka-768x264.png 768w\" sizes=\"(max-width: 479px) 90vw, (max-width: 599px) 432px, 536px\" \/><\/a><\/p><cite>&#8222;<a href=\"https:\/\/www.profinfo.pl\/sklep\/upadlosc-konsumencka,128805.html\">Upad\u0142o\u015b\u0107 konsumencka<\/a>&#8221; autorstwa Aleksandry Machowskiej<\/cite><\/blockquote><\/figure>\n\n\n\n<h2 class=\"wp-block-heading\"><span class=\"ez-toc-section\" id=\"Jak-powinien-wygladac-prawidlowo-sporzadzony-wniosek-o-upadlosc-konsumencka-Co-powinno-sie-w-nim-znalezc\"><\/span>Jak powinien wygl\u0105da\u0107 prawid\u0142owo sporz\u0105dzony wniosek o upad\u0142o\u015b\u0107 konsumenck\u0105? Co powinno si\u0119 w nim znale\u017a\u0107?<span class=\"ez-toc-section-end\"><\/span><\/h2>\n\n\n\n<p>Przygotowaniu wniosku o og\u0142oszenie upad\u0142o\u015bci konsumenckiej nale\u017cy po\u015bwi\u0119ci\u0107 nale\u017cyt\u0105 uwag\u0119, pami\u0119taj\u0105c o tym, i\u017c jest to szczeg\u00f3\u0142owy i rozbudowany dokument, w kt\u00f3rym znale\u017a\u0107 musz\u0105 si\u0119 nast\u0119puj\u0105ce informacje:<\/p>\n\n\n\n<ol class=\"wp-block-list\" type=\"1\"><li>imi\u0119 i nazwisko d\u0142u\u017cnika, jego miejsce zamieszkania, adres do korespondencji oraz numer PESEL. Je\u017celi d\u0142u\u017cnik nie posiada numeru PESEL, nale\u017cy poda\u0107 inne dane umo\u017cliwiaj\u0105ce jego jednoznaczn\u0105 identyfikacj\u0119;<\/li><li>NIP d\u0142u\u017cnika, je\u017celi takowy posiada\u0142 w ci\u0105gu ostatnich dziesi\u0119ciu lat przed dniem z\u0142o\u017cenia wniosku;<\/li><li>dok\u0142adne okre\u015blenie miejsc, w kt\u00f3rych znajduje si\u0119 maj\u0105tek d\u0142u\u017cnika;<\/li><li>podanie okoliczno\u015bci uzasadniaj\u0105cych wniosek o og\u0142oszenie upad\u0142o\u015bci wraz z ich uprawdopodobnieniem;<\/li><li>aktualny i zupe\u0142ny wykaz maj\u0105tku osoby zad\u0142u\u017conej wraz z szacunkow\u0105 wycen\u0105 jego poszczeg\u00f3lnych sk\u0142adnik\u00f3w;<\/li><li>spis wierzycieli z podaniem ich adres\u00f3w oraz wysoko\u015bci\u0105 wierzytelno\u015bci ka\u017cdego z nich. Nale\u017cy tu r\u00f3wnie\u017c doda\u0107 terminy zap\u0142aty poszczeg\u00f3lnych wierzytelno\u015bci;<\/li><li>dok\u0142adn\u0105 list\u0119 wierzytelno\u015bci spornych z zaznaczeniem zakresu, w jakim wierzytelno\u015bci te s\u0105 przez d\u0142u\u017cnika kwestionowane. Nale\u017cy przy tym pami\u0119ta\u0107, i\u017c wskazanie dowolnej wierzytelno\u015bci w podobnym spisie nie oznacza wcale, \u017ce zosta\u0142a ona automatycznie uznana przez d\u0142u\u017cnika;<\/li><li>lista zabezpiecze\u0144 ustanowionych na maj\u0105tku d\u0142u\u017cnika wraz z datami ich ustanowienia, w szczeg\u00f3lno\u015bci hipotek, zastaw\u00f3w i zastaw\u00f3w rejestrowych;<\/li><li>osi\u0105gni\u0119te przychody oraz koszty poniesione w ci\u0105gu 6 miesi\u0119cy przed z\u0142o\u017ceniem wniosku o upad\u0142o\u015b\u0107, kt\u00f3re to koszty zwi\u0105zane by\u0142y z utrzymaniem samego d\u0142u\u017cnika oraz os\u00f3b pozostaj\u0105cych na jego utrzymaniu;<\/li><li>wszelkie czynno\u015bci prawne, jakich w ci\u0105gu ostatnich dwunastu miesi\u0119cy przed dniem z\u0142o\u017cenia wniosku dokona\u0142 d\u0142u\u017cnik, a kt\u00f3rych przedmiotem by\u0142y nieruchomo\u015bci, akcje lub udzia\u0142y w sp\u00f3\u0142kach;<\/li><li>czynno\u015bci prawne, jakie w ostatnich dwunastu miesi\u0105cach przed dniem z\u0142o\u017cenia wniosku zosta\u0142y dokonane przez d\u0142u\u017cnika, a kt\u00f3rych przedmiotem by\u0142y ruchomo\u015bci, wierzytelno\u015bci lub inne prawa o warto\u015bci przekraczaj\u0105cej 10 000 z\u0142;<\/li><\/ol>\n\n\n\n<p>Wniosek o og\u0142oszenie upad\u0142o\u015bci konsumenckiej nale\u017cy zako\u0144czy\u0107 o\u015bwiadczeniem o prawdziwo\u015bci wszelkich danych zawartych w tym\u017ce wniosku.<\/p>\n\n\n\n<h2 class=\"wp-block-heading\"><span class=\"ez-toc-section\" id=\"Co-dzieje-sie-po-ogloszeniu-przez-sad-upadlosci-konsumenckiej-Jakie-obowiazki-spadaja-na-upadlego\"><\/span>Co dzieje si\u0119 po og\u0142oszeniu przez s\u0105d upad\u0142o\u015bci konsumenckiej? Jakie obowi\u0105zki spadaj\u0105 na upad\u0142ego?<span class=\"ez-toc-section-end\"><\/span><\/h2>\n\n\n\n<p>Kiedy s\u0105d og\u0142osi ju\u017c upad\u0142o\u015b\u0107 konsumenck\u0105, sprawa zostaje skierowana do syndyka. Jego zadaniem b\u0119dzie teraz zebranie informacji dotycz\u0105cych maj\u0105tku oraz stanu finansowego d\u0142u\u017cnika. Art. 491(8) Prawa upad\u0142o\u015bciowego okre\u015bla czynno\u015bci syndyka po og\u0142oszeniu upad\u0142o\u015bci w nast\u0119puj\u0105cy spos\u00f3b:<\/p>\n\n\n\n<ol class=\"wp-block-list\"><li><em>Po og\u0142oszeniu upad\u0142o\u015bci syndyk zwraca si\u0119 do naczelnika urz\u0119du skarbowego w\u0142a\u015bciwego dla upad\u0142ego z wnioskiem o udzielenie informacji dotycz\u0105cych upad\u0142ego, maj\u0105cych wp\u0142yw na ocen\u0119 jego sytuacji maj\u0105tkowej, w szczeg\u00f3lno\u015bci dotycz\u0105cych okoliczno\u015bci powoduj\u0105cych powstanie po stronie upad\u0142ego obowi\u0105zku podatkowego w okresie pi\u0119ciu lat przed dniem zg\u0142oszenia wniosku o og\u0142oszenie upad\u0142o\u015bci, oraz zasi\u0119ga informacji w Krajowym Rejestrze S\u0105dowym, czy upad\u0142y jest wsp\u00f3lnikiem sp\u00f3\u0142ek handlowych, jak r\u00f3wnie\u017c czy w okresie dziesi\u0119ciu lat przed dniem zg\u0142oszenia wniosku o og\u0142oszenie upad\u0142o\u015bci sprawowa\u0142 funkcj\u0119 cz\u0142onka organu sp\u00f3\u0142ek handlowych i czy w stosunku do tych sp\u00f3\u0142ek og\u0142oszono upad\u0142o\u015b\u0107.<\/em><\/li><li><em>Syndyk informuje s\u0119dziego-komisarza o niezgodno\u015bci informacji uzyskanych w spos\u00f3b, o kt\u00f3rym mowa w ust. 1, z danymi podanymi przez upad\u0142ego we wniosku o og\u0142oszenie upad\u0142o\u015bci.<\/em><\/li><\/ol>\n\n\n\n<p>Nast\u0119pnie syndyk analizuje zgodno\u015b\u0107 otrzymanych informacji z wnioskiem o upad\u0142o\u015b\u0107 konsumenck\u0105. Na tym w\u0142a\u015bnie etapie d\u0142u\u017cnik ma obowi\u0105zek \u015bci\u015ble wsp\u00f3\u0142pracowa\u0107 z syndykiem, a wi\u0119c:<\/p>\n\n\n\n<ul class=\"wp-block-list\"><li>wskaza\u0107 lub wyda\u0107 syndykowi ca\u0142y posiadany maj\u0105tek,<\/li><li>przekaza\u0107 syndykowi wszelkie niezb\u0119dne dokumenty,<\/li><li>wykonywa\u0107 pozosta\u0142e ci\u0105\u017c\u0105ce na nim obowi\u0105zki.<\/li><\/ul>\n\n\n\n<p>Po analizie zebranych informacji, syndyk wybiera spos\u00f3b likwidacji masy upad\u0142o\u015bciowej w celu zaspokojenia wierzycieli w jak najpe\u0142niejszym stopniu.<\/p>\n\n\n\n<h4 class=\"wp-block-heading\">Sprawd\u017a tak\u017ce:<\/h4>\n\n\n\n<ul class=\"wp-block-list\"><li><a href=\"https:\/\/www.profinfo.pl\/sklep\/upadlosc-konsumencka-komentarz,133579.html\">Upad\u0142o\u015b\u0107 konsumencka. Komentarz, Patryk Filipiak, Anna Hrycaj 2020<\/a><\/li><li><a href=\"https:\/\/www.profinfo.pl\/sklep\/prawo-i-postepowanie-upadlosciowe-osob-fizycznych-nieprowadzacych-dzialalnosci-gospodarczej,136473.html\">Prawo i post\u0119powanie upad\u0142o\u015bciowe os\u00f3b fizycznych nieprowadz\u0105cych dzia\u0142alno\u015bci gospodarczej, Anna Hrycaj 2020<\/a><\/li><li><a href=\"https:\/\/www.profinfo.pl\/sklep\/oddluzenie-w-upadlosci-konsumenckiej-i-ukladzie-konsumenckim,128079.html\">Odd\u0142u\u017cenie w upad\u0142o\u015bci konsumenckiej i uk\u0142adzie konsumenckim, Rafa\u0142 Adamus 2020<\/a><\/li><\/ul>\n","protected":false},"excerpt":{"rendered":"<p>Upad\u0142o\u015b\u0107 konsumencka og\u0142aszana jest w przypadku d\u0142u\u017cnik\u00f3w, kt\u00f3rzy nie s\u0105 w stanie sp\u0142aca\u0107 w\u0142asnych zobowi\u0105za\u0144. Zar\u00f3wno poj\u0119cie niewyp\u0142acalno\u015bci, jak i ca\u0142a procedura post\u0119powania w podobnych przypadkach, okre\u015blone zosta\u0142y w ustawie z dnia 28 lutego 2003 r. Prawo upad\u0142o\u015bciowe (Dz. U. z 2020 r. poz. 1228). Jakie s\u0105 najwa\u017cniejsze zagadnienia zwi\u0105zane z upad\u0142o\u015bci\u0105 konsumenck\u0105? O czym &hellip; <\/p>\n<p><a href=\"https:\/\/www.profinfo.pl\/blog\/upadlosc-konsumencka-wszystko-co-kazdy-konsument-powinien-wiedziec-na-ten-temat\/\" class=\"more-link\">Czytaj wi\u0119cej<span class=\"screen-reader-text\"> &#8222;Upad\u0142o\u015b\u0107 konsumencka. Wszystko, co ka\u017cdy konsument powinien wiedzie\u0107 na ten temat&#8221;<\/span><\/a><\/p>\n","protected":false},"author":1,"featured_media":1118,"comment_status":"open","ping_status":"open","sticky":false,"template":"","format":"standard","meta":{"footnotes":""},"categories":[71],"tags":[],"class_list":["post-1112","post","type-post","status-publish","format-standard","has-post-thumbnail","hentry","category-porady"],"_links":{"self":[{"href":"https:\/\/www.profinfo.pl\/blog\/wp-json\/wp\/v2\/posts\/1112","targetHints":{"allow":["GET"]}}],"collection":[{"href":"https:\/\/www.profinfo.pl\/blog\/wp-json\/wp\/v2\/posts"}],"about":[{"href":"https:\/\/www.profinfo.pl\/blog\/wp-json\/wp\/v2\/types\/post"}],"author":[{"embeddable":true,"href":"https:\/\/www.profinfo.pl\/blog\/wp-json\/wp\/v2\/users\/1"}],"replies":[{"embeddable":true,"href":"https:\/\/www.profinfo.pl\/blog\/wp-json\/wp\/v2\/comments?post=1112"}],"version-history":[{"count":2,"href":"https:\/\/www.profinfo.pl\/blog\/wp-json\/wp\/v2\/posts\/1112\/revisions"}],"predecessor-version":[{"id":1122,"href":"https:\/\/www.profinfo.pl\/blog\/wp-json\/wp\/v2\/posts\/1112\/revisions\/1122"}],"wp:featuredmedia":[{"embeddable":true,"href":"https:\/\/www.profinfo.pl\/blog\/wp-json\/wp\/v2\/media\/1118"}],"wp:attachment":[{"href":"https:\/\/www.profinfo.pl\/blog\/wp-json\/wp\/v2\/media?parent=1112"}],"wp:term":[{"taxonomy":"category","embeddable":true,"href":"https:\/\/www.profinfo.pl\/blog\/wp-json\/wp\/v2\/categories?post=1112"},{"taxonomy":"post_tag","embeddable":true,"href":"https:\/\/www.profinfo.pl\/blog\/wp-json\/wp\/v2\/tags?post=1112"}],"curies":[{"name":"wp","href":"https:\/\/api.w.org\/{rel}","templated":true}]}}