{"id":1138,"date":"2021-02-08T10:28:00","date_gmt":"2021-02-08T09:28:00","guid":{"rendered":"https:\/\/www.profinfo.pl\/blog\/?p=1138"},"modified":"2024-01-03T09:23:07","modified_gmt":"2024-01-03T08:23:07","slug":"czy-w-2021-roku-doczekamy-sie-nowego-kodeksu-pracy-jakie-zmiany-w-urlopach-sa-obecnie-rozpatrywane","status":"publish","type":"post","link":"https:\/\/www.profinfo.pl\/blog\/czy-w-2021-roku-doczekamy-sie-nowego-kodeksu-pracy-jakie-zmiany-w-urlopach-sa-obecnie-rozpatrywane\/","title":{"rendered":"Czy w 2021 roku doczekamy si\u0119 nowego kodeksu pracy? Jakie zmiany w urlopach s\u0105 obecnie rozpatrywane?"},"content":{"rendered":"\n<p><strong>Spo\u015br\u00f3d wszystkich zapowiedzi obecnego rz\u0105du, kilka wci\u0105\u017c czeka na wprowadzenie. Jedn\u0105 nich jest nowy kodek pracy, nad kt\u00f3rym eksperci pracuj\u0105 ju\u017c od kilku lat. Wprawdzie og\u00f3lno\u015bwiatowa pandemia COVID-19 mocno zaburzy\u0142a ich dzia\u0142ania w ci\u0105gu ostatnich 12 miesi\u0119cy, jednak ostatnio dosz\u0142o do ich gwa\u0142townego przy\u015bpieszenia. Czy nowy kodeks pracy pojawi si\u0119 ju\u017c w 2021 roku? Czy kwestie zmian w urlopach b\u0119d\u0105 stanowi\u0107 jeden z jego filar\u00f3w?<\/strong><\/p>\n\n\n\n<!--more-->\n\n\n\n<h2 class=\"wp-block-heading\"><span class=\"ez-toc-section\" id=\"Planowane-zmiany-w-kodeksie-pracy-jakich-mozemy-sie-spodziewac-w-2021-roku-Czego-beda-dotoczyc\"><\/span><strong>Planowane zmiany w kodeksie pracy, jakich mo\u017cemy si\u0119 spodziewa\u0107 w 2021 roku. Czego b\u0119d\u0105 dotoczy\u0107?<\/strong><span class=\"ez-toc-section-end\"><\/span><\/h2>\n\n\n\n<p>Prace nad nowym kodeksem pracy tocz\u0105 si\u0119 ju\u017c od dobrych 4 lat. Mniej wi\u0119cej tyle bowiem czasu up\u0142yn\u0119\u0142o, odk\u0105d rz\u0105d PiS z poprzedniej kadencji sejmu powo\u0142a\u0142 specjaln\u0105 komisj\u0119 kodyfikacyjn\u0105, z\u0142o\u017con\u0105 ze specjalist\u00f3w prawa pracy w randze profesor\u00f3w, i poleci\u0142 jej opracowanie nowego projektu <a href=\"https:\/\/www.profinfo.pl\/kodeks-pracy-kp\">kodeksu pracy<\/a>. Poniewa\u017c w gronie powo\u0142anych specjalist\u00f3w bardzo szybko dosz\u0142o do r\u00f3\u017cnic i kontrowersji dotycz\u0105cych poszczeg\u00f3lnych rozwi\u0105za\u0144, powsta\u0142 nie jeden, a dwa projekty kodeksu pracy \u2013 jeden dla pracownik\u00f3w, drugi dla pracodawc\u00f3w. Ju\u017c w\u00f3wczas okaza\u0142o si\u0119, \u017ce najwi\u0119cej kontrowersji wzbudzaj\u0105 ewentualne zmiany w przepisach dotycz\u0105cych czasu pracy oraz urlop\u00f3w. Czym r\u00f3\u017cni\u0142y si\u0119 oba projekty w podej\u015bciu do urlop\u00f3w pracowniczych:<\/p>\n\n\n\n<ul class=\"wp-block-list\"><li>pierwszy projekt przewidywa\u0142, \u017ce wszyscy pracownicy powinni mie\u0107 r\u00f3wne prawo do urlopu wynosz\u0105cego 26 dni, bez wzgl\u0119du na ich sta\u017c pracy;<\/li><li>drugi z projekt\u00f3w z kolei zak\u0142ada\u0142, i\u017c urlop zaleg\u0142y, niewykorzystany przez pracownika, b\u0119dzie ulega\u0142 przepadni\u0119ciu.<\/li><\/ul>\n\n\n\n<p>Do kompromisu w\u00f3wczas nie dosz\u0142o, a kiedy nasta\u0142a pandemia COVID-19, wiele pomys\u0142\u00f3w musiano od\u0142o\u017cy\u0107 na tzw. lepszy czas. Jednak z pocz\u0105tkiem tego roku co\u015b wyra\u017anie drgn\u0119\u0142o w sprawie nowego kodeku pracy, zar\u00f3wno za spraw\u0105 prac forum zespo\u0142\u00f3w Rady Dialogu Spo\u0142ecznego, jak i samego Parlamentu Europejskiego. Co sprawi\u0142o ten nag\u0142y powr\u00f3t do przerwanej dyskusji?<\/p>\n\n\n\n<figure class=\"wp-block-pullquote alignwide is-style-default\"><blockquote><p><a href=\"https:\/\/www.profinfo.pl\/sklep\/meritum-prawo-pracy-2021,142097.html\"><img decoding=\"async\" width=\"700\" height=\"249\" class=\"wp-image-1139\" style=\"width: 700px;\" src=\"https:\/\/www.profinfo.pl\/blog\/wp-content\/uploads\/2021\/03\/meritum-prawo-pracy-2021.png\" alt=\"MERITUM Prawo pracy 2021\" title=\"\" srcset=\"https:\/\/www.profinfo.pl\/blog\/wp-content\/uploads\/2021\/03\/meritum-prawo-pracy-2021.png 968w, https:\/\/www.profinfo.pl\/blog\/wp-content\/uploads\/2021\/03\/meritum-prawo-pracy-2021-300x107.png 300w, https:\/\/www.profinfo.pl\/blog\/wp-content\/uploads\/2021\/03\/meritum-prawo-pracy-2021-768x273.png 768w\" sizes=\"(max-width: 479px) 90vw, (max-width: 599px) 432px, 536px\" \/><\/a><\/p><cite>&#8222;MERITUM Prawo pracy 2021&#8221; autorstwa Kazimierza Ja\u015bkowskiego<\/cite><\/blockquote><\/figure>\n\n\n\n<h2 class=\"wp-block-heading\"><span class=\"ez-toc-section\" id=\"Az-2-miesiace-urlopu-ojcowskiego-Wlasnie-takie-plany-ma-obecnie-Parlament-Europejski\"><\/span>A\u017c 2 miesi\u0105ce urlopu ojcowskiego? W\u0142a\u015bnie takie plany ma obecnie Parlament Europejski<span class=\"ez-toc-section-end\"><\/span><\/h2>\n\n\n\n<p>Jedn\u0105 ze zmian, z kt\u00f3r\u0105 najprawdopodobniej przyjdzie zmierzy\u0107 si\u0119 tw\u00f3rcom nowego kodeksu pracy, b\u0119dzie zmiana dotycz\u0105ca <a href=\"https:\/\/www.profinfo.pl\/hasla-lex\/urlop-ojcowski,5068.html\">urlopu ojcowskiego<\/a>. Parlament Europejski chce doprowadzi\u0107 do ujednolicenia urlopu ojcowskiego we wszystkich krajach cz\u0142onkowskich Unii Europejskiej, z jednoczesnym wyd\u0142u\u017ceniem go (tam, gdzie przepis ten jeszcze nie obowi\u0105zuje) a\u017c do 2 miesi\u0119cy. Je\u015bli zmiana ta zostanie uchwalona, urlop ojcowski r\u00f3wnie\u017c w Polsce b\u0119dzie musia\u0142 ulec zasadniczym zmianom. Jak bardzo g\u0142\u0119bokie b\u0119d\u0105 to zmiany?<\/p>\n\n\n\n<p>Obecnie polskie przepisy stanowi\u0105, i\u017c zgodnie z art. 182\u00b3 Kodeksu pracy:<\/p>\n\n\n\n<p><em>\u00a7&nbsp; 1.<\/em><br><em>Pracownik &#8211; ojciec wychowuj\u0105cy dziecko ma prawo do urlopu ojcowskiego w wymiarze do 2 tygodni, nie d\u0142u\u017cej jednak ni\u017c:<\/em><\/p>\n\n\n\n<ol class=\"wp-block-list\" type=\"1\"><li><em>do uko\u0144czenia przez dziecko 24 miesi\u0105ca \u017cycia albo<\/em><\/li><li><em>do up\u0142ywu 24 miesi\u0119cy od dnia uprawomocnienia si\u0119 postanowienia orzekaj\u0105cego przysposobienie dziecka i nie d\u0142u\u017cej ni\u017c do uko\u0144czenia przez dziecko 7 roku \u017cycia, a w przypadku dziecka, wobec kt\u00f3rego podj\u0119to decyzj\u0119 o odroczeniu obowi\u0105zku szkolnego, nie d\u0142u\u017cej ni\u017c do uko\u0144czenia przez nie 10 roku \u017cycia.<\/em><\/li><\/ol>\n\n\n\n<p><em>\u00a7&nbsp; 1<sup>1<\/sup>.<\/em><br><em>Urlop ojcowski mo\u017ce by\u0107 wykorzystany jednorazowo albo nie wi\u0119cej ni\u017c w 2 cz\u0119\u015bciach, z kt\u00f3rych \u017cadna nie mo\u017ce by\u0107 kr\u00f3tsza ni\u017c tydzie\u0144.<\/em><\/p>\n\n\n\n<p><em>\u00a7&nbsp; 2.<\/em><br><em>Urlop ojcowski jest udzielany na pisemny wniosek pracownika &#8211; ojca wychowuj\u0105cego dziecko, sk\u0142adany w terminie nie kr\u00f3tszym ni\u017c 7 dni przed rozpocz\u0119ciem korzystania z urlopu. Do wniosku do\u0142\u0105cza si\u0119 dokumenty okre\u015blone w przepisach wydanych na podstawie art. 186<sup>8a<\/sup>. Pracodawca jest obowi\u0105zany uwzgl\u0119dni\u0107 wniosek pracownika.<\/em><\/p>\n\n\n\n<p>Jak wida\u0107, nowa propozycja PE wyd\u0142u\u017cy\u0142aby urlop dla polskich ojc\u00f3w o ok. 6 tygodni, co stanowi\u0142oby spor\u0105 zmian\u0119 wzgl\u0119dem stanu obecnego.<\/p>\n\n\n\n<h2 class=\"wp-block-heading\"><span class=\"ez-toc-section\" id=\"Wydluzenie-urlopu-wypoczynkowego-do-31-dni-Tak-wyglada-jedna-z-rozpatrywanych-obecnie-opcji\"><\/span>Wyd\u0142u\u017cenie urlopu wypoczynkowego do 31 dni? Tak wygl\u0105da jedna z rozpatrywanych obecnie opcji<span class=\"ez-toc-section-end\"><\/span><\/h2>\n\n\n\n<p>W po\u0142owie stycznia tego roku na forum zespo\u0142\u00f3w Rady Dialogu Spo\u0142ecznego przedstawiciele zwi\u0105zk\u00f3w zawodowych przypomnieli sw\u00f3j postulat zmian w <a href=\"https:\/\/www.profinfo.pl\/hasla-lex\/urlopy-wypoczynkowe,5085.html\">urlopie wypoczynkowym<\/a>. Wed\u0142ug nich w nowym kodeksie pracy ju\u017c w 2021 rok powinien pojawi\u0107 si\u0119 zapis wyd\u0142u\u017caj\u0105cy urlop wypoczynkowy do 31 dni, cho\u0107 wy\u0142\u0105cznie w przypadku pracownik\u00f3w z 30-letnim sta\u017cem. Czy podobna zamiana ma szans\u0119 wej\u015b\u0107 ostatecznie do nowego kodeksu pracy?<\/p>\n\n\n\n<p>Przedstawiciele pracodawc\u00f3w na wspominanym forum RDS wyrazili wprawdzie sw\u00f3j sprzeciw, jednak nale\u017cy pami\u0119ta\u0107, \u017ce kluczem b\u0119dzie tu porozumienie pomi\u0119dzy stron\u0105 zwi\u0105zkow\u0105, a rz\u0105dow\u0105. A kiedy mo\u017cemy spodziewa\u0107 si\u0119 nowego kodeksu pracy? Bior\u0105c pod uwag\u0119 fakt, i\u017c prace nad nim, mimo pandemii, wznowiono ze spor\u0105 dynamik\u0105 jeszcze pod koniec 2020 roku, nie jest wykluczonym, i\u017c rok 2021 b\u0119dzie tym, w kt\u00f3rym poznamy nowy, kompletny ju\u017c projekt nowego kodeksu pracy.<\/p>\n\n\n\n<h3 class=\"wp-block-heading\">Sprawd\u017a tak\u017ce:<\/h3>\n\n\n\n<ul class=\"wp-block-list\"><li><a href=\"https:\/\/www.profinfo.pl\/sklep\/system-prawa-pracy-tom-xi-pragmatyki-pracownicze,141596.html\">System prawa pracy. TOM XI. Pragmatyki pracownicze, Krzysztof Wojciech Baran, Zbigniew G\u00f3ral 2020<\/a><\/li><li><a href=\"https:\/\/www.profinfo.pl\/sklep\/kodeks-pracy-komentarz-tom-i-i-ii,126880.html\">Kodeks pracy. Komentarz. Tom I i II, Krzysztof Wojciech Baran 2020<\/a><\/li><li><a href=\"https:\/\/www.profinfo.pl\/sklep\/wydawanie-decyzji-interpretacyjnych-przedsiebiorcom-przez-zus,140693.html\">Wydawanie decyzji interpretacyjnych przedsi\u0119biorcom przez ZUS, Tomasz Brzezicki, Monika Noga, Jacek Wantoch-Rekowski 2020<\/a><\/li><\/ul>\n\n\n\n<p><\/p>\n","protected":false},"excerpt":{"rendered":"<p>Spo\u015br\u00f3d wszystkich zapowiedzi obecnego rz\u0105du, kilka wci\u0105\u017c czeka na wprowadzenie. Jedn\u0105 nich jest nowy kodek pracy, nad kt\u00f3rym eksperci pracuj\u0105 ju\u017c od kilku lat. Wprawdzie og\u00f3lno\u015bwiatowa pandemia COVID-19 mocno zaburzy\u0142a ich dzia\u0142ania w ci\u0105gu ostatnich 12 miesi\u0119cy, jednak ostatnio dosz\u0142o do ich gwa\u0142townego przy\u015bpieszenia. Czy nowy kodeks pracy pojawi si\u0119 ju\u017c w 2021 roku? Czy &hellip; <\/p>\n<p><a href=\"https:\/\/www.profinfo.pl\/blog\/czy-w-2021-roku-doczekamy-sie-nowego-kodeksu-pracy-jakie-zmiany-w-urlopach-sa-obecnie-rozpatrywane\/\" class=\"more-link\">Czytaj wi\u0119cej<span class=\"screen-reader-text\"> &#8222;Czy w 2021 roku doczekamy si\u0119 nowego kodeksu pracy? Jakie zmiany w urlopach s\u0105 obecnie rozpatrywane?&#8221;<\/span><\/a><\/p>\n","protected":false},"author":1,"featured_media":1140,"comment_status":"open","ping_status":"open","sticky":false,"template":"","format":"standard","meta":{"footnotes":""},"categories":[71,70],"tags":[113],"class_list":["post-1138","post","type-post","status-publish","format-standard","has-post-thumbnail","hentry","category-porady","category-aktualnosci","tag-prawo-pracy-i-ubezpieczen-spolecznych"],"_links":{"self":[{"href":"https:\/\/www.profinfo.pl\/blog\/wp-json\/wp\/v2\/posts\/1138","targetHints":{"allow":["GET"]}}],"collection":[{"href":"https:\/\/www.profinfo.pl\/blog\/wp-json\/wp\/v2\/posts"}],"about":[{"href":"https:\/\/www.profinfo.pl\/blog\/wp-json\/wp\/v2\/types\/post"}],"author":[{"embeddable":true,"href":"https:\/\/www.profinfo.pl\/blog\/wp-json\/wp\/v2\/users\/1"}],"replies":[{"embeddable":true,"href":"https:\/\/www.profinfo.pl\/blog\/wp-json\/wp\/v2\/comments?post=1138"}],"version-history":[{"count":4,"href":"https:\/\/www.profinfo.pl\/blog\/wp-json\/wp\/v2\/posts\/1138\/revisions"}],"predecessor-version":[{"id":1505,"href":"https:\/\/www.profinfo.pl\/blog\/wp-json\/wp\/v2\/posts\/1138\/revisions\/1505"}],"wp:featuredmedia":[{"embeddable":true,"href":"https:\/\/www.profinfo.pl\/blog\/wp-json\/wp\/v2\/media\/1140"}],"wp:attachment":[{"href":"https:\/\/www.profinfo.pl\/blog\/wp-json\/wp\/v2\/media?parent=1138"}],"wp:term":[{"taxonomy":"category","embeddable":true,"href":"https:\/\/www.profinfo.pl\/blog\/wp-json\/wp\/v2\/categories?post=1138"},{"taxonomy":"post_tag","embeddable":true,"href":"https:\/\/www.profinfo.pl\/blog\/wp-json\/wp\/v2\/tags?post=1138"}],"curies":[{"name":"wp","href":"https:\/\/api.w.org\/{rel}","templated":true}]}}