{"id":1231,"date":"2021-07-30T13:51:23","date_gmt":"2021-07-30T11:51:23","guid":{"rendered":"https:\/\/www.profinfo.pl\/blog\/?p=1231"},"modified":"2021-07-30T13:52:31","modified_gmt":"2021-07-30T11:52:31","slug":"emerytura-jak-wyliczyc-co-z-ofe","status":"publish","type":"post","link":"https:\/\/www.profinfo.pl\/blog\/emerytura-jak-wyliczyc-co-z-ofe\/","title":{"rendered":"Emerytura \u2013 jak wyliczy\u0107? Co z OFE?"},"content":{"rendered":"\n<h2 class=\"wp-block-heading\"><strong>Jak obliczy\u0107 wysoko\u015b\u0107 emerytury i czy ZUS b\u0119dzie w stanie j\u0105 wyp\u0142aci\u0107?<\/strong><\/h2>\n\n\n\n<p>Wysoko\u015b\u0107 emerytury przyznawanej na nowych zasadach obliczana jest jako iloraz kwoty \u015brodk\u00f3w zewidencjonowanych i zwaloryzowanych na koncie i subkoncie w ZUS przez \u015brednie dalsze trwanie \u017cycia dla os\u00f3b w wieku r\u00f3wnym wiekowi przej\u015bcia na emerytur\u0119 danego ubezpieczonego. Algorytm ten pozwala na&nbsp; ustalenie wysoko\u015bci emerytury, kt\u00f3ra b\u0119dzie wyp\u0142acana \u015bwiadczeniobiorcy. Dane dotycz\u0105ce warto\u015bci posiadanych \u015brodk\u00f3w dost\u0119pne s\u0105 na Platformie Us\u0142ug Elektronicznych ZUS, z kolei warto\u015b\u0107 \u015bredniego dalszego trwania \u017cycia odnale\u017a\u0107 mo\u017cna w tabelach GUS.<\/p>\n\n\n\n<!--more-->\n\n\n\n<p>Podobne rozwi\u0105zania maj\u0105 zastosowanie tak\u017ce przy ustalania wysoko\u015bci innych \u015bwiadcze\u0144 wyp\u0142acanych przez ZUS. Zgodnie z art. 24 u.e.k. wysoko\u015b\u0107 okresowej emerytury kapita\u0142owej liczy si\u0119, dziel\u0105c: kwot\u0119 \u015brodk\u00f3w zewidencjonowanych na subkoncie w ZUS (ustalon\u0105 na ostatni dzie\u0144 miesi\u0105ca poprzedzaj\u0105cego miesi\u0105c, od kt\u00f3rego zostanie przyznana emerytura) przez \u015brednie dalsze trwanie \u017cycia dla os\u00f3b w wieku r\u00f3wnym wiekowi przej\u015bcia na emerytur\u0119 danego ubezpieczonego, przyj\u0119te do obliczenia emerytury na nowych zasadach z FUS.<\/p>\n\n\n\n<figure class=\"wp-block-pullquote alignwide is-style-default\"><blockquote><p><a href=\"https:\/\/www.profinfo.pl\/sklep\/polski-system-emerytalny-prawne-uwarunkowania-trzech-filarow,150327.html\"><img decoding=\"async\" width=\"700\" height=\"240\" class=\"wp-image-1241\" style=\"width: 700px;\" src=\"https:\/\/www.profinfo.pl\/blog\/wp-content\/uploads\/2021\/07\/polski-system-emerytalny-prawne-uwarunkowania-trzech-filarow.png\" alt=\"Polski system emerytalny. Prawne uwarunkowania trzech filar\u00f3w\" title=\"\" srcset=\"https:\/\/www.profinfo.pl\/blog\/wp-content\/uploads\/2021\/07\/polski-system-emerytalny-prawne-uwarunkowania-trzech-filarow.png 771w, https:\/\/www.profinfo.pl\/blog\/wp-content\/uploads\/2021\/07\/polski-system-emerytalny-prawne-uwarunkowania-trzech-filarow-300x103.png 300w, https:\/\/www.profinfo.pl\/blog\/wp-content\/uploads\/2021\/07\/polski-system-emerytalny-prawne-uwarunkowania-trzech-filarow-768x263.png 768w\" sizes=\"(max-width: 479px) 90vw, (max-width: 599px) 432px, 536px\" \/><\/a><\/p><cite>&#8222;<a href=\"https:\/\/www.profinfo.pl\/sklep\/polski-system-emerytalny-prawne-uwarunkowania-trzech-filarow,150327.html\">Polski system emerytalny. Prawne uwarunkowania trzech filar\u00f3w<\/a>&#8221; autorstwa <a href=\"https:\/\/www.profinfo.pl\/autorzy\/antoni-kolek,29945.html\">Antoniego Kolek<\/a> oraz <a href=\"https:\/\/www.profinfo.pl\/autorzy\/oskar-sobolewski,29948.html\">Oskara Sobolewskiego<\/a><\/cite><\/blockquote><\/figure>\n\n\n\n<h2 class=\"wp-block-heading\">Czy \u015brodki inwestowane w Otwartych&nbsp; Funduszach Emerytalnych s\u0105 bezpieczne?<\/h2>\n\n\n\n<p>Wok\u00f3\u0142 OFE nawarstwi\u0142o si\u0119 wiele pogl\u0105d\u00f3w i opinii, kt\u00f3re nie zawsze trafnie przedstawiaj\u0105 zasady dzia\u0142ania kapita\u0142owej cz\u0119\u015bci sytemu emerytalnego. Wprowadzenie w 1999 roku systemu zdefiniowanej sk\u0142adki, a tak\u017ce dopuszczenie komercyjnych podmiot\u00f3w do zarz\u0105dzania aktywami emerytalnymi by\u0142o rewolucj\u0105 w systemie ubezpiecze\u0144 spo\u0142ecznych oraz da\u0142o impuls do rozwoju rynku kapita\u0142owego w Polsce.<\/p>\n\n\n\n<p>Celem dzia\u0142ania Otwartych Funduszy Emerytalnych jest gromadzenie i pomna\u017canie \u015brodk\u00f3w, kt\u00f3re stan\u0105 si\u0119 podstaw\u0105 do ustalenia wysoko\u015bci emerytury w ramach powszechnego systemu emerytalnego. Aby zapewni\u0107 odpowiednie bezpiecze\u0144stwo inwestycji dokonywanych przez OFE, wprowadzone zosta\u0142y ograniczenia swobody lokacyjnej. Ograniczenia te mia\u0142y dwojaki charakter. Z jednej strony polega\u0142y na rozdzieleniu Powszechnego Towarzystwa Emerytalnego zarz\u0105dzaj\u0105cego OFE od samego funduszu, kt\u00f3ry jest odr\u0119bnym podmiotem posiadaj\u0105cym osobowo\u015b\u0107 prawn\u0105, oraz powierzeniu funkcji przechowywania aktyw\u00f3w depozytariuszowi. Z drugiej na okre\u015bleniu zasad polityki inwestycyjnej drobiazgowo okre\u015blaj\u0105cej w co mog\u0105 by\u0107 inwestowane aktywa cz\u0142onk\u00f3w OFE.W tym zakresie od 2013 r. OFE nie mog\u0105 inwestowa\u0107 aktyw\u00f3w w obligacje, bony i inne papiery warto\u015bciowe emitowane przez Skarb Pa\u0144stwa lub Narodowy Bank Polski, a tak\u017ce po\u017cyczki i kredyty, udzielane tym podmiotom. Dlatego te\u017c OFE inwestuj\u0105 co do zasady wszystkie \u015brodki w akcje zar\u00f3wno te notowane na Gie\u0142dzie Papier\u00f3w Warto\u015bciowych w Warszawie, jak te\u017c w innych pa\u0144stwach.<\/p>\n\n\n\n<p>Wi\u0119cej praktycznych przyk\u0142ad\u00f3w oraz obja\u015bnie\u0144 dotycz\u0105cych systemu emerytalnego w ksi\u0105\u017cce: &#8222;<em><a href=\"https:\/\/www.profinfo.pl\/sklep\/polski-system-emerytalny-prawne-uwarunkowania-trzech-filarow,150327.html\">Polski system emerytalny. Prawne uwarunkowania trzech filar\u00f3w<\/a><\/em>&#8222;<\/p>\n\n\n\n<hr class=\"wp-block-separator\"\/>\n\n\n\n<div class=\"wp-block-media-text alignwide is-stacked-on-mobile is-vertically-aligned-top\" style=\"grid-template-columns:15% auto\"><figure class=\"wp-block-media-text__media\"><img decoding=\"async\" width=\"333\" height=\"500\" src=\"https:\/\/www.profinfo.pl\/blog\/wp-content\/uploads\/2021\/07\/antoni-kolek.jpg\" alt=\"Antoni Ko\u0142ek\" class=\"wp-image-1234 size-full\" title=\"\" srcset=\"https:\/\/www.profinfo.pl\/blog\/wp-content\/uploads\/2021\/07\/antoni-kolek.jpg 333w, https:\/\/www.profinfo.pl\/blog\/wp-content\/uploads\/2021\/07\/antoni-kolek-200x300.jpg 200w\" sizes=\"(max-width: 479px) 90vw, (max-width: 599px) 432px, 536px\" \/><\/figure><div class=\"wp-block-media-text__content\">\n<p class=\"has-normal-font-size\"><strong>Antoni Kolek<\/strong> \u2013 doktor nauk spo\u0142ecznych w zakresie nauk o polityce publicznej; prodziekan Wydzia\u0142u Nauk o Zarz\u0105dzaniu i Bezpiecze\u0144stwie w Spo\u0142ecznej Akademii Nauk; Prezes Zarz\u0105du Instytutu Emerytalnego Sp. z o.o.; Of counsel w Kancelarii Wojew\u00f3dka i Wsp\u00f3lnicy Sp.k.; doradca Prezydenta Pracodawc\u00f3w RP w zakresie ubezpiecze\u0144 spo\u0142ecznych, cz\u0142onek zespo\u0142u ds. ubezpiecze\u0144 spo\u0142ecznych Rady Dialogu Spo\u0142ecznego; autor oko\u0142o 100 artyku\u0142\u00f3w i opracowa\u0144 po\u015bwi\u0119conych zagadnieniom ubezpiecze\u0144 spo\u0142ecznych, rynku pracy oraz rozwoju spo\u0142eczno-gospodarczego. <\/p>\n<\/div><\/div>\n\n\n\n<div class=\"wp-block-media-text alignwide is-stacked-on-mobile is-vertically-aligned-top\" style=\"grid-template-columns:15% auto\"><figure class=\"wp-block-media-text__media\"><img decoding=\"async\" width=\"333\" height=\"500\" src=\"https:\/\/www.profinfo.pl\/blog\/wp-content\/uploads\/2021\/07\/oskar-sobolewski.jpg\" alt=\"\" class=\"wp-image-1235 size-full\" title=\"\" srcset=\"https:\/\/www.profinfo.pl\/blog\/wp-content\/uploads\/2021\/07\/oskar-sobolewski.jpg 333w, https:\/\/www.profinfo.pl\/blog\/wp-content\/uploads\/2021\/07\/oskar-sobolewski-200x300.jpg 200w\" sizes=\"(max-width: 479px) 90vw, (max-width: 599px) 432px, 536px\" \/><\/figure><div class=\"wp-block-media-text__content\">\n<p class=\"has-normal-font-size\"><strong>Oskar Sobolewski<\/strong> \u2013 prawnik w Kancelarii Wojew\u00f3dka i Wsp\u00f3lnicy; doktorant na Wydziale Prawa i Administracji Uniwersytetu Warszawskiego; wsp\u00f3\u0142pracowa\u0142 z Zak\u0142adem Ubezpiecze\u0144 Spo\u0142ecznych, gdzie zajmowa\u0142 si\u0119 III filarem emerytalnym i orzecznictwem lekarskim; wsp\u00f3\u0142tworzy\u0142 raport \u201ePrzegl\u0105d systemu emerytalnego \u2013 Bezpiecze\u0144stwo dzi\u0119ki odpowiedzialno\u015bci\u201d. Od 2017 r. wsp\u00f3\u0142pracuje z Instytutem Emerytalnym; autor wielu publikacji dotycz\u0105cych zagadnie\u0144 systemu emerytalnego, aktywny komentator prasowy; autor i prowadz\u0105cy kana\u0142 Debata Emerytalna w mediach spo\u0142eczno\u015bciowych.<\/p>\n<\/div><\/div>\n\n\n\n<h3 class=\"wp-block-heading\">Sprawd\u017a tak\u017ce:<\/h3>\n\n\n\n<ul class=\"wp-block-list\"><li><a href=\"https:\/\/www.profinfo.pl\/sklep\/prywatyzacja-emerytur,148529.html\">Prywatyzacja emerytur, Leokadia Or\u0119ziak 2021<\/a><\/li><li><a href=\"https:\/\/www.profinfo.pl\/sklep\/emerytury-i-renty-w-praktyce,112644.html\">Emerytury i renty w praktyce, Ewa El\u017cbieta Dziubi\u0144ska-Lechnio, Eliza Skowro\u0144ska 2019<\/a><\/li><li><a href=\"https:\/\/www.profinfo.pl\/sklep\/prawo-do-emerytury-z-ubezpieczenia-i-zaopatrzenia-spolecznego-komentarz-do-ustaw-z-orzecznictwem,117965.html\">Prawo do emerytury z ubezpieczenia i zaopatrzenia spo\u0142ecznego. Komentarz do ustaw z orzecznictwem, Inetta J\u0119drasik-Jankowska 2019<\/a><\/li><\/ul>\n","protected":false},"excerpt":{"rendered":"<p>Jak obliczy\u0107 wysoko\u015b\u0107 emerytury i czy ZUS b\u0119dzie w stanie j\u0105 wyp\u0142aci\u0107? Wysoko\u015b\u0107 emerytury przyznawanej na nowych zasadach obliczana jest jako iloraz kwoty \u015brodk\u00f3w zewidencjonowanych i zwaloryzowanych na koncie i subkoncie w ZUS przez \u015brednie dalsze trwanie \u017cycia dla os\u00f3b w wieku r\u00f3wnym wiekowi przej\u015bcia na emerytur\u0119 danego ubezpieczonego. Algorytm ten pozwala na&nbsp; ustalenie wysoko\u015bci &hellip; <\/p>\n<p><a href=\"https:\/\/www.profinfo.pl\/blog\/emerytura-jak-wyliczyc-co-z-ofe\/\" class=\"more-link\">Czytaj wi\u0119cej<span class=\"screen-reader-text\"> &#8222;Emerytura \u2013 jak wyliczy\u0107? Co z OFE?&#8221;<\/span><\/a><\/p>\n","protected":false},"author":1,"featured_media":1237,"comment_status":"open","ping_status":"open","sticky":false,"template":"","format":"standard","meta":{"footnotes":""},"categories":[71],"tags":[],"class_list":["post-1231","post","type-post","status-publish","format-standard","has-post-thumbnail","hentry","category-porady"],"_links":{"self":[{"href":"https:\/\/www.profinfo.pl\/blog\/wp-json\/wp\/v2\/posts\/1231","targetHints":{"allow":["GET"]}}],"collection":[{"href":"https:\/\/www.profinfo.pl\/blog\/wp-json\/wp\/v2\/posts"}],"about":[{"href":"https:\/\/www.profinfo.pl\/blog\/wp-json\/wp\/v2\/types\/post"}],"author":[{"embeddable":true,"href":"https:\/\/www.profinfo.pl\/blog\/wp-json\/wp\/v2\/users\/1"}],"replies":[{"embeddable":true,"href":"https:\/\/www.profinfo.pl\/blog\/wp-json\/wp\/v2\/comments?post=1231"}],"version-history":[{"count":9,"href":"https:\/\/www.profinfo.pl\/blog\/wp-json\/wp\/v2\/posts\/1231\/revisions"}],"predecessor-version":[{"id":1244,"href":"https:\/\/www.profinfo.pl\/blog\/wp-json\/wp\/v2\/posts\/1231\/revisions\/1244"}],"wp:featuredmedia":[{"embeddable":true,"href":"https:\/\/www.profinfo.pl\/blog\/wp-json\/wp\/v2\/media\/1237"}],"wp:attachment":[{"href":"https:\/\/www.profinfo.pl\/blog\/wp-json\/wp\/v2\/media?parent=1231"}],"wp:term":[{"taxonomy":"category","embeddable":true,"href":"https:\/\/www.profinfo.pl\/blog\/wp-json\/wp\/v2\/categories?post=1231"},{"taxonomy":"post_tag","embeddable":true,"href":"https:\/\/www.profinfo.pl\/blog\/wp-json\/wp\/v2\/tags?post=1231"}],"curies":[{"name":"wp","href":"https:\/\/api.w.org\/{rel}","templated":true}]}}