{"id":1389,"date":"2021-11-15T10:25:50","date_gmt":"2021-11-15T09:25:50","guid":{"rendered":"https:\/\/www.profinfo.pl\/blog\/?p=1389"},"modified":"2024-01-03T09:13:30","modified_gmt":"2024-01-03T08:13:30","slug":"wiek-emerytalny-w-polsce-i-na-swiecie-kiedy-na-emeryture-przechodza-kobiety-a-kiedy-mezczyzni","status":"publish","type":"post","link":"https:\/\/www.profinfo.pl\/blog\/wiek-emerytalny-w-polsce-i-na-swiecie-kiedy-na-emeryture-przechodza-kobiety-a-kiedy-mezczyzni\/","title":{"rendered":"Wiek emerytalny w Polsce i na \u015bwiecie. Kiedy na emerytur\u0119 przechodz\u0105 kobiety, a kiedy m\u0119\u017cczy\u017ani?"},"content":{"rendered":"\n<p><strong>W jakim wieku b\u0119dziemy przechodzi\u0107 na emerytur\u0119 w przysz\u0142o\u015bci, 60, 65 czy mo\u017ce 70 lat? Wi\u0119kszo\u015b\u0107 ludzi prawdopodobnie wola\u0142aby przej\u015b\u0107 na wcze\u015bniejsz\u0105 emerytur\u0119 w wieku 60 lat, ale w wielu krajach Europy i na ca\u0142ym \u015bwiecie w ostatnich latach uchwalono ustawy podnosz\u0105ce wiek emerytalny. W Polsce tendencje s\u0105 zgo\u0142a odmienne i pojawia si\u0119 coraz wi\u0119cej pomys\u0142\u00f3w na obni\u017cenie wieku emerytalnego. Zgodnie z najnowszym pomys\u0142em partii rz\u0105dz\u0105cej, kobiety powinny m\u00f3c przechodzi\u0107 na emerytur\u0119 w wieku 55 lat, a m\u0119\u017cczy\u017ani w wieku 60 lat. Mo\u017cliwe jest, \u017ce opr\u00f3cz wymaganego wieku b\u0119d\u0105 tak\u017ce inne mo\u017cliwo\u015bci do uzyskania wcze\u015bniejszej emerytury.<\/strong><\/p>\n\n\n\n<!--more-->\n\n\n\n<h2 class=\"wp-block-heading\"><span class=\"ez-toc-section\" id=\"Emerytura-w-Polsce\"><\/span>Emerytura w Polsce<span class=\"ez-toc-section-end\"><\/span><\/h2>\n\n\n\n<p>W dniu 11 maja 2012 r. przeg\u0142osowana zosta\u0142a ustawa o emeryturach i rentach, kt\u00f3ra przewidywa\u0142a stopniowe wyd\u0142u\u017cenie wieku emerytalnego do 67 roku \u017cycia zar\u00f3wno dla kobiet, jak i dla m\u0119\u017cczyzn. Wprowadzenie podwy\u017cszonego wieku emerytalnego dotyczy\u0142o w\u00f3wczas kobiet urodzonych po 31 grudnia 1952 r. oraz m\u0119\u017cczyzn urodzonych po 31 grudnia 1947 r. Ustawa z 2012 roku dotycz\u0105ca podniesienia wieku emerytalnego i r\u00f3wnouprawnienia obu p\u0142ci co prawda wesz\u0142a w \u017cycie 1 stycznia 2013 r., ale spotka\u0142a si\u0119 z niewielk\u0105 aprobat\u0105 i przetrwa\u0142a jedynie pi\u0119\u0107 lat. Od 1 pa\u017adziernika 2017 r. wiek ten zosta\u0142 ponownie obni\u017cony i zr\u00f3\u017cnicowany ze wzgl\u0119du na p\u0142e\u0107. Obecnie wynosi on 60 lat dla kobiet oraz 65 lat dla m\u0119\u017cczyzn i mie\u015bci si\u0119 w \u015bredniej europejskiej wynosz\u0105cej od 60 do 67 lat.&nbsp;<\/p>\n\n\n\n<figure class=\"wp-block-pullquote is-style-default\"><blockquote><p><a href=\"https:\/\/www.profinfo.pl\/sklep\/zus-ubezpieczenia.html\"><img decoding=\"async\" width=\"700\" height=\"111\" class=\"wp-image-1393\" style=\"width: 700px;\" src=\"https:\/\/www.profinfo.pl\/blog\/wp-content\/uploads\/2021\/11\/zus.png\" alt=\"ZUS, ubezpieczenia i emerytura\" title=\"\" srcset=\"https:\/\/www.profinfo.pl\/blog\/wp-content\/uploads\/2021\/11\/zus.png 697w, https:\/\/www.profinfo.pl\/blog\/wp-content\/uploads\/2021\/11\/zus-300x48.png 300w\" sizes=\"(max-width: 479px) 90vw, (max-width: 599px) 432px, 536px\" \/><\/a><\/p><cite>Sprawd\u017a publikacje z kategorii &#8222;<a href=\"https:\/\/www.profinfo.pl\/sklep\/zus-ubezpieczenia.html\">ZUS, ubezpieczenia<\/a>&#8221; w ofercie ksi\u0119garni Profinfo.pl<\/cite><\/blockquote><\/figure>\n\n\n\n<p>Kraje o wysokim poziomie rozwoju gospodarczego charakteryzuj\u0105 si\u0119 ch\u0119ci\u0105 wprowadzenia coraz wy\u017cszego wieku emerytalnego dla swoich obywateli. Wynika to nie tylko z sytuacji gospodarczej, ale r\u00f3wnie\u017c z tego, \u017ce \u015brednia d\u0142ugo\u015b\u0107 \u017cycia spo\u0142ecze\u0144stwa ro\u015bnie. Natomiast Polska jest jedynym krajem w Europie, kt\u00f3ry w ostatnich latach obni\u017cy\u0142 wiek emerytalny. Co wi\u0119cej, w tym roku do Sejmu wp\u0142yn\u0105\u0142 obywatelski projekt NSZZ &#8222;Solidarno\u015b\u0107&#8221; dotycz\u0105cy kolejnej zmiany ustawy o emeryturach i rentach. Zgodnie z nowym wnioskiem uprawnienie do emerytury by\u0142oby przyznawane niezale\u017cnie od wieku po osi\u0105gni\u0119ciu odpowiedniego sta\u017cu pracy. W przypadku kobiet wynosi\u0142by on 35 lat, natomiast w przypadku m\u0119\u017cczyzn 40 lat. Je\u015bli nowy pomys\u0142 spotka si\u0119 z aprobat\u0105, oznacza\u0142oby to, \u017ce kobieta, kt\u00f3ra rozpoczyna prac\u0119 w wieku 20 lat, mog\u0142aby przej\u015b\u0107 na emerytur\u0119 ju\u017c w wieku 55 lat. By\u0142by to najni\u017cszy wiek, w kt\u00f3rym mo\u017cna naby\u0107 uprawnienia emerytalne w Unii Europejskiej.<\/p>\n\n\n\n<h2 class=\"wp-block-heading\"><span class=\"ez-toc-section\" id=\"Emerytura-w-Europie\"><\/span>Emerytura w Europie<span class=\"ez-toc-section-end\"><\/span><\/h2>\n\n\n\n<p>W ostatnich dziesi\u0119cioleciach najbardziej powszechnym \u015brodkiem s\u0142u\u017c\u0105cym rozwi\u0105zaniu problemu stabilno\u015bci emerytur w UE by\u0142o podniesienie wieku emerytalnego. W istocie prawie wszystkie kraje europejskie podnios\u0142y sw\u00f3j wcze\u015bniejszy i ustawowy wiek emerytalny (jedynym wyj\u0105tkiem jest Luksemburg). Kraje, takie jak Grecja, Szwecja, Francja i Finlandia w latach 2008-2013 wprowadzi\u0142y podwy\u017cszenie wieku emerytalnego. Austria i S\u0142owenia r\u00f3wnie\u017c przewiduj\u0105 wyd\u0142u\u017cenie wieku emerytalnego w celu wyr\u00f3wnania go dla obu p\u0142ci. Wed\u0142ug Ageing Report z 2015 r.<sup>[1]<\/sup> tylko Luksemburg i Szwecja nie wprowadzi\u0142y \u017cadnych zmian w zakresie podwy\u017cszenia wieku emerytalnego.<\/p>\n\n\n\n<p>Najwi\u0119ksze wzrosty ustawowego wieku emerytalnego w latach 2008-2060 przewiduje Dania, Czechy, Grecja, W\u0142ochy i S\u0142owacja. Standardowy wiek emerytalny w Unii Europejskiej wynosi obecnie 67 lat (65 lat dla m\u0119\u017cczyzn i 63 lata dla kobiet). Przewiduje si\u0119, \u017ce w 2060 r. najwy\u017cszy ustawowy wiek emerytalny b\u0119dzie wynosi\u0142 72,5 lat w Danii (zar\u00f3wno dla m\u0119\u017cczyzn, jak i kobiet), a najni\u017cszy 63 lata dla kobiet w Bu\u0142garii.<\/p>\n\n\n\n<p>W wielu krajach Unii Europejskiej rzeczywisty wiek odej\u015bcia z rynku pracy jest zwykle ni\u017cszy ni\u017c ustawowy wiek emerytalny. W Norwegii, Szwecji i Finlandii wiek uprawniaj\u0105cy do przej\u015bcia na emerytur\u0119 jest elastyczny. Oznacza to, \u017ce dana osoba mo\u017ce pobiera\u0107 emerytur\u0119 w okre\u015blonym przedziale wiekowym. Z drugiej strony, wiele Pa\u0144stw Cz\u0142onkowskich wprowadzi\u0142o r\u00f3wnie\u017c r\u00f3\u017cne \u015brodki zach\u0119caj\u0105ce do wcze\u015bniejszego przechodzenia na emerytur\u0119. Zosta\u0142y one pierwotnie wdro\u017cone w latach 70. i by\u0142y odpowiedzi\u0105 na rosn\u0105ce w\u00f3wczas bezrobocie. Specjalne programy wcze\u015bniejszych emerytur, korzystanie z system\u00f3w ubezpiecze\u0144 dla bezrobotnych lub starszych pracownik\u00f3w z problemami zdrowotnymi dawa\u0142y pracownikom wi\u0119cej mo\u017cliwo\u015bci ni\u017c dotychczas. Zwi\u0119kszenie liczby lat op\u0142acania sk\u0142adek wymaganych do uzyskania pe\u0142nej emerytury by\u0142o r\u00f3wnie\u017c cz\u0119stym elementem pakiet\u00f3w reform emerytalnych.&nbsp;<\/p>\n\n\n\n<p>Zgodnie ze sprawozdaniem na temat starzenia si\u0119 spo\u0142ecze\u0144stwa z 2015 r., szacowany \u015bredni okres sk\u0142adkowy w UE wynosi\u0142 34 lata w 2014 r. i oczekuje si\u0119, \u017ce wzro\u015bnie o 4 lata do oko\u0142o 38 lat w 2060 r.<\/p>\n\n\n\n<h2 class=\"wp-block-heading\"><span class=\"ez-toc-section\" id=\"Wiek-emerytalny-na-swiecie\"><\/span>Wiek emerytalny na \u015bwiecie<span class=\"ez-toc-section-end\"><\/span><\/h2>\n\n\n\n<p>Na ca\u0142ym \u015bwiecie mamy starzej\u0105ce si\u0119 spo\u0142ecze\u0144stwo, co r\u00f3wnie\u017c jest kolejnym powodem zach\u0119cania do d\u0142u\u017cszej pracy, a tak\u017ce do ustawowego wyd\u0142u\u017cenia wielu emerytalnego. Jednak podczas gdy wiele rz\u0105d\u00f3w chce, by\u015bmy pracowali do 68 roku \u017cycia, \u015bredni wiek, w kt\u00f3rym ludzie faktycznie przechodz\u0105 na emerytur\u0119, cz\u0119sto r\u00f3\u017cni si\u0119 od tego, kt\u00f3ry zosta\u0142 ustalony. Wed\u0142ug danych OECD<sup>[2]<\/sup> (<a href=\"https:\/\/www.profinfo.pl\/hasla-lex\/organizacja-wspolpracy-gospodarczej-i-rozwoju,2632.html\">Organizacja Wsp\u00f3\u0142pracy Gospodarczej i Rozwoju<\/a>) z lat 2013-2018 najd\u0142u\u017cszy okres aktywno\u015bci zawodowej ma Korea Po\u0142udniowa i wynosi on 72,3 lata. Zar\u00f3wno m\u0119\u017cczy\u017ani, jak i kobiety pracuj\u0105 tam \u015brednio ponad 12 lat d\u0142u\u017cej ni\u017c oficjalny wiek emerytalny. Kraj ten ma najwy\u017cszy wska\u017anik ub\u00f3stwa w\u015br\u00f3d kraj\u00f3w OECD, co oznacza, \u017ce osoby starsze, tak jak w Turcji, mog\u0105 by\u0107 skazane na prac\u0119 przez ca\u0142e \u017cycie.<\/p>\n\n\n\n\n\n<p>Z drugiej strony Japonia jako bogaty kraj r\u00f3wnie\u017c ma najd\u0142u\u017cej pracuj\u0105cych obywateli, kt\u00f3rzy pracuj\u0105 zwykle do 70 roku \u017cycia. \u015arednia d\u0142ugo\u015b\u0107 ich \u017cycia nale\u017cy co prawda do najwy\u017cszych na \u015bwiecie, ale ch\u0119\u0107 do tak d\u0142ugiej aktywno\u015bci zawodowej wynika w tym spo\u0142ecze\u0144stwie z kultu pracy. Tutaj pracuje si\u0119 jak najd\u0142u\u017cej, a nadgodziny uznawane s\u0105 za normalno\u015b\u0107.<\/p>\n\n\n\n<p>W USA na emerytur\u0119 w wieku 66 lat mo\u017ce przej\u015b\u0107 ka\u017cdy, kto urodzi\u0142 si\u0119 mi\u0119dzy 1943 a 1954 r. Wszyscy, kt\u00f3rzy urodzili si\u0119 p\u00f3\u017aniej, musz\u0105 pracowa\u0107 do 67 roku \u017cycia. Jednak jak m\u00f3wi\u0105 statystyki, wielu Amerykan\u00f3w po osi\u0105gni\u0119ciu wieku emerytalnego, zamiast ca\u0142kowicie zrezygnowa\u0107 z pracy przechodzi na niepe\u0142ny etat. W Kanadzie na emerytur\u0119 mo\u017cna przej\u015b\u0107 od 65 roku \u017cycia, o ile dana osoba mieszka w tym kraju minimum 40 lat. Z kolei w Australii osoby urodzone przed 1952 r. mog\u0105 przej\u015b\u0107 na emerytur\u0119 w wieku 65,5 lat, a te urodzone p\u00f3\u017aniej czeka stopniowy wzrost, a\u017c do osi\u0105gni\u0119cia 67 lat w 2023 roku. Rz\u0105d australijski pr\u00f3bowa\u0142 r\u00f3wnie\u017c podnie\u015b\u0107 wiek emerytalny do 70 lat, ale wi\u0119kszo\u015b\u0107 partii nie zgodzi\u0142a si\u0119 na taki projekt.<\/p>\n\n\n\n<p>Ciekawym przyk\u0142adem jest RPA, w kt\u00f3rym rz\u0105d nie narzuca oficjalnego wieku jako takiego, wi\u0119c to pracownicy musz\u0105 porozumie\u0107 si\u0119 z pracodawcami, aby uzgodni\u0107 wiek przej\u015bcia na emerytur\u0119. Zazwyczaj jednak \u015brednia wynosi 60 lat.<\/p>\n\n\n\n<h2 class=\"wp-block-heading\"><span class=\"ez-toc-section\" id=\"Podsumowanie\"><\/span>Podsumowanie<span class=\"ez-toc-section-end\"><\/span><\/h2>\n\n\n\n<p>Przepisy dotycz\u0105ce kwalifikowalno\u015bci i otrzymywania emerytury s\u0105 z\u0142o\u017cone i cz\u0119sto uwzgl\u0119dniaj\u0105 r\u00f3\u017cne potrzeby. \u015aredni ustawowy wiek emerytalny w 2018 r. we wszystkich krajach OECD dla osoby o pe\u0142nym przebiegu kariery zawodowej, kt\u00f3ra wesz\u0142a na rynek pracy w wieku 22 lat, wynosi\u0142 63,5 lat w przypadku kobiet i 64,2 lat w przypadku m\u0119\u017cczyzn. Islandia, Norwegia oraz Izrael i W\u0142ochy mia\u0142y najwy\u017cszy normalny wiek wynosz\u0105cy 67 lat. Co ciekawe, najwi\u0119ksza r\u00f3\u017cnica wieku przej\u015bcia na emerytur\u0119 mi\u0119dzy p\u0142ciami wynosi\u0142a 5 lat w Austrii i Izraelu oraz 4,2 roku w Polsce.&nbsp; W krajach G20 nienale\u017c\u0105cych do OECD ustawowy wiek emerytalny jest ni\u017cszy, z wyj\u0105tkiem 65 lat dla m\u0119\u017cczyzn w Argentynie. R\u00f3\u017cnice mi\u0119dzy p\u0142ciami istniej\u0105 w po\u0142owie tych kraj\u00f3w, ale nie w Indiach, Indonezji, Arabii Saudyjskiej i RPA.<\/p>\n\n\n\n<h3 class=\"wp-block-heading\">Sprawd\u017a tak\u017ce:<\/h3>\n\n\n\n<ul class=\"wp-block-list\">\n<li><a href=\"https:\/\/www.profinfo.pl\/sklep\/pojecia-i-konstrukcje-prawne-ubezpieczenia-spolecznego,138701.html\">Poj\u0119cia i konstrukcje prawne ubezpieczenia spo\u0142ecznego, Inetta J\u0119drasik-Jankowska 2020<\/a><\/li>\n\n\n\n<li><a href=\"https:\/\/www.profinfo.pl\/sklep\/obnizenie-wieku-emerytalnego,66206.html\">Obni\u017cenie wieku emerytalnego, Daria Jarmu\u017cek, Paulina Zawadzka-Filipczyk 2017<\/a><\/li>\n\n\n\n<li><a href=\"https:\/\/www.profinfo.pl\/sklep\/wspolczesne-problemy-prawa-emerytalnego,24720.html\">Wsp\u00f3\u0142czesne problemy prawa emerytalnego, Teresa Bi\u0144czycka-Majewska, Miros\u0142aw W\u0142odarczyk 2015<\/a><\/li>\n<\/ul>\n\n\n\n<hr class=\"wp-block-separator has-css-opacity\"\/>\n\n\n\n<p class=\"has-small-font-size\">[1] https:\/\/ec.europa.eu\/info\/sites\/default\/files\/dp042_en.pdf<br>[2] https:\/\/www.oecd.org\/els\/emp\/average-effective-age-of-retirement.htm<\/p>\n","protected":false},"excerpt":{"rendered":"<p>W jakim wieku b\u0119dziemy przechodzi\u0107 na emerytur\u0119 w przysz\u0142o\u015bci, 60, 65 czy mo\u017ce 70 lat? Wi\u0119kszo\u015b\u0107 ludzi prawdopodobnie wola\u0142aby przej\u015b\u0107 na wcze\u015bniejsz\u0105 emerytur\u0119 w wieku 60 lat, ale w wielu krajach Europy i na ca\u0142ym \u015bwiecie w ostatnich latach uchwalono ustawy podnosz\u0105ce wiek emerytalny. W Polsce tendencje s\u0105 zgo\u0142a odmienne i pojawia si\u0119 coraz wi\u0119cej &hellip; <\/p>\n<p><a href=\"https:\/\/www.profinfo.pl\/blog\/wiek-emerytalny-w-polsce-i-na-swiecie-kiedy-na-emeryture-przechodza-kobiety-a-kiedy-mezczyzni\/\" class=\"more-link\">Czytaj wi\u0119cej<span class=\"screen-reader-text\"> &#8222;Wiek emerytalny w Polsce i na \u015bwiecie. Kiedy na emerytur\u0119 przechodz\u0105 kobiety, a kiedy m\u0119\u017cczy\u017ani?&#8221;<\/span><\/a><\/p>\n","protected":false},"author":1,"featured_media":1391,"comment_status":"open","ping_status":"open","sticky":false,"template":"","format":"standard","meta":{"footnotes":""},"categories":[71],"tags":[111,113],"class_list":["post-1389","post","type-post","status-publish","format-standard","has-post-thumbnail","hentry","category-porady","tag-prawo","tag-prawo-pracy-i-ubezpieczen-spolecznych"],"_links":{"self":[{"href":"https:\/\/www.profinfo.pl\/blog\/wp-json\/wp\/v2\/posts\/1389","targetHints":{"allow":["GET"]}}],"collection":[{"href":"https:\/\/www.profinfo.pl\/blog\/wp-json\/wp\/v2\/posts"}],"about":[{"href":"https:\/\/www.profinfo.pl\/blog\/wp-json\/wp\/v2\/types\/post"}],"author":[{"embeddable":true,"href":"https:\/\/www.profinfo.pl\/blog\/wp-json\/wp\/v2\/users\/1"}],"replies":[{"embeddable":true,"href":"https:\/\/www.profinfo.pl\/blog\/wp-json\/wp\/v2\/comments?post=1389"}],"version-history":[{"count":7,"href":"https:\/\/www.profinfo.pl\/blog\/wp-json\/wp\/v2\/posts\/1389\/revisions"}],"predecessor-version":[{"id":3098,"href":"https:\/\/www.profinfo.pl\/blog\/wp-json\/wp\/v2\/posts\/1389\/revisions\/3098"}],"wp:featuredmedia":[{"embeddable":true,"href":"https:\/\/www.profinfo.pl\/blog\/wp-json\/wp\/v2\/media\/1391"}],"wp:attachment":[{"href":"https:\/\/www.profinfo.pl\/blog\/wp-json\/wp\/v2\/media?parent=1389"}],"wp:term":[{"taxonomy":"category","embeddable":true,"href":"https:\/\/www.profinfo.pl\/blog\/wp-json\/wp\/v2\/categories?post=1389"},{"taxonomy":"post_tag","embeddable":true,"href":"https:\/\/www.profinfo.pl\/blog\/wp-json\/wp\/v2\/tags?post=1389"}],"curies":[{"name":"wp","href":"https:\/\/api.w.org\/{rel}","templated":true}]}}