{"id":1564,"date":"2021-12-14T11:55:00","date_gmt":"2021-12-14T10:55:00","guid":{"rendered":"https:\/\/www.profinfo.pl\/blog\/?p=1564"},"modified":"2025-12-12T08:59:45","modified_gmt":"2025-12-12T07:59:45","slug":"prawo-kanoniczne-najczestsze-pytania-i-odpowiedzi","status":"publish","type":"post","link":"https:\/\/www.profinfo.pl\/blog\/prawo-kanoniczne-najczestsze-pytania-i-odpowiedzi\/","title":{"rendered":"Prawo kanoniczne &#8211; najcz\u0119stsze pytania i odpowiedzi"},"content":{"rendered":"\n<p>Prawo kanoniczne (ius canonicum), zwane te\u017c prawem ko\u015bcielnym, to system norm determinuj\u0105cych funkcjonowanie Ko\u015bcio\u0142a. Nazwa \u201ePrawo kanoniczne\u201d wywodzi si\u0119 od tzw. kanonu, czyli jednostki redakcyjnej akt\u00f3w prawnych ustanawianych przez Ko\u015bci\u00f3\u0142. Samo uznanie prawa ko\u015bcielnego za prawo jako takie oznacza, \u017ce wytycza ono w\u0142asny obszar prawny, istniej\u0105cy zawsze na terenie pa\u0144stwa, czyli na terenie normowanym prawem krajowym. Dzi\u015b spr\u00f3bujemy odpowiedzie\u0107 m.in. na pytania, jak prawo kanoniczne odnosi si\u0119 do instytucji ma\u0142\u017ce\u0144stwa oraz rozwodu, jak rozwi\u0105zuje problem niewa\u017cno\u015bci ma\u0142\u017ce\u0144stwa, kogo wskazuje na chrzestnego czy te\u017c jak przebiega proces odst\u0119pstwa od wiary i wyst\u0105pienie z Ko\u015bcio\u0142a, czyli apostazja?<\/p>\n\n\n\n<!--more-->\n\n\n<div id=\"rank-math-faq\" class=\"rank-math-block\">\n<div class=\"rank-math-list \">\n<div id=\"faq-question-693bcb71766b3\" class=\"rank-math-list-item\">\n<h3 class=\"rank-math-question \"><strong>Czym jest Prawo kanoniczne?<\/strong><\/h3>\n<div class=\"rank-math-answer \">\n\n<p>Prawo kanonicznie jest dyscyplin\u0105 naukow\u0105, kt\u00f3r\u0105 w uj\u0119ciu podmiotowym mo\u017cna rozpatrywa\u0107 jako nauk\u0119 badaj\u0105c\u0105 szeroko poj\u0119te prawo ko\u015bcielne. Z kolei w uj\u0119ciu przedmiotowym prawo kanoniczne postrzegane jest jako zorganizowany system, dzi\u0119ki kt\u00f3remu Ko\u015bci\u00f3\u0142 mo\u017ce prawnie funkcjonowa\u0107. Co wa\u017cne, jest to poj\u0119cie to\u017csame ze zbiorem zasad, kt\u00f3rych ustanowienie przez w\u0142adz\u0119 ko\u015bcieln\u0105 wi\u0105\u017ce si\u0119 z zamiarem u\u0142atwienia osi\u0105gni\u0119cia zbawienia przez ludno\u015b\u0107 Ko\u015bcio\u0142a.<\/p>\n\n<\/div>\n<\/div>\n<\/div>\n<\/div>\n\n\n<figure class=\"wp-block-pullquote is-style-default\"><blockquote><p><a href=\"https:\/\/www.profinfo.pl\/sklep\/rozwiazanie-malzenstwa-i-stwierdzenie-niewaznosci-malzenstwa-w-sadach-koscielnych-po-reformie-papieza-franciszka,119709.html?utm_source=blog&amp;utm_medium=baner&amp;utm_campaign=Prawo+kanoniczne+%E2%80%93+najcz%C4%99stsze+pytania+i+odpowiedzi&amp;utm_content=Rozwi%C4%85zanie+ma%C5%82%C5%BCe%C5%84stwa+i+stwierdzenie+niewa%C5%BCno%C5%9Bci+ma%C5%82%C5%BCe%C5%84stwa+w+s%C4%85dach+ko%C5%9Bcielnych+po+reformie+Papie%C5%BCa+Franciszka\"><img decoding=\"async\" width=\"750\" height=\"228\" class=\"wp-image-1566\" style=\"width: 750px;\" src=\"https:\/\/www.profinfo.pl\/blog\/wp-content\/uploads\/2022\/01\/rozwiazanie-malzenstwa.png\" alt=\"Rozwi\u0105zanie ma\u0142\u017ce\u0144stwa i stwierdzenie niewa\u017cno\u015bci ma\u0142\u017ce\u0144stwa\" title=\"\"><\/a><\/p><cite>&#8222;<a href=\"https:\/\/www.profinfo.pl\/sklep\/rozwiazanie-malzenstwa-i-stwierdzenie-niewaznosci-malzenstwa-w-sadach-koscielnych-po-reformie-papieza-franciszka,119709.html?utm_source=blog&amp;utm_medium=link&amp;utm_campaign=Prawo+kanoniczne+%E2%80%93+najcz%C4%99stsze+pytania+i+odpowiedzi&amp;utm_content=Rozwi%C4%85zanie+ma%C5%82%C5%BCe%C5%84stwa+i+stwierdzenie+niewa%C5%BCno%C5%9Bci+ma%C5%82%C5%BCe%C5%84stwa+w+s%C4%85dach+ko%C5%9Bcielnych+po+reformie+Papie%C5%BCa+Franciszka\">Rozwi\u0105zanie ma\u0142\u017ce\u0144stwa i stwierdzenie niewa\u017cno\u015bci ma\u0142\u017ce\u0144stwa w s\u0105dach ko\u015bcielnych po reformie Papie\u017ca Franciszka<\/a>&#8221; autorstwa Seweryna \u015awiaczny<\/cite><\/blockquote><\/figure>\n\n\n<div id=\"rank-math-faq\" class=\"rank-math-block\">\n<div class=\"rank-math-list \">\n<div id=\"faq-question-693bcb71766da\" class=\"rank-math-list-item\">\n<h3 class=\"rank-math-question \"><strong>Ma\u0142\u017ce\u0144stwo i rozw\u00f3d. Czy w prawie kanonicznym istnieje poj\u0119cie rozwodu i czy prawo ko\u015bcielne przewiduje instytucj\u0119 rozwodu?<\/strong><\/h3>\n<div class=\"rank-math-answer \">\n\n<p><strong>Nie.<\/strong> Od 25 kwietnia 1998 r. obowi\u0105zuje w Polsce Konkordat zawarty ze Stolic\u0105 Apostolsk\u0105, dzi\u0119ki kt\u00f3remu nie ma potrzeby zawierania ma\u0142\u017ce\u0144stwa dwukrotnie &#8211; przed kierownikiem urz\u0119du stanu cywilnego i przed Bogiem w ko\u015bciele. Je\u017celi nupturienci pragn\u0105 wzi\u0105\u0107 \u015blub ko\u015bcielny, to nie maj\u0105 potrzeby czyni\u0107 tego r\u00f3wnie\u017c w urz\u0119dzie stanu cywilnego. Aby by\u0142o to mo\u017cliwe, duchowny przed up\u0142ywem pi\u0119ciu dni od daty zawarcia ma\u0142\u017ce\u0144stwa musi przes\u0142a\u0107 odpowiednie za\u015bwiadczenia do urz\u0119du stanu cywilnego i po sporz\u0105dzeniu aktu ma\u0142\u017ce\u0144stwa zostanie ono r\u00f3wnie\u017c zawarte w \u015bwietle polskiego prawa. Mimo tego, \u017ce ma\u0142\u017ce\u0144stwo zosta\u0142o zawarte zgodnie z prawem kanonicznym (kt\u00f3re nie uznaje rozwod\u00f3w), to nie zmienia faktu, \u017ce ma\u0142\u017conkowie podlegaj\u0105 jednocze\u015bnie prawu powszechnemu, co poci\u0105ga za sob\u0105 szereg konsekwencji.<br \/>Prawo powszechne traktuje instytucj\u0119 ma\u0142\u017ce\u0144stwa w spos\u00f3b zdecydowanie mniej rygorystyczny ni\u017c ma to miejsce w przypadku prawa kanonicznego. I cho\u0107 doktryna prawnicza na podstawie Kodeksu rodzinnego i opieku\u0144czego uznaje ma\u0142\u017ce\u0144stwo za trwa\u0142y stosunek prawny \u0142\u0105cz\u0105cy zwykle do\u017cywotnio m\u0119\u017cczyzn\u0119 i kobiet\u0119, to inaczej ni\u017c prawo ko\u015bcielne podchodzi do kwestii rozwi\u0105zania ma\u0142\u017ce\u0144stwa.<\/p>\n<p>W ramach prawa powszechnego, w przypadku zaistnienia trwa\u0142ego i zupe\u0142nego rozk\u0142adu po\u017cycia ma\u0142\u017ce\u0144skiego oraz niewyst\u0105pienia przes\u0142anek negatywnych, takich jak zagro\u017cenie dobra wsp\u00f3lnych ma\u0142oletnich dzieci, wina ma\u0142\u017conka \u017c\u0105daj\u0105cego rozwodu oraz sprzeczno\u015b\u0107 \u017c\u0105dania rozwodu z zasadami wsp\u00f3\u0142\u017cycia spo\u0142ecznego, s\u0105d mo\u017ce orzec rozw\u00f3d.<\/p>\n<p>W prawie ko\u015bcielnym ma\u0142\u017ce\u0144stwo i rozw\u00f3d to sprawy o wiele bardziej z\u0142o\u017cone. W tym przypadku nie ma \u017cadnych przes\u0142anek, poniewa\u017c nie istnieje instytucja rozwodu. Prawo kanoniczne stoi bowiem na stra\u017cy dozgonnego w\u0119z\u0142a ma\u0142\u017ce\u0144skiego, kt\u00f3rego celem jest zrodzenie, wychowanie potomstwa, wzajemne wsparcie, mi\u0142o\u015b\u0107, dawanie przyk\u0142adu innym, co wyklucza mo\u017cliwo\u015b\u0107 rozwod\u00f3w, w my\u015bl zasady &#8211; \u201eCo B\u00f3g z\u0142\u0105czy\u0142, cz\u0142owiek niech nie rozdziela\u201d.<\/p>\n<p>Skoro mi\u0142o\u015b\u0107 jest podstaw\u0105 ma\u0142\u017ce\u0144stwa, a dwie osoby, kt\u00f3re podejmuj\u0105 tak wa\u017cn\u0105 decyzj\u0119 i zostaj\u0105 z\u0142\u0105czone w\u0119z\u0142em ma\u0142\u017ce\u0144skim, wypowiadaj\u0105c z pe\u0142n\u0105 \u015bwiadomo\u015bci\u0105 oraz odpowiedzialno\u015bci\u0105 s\u0142owa przysi\u0119gi ma\u0142\u017ce\u0144skiej, to praktyka niedopuszczaj\u0105ca rozwod\u00f3w wydaje si\u0119 mie\u0107 sens. Jednak trzeba r\u00f3wnie\u017c wzi\u0105\u0107 pod uwag\u0119 sytuacje, kiedy jeden z ma\u0142\u017conk\u00f3w zmienia zupe\u0142nie swoje zachowanie, staje si\u0119 zupe\u0142nie inny ni\u017c by\u0142 przed ma\u0142\u017ce\u0144stwem, a ma\u0142\u017ce\u0144stwo jest wa\u017cne i dope\u0142nione. Prawo m\u00f3wi, \u017ce nawet w\u00f3wczas w\u0119ze\u0142 ma\u0142\u017ce\u0144ski jest dozgonny.<\/p>\n\n<\/div>\n<\/div>\n<div id=\"faq-question-693bcb71766db\" class=\"rank-math-list-item\">\n<h3 class=\"rank-math-question \"><strong>Czy prawo kanoniczne przewiduje mo\u017cliwo\u015b\u0107 uznania niewa\u017cno\u015bci ma\u0142\u017ce\u0144stwa?<\/strong><\/h3>\n<div class=\"rank-math-answer \">\n\n<p><strong>Tak.<\/strong> Za niedopuszczalno\u015bci\u0105 rozwod\u00f3w w prawie kanonicznym przemawia fakt, \u017ce ma\u0142\u017ce\u0144stwo musi by\u0107 trwa\u0142e, aby mog\u0142o zrealizowa\u0107 swoje cele, o czym wyra\u017anie mowa w kan. 1055 \u00a7 1 Kodeksu Prawa Kanonicznego z dnia 4 grudnia 1983 r.<\/p>\n<p>W prawie kanonicznym ma\u0142\u017conkowie mog\u0105 zosta\u0107 roz\u0142\u0105czeni, je\u017celi stwierdzona zostanie niewa\u017cno\u015b\u0107 ma\u0142\u017ce\u0144stwa. Nie jest to jednak r\u00f3wnoznaczne z rozwodem funkcjonuj\u0105cym w prawie powszechnym, poniewa\u017c prawo kanoniczne nie operuje tym poj\u0119ciem.<\/p>\n<p>Stwierdzenie niewa\u017cno\u015bci ma\u0142\u017ce\u0144stwa to nic innego jak skonstatowanie, \u017ce ma\u0142\u017ce\u0144stwo by\u0142o niewa\u017cne od samego jego pocz\u0105tku. Orzeczenie niewa\u017cno\u015bci ma\u0142\u017ce\u0144stwa musi si\u0119 opiera\u0107 na konkretnym tytule prawnym. Do grupy tytu\u0142\u00f3w prawnych nale\u017c\u0105 takie, kt\u00f3re wynikaj\u0105 z istnienia w chwili zwi\u0105zku ma\u0142\u017ce\u0144skiego przeszkody kanonicznej, od kt\u00f3rej nie zosta\u0142a udzielona dyspensa. S\u0105 nimi:<\/p>\n<p>1.\u00a0\u00a0\u00a0\u00a0 przeszkoda wieku;<br \/>2.\u00a0\u00a0\u00a0\u00a0 przeszkoda niemocy p\u0142ciowej;<br \/>3.\u00a0\u00a0\u00a0\u00a0 przeszkoda w\u0119z\u0142a ma\u0142\u017ce\u0144skiego;<br \/>4.\u00a0\u00a0\u00a0\u00a0 przeszkoda r\u00f3\u017cnej religii;<br \/>5.\u00a0\u00a0\u00a0\u00a0 przeszkoda \u015bwi\u0119ce\u0144;<br \/>6.\u00a0\u00a0\u00a0\u00a0 przeszkoda publicznego, wieczystego \u015blubu czysto\u015bci;<br \/>7.\u00a0\u00a0\u00a0\u00a0 przeszkoda uprowadzenia;<br \/>8.\u00a0\u00a0\u00a0\u00a0 przeszkoda zab\u00f3jstwa wsp\u00f3\u0142ma\u0142\u017conka;<br \/>9.\u00a0\u00a0\u00a0\u00a0 przeszkoda pokrewie\u0144stwa;<br \/>10.\u00a0 przeszkoda powinowactwa;<br \/>11.\u00a0 przeszkoda przyzwoito\u015bci publicznej;<br \/>12.\u00a0 przeszkoda pokrewie\u0144stwa prawnego.<\/p>\n<p>Wy\u017cej wymienione przeszkody s\u0105 jednocze\u015bnie przes\u0142ankami stwierdzenia niewa\u017cno\u015bci ma\u0142\u017ce\u0144stwa. Cho\u0107 rozw\u00f3d jest instytucj\u0105 nieznan\u0105 prawu kanonicznemu, to nawet w prawie \u015bwieckim oznacza on ustanie ma\u0142\u017ce\u0144stwa wcze\u015bniej zawartego w spos\u00f3b prawid\u0142owy, a wi\u0119c ma\u0142\u017ce\u0144stwa istniej\u0105cego. Z kolei stwierdzenie niewa\u017cno\u015bci ma\u0142\u017ce\u0144stwa w prawie kanonicznym oznacza to, \u017ce ma\u0142\u017ce\u0144stwo by\u0142o niewa\u017cne od samego pocz\u0105tku, czyli nigdy nie istnia\u0142o.<\/p>\n\n<\/div>\n<\/div>\n<div id=\"faq-question-693bcb71766dc\" class=\"rank-math-list-item\">\n<h3 class=\"rank-math-question \"><strong>Czy zdrada mo\u017ce by\u0107 przes\u0142ank\u0105 do stwierdzenia niewa\u017cno\u015bci ma\u0142\u017ce\u0144stwa wg prawa kanonicznego?<\/strong><\/h3>\n<div class=\"rank-math-answer \">\n\n<p><strong>Nie.<\/strong> W przes\u0142ankach stwierdzenia niewa\u017cno\u015bci ma\u0142\u017ce\u0144stwa w prawie kanonicznym brakuje poj\u0119cia zdrady. Zgodnie z og\u00f3lnym pogl\u0105dem, zdrada ma\u0142\u017ce\u0144ska daje ma\u0142\u017conkowi zdradzonemu mo\u017cliwo\u015b\u0107 odej\u015bcia od ma\u0142\u017conka, kt\u00f3ry dopu\u015bci\u0142 si\u0119 zdrady. Jednak prawo kanoniczne nie pos\u0142uguje si\u0119 tym tokiem my\u015blenia. W prawie ko\u015bcielnym zdrada sama w sobie nie powoduje stwierdzenia niewa\u017cno\u015bci ma\u0142\u017ce\u0144stwa sakramentalnego, chocia\u017c jest cz\u0119sto traktowana przez strony jako bardzo powa\u017cny argument. Zdrada ma\u0142\u017ce\u0144ska mo\u017ce jednak w pewnych okoliczno\u015bciach przyczyni\u0107 si\u0119 do stwierdzenia niewa\u017cno\u015bci sakramentu ma\u0142\u017ce\u0144stwa.<\/p>\n\n<\/div>\n<\/div>\n<\/div>\n<\/div>\n\n\n<figure class=\"wp-block-pullquote is-style-default\"><blockquote><p><a href=\"https:\/\/www.profinfo.pl\/sklep\/koscielne-modele-ochrony-danych-osobowych,110542.html?utm_source=blog&amp;utm_medium=baner&amp;utm_campaign=Prawo+kanoniczne+%E2%80%93+najcz%C4%99stsze+pytania+i+odpowiedzi&amp;utm_content=Ko%C5%9Bcielne+modele+ochrony+danych+osobowych\"><img decoding=\"async\" width=\"750\" height=\"237\" class=\"wp-image-1567\" style=\"width: 750px;\" src=\"https:\/\/www.profinfo.pl\/blog\/wp-content\/uploads\/2022\/01\/koscielne-modele-ochrony-danych-osobowych.png\" alt=\"Ko\u015bcielne modele ochrony danych osobowych\" title=\"\"><\/a><\/p><cite>W ofercie publikacja &#8222;<a href=\"https:\/\/www.profinfo.pl\/sklep\/koscielne-modele-ochrony-danych-osobowych,110542.html?utm_source=blog&amp;utm_medium=link&amp;utm_campaign=Prawo+kanoniczne+%E2%80%93+najcz%C4%99stsze+pytania+i+odpowiedzi&amp;utm_content=Ko%C5%9Bcielne+modele+ochrony+danych+osobowych\">Ko\u015bcielne modele ochrony danych osobowych<\/a>&#8221; autorstwa Bernarda \u0141uka\u0144ko<\/cite><\/blockquote><\/figure>\n\n\n\n<div class=\"schema-faq wp-block-yoast-faq-block\"><div class=\"schema-faq-section\" id=\"faq-question-1642502381760\"><strong class=\"schema-faq-question\"><div id=\"ez-toc-container\" class=\"ez-toc-v2_0_82_2 counter-hierarchy ez-toc-counter ez-toc-custom ez-toc-container-direction\">\n<div class=\"ez-toc-title-container\">\n<p class=\"ez-toc-title\" style=\"cursor:inherit\">Spis tre\u015bci<\/p>\n<span class=\"ez-toc-title-toggle\"><a href=\"#\" class=\"ez-toc-pull-right ez-toc-btn ez-toc-btn-xs ez-toc-btn-default ez-toc-toggle\" aria-label=\"Prze\u0142\u0105cznik Spisu Tre\u015bci\"><span class=\"ez-toc-js-icon-con\"><span class=\"\"><span class=\"eztoc-hide\" style=\"display:none;\">Toggle<\/span><span class=\"ez-toc-icon-toggle-span\"><svg style=\"fill: #676767;color:#676767\" xmlns=\"http:\/\/www.w3.org\/2000\/svg\" class=\"list-377408\" width=\"20px\" height=\"20px\" viewBox=\"0 0 24 24\" fill=\"none\"><path d=\"M6 6H4v2h2V6zm14 0H8v2h12V6zM4 11h2v2H4v-2zm16 0H8v2h12v-2zM4 16h2v2H4v-2zm16 0H8v2h12v-2z\" fill=\"currentColor\"><\/path><\/svg><svg style=\"fill: #676767;color:#676767\" class=\"arrow-unsorted-368013\" xmlns=\"http:\/\/www.w3.org\/2000\/svg\" width=\"10px\" height=\"10px\" viewBox=\"0 0 24 24\" version=\"1.2\" baseProfile=\"tiny\"><path d=\"M18.2 9.3l-6.2-6.3-6.2 6.3c-.2.2-.3.4-.3.7s.1.5.3.7c.2.2.4.3.7.3h11c.3 0 .5-.1.7-.3.2-.2.3-.5.3-.7s-.1-.5-.3-.7zM5.8 14.7l6.2 6.3 6.2-6.3c.2-.2.3-.5.3-.7s-.1-.5-.3-.7c-.2-.2-.4-.3-.7-.3h-11c-.3 0-.5.1-.7.3-.2.2-.3.5-.3.7s.1.5.3.7z\"\/><\/svg><\/span><\/span><\/span><\/a><\/span><\/div>\n<nav><ul class='ez-toc-list ez-toc-list-level-1 ' ><li class='ez-toc-page-1 ez-toc-heading-level-2'><a class=\"ez-toc-link ez-toc-heading-1\" href=\"https:\/\/www.profinfo.pl\/blog\/prawo-kanoniczne-najczestsze-pytania-i-odpowiedzi\/#Kto-moze-byc-chrzestnym-zgodnie-z-prawem-kanonicznym\" >Kto mo\u017ce by\u0107 chrzestnym zgodnie z prawem kanonicznym?<\/a><\/li><li class='ez-toc-page-1 ez-toc-heading-level-2'><a class=\"ez-toc-link ez-toc-heading-2\" href=\"https:\/\/www.profinfo.pl\/blog\/prawo-kanoniczne-najczestsze-pytania-i-odpowiedzi\/#Akt-chrztu-Jakie-formalnosci-nalezy-wypelnic\" >Akt chrztu. Jakie formalno\u015bci nale\u017cy wype\u0142ni\u0107?<\/a><\/li><li class='ez-toc-page-1 ez-toc-heading-level-2'><a class=\"ez-toc-link ez-toc-heading-3\" href=\"https:\/\/www.profinfo.pl\/blog\/prawo-kanoniczne-najczestsze-pytania-i-odpowiedzi\/#Czy-zgodnie-z-prawem-kanonicznym-bierzmowanie-jest-konieczne-przed-slubem\" >Czy zgodnie z prawem kanonicznym bierzmowanie jest konieczne przed \u015blubem?<\/a><\/li><li class='ez-toc-page-1 ez-toc-heading-level-2'><a class=\"ez-toc-link ez-toc-heading-4\" href=\"https:\/\/www.profinfo.pl\/blog\/prawo-kanoniczne-najczestsze-pytania-i-odpowiedzi\/#Apostazja-w-swietle-prawa-kanonicznego-Jakie-konsekwencje-wiaza-sie-z-dokonaniem-apostazji\" >Apostazja w \u015bwietle prawa kanonicznego. Jakie konsekwencje wi\u0105\u017c\u0105 si\u0119 z dokonaniem apostazji?<\/a><\/li><li class='ez-toc-page-1 ez-toc-heading-level-2'><a class=\"ez-toc-link ez-toc-heading-5\" href=\"https:\/\/www.profinfo.pl\/blog\/prawo-kanoniczne-najczestsze-pytania-i-odpowiedzi\/#Jak-dokonac-apostazji\" >Jak dokona\u0107 apostazji?<\/a><\/li><\/ul><\/nav><\/div>\n<h2><span class=\"ez-toc-section\" id=\"Kto-moze-byc-chrzestnym-zgodnie-z-prawem-kanonicznym\"><\/span>Kto mo\u017ce by\u0107 chrzestnym zgodnie z prawem kanonicznym?<span class=\"ez-toc-section-end\"><\/span><\/h2><\/strong> <p class=\"schema-faq-answer\">Kodeks Prawa Kanonicznego z dnia 4 grudnia 1983 r. w kan. 874 daje wyra\u017anie m\u00f3wi o warunkach koniecznych, jakie odnosz\u0105 si\u0119 do funkcji chrzestnego i \u015bwiadka Chrztu \u015awi\u0119tego.<h3>Kto mo\u017ce by\u0107 chrzestnym?<\/h3>Kan. 874 \u2013 \u00a7 1. Do przyj\u0119cia zadania chrzestnego mo\u017ce by\u0107 dopuszczony ten, kto:<br\/>1.\u00a0\u00a0\u00a0\u00a0 jest wyznaczony przez przyjmuj\u0105cego chrzest albo przez jego rodzic\u00f3w, albo przez tego, kto ich zast\u0119puje, a gdy tych nie ma, przez proboszcza lub szafarza chrztu, i posiada wymagane do tego kwalifikacje oraz intencj\u0119 pe\u0142nienia tego zadania;<br\/>2.\u00a0\u00a0\u00a0\u00a0 uko\u0144czy\u0142 szesna\u015bcie lat, chyba \u017ce biskup diecezjalny okre\u015bli\u0142 inny wiek albo proboszcz lub szafarz jest zdania, \u017ce s\u0142uszna przyczyna zaleca dopuszczenie wyj\u0105tku;<br\/>3.\u00a0\u00a0\u00a0\u00a0 jest katolikiem, bierzmowanym i przyj\u0105\u0142 ju\u017c sakrament Naj\u015bwi\u0119tszej Eucharystii oraz prowadzi \u017cycie zgodne z wiar\u0105 i odpowiadaj\u0105ce funkcji, jak\u0105 ma pe\u0142ni\u0107;<br\/>4.\u00a0\u00a0\u00a0\u00a0 jest wolny od jakiejkolwiek kary kanonicznej, zgodnie z prawem wymierzonej lub deklarowanej;<br\/>5.\u00a0\u00a0\u00a0\u00a0 nie jest ojcem lub matk\u0105 przyjmuj\u0105cego chrzest.<br\/>\u00a7 2. Ochrzczony, nale\u017c\u0105cy do niekatolickiej wsp\u00f3lnoty ko\u015bcielnej, mo\u017ce by\u0107 dopuszczony tylko razem z chrzestnym katolikiem i to jedynie jako \u015bwiadek chrztu.<br\/><br\/>Zgodnie z kanonem 874, \u00a7 1 Kodeksu prawa kanonicznego oraz Instrukcji duszpasterskiej Episkopatu o udzielaniu sakramentu chrztu \u015bwi\u0119tego dzieciom (15. 12. 1975), zabronione jest wyznaczanie na rodzic\u00f3w chrzestnych os\u00f3b \u017cyj\u0105cych w grzechu ci\u0119\u017ckim. Zakaz ten odnosi si\u0119 do os\u00f3b mieszkaj\u0105cych bez \u015blubu ko\u015bcielnego oraz rozwiedzionych, kt\u00f3rzy zawarli zwi\u0105zek cywilny. Zakaz ten dotyczy r\u00f3wnie\u017c os\u00f3b tej samej p\u0142ci mieszkaj\u0105cych razem i \u017cyj\u0105cych w grzechu ci\u0119\u017ckim. Instrukcja KEP o udzielaniu sakramentu chrztu dzieciom zabrania tak\u017ce dopuszczania do funkcji chrzestnego m\u0142odzie\u017cy nieucz\u0119szczaj\u0105cej na katechizacj\u0119.<\/p> <\/div> <div class=\"schema-faq-section\" id=\"faq-question-1642502430334\"><strong class=\"schema-faq-question\"><h2><span class=\"ez-toc-section\" id=\"Akt-chrztu-Jakie-formalnosci-nalezy-wypelnic\"><\/span>Akt chrztu. Jakie formalno\u015bci nale\u017cy wype\u0142ni\u0107?<span class=\"ez-toc-section-end\"><\/span><\/h2><\/strong> <p class=\"schema-faq-answer\">Obowi\u0105zuj\u0105ce normy prawa kanonicznego nak\u0142adaj\u0105 obowi\u0105zek prowadzenia ksi\u0119gi ochrzczonych w ka\u017cdej parafii. Zgodnie z Kodeksem prawa kanonicznego z dnia 4 grudnia 1983r. proboszcz miejsca, gdzie zosta\u0142 przyj\u0119ty pierwszy sakrament wtajemniczenia chrze\u015bcija\u0144skiego, powinien niezw\u0142ocznie i dok\u0142adnie odnotowa\u0107 w owej ksi\u0119dze fakt udzielenia chrztu konkretnej osobie (kan. 535 \u00a7 1; kan. 877 \u00a7 1 k.p.k.). Zatem \u015bcis\u0142y obowi\u0105zek i odpowiedzialno\u015b\u0107 za dokonanie adnotacji le\u017cy w gestii proboszcza miejsca udzielenia chrztu, zgodnie z \u0142aci\u0144sk\u0105 zasad\u0105 ubi factus ibi actus.<br\/><br\/>Akt chrztu zostanie wystawiony na podstawie:<br\/>\u00b7\u00a0\u00a0\u00a0\u00a0\u00a0\u00a0 skr\u00f3conego aktu urodzenia dziecka<br\/>\u00b7\u00a0\u00a0\u00a0\u00a0\u00a0\u00a0 \u015bwiadectwa \u015blubu ko\u015bcielnego rodzic\u00f3w<br\/>\u00b7\u00a0\u00a0\u00a0\u00a0\u00a0\u00a0 dokument\u00f3w, kt\u00f3re potwierdzaj\u0105 dane osobowe rodzic\u00f3w i chrzestnych<\/p> <\/div> <div class=\"schema-faq-section\" id=\"faq-question-1642502464203\"><strong class=\"schema-faq-question\"><h2><span class=\"ez-toc-section\" id=\"Czy-zgodnie-z-prawem-kanonicznym-bierzmowanie-jest-konieczne-przed-slubem\"><\/span>Czy zgodnie z prawem kanonicznym bierzmowanie jest konieczne przed \u015blubem?<span class=\"ez-toc-section-end\"><\/span><\/h2><\/strong> <p class=\"schema-faq-answer\"><strong>Nie.<\/strong> W Kan. 1065 Kodeksu Prawa Kanonicznego z dnia 4 grudnia 1983 r. czytamy, \u017ce \u201eKatolicy, kt\u00f3rzy nie przyj\u0119li jeszcze sakramentu bierzmowania, powinni go przyj\u0105\u0107 przed zawarciem ma\u0142\u017ce\u0144stwa, gdy jest to mo\u017cliwe bez powa\u017cnej niedogodno\u015bci\u201d.<br\/><br\/>Kodeks Prawa Kanonicznego jasno stwierdza, \u017ce nupturienci powinni przyst\u0105pi\u0107 przed \u015blubem do sakramentu bierzmowania, ale nie musz\u0105. Nie mo\u017cna wi\u0119c stawia\u0107 warunku, \u017ce albo bierzmowanie i \u015blub, albo nic.<\/p> <\/div> <div class=\"schema-faq-section\" id=\"faq-question-1642502486552\"><strong class=\"schema-faq-question\"><h2><span class=\"ez-toc-section\" id=\"Apostazja-w-swietle-prawa-kanonicznego-Jakie-konsekwencje-wiaza-sie-z-dokonaniem-apostazji\"><\/span>Apostazja w \u015bwietle prawa kanonicznego. Jakie konsekwencje wi\u0105\u017c\u0105 si\u0119 z dokonaniem apostazji?<span class=\"ez-toc-section-end\"><\/span><\/h2><\/strong> <p class=\"schema-faq-answer\">Apostazja, czyli odst\u0119pstwo od wiary, od wyznawanych zasad lub przekona\u0144, jest mo\u017cliwa po spe\u0142nieniu okre\u015blonych warunk\u00f3w.<br\/><br\/>Kan. 751 Kodeksu prawa kanonicznego z dnia 4 grudnia 1983 r. stanowi, \u017ce apostazj\u0105 nazywa si\u0119 ca\u0142kowite porzucenie wiary chrze\u015bcija\u0144skiej. Przepisy dotycz\u0105ce formalno\u015bci niezb\u0119dnych do dokonania apostazji zawiera Dekret Og\u00f3lny Konferencji Episkopatu Polski w sprawie wyst\u0105pie\u0144 z Ko\u015bcio\u0142a oraz powrotu do wsp\u00f3lnoty Ko\u015bcio\u0142a. Zgodnie z tym dokumentem apostata ca\u0142kowicie porzuca wiar\u0119 chrze\u015bcija\u0144sk\u0105, wyst\u0119puj\u0105c z Ko\u015bcio\u0142a katolickiego i wst\u0119puj\u0105c do wsp\u00f3lnoty religijnej niechrze\u015bcija\u0144skiej lub pozostaj\u0105c poza jak\u0105kolwiek wsp\u00f3lnot\u0105 religijn\u0105.<br\/><br\/>Konsekwencj\u0105 dokonania aktu apostazji jest m.in. utrata prawa do sprawowania i przyjmowania sakrament\u00f3w, zakaz czynnego udzia\u0142u w obrz\u0119dach, brak mo\u017cliwo\u015bci bycia \u015bwiadkiem ma\u0142\u017ce\u0144stwa czy rodzicem chrzestnym. Jednak jedn\u0105 z najwa\u017cniejszych konsekwencji dokonania apostazji jest utrata prawa do katolickiego pogrzebu.<\/p> <\/div> <div class=\"schema-faq-section\" id=\"faq-question-1642502516988\"><strong class=\"schema-faq-question\"><h2><span class=\"ez-toc-section\" id=\"Jak-dokonac-apostazji\"><\/span>Jak dokona\u0107 apostazji?<span class=\"ez-toc-section-end\"><\/span><\/h2><\/strong> <p class=\"schema-faq-answer\">Dla dokonania apostazji konieczne jest z\u0142o\u017cenie o\u015bwiadczenia woli o wyst\u0105pieniu z Ko\u015bcio\u0142a katolickiego. Odpowiednie pismo nale\u017cy przedstawi\u0107 osobi\u015bcie proboszczowi danej parafii.<br\/><br\/>O\u015bwiadczenie woli o wyst\u0105pieniu z Ko\u015bcio\u0142a katolickiego jest skuteczne, gdy zostanie:<br\/>\u00b7\u00a0\u00a0\u00a0\u00a0\u00a0\u00a0 wyra\u017cone przez osob\u0119 pe\u0142noletni\u0105 i zdoln\u0105 do czynno\u015bci prawnych, w spos\u00f3b \u015bwiadomy i wolny<br\/>\u00b7\u00a0\u00a0\u00a0\u00a0\u00a0\u00a0 z\u0142o\u017cone osobi\u015bcie w formie pisemnej wobec proboszcza swego miejsca zamieszkania (sta\u0142ego lub tymczasowego)<br\/><br\/>Pismo przes\u0142ane standardow\u0105 pocztow\u0105, drog\u0105 elektroniczn\u0105 lub z\u0142o\u017cone przed urz\u0119dnikiem cywilnym nie wywo\u0142uje skutk\u00f3w prawnych.<\/p> <\/div> <\/div>\n","protected":false},"excerpt":{"rendered":"<p>Prawo kanoniczne (ius canonicum), zwane te\u017c prawem ko\u015bcielnym, to system norm determinuj\u0105cych funkcjonowanie Ko\u015bcio\u0142a. Nazwa \u201ePrawo kanoniczne\u201d wywodzi si\u0119 od tzw. kanonu, czyli jednostki redakcyjnej akt\u00f3w prawnych ustanawianych przez Ko\u015bci\u00f3\u0142. Samo uznanie prawa ko\u015bcielnego za prawo jako takie oznacza, \u017ce wytycza ono w\u0142asny obszar prawny, istniej\u0105cy zawsze na terenie pa\u0144stwa, czyli na terenie normowanym prawem &hellip; <\/p>\n<p><a href=\"https:\/\/www.profinfo.pl\/blog\/prawo-kanoniczne-najczestsze-pytania-i-odpowiedzi\/\" class=\"more-link\">Czytaj wi\u0119cej<span class=\"screen-reader-text\"> &#8222;Prawo kanoniczne &#8211; najcz\u0119stsze pytania i odpowiedzi&#8221;<\/span><\/a><\/p>\n","protected":false},"author":1,"featured_media":1573,"comment_status":"open","ping_status":"open","sticky":false,"template":"","format":"standard","meta":{"footnotes":""},"categories":[71],"tags":[],"class_list":["post-1564","post","type-post","status-publish","format-standard","has-post-thumbnail","hentry","category-porady"],"_links":{"self":[{"href":"https:\/\/www.profinfo.pl\/blog\/wp-json\/wp\/v2\/posts\/1564","targetHints":{"allow":["GET"]}}],"collection":[{"href":"https:\/\/www.profinfo.pl\/blog\/wp-json\/wp\/v2\/posts"}],"about":[{"href":"https:\/\/www.profinfo.pl\/blog\/wp-json\/wp\/v2\/types\/post"}],"author":[{"embeddable":true,"href":"https:\/\/www.profinfo.pl\/blog\/wp-json\/wp\/v2\/users\/1"}],"replies":[{"embeddable":true,"href":"https:\/\/www.profinfo.pl\/blog\/wp-json\/wp\/v2\/comments?post=1564"}],"version-history":[{"count":7,"href":"https:\/\/www.profinfo.pl\/blog\/wp-json\/wp\/v2\/posts\/1564\/revisions"}],"predecessor-version":[{"id":4292,"href":"https:\/\/www.profinfo.pl\/blog\/wp-json\/wp\/v2\/posts\/1564\/revisions\/4292"}],"wp:featuredmedia":[{"embeddable":true,"href":"https:\/\/www.profinfo.pl\/blog\/wp-json\/wp\/v2\/media\/1573"}],"wp:attachment":[{"href":"https:\/\/www.profinfo.pl\/blog\/wp-json\/wp\/v2\/media?parent=1564"}],"wp:term":[{"taxonomy":"category","embeddable":true,"href":"https:\/\/www.profinfo.pl\/blog\/wp-json\/wp\/v2\/categories?post=1564"},{"taxonomy":"post_tag","embeddable":true,"href":"https:\/\/www.profinfo.pl\/blog\/wp-json\/wp\/v2\/tags?post=1564"}],"curies":[{"name":"wp","href":"https:\/\/api.w.org\/{rel}","templated":true}]}}