{"id":1788,"date":"2022-03-29T11:29:16","date_gmt":"2022-03-29T09:29:16","guid":{"rendered":"https:\/\/www.profinfo.pl\/blog\/?p=1788"},"modified":"2022-03-29T11:32:47","modified_gmt":"2022-03-29T09:32:47","slug":"egzamin-wstepny-na-aplikacje-adwokacka-termin-i-koszty","status":"publish","type":"post","link":"https:\/\/www.profinfo.pl\/blog\/egzamin-wstepny-na-aplikacje-adwokacka-termin-i-koszty\/","title":{"rendered":"Og\u0142oszono termin egzaminu wst\u0119pnego na aplikacj\u0119 adwokack\u0105 2022. Na jakie koszty powiniene\u015b si\u0119 przygotowa\u0107?"},"content":{"rendered":"\n<p><strong>Co roku rzesze absolwent\u00f3w studi\u00f3w prawniczych ruszaj\u0105 t\u0142umnie na egzamin wst\u0119pny w nadziei dostania si\u0119 na wymarzon\u0105 aplikacj\u0119 adwokack\u0105. Kiedy si\u0119 odb\u0119dzie? Ile kosztuje podej\u015bcie do egzaminu? Na jaki wydatek nale\u017cy si\u0119 przygotowa\u0107 ju\u017c podczas rozpocz\u0119cia aplikacji? Sprawd\u017a!<\/strong><\/p>\n\n\n\n<!--more-->\n\n\n\n<figure class=\"wp-block-image alignwide size-full is-style-default\"><a href=\"https:\/\/www.profinfo.pl\/oferta-dla-aplikantow?utm_source=blog&amp;utm_medium=baner&amp;utm_campaign=Og%C5%82oszono+termin+egzaminu+wst%C4%99pnego+na+aplikacj%C4%99+adwokack%C4%85+2022.+Na+jakie+koszty+powiniene%C5%9B+si%C4%99+przygotowa%C4%87%3F&amp;utm_content=PRZYGOTUJ+SI%C4%98+DO+EGZAMIN%C3%93W+NA+APLIKACJ%C4%98+ADWOKACK%C4%84\"><img decoding=\"async\" width=\"768\" height=\"334\" src=\"https:\/\/www.profinfo.pl\/blog\/wp-content\/uploads\/2022\/03\/oferta-dla-aplikantow.jpg\" alt=\"Aplikacja adwokacka 2022. Przygotuj si\u0119 do egzaminu wst\u0119pnego\" class=\"wp-image-1794\" title=\"\"><\/a><figcaption><a href=\"https:\/\/www.profinfo.pl\/oferta-dla-aplikantow?utm_source=blog&amp;utm_medium=link&amp;utm_campaign=Og%C5%82oszono+termin+egzaminu+wst%C4%99pnego+na+aplikacj%C4%99+adwokack%C4%85+2022.+Na+jakie+koszty+powiniene%C5%9B+si%C4%99+przygotowa%C4%87%3F&amp;utm_content=PRZYGOTUJ+SI%C4%98+DO+EGZAMIN%C3%93W+NA+APLIKACJ%C4%98+ADWOKACK%C4%84\">PRZYGOTUJ SI\u0118 DO EGZAMIN\u00d3W NA APLIKACJ\u0118 ADWOKACK\u0104<\/a><\/figcaption><\/figure>\n\n\n\n<h2 class=\"wp-block-heading\"><span class=\"ez-toc-section\" id=\"Termin-egzaminu-wstepnego\"><\/span>Termin egzaminu wst\u0119pnego<span class=\"ez-toc-section-end\"><\/span><\/h2>\n\n\n\n<p>W 2022 roku egzamin wst\u0119pny na aplikacj\u0119 <strong>odb\u0119dzie si\u0119 w sobot\u0119 24 wrze\u015bnia<\/strong>. W\u0142a\u015bnie tego dnia wszyscy ch\u0119tni planuj\u0105cy aplikacje adwokack\u0105 <strong>zmierz\u0105 si\u0119 ze 150 pytaniami<\/strong>: ka\u017cde z nich zawiera trzy mo\u017cliwe odpowiedzi (A, B, C), z czego tylko jedna jest prawid\u0142owa. Warto pami\u0119ta\u0107, \u017ce niedozwolona jest zmiana odpowiedzi na karcie, dlatego zdecydowanie lepiej po\u015bwi\u0119ci\u0107 dodatkowe kilka sekund na upewnienie si\u0119 co do wybranego wariantu. <strong>Czas<\/strong>, jaki maj\u0105 zdaj\u0105cy na rozwi\u0105zanie testu <strong>to 150 minut<\/strong>. Osoby niepe\u0142nosprawne maj\u0105 mo\u017cliwo\u015b\u0107 z\u0142o\u017cenia wniosku o wyd\u0142u\u017cenie go o po\u0142ow\u0119.<\/p>\n\n\n\n<p>Ch\u0119\u0107 przyst\u0105pienia do egzaminu wst\u0119pnego na aplikacj\u0119 adwokack\u0105 to nie wszystko &#8211; odpowiednie <strong>zg\u0142oszenie wraz z kompletem dokument\u00f3w nale\u017cy z\u0142o\u017cy\u0107 w odpowiedniej komisji <\/strong>kwalifikacyjnej mieszcz\u0105cej si\u0119 w danej siedzibie okr\u0119gowej rady adwokackiej.<\/p>\n\n\n\n<p>\u017beby zda\u0107 egzamin wst\u0119pny i uzyska\u0107 mo\u017cliwo\u015b\u0107 wnioskowania o wpis na list\u0119 aplikant\u00f3w adwokackich <strong>wystarczy zdoby\u0107 przynajmniej 100 punkt\u00f3w<\/strong> ze 150 mo\u017cliwych.<\/p>\n\n\n\n<h2 class=\"wp-block-heading\"><span class=\"ez-toc-section\" id=\"Wykaz-aktow-obowiazujacych-na-egzamin-wstepny\"><\/span>Wykaz akt\u00f3w obowi\u0105zuj\u0105cych na egzamin wst\u0119pny<span class=\"ez-toc-section-end\"><\/span><\/h2>\n\n\n\n<p>Podobnie jak w poprzednim roku, Przewodnicz\u0105cy zespo\u0142u do przygotowania pyta\u0144 testowych na egzamin wst\u0119pny dla kandydat\u00f3w na aplikant\u00f3w adwokackich i radcowskich og\u0142osi\u0142, \u017ce potencjalni aplikanci adwokaccy powinni przygotowa\u0107 si\u0119 z<strong> 51 akt\u00f3w prawnych<\/strong>. Co znajdziemy w\u015br\u00f3d nich?<\/p>\n\n\n\n<p>Poza oczywistymi pozycjami jak Konstytucja RP, wszystkimi obowi\u0105zuj\u0105cymi kodeksami (m.in. Kodeks Cywilny, Kodeks Karny czy kodeksy post\u0119powa\u0144) i dwoma traktatami (o Unii Europejskiej oraz funkcjonowaniu Unii Europejskiej) na li\u015bcie znale\u017a\u0107 mo\u017cna, np.:<\/p>\n\n\n\n<ul class=\"wp-block-list\"><li>Prawo sp\u00f3\u0142dzielcze (z dnia 16 wrze\u015bnia 1982 r.),<\/li><li>ustaw\u0119 o Rzeczniku Praw Obywatelskich (z dnia 15 lipca 1987 r.),<\/li><li>Prawo o stowarzyszeniach (z dnia 7 kwietnia 1989 r.),<\/li><li>czy ustaw\u0119 ubezpieczeniach obowi\u0105zkowych, Ubezpieczeniowym Funduszu Gwarancyjnym i Polskim Biurze Ubezpieczycieli Komunikacyjnych (z dnia 22 maja 2003 r).<\/li><\/ul>\n\n\n\n<p>Podczas studi\u00f3w ustawy te nie zawsze s\u0105 przerabiane od, tzw. &#8222;deski do deski&#8221; &#8211; je\u015bli zamierzasz podej\u015b\u0107 do egzaminu wst\u0119pnego,<strong> po\u015bwi\u0119\u0107 czas r\u00f3wnie\u017c na mniejsze ustawy<\/strong>, dzi\u0119ki kt\u00f3rym mo\u017cesz zdoby\u0107 punkty.<\/p>\n\n\n\n<h2 class=\"wp-block-heading\"><span class=\"ez-toc-section\" id=\"Koszt-egzaminu-wstepnego-i-aplikacji-adwokackiej\"><\/span>Koszt egzaminu wst\u0119pnego i aplikacji adwokackiej<span class=\"ez-toc-section-end\"><\/span><\/h2>\n\n\n\n<p>Osoby chc\u0105ce przyst\u0105pi\u0107 do egzaminu wst\u0119pnego musz\u0105 przygotowa\u0107 si\u0119 na jego tegoroczny koszt. <strong>W 2022 roku jest to 1125z\u0142<\/strong>. Dow\u00f3d uiszczenia op\u0142aty nale\u017cy do\u0142\u0105czy\u0107 do zg\u0142oszenia wysy\u0142anego do komisji kwalifikacyjnej danej siedziby okr\u0119gowej rady adwokackiej. Wa\u017cne, by zwr\u00f3ci\u0107 uwag\u0119 czy wys\u0142any dokument <strong>potwierdza dokonanie przelewu<\/strong> czy przyj\u0119cie zlecenia do realizacji. <strong>Pomy\u0142ka skutkuje stwierdzeniem braku formalnego<\/strong>, co z kolei b\u0119dziemy musieli uzupe\u0142ni\u0107. W zwi\u0105zku z rozporz\u0105dzeniem Ministra Sprawiedliwo\u015bci, podobnie jak w roku poprzednim, <strong>op\u0142ata za aplikacj\u0119 adwokack\u0105 wyniesie 5850 z\u0142<\/strong>. Jest to wynik oderwania op\u0142aty za aplikacj\u0119 od wysoko\u015bci minimalnego wynagrodzenia: dzi\u0119ki temu rozwi\u0105zaniu aplikanci maj\u0105 mo\u017cliwo\u015b\u0107 znajomo\u015bci czekaj\u0105cych ich koszt\u00f3w obowi\u0105zuj\u0105cych w nast\u0119pnym roku szkoleniowym. Ponadto gdyby nie sta\u0142a wysoko\u015b\u0107 op\u0142aty, aplikanci adwokaccy w 2021 roku zap\u0142aciliby a\u017c 6300 z\u0142.<\/p>\n\n\n\n<h3 class=\"wp-block-heading\">Sprawd\u017a tak\u017ce:<\/h3>\n\n\n\n<ul class=\"wp-block-list\"><li><a href=\"https:\/\/www.profinfo.pl\/sklep\/apelacja-w-postepowaniu-cywilnym-komentarz-orzecznictwo,180215.html?utm_source=blog&amp;utm_medium=link&amp;utm_campaign=Og%C5%82oszono+termin+egzaminu+wst%C4%99pnego+na+aplikacj%C4%99+adwokack%C4%85+2022.+Na+jakie+koszty+powiniene%C5%9B+si%C4%99+przygotowa%C4%87%3F&amp;utm_content=Apelacja+w+post%C4%99powaniu+cywilnym.+Komentarz.+Orzecznictwo.+Apelacja%2C+post%C4%99powanie+cywilne%2C+egzamin+z+post%C4%99powania+cywilnego%2C+przyk%C5%82ady+zarzut%C3%B3w%2C+%C5%9Brodki+odwo%C5%82awcze%2C+Ma%C5%82gorzata+Manowska+2022\">Apelacja w post\u0119powaniu cywilnym. Komentarz. Orzecznictwo. Apelacja, post\u0119powanie cywilne, egzamin z post\u0119powania cywilnego, przyk\u0142ady zarzut\u00f3w, \u015brodki odwo\u0142awcze, Ma\u0142gorzata Manowska 2022<\/a><\/li><li><a href=\"https:\/\/www.profinfo.pl\/sklep\/postepowanie-odwolawcze-w-sprawach-karnych-komentarz-orzecznictwo,179156.html?utm_source=blog&amp;utm_medium=link&amp;utm_campaign=Og%C5%82oszono+termin+egzaminu+wst%C4%99pnego+na+aplikacj%C4%99+adwokack%C4%85+2022.+Na+jakie+koszty+powiniene%C5%9B+si%C4%99+przygotowa%C4%87%3F&amp;utm_content=Post%C4%99powanie+odwo%C5%82awcze+w+sprawach+karnych.+Komentarz.+Orzecznictwo%2C+Dariusz+%C5%9Awiecki+2021\">Post\u0119powanie odwo\u0142awcze w sprawach karnych. Komentarz. Orzecznictwo, Dariusz \u015awiecki 2021<\/a><\/li><li><a href=\"https:\/\/www.profinfo.pl\/sklep\/kodeks-cywilny-komentarz,179957.html?utm_source=blog&amp;utm_medium=link&amp;utm_campaign=Og%C5%82oszono+termin+egzaminu+wst%C4%99pnego+na+aplikacj%C4%99+adwokack%C4%85+2022.+Na+jakie+koszty+powiniene%C5%9B+si%C4%99+przygotowa%C4%87%3F&amp;utm_content=Kodeks+cywilny.+Komentarz%2C+Ma%C5%82gorzata+Balwicka-Szczyrba%2C+Anna+Sylwestrzak+2022\">Kodeks cywilny. Komentarz, Ma\u0142gorzata Balwicka-Szczyrba, Anna Sylwestrzak 2022<\/a><\/li><li><a href=\"https:\/\/www.profinfo.pl\/sklep\/kodeks-postepowania-karnego-komentarz,179486.html?utm_source=blog&amp;utm_medium=link&amp;utm_campaign=Og%C5%82oszono+termin+egzaminu+wst%C4%99pnego+na+aplikacj%C4%99+adwokack%C4%85+2022.+Na+jakie+koszty+powiniene%C5%9B+si%C4%99+przygotowa%C4%87%3F&amp;utm_content=Kodeks+post%C4%99powania+karnego.+Komentarz%2C+Dariusz+%C5%9Awiecki+2022\">Kodeks post\u0119powania karnego. Komentarz, Dariusz \u015awiecki 2022<\/a><\/li><li><a href=\"https:\/\/www.profinfo.pl\/sklep\/metodyka-sporzadzania-pism-procesowych-w-sprawach-karnych-cywilnych-gospodarczych-i-administracyjnych,158510.html?utm_source=blog&amp;utm_medium=link&amp;utm_campaign=Og%C5%82oszono+termin+egzaminu+wst%C4%99pnego+na+aplikacj%C4%99+adwokack%C4%85+2022.+Na+jakie+koszty+powiniene%C5%9B+si%C4%99+przygotowa%C4%87%3F&amp;utm_content=Metodyka+sporz%C4%85dzania+pism+procesowych+w+sprawach+karnych%2C+cywilnych%2C+gospodarczych+i+administracyjnych%2C+Aleksandra+Cempura%2C+Anna+Kasolik+2021\">Metodyka sporz\u0105dzania pism procesowych w sprawach karnych, cywilnych, gospodarczych i administracyjnych, Aleksandra Cempura, Anna Kasolik 2021<\/a><\/li><\/ul>\n\n\n\n<p><\/p>\n","protected":false},"excerpt":{"rendered":"<p>Co roku rzesze absolwent\u00f3w studi\u00f3w prawniczych ruszaj\u0105 t\u0142umnie na egzamin wst\u0119pny w nadziei dostania si\u0119 na wymarzon\u0105 aplikacj\u0119 adwokack\u0105. Kiedy si\u0119 odb\u0119dzie? Ile kosztuje podej\u015bcie do egzaminu? Na jaki wydatek nale\u017cy si\u0119 przygotowa\u0107 ju\u017c podczas rozpocz\u0119cia aplikacji? Sprawd\u017a!<\/p>\n","protected":false},"author":1,"featured_media":1793,"comment_status":"open","ping_status":"open","sticky":false,"template":"","format":"standard","meta":{"footnotes":""},"categories":[70,71],"tags":[],"class_list":["post-1788","post","type-post","status-publish","format-standard","has-post-thumbnail","hentry","category-aktualnosci","category-porady"],"_links":{"self":[{"href":"https:\/\/www.profinfo.pl\/blog\/wp-json\/wp\/v2\/posts\/1788","targetHints":{"allow":["GET"]}}],"collection":[{"href":"https:\/\/www.profinfo.pl\/blog\/wp-json\/wp\/v2\/posts"}],"about":[{"href":"https:\/\/www.profinfo.pl\/blog\/wp-json\/wp\/v2\/types\/post"}],"author":[{"embeddable":true,"href":"https:\/\/www.profinfo.pl\/blog\/wp-json\/wp\/v2\/users\/1"}],"replies":[{"embeddable":true,"href":"https:\/\/www.profinfo.pl\/blog\/wp-json\/wp\/v2\/comments?post=1788"}],"version-history":[{"count":7,"href":"https:\/\/www.profinfo.pl\/blog\/wp-json\/wp\/v2\/posts\/1788\/revisions"}],"predecessor-version":[{"id":1804,"href":"https:\/\/www.profinfo.pl\/blog\/wp-json\/wp\/v2\/posts\/1788\/revisions\/1804"}],"wp:featuredmedia":[{"embeddable":true,"href":"https:\/\/www.profinfo.pl\/blog\/wp-json\/wp\/v2\/media\/1793"}],"wp:attachment":[{"href":"https:\/\/www.profinfo.pl\/blog\/wp-json\/wp\/v2\/media?parent=1788"}],"wp:term":[{"taxonomy":"category","embeddable":true,"href":"https:\/\/www.profinfo.pl\/blog\/wp-json\/wp\/v2\/categories?post=1788"},{"taxonomy":"post_tag","embeddable":true,"href":"https:\/\/www.profinfo.pl\/blog\/wp-json\/wp\/v2\/tags?post=1788"}],"curies":[{"name":"wp","href":"https:\/\/api.w.org\/{rel}","templated":true}]}}