{"id":1857,"date":"2022-04-20T08:50:00","date_gmt":"2022-04-20T06:50:00","guid":{"rendered":"https:\/\/www.profinfo.pl\/blog\/?p=1857"},"modified":"2022-05-12T13:50:30","modified_gmt":"2022-05-12T11:50:30","slug":"jakie-zmiany-w-pit-czekaja-nas-od-1-lipca-2022-roku-kogo-obejmie-obnizka-stawki-pit-i-likwidacja-ulgi-dla-klasy-sredniej","status":"publish","type":"post","link":"https:\/\/www.profinfo.pl\/blog\/jakie-zmiany-w-pit-czekaja-nas-od-1-lipca-2022-roku-kogo-obejmie-obnizka-stawki-pit-i-likwidacja-ulgi-dla-klasy-sredniej\/","title":{"rendered":"Jakie zmiany w PIT czekaj\u0105 nas od 1 lipca 2022 roku? Kogo obejmie obni\u017cka stawki PIT i likwidacja ulgi dla klasy \u015bredniej?"},"content":{"rendered":"\n<p><strong>24 marca 2022 roku ustami wiceministra finans\u00f3w Artura Sobonia oraz premiera Mateusza Morawieckiego rz\u0105d zapowiedzia\u0142 kolejne zmiany w \u201ePolskim \u0141adzie\u201d. Zmiany te, b\u0119d\u0105ce pocz\u0105tkowo jedynie na etapie projektu przedstawionego do konsultacji, zgodnie z planem rz\u0105dz\u0105cych maj\u0105 wej\u015b\u0107 w \u017cycie 1 lipca 2022 roku. Dotyczy\u0107 b\u0119d\u0105 m.in. stawki PIT oraz ulgi dla klasy \u015bredniej. Czego konkretnie mo\u017cemy si\u0119 po tych zmianach spodziewa\u0107? Kto mo\u017ce na nich zyska\u0107 i do jakiego stopnia mo\u017cna b\u0119dzie je uzna\u0107 za zmiany kategoryczne?<\/strong><\/p>\n\n\n\n<!--more-->\n\n\n\n<h2 class=\"wp-block-heading\"><span class=\"ez-toc-section\" id=\"Rzad-zapowiedzial-zmiany-w-PIT-od-1-lipca-2022-roku-Jakich-nowosci-mozemy-sie-spodziewac\"><\/span>Rz\u0105d zapowiedzia\u0142 zmiany w PIT od 1 lipca 2022 roku. Jakich nowo\u015bci mo\u017cemy si\u0119 spodziewa\u0107?<span class=\"ez-toc-section-end\"><\/span><\/h2>\n\n\n\n<p>Projekt zmian w \u201ePolskim \u0141adzie\u201d poznali\u015bmy podczas konferencji wiceministra finans\u00f3w Artura Sobonia oraz premiera Mateusza Morawieckiego. Znamy r\u00f3wnie\u017c projekt \u201eUstawy o zmianie ustawy o podatku dochodowym dla os\u00f3b fizycznych oraz niekt\u00f3rych innych ustaw\u201d, kt\u00f3ry zawiera planowane zmiany w obecnie obowi\u0105zuj\u0105cych przepisach. Zaliczone przez Mateusza Morawickiego do tzw. tarczy antyputinowskiej, maj\u0105 na celu ochron\u0119 przed ekonomicznymi konsekwencjami wojny na Ukrainie. W omawianym projekcie znalaz\u0142 si\u0119 ca\u0142y szereg propozycji, w tym m.in.:<\/p>\n\n\n\n<ul class=\"wp-block-list\"><li>zmniejszenie podstawowej stawki podatku PIT z 17% na 12%,<\/li><li>zmiany w sk\u0142adce zdrowotnej,<\/li><li>zmiany w PIT-2 dla wieloetatowc\u00f3w,<\/li><li>zmiany w rozliczeniu rocznym PIT,<\/li><li>likwidacja ulgi podatkowej dla klasy \u015bredniej.<\/li><\/ul>\n\n\n\n<p>Bez \u017cadnych zmian ma pozosta\u0107 natomiast pr\u00f3g podatkowy na poziomie 120 tys. z\u0142otych oraz kwota wolna od podatku w wysoko\u015bci 30 tys. z\u0142otych.<\/p>\n\n\n\n<figure class=\"wp-block-image alignwide size-full is-style-default bordersd\"><a href=\"https:\/\/www.profinfo.pl\/sklep\/pakiet-pit-komentarz-pit-2022-raport-specjalny,182264.html?utm_source=blog&amp;utm_medium=baner&amp;utm_campaign=Jakie+zmiany+w+PIT+czekaj%C4%85+nas+od+1+lipca+2022+roku%3F+Kogo+obejmie+obni%C5%BCka+stawki+PIT+i+likwidacja+ulgi+dla+klasy+%C5%9Bredniej%3F&amp;utm_content=PAKIET%3A+PIT.+Komentarz+%2B+PIT+2022.+Raport+specjalny\"><img decoding=\"async\" width=\"818\" height=\"240\" src=\"https:\/\/www.profinfo.pl\/blog\/wp-content\/uploads\/2022\/05\/pakiet-pit-2022.png\" alt=\"\" class=\"wp-image-1869\" title=\"\"><\/a><figcaption>&#8222;<a href=\"https:\/\/www.profinfo.pl\/sklep\/pakiet-pit-komentarz-pit-2022-raport-specjalny,182264.html?utm_source=blog&amp;utm_medium=link&amp;utm_campaign=Jakie+zmiany+w+PIT+czekaj%C4%85+nas+od+1+lipca+2022+roku%3F+Kogo+obejmie+obni%C5%BCka+stawki+PIT+i+likwidacja+ulgi+dla+klasy+%C5%9Bredniej%3F&amp;utm_content=PAKIET%3A+PIT.+Komentarz+%2B+PIT+2022.+Raport+specjalny\">PAKIET: PIT. Komentarz + PIT 2022. Raport specjalny<\/a>&#8221; autorstwa Moniki Brzostowskiej i Patrycji Kubiesa<\/figcaption><\/figure>\n\n\n\n<p>\u015acie\u017cka projektu ustawy nie przewiduje zb\u0119dnych spowolnie\u0144. Po przej\u015bciu przez etap konsultacji, w po\u0142owie kwietnia (wed\u0142ug rzecznika prasowego rz\u0105du) powstaje projekt legislacyjny, a nast\u0119pnie pod koniec tego miesi\u0105ca Ustawa jest przyj\u0119ta przez <a href=\"https:\/\/www.profinfo.pl\/hasla-lex\/sejm-rp,4140.html?utm_source=blog&amp;utm_medium=link&amp;utm_campaign=Jakie+zmiany+w+PIT+czekaj%C4%85+nas+od+1+lipca+2022+roku%3F+Kogo+obejmie+obni%C5%BCka+stawki+PIT+i+likwidacja+ulgi+dla+klasy+%C5%9Bredniej%3F&amp;utm_content=Sejm\">Sejm<\/a>. Ministerstwo Finans\u00f3w zak\u0142ada, \u017ce przewidziane w niej zmiany wejd\u0105 w \u017cycie od 2023 roku, ale obowi\u0105zywa\u0107 b\u0119d\u0105 wstecznie od 1 lipca 2022 roku.<\/p>\n\n\n\n<h2 class=\"wp-block-heading\"><span class=\"ez-toc-section\" id=\"Obnizka-stawki-PIT-z-17-na-12-procent-Ktorzy-podatnicy-moga-na-tym-skorzystac\"><\/span>Obni\u017cka stawki PIT z 17 na 12 procent. Kt\u00f3rzy podatnicy mog\u0105 na tym skorzysta\u0107?<span class=\"ez-toc-section-end\"><\/span><\/h2>\n\n\n\n<p>W przedstawionym 24 marca projekcie zmian do\u015b\u0107 powszechnie najwi\u0119ksze zainteresowanie budzi obni\u017cka stawki <a href=\"https:\/\/www.profinfo.pl\/hasla-lex\/podatek-dochodowy-od-osob-fizycznych,2816.html?utm_source=blog&amp;utm_medium=link&amp;utm_campaign=Jakie+zmiany+w+PIT+czekaj%C4%85+nas+od+1+lipca+2022+roku%3F+Kogo+obejmie+obni%C5%BCka+stawki+PIT+i+likwidacja+ulgi+dla+klasy+%C5%9Bredniej%3F&amp;utm_content=PIT\">PIT<\/a>. Stawka PIT w progu podatkowym 120 tys. z\u0142otych obni\u017cona zostanie z 17 proc. do 12 proc. Oznacza to obni\u017cenie podatku o 29,4 procenta, czyli o blisko 1\/3. Nowe regulacje obejm\u0105 osoby opodatkowane wed\u0142ug skali podatkowej, bez wzgl\u0119du na:<\/p>\n\n\n\n<ul class=\"wp-block-list\"><li>\u017ar\u00f3d\u0142o osi\u0105ganych przychod\u00f3w,<\/li><li>wysoko\u015b\u0107 przys\u0142uguj\u0105cych koszt\u00f3w uzyskania przychodu,<\/li><li>faktu zatrudnienia u kilku r\u00f3\u017cnych pracodawc\u00f3w,<\/li><li>r\u00f3wnoczesne pobieranie emerytury.<\/li><\/ul>\n\n\n\n<div class=\"wp-block-image is-style-default\"><figure class=\"aligncenter size-full\"><a href=\"https:\/\/www.profinfo.pl\/polski-lad?utm_source=blog&amp;utm_medium=baner&amp;utm_campaign=Jakie+zmiany+w+PIT+czekaj%C4%85+nas+od+1+lipca+2022+roku%3F+Kogo+obejmie+obni%C5%BCka+stawki+PIT+i+likwidacja+ulgi+dla+klasy+%C5%9Bredniej%3F&amp;utm_content=Polski+%C5%81ad\"><img decoding=\"async\" width=\"600\" height=\"398\" src=\"https:\/\/www.profinfo.pl\/blog\/wp-content\/uploads\/2022\/05\/polski-lad.png\" alt=\"Polski \u0141ad\" class=\"wp-image-1860\" title=\"\"><\/a><\/figure><\/div>\n\n\n\n<p>Oznacza to, \u017ce podatek w wysoko\u015bci 12 proc. p\u0142aci\u0107 b\u0119d\u0105 pracownicy, zleceniobiorcy, przedsi\u0119biorcy (prowadz\u0105cy dzia\u0142alno\u015b\u0107 gospodarcz\u0105 opodatkowan\u0105 wed\u0142ug skali), a tak\u017ce emerycie i renci\u015bci. W sumie ma to by\u0107 ok. 25 mln podatnik\u00f3w. Jak zapewnia\u0142a wiceminister finans\u00f3w Artur Sobo\u0144 \u2013 <em>Wszystkie zmiany w systemie podatkowym, kt\u00f3re w tej chwili wprowadzamy, s\u0105 albo korzystne albo neutralne dla podatnik\u00f3w; nie ma takiej sytuacji, w kt\u00f3rej podatnicy na tych zmianach strac\u0105 w stosunku do systemu, kt\u00f3ry dzi\u015b obowi\u0105zuje<\/em>.<\/p>\n\n\n\n<h2 class=\"wp-block-heading\"><span class=\"ez-toc-section\" id=\"Likwidacja-ulgi-dla-klasy-sredniej-Co-w-zamian-i-kto-mimo-wszystko-bedzie-mogl-z-tej-ulgi-skorzystac\"><\/span>Likwidacja ulgi dla klasy \u015bredniej. Co w zamian i kto mimo wszystko b\u0119dzie m\u00f3g\u0142 z tej ulgi skorzysta\u0107?<span class=\"ez-toc-section-end\"><\/span><\/h2>\n\n\n\n<p class=\"bordersd\">Jednym z wa\u017cniejszych punkt\u00f3w zaproponowanej ustawy jest likwidacja ulgi dla klasy \u015bredniej. Ulga ta zosta\u0142a wprowadzona po to, aby pracownicy o miesi\u0119cznych zarobkach brutto w przedziale od 5701 z\u0142 do 11&nbsp;141 z\u0142 nie stracili na wprowadzeniu \u201e<a href=\"https:\/\/www.profinfo.pl\/polski-lad?utm_source=blog&amp;utm_medium=link&amp;utm_campaign=Jakie+zmiany+w+PIT+czekaj%C4%85+nas+od+1+lipca+2022+roku%3F+Kogo+obejmie+obni%C5%BCka+stawki+PIT+i+likwidacja+ulgi+dla+klasy+%C5%9Bredniej%3F&amp;utm_content=Polskiego+%C5%81adu\">Polskiego \u0141adu<\/a>\u201d i na zmianach podatkowych, jakie wchodzi\u0142y w jego sk\u0142ad. Brak mo\u017cliwo\u015bci odliczania sk\u0142adki zdrowotnej od podatku by\u0142 jedn\u0105 z tych zmian, kt\u00f3re niekorzystnie odbija\u0142y si\u0119 w\u0142a\u015bnie na tzw. klasie \u015bredniej. Ulga mia\u0142a zagwarantowa\u0107, \u017ce osoby o podanych przychodach b\u0119d\u0105 zarabia\u0142y \u201ena r\u0119k\u0119\u201d tyle samo, co w 2021 roku. Mechanizm jej obliczania okaza\u0142 si\u0119 jednak niezwykle skomplikowany i nie uwzgl\u0119dniaj\u0105cy indywidualnej sytuacji poszczeg\u00f3lnych podatnik\u00f3w.<\/p>\n\n\n\n<figure class=\"wp-block-pullquote alignwide is-style-solid-color has-border-color\" style=\"border-color:#85bc20;border-radius:0px;border-style:dotted;border-width:5px\"><blockquote><p><a href=\"https:\/\/www.profinfo.pl\/podatki-aktualne-publikacje?utm_source=blog&amp;utm_medium=link&amp;utm_campaign=Jakie+zmiany+w+PIT+czekaj%C4%85+nas+od+1+lipca+2022+roku%3F+Kogo+obejmie+obni%C5%BCka+stawki+PIT+i+likwidacja+ulgi+dla+klasy+%C5%9Bredniej%3F&amp;utm_content=Ksi%C4%85%C5%BCki+i+czasopisma+o+podatkach\">Ksi\u0105\u017cki i czasopisma o zmianach podatk\u00f3w<\/a><\/p><cite>Sprawd\u017a publikacje dotycz\u0105ce podatk\u00f3w z wydawnictwa Wolters Kluwer<\/cite><\/blockquote><\/figure>\n\n\n\n<p>Miejsce likwidowanej ulgi dla klasy \u015bredniej maj\u0105 zaj\u0105\u0107 nowe preferencje podatkowe o prostszej konstrukcji i \u0142atwiejsze do zastosowania przez podatnik\u00f3w. Szczeg\u00f3\u0142y tej preferencji nie s\u0105 jeszcze znane, wiemy natomiast, \u017ce z ulgi dla klasy \u015bredniej na dotychczasowych zasadach b\u0119d\u0105 mogli skorzysta\u0107 wszyscy ci podatnicy, dla kt\u00f3rych uchylenie jej mog\u0142oby okaza\u0107 si\u0119 niekorzystne. <em>Przy splocie r\u00f3\u017cnego rodzaju ulg i przywilej\u00f3w podatkowych, jeden na tysi\u0105c podatnik\u00f3w mo\u017ce by\u0107 potencjalnie osob\u0105, dla kt\u00f3rej zbieg, na przyk\u0142ad ulgi dla klasy \u015bredniej z innymi ulgami, by\u0142by bardziej korzystny<\/em> \u2013 przyzna\u0142 Artur Sobo\u0144 na konferencji zapowiadaj\u0105cej proponowane zmiany.<\/p>\n","protected":false},"excerpt":{"rendered":"<p>24 marca 2022 roku ustami wiceministra finans\u00f3w Artura Sobonia oraz premiera Mateusza Morawieckiego rz\u0105d zapowiedzia\u0142 kolejne zmiany w \u201ePolskim \u0141adzie\u201d. Zmiany te, b\u0119d\u0105ce pocz\u0105tkowo jedynie na etapie projektu przedstawionego do konsultacji, zgodnie z planem rz\u0105dz\u0105cych maj\u0105 wej\u015b\u0107 w \u017cycie 1 lipca 2022 roku. Dotyczy\u0107 b\u0119d\u0105 m.in. stawki PIT oraz ulgi dla klasy \u015bredniej. Czego konkretnie &hellip; <\/p>\n<p><a href=\"https:\/\/www.profinfo.pl\/blog\/jakie-zmiany-w-pit-czekaja-nas-od-1-lipca-2022-roku-kogo-obejmie-obnizka-stawki-pit-i-likwidacja-ulgi-dla-klasy-sredniej\/\" class=\"more-link\">Czytaj wi\u0119cej<span class=\"screen-reader-text\"> &#8222;Jakie zmiany w PIT czekaj\u0105 nas od 1 lipca 2022 roku? Kogo obejmie obni\u017cka stawki PIT i likwidacja ulgi dla klasy \u015bredniej?&#8221;<\/span><\/a><\/p>\n","protected":false},"author":1,"featured_media":1858,"comment_status":"open","ping_status":"open","sticky":false,"template":"","format":"standard","meta":{"footnotes":""},"categories":[70,71],"tags":[],"class_list":["post-1857","post","type-post","status-publish","format-standard","has-post-thumbnail","hentry","category-aktualnosci","category-porady"],"_links":{"self":[{"href":"https:\/\/www.profinfo.pl\/blog\/wp-json\/wp\/v2\/posts\/1857","targetHints":{"allow":["GET"]}}],"collection":[{"href":"https:\/\/www.profinfo.pl\/blog\/wp-json\/wp\/v2\/posts"}],"about":[{"href":"https:\/\/www.profinfo.pl\/blog\/wp-json\/wp\/v2\/types\/post"}],"author":[{"embeddable":true,"href":"https:\/\/www.profinfo.pl\/blog\/wp-json\/wp\/v2\/users\/1"}],"replies":[{"embeddable":true,"href":"https:\/\/www.profinfo.pl\/blog\/wp-json\/wp\/v2\/comments?post=1857"}],"version-history":[{"count":11,"href":"https:\/\/www.profinfo.pl\/blog\/wp-json\/wp\/v2\/posts\/1857\/revisions"}],"predecessor-version":[{"id":1873,"href":"https:\/\/www.profinfo.pl\/blog\/wp-json\/wp\/v2\/posts\/1857\/revisions\/1873"}],"wp:featuredmedia":[{"embeddable":true,"href":"https:\/\/www.profinfo.pl\/blog\/wp-json\/wp\/v2\/media\/1858"}],"wp:attachment":[{"href":"https:\/\/www.profinfo.pl\/blog\/wp-json\/wp\/v2\/media?parent=1857"}],"wp:term":[{"taxonomy":"category","embeddable":true,"href":"https:\/\/www.profinfo.pl\/blog\/wp-json\/wp\/v2\/categories?post=1857"},{"taxonomy":"post_tag","embeddable":true,"href":"https:\/\/www.profinfo.pl\/blog\/wp-json\/wp\/v2\/tags?post=1857"}],"curies":[{"name":"wp","href":"https:\/\/api.w.org\/{rel}","templated":true}]}}