{"id":2046,"date":"2022-08-26T14:34:34","date_gmt":"2022-08-26T12:34:34","guid":{"rendered":"https:\/\/www.profinfo.pl\/blog\/?p=2046"},"modified":"2022-08-26T14:34:34","modified_gmt":"2022-08-26T12:34:34","slug":"jak-dobrze-pisac-pisma-procesowe","status":"publish","type":"post","link":"https:\/\/www.profinfo.pl\/blog\/jak-dobrze-pisac-pisma-procesowe\/","title":{"rendered":"Jak dobrze pisa\u0107 pisma procesowe?"},"content":{"rendered":"\n<p>\u201eKsi\u0105\u017ceczka o pisaniu pism\u201d powsta\u0142a z potrzeby, z do\u015bwiadczenia, z frustracji i z pustki. Z potrzeby spisania zasad dobrego pisania, z do\u015bwiadczenia jak to si\u0119 robi, z frustracji powtarzania tego samego od kilkunastu lat i z braku podobnych publikacji.<\/p>\n\n\n\n<!--more-->\n\n\n\n<p>W ci\u0105gu dw\u00f3ch miesi\u0119cy od publikacji, Ksi\u0105\u017ceczka doczeka\u0142a si\u0119 kilkudziesi\u0119ciu wspania\u0142ych opinii. Jednak najlepsz\u0105 opini\u0119 Ksi\u0105\u017ceczce wystawi\u0142 pewien cz\u0142onek samorz\u0105du radcowskiego przewodnicz\u0105cy pewnej komisji ds. edukacji prawnej, a opinia ta brzmia\u0142a nast\u0119puj\u0105co:<\/p>\n\n\n\n<blockquote class=\"wp-block-quote is-style-default is-layout-flow wp-block-quote-is-layout-flow\"><p><em>Kr\u00f3tkie pytanie, a do kogo jest adresowana ta pozycja? Jak do zawodowych prawnik\u00f3w to \u017cenuj\u0105ce, \u017ce trzeba wydawa\u0107 takie co\u015b. Jak do og\u00f3\u0142u nieprawniczego to jest podcinanie ga\u0142\u0119zi, na kt\u00f3rej zawodowi prawnicy siedz\u0105. Zatem pro\u015bba o odpowied\u017a celem kwalifikacji pozycji<\/em>.<\/p><\/blockquote>\n\n\n\n<p>Mo\u017cna to tak uj\u0105\u0107, \u017ce \u017cenuj\u0105ce jest, aby do czasu wydania Ksi\u0105\u017ceczki, na polskim rynku nie by\u0142o publikacji dotycz\u0105cej efektywnej komunikacji na pi\u015bmie. Staramy si\u0119 jako\u015b zaradzi\u0107 tej \u201e\u017cenadzie\u201d (jak to uj\u0105\u0142 \u00f3w cz\u0142onek w\u0142adz korporacji radcowskiej).<\/p>\n\n\n\n<p>Tez\u0119, \u017ce \u201ezdradzanie\u201d metod efektywnej komunikacji na pi\u015bmie \u201enieprawnikom\u201d, stanowi podcinanie ga\u0142\u0119zi pod zawodowymi prawnikami, uznajemy za, hm, przejaw w\u0105skich horyzont\u00f3w intelektualnych i my\u015blenia plemiennego. Tym niemniej lepiej zareklamowa\u0107 Ksi\u0105\u017ceczki \u201enieprawnikom\u201d chyba nie mo\u017cna by\u0142o<a id=\"_ftnref1\" href=\"#_ftn1\"><sup>[1]<\/sup><\/a>.<\/p>\n\n\n\n<figure class=\"wp-block-image alignwide size-full is-style-default bordersd\"><a href=\"https:\/\/www.profinfo.pl\/sklep\/jak-pisac-pisma-procesowe-i-prowadzic-komunikacje-w-sporze-czyli-ksiazeczka-o-pisaniu-pism,190163.html?utm_source=blog&amp;utm_medium=baner&amp;utm_campaign=Jak+dobrze+pisa%C4%87+pisma+procesowe%3F&amp;utm_content=Jak+pisa%C4%87+pisma+procesowe+i+prowadzi%C4%87+komunikacj%C4%99+w+sporze.+Czyli+ksi%C4%85%C5%BCeczka+o+pisaniu+pism\"><img decoding=\"async\" width=\"819\" height=\"255\" src=\"https:\/\/www.profinfo.pl\/blog\/wp-content\/uploads\/2022\/08\/jak-pisac-pisma-procesowe.png\" alt=\"\" class=\"wp-image-2053\" title=\"\"><\/a><figcaption>&#8222;<a href=\"https:\/\/www.profinfo.pl\/sklep\/jak-pisac-pisma-procesowe-i-prowadzic-komunikacje-w-sporze-czyli-ksiazeczka-o-pisaniu-pism,190163.html?utm_source=blog&amp;utm_medium=link&amp;utm_campaign=Jak+dobrze+pisa%C4%87+pisma+procesowe%3F&amp;utm_content=Jak+pisa%C4%87+pisma+procesowe+i+prowadzi%C4%87+komunikacj%C4%99+w+sporze.+Czyli+ksi%C4%85%C5%BCeczka+o+pisaniu+pism\">Jak pisa\u0107 pisma procesowe i prowadzi\u0107 komunikacj\u0119 w sporze. Czyli ksi\u0105\u017ceczka o pisaniu pism<\/a>&#8221; autorstwa Piotra Biernatowskiego i Macieja Gawro\u0144skiego<\/figcaption><\/figure>\n\n\n\n<h2 class=\"wp-block-heading\">Jakie z tego wnioski?<\/h2>\n\n\n\n<p>Je\u017celi jeste\u015b prawnikiem, w zasadzie nie masz wyj\u015bcia \u2013 musisz kupi\u0107 Ksi\u0105\u017ceczk\u0119.&nbsp;<\/p>\n\n\n\n<p>Je\u015bli zarz\u0105dzasz zespo\u0142em prawnik\u00f3w, mo\u017cesz nie zgadza\u0107 si\u0119 z tym, co napisali\u015bmy maksimum w dwudziestu procentach. W pozosta\u0142ych osiemdziesi\u0119ciu procentach do pewnego stopnia oszcz\u0119dzisz sobie powtarzania rzeczy mniej lub bardziej oczywistych, je\u015bli wr\u0119czysz swoim ludziom Ksi\u0105\u017ceczk\u0119.<\/p>\n\n\n\n<p>Je\u015bli jeste\u015b m\u0142odym prawnikiem (dowolnej p\u0142ci), Ksi\u0105\u017ceczka mo\u017ce da\u0107 ci wiele cennych wskaz\u00f3wek praktycznych.<\/p>\n\n\n\n<p>Je\u017celi jeste\u015b samodzielnym praktykiem, dzi\u0119ki Ksi\u0105\u017ceczce dowiesz si\u0119, \u017ce nie tylko ty jeste\u015b wielb\u0142\u0105dem<a id=\"_ftnref2\" href=\"#_ftn2\"><sup>[2]<\/sup><\/a>. Wszyscy jeste\u015bmy wielb\u0142\u0105dami. Okazuje si\u0119, \u017ce Ksi\u0105\u017ceczka wywiera efekt psychoterapeutyczny nie tylko dla jej autor\u00f3w, ale tak\u017ce dla czytelnik\u00f3w.<\/p>\n\n\n\n<p>Je\u017celi nie jeste\u015b prawnikiem uwa\u017caj! Zdradzamy tajemnice zawodu prawniczego! \u017bart. Ka\u017cdemu staramy si\u0119 pom\u00f3c lepiej sformu\u0142owa\u0107 my\u015bli na pi\u015bmie. Jest to pomoc tak samo dla pisz\u0105cego jak i dla czytelnika.<\/p>\n\n\n\n<p>Natomiast, je\u015bli mia\u0142bym wybra\u0107 trzy najwa\u017cniejsze porady spo\u015br\u00f3d cz\u0119\u015bci I i II Ksi\u0105\u017ceczki, kt\u00f3rych jestem autorem, by\u0142yby to:<\/p>\n\n\n\n<ol class=\"wp-block-list\" type=\"1\"><li>Podziel zdania na pojedyncze lub jednokrotnie z\u0142o\u017cone.<\/li><li>Usu\u0144 ornamentyk\u0119.<\/li><li>Przeczytaj po wydrukowaniu.<\/li><\/ol>\n\n\n\n<p>Zach\u0119camy do dyskusji o metodach efektywnej komunikacji. Dyskutowa\u0107 planujemy w tym miejscu <a href=\"https:\/\/www.facebook.com\/Ksiazeczkaopisaniu\" target=\"_blank\" rel=\"noreferrer noopener nofollow\">https:\/\/www.facebook.com\/Ksiazeczkaopisaniu<\/a><\/p>\n\n\n\n<p>Maciej Gawro\u0144ski<\/p>\n\n\n\n<h2 class=\"wp-block-heading\">Opr\u00f3cz cytowanej ju\u017c opinii, Ksi\u0105\u017ceczka doczeka\u0142a si\u0119 mi\u0119dzy innymi takich:<\/h2>\n\n\n\n<blockquote class=\"wp-block-quote is-style-default has-medium-font-size is-layout-flow wp-block-quote-is-layout-flow\"><p>\u201ePo\u0142\u0105czenie prawniczej erudycji z prawniczym luzem to co\u015b co ceni\u0119 sobie najbardziej ??. Dodaj\u0105c do tego zwr\u00f3cenie uwagi na pewne kluczowe kwestie, na kt\u00f3re cz\u0119sto nie zwraca si\u0119 uwagi &#8211; powsta\u0142a pozycja zdecydowanie warta uwagi. Dodatkowo zwa\u017caj\u0105c na fakt, \u017ce jeden z autor\u00f3w jest kilkukrotnym kr\u00f3lem strzelc\u00f3w lig biznesowych? Nic tylko czyta\u0107!\u201d<\/p><\/blockquote>\n\n\n\n<blockquote class=\"wp-block-quote is-style-default has-medium-font-size is-layout-flow wp-block-quote-is-layout-flow\"><p>&#8222;Ju\u017c czytam i mam \u015bwietny ubaw! Genialne ?&#8221;<\/p><\/blockquote>\n\n\n\n<blockquote class=\"wp-block-quote is-style-default has-medium-font-size is-layout-flow wp-block-quote-is-layout-flow\"><p>\u201e\u015awietna ok\u0142adka ?a ksi\u0105\u017ceczka boska&#8221;<\/p><\/blockquote>\n\n\n\n<blockquote class=\"wp-block-quote is-style-default has-medium-font-size is-layout-flow wp-block-quote-is-layout-flow\"><p>&#8222;Celno\u015b\u0107 uwag Autor\u00f3w momentami powoduje u mnie szok i niedowierzanie ? Dawno nie czyta\u0142em tak dobrego poradnika. Ta pozycja ma tylko jeden minus, jest za kr\u00f3tka. Licz\u0119, \u017ce w drugim wydaniu Szanowni Autorzy t\u0105 niedogodno\u015b\u0107 naprawi\u0105.&#8221;<\/p><\/blockquote>\n\n\n\n<blockquote class=\"wp-block-quote is-style-default has-medium-font-size is-layout-flow wp-block-quote-is-layout-flow\"><p>\u201eJa r\u00f3wnie\u017c mam i zachwycam si\u0119 i polecam:)\u201d<\/p><\/blockquote>\n\n\n\n<blockquote class=\"wp-block-quote is-style-default has-medium-font-size is-layout-flow wp-block-quote-is-layout-flow\"><p>\u201ePolecam! Ksi\u0105\u017cka napisana z humorem i dystansem, co nie wp\u0142ywa ujemnie na jej warto\u015b\u0107 merytoryczn\u0105. Cenne by\u0142o przypomnienie nam wszystkim, \u017ce s\u0119dzia b\u0119dzie czyta\u0142 by\u0107 mo\u017ce nasze pismo na ekranie telefonu, w drodze z pracy i \u017ce nie ma mega gabinetu, gdzie rozsi\u0105dzie si\u0119 z tomami kodeks\u00f3w, aby odszuka\u0107 wskazane przez nas przepisy i doczyta\u0107 wszelkie orzecznictwo, do kt\u00f3rego podali\u015bmy sygnatury. Tu nie ma twardego prawa, jest za to twarda rzeczywisto\u015b\u0107, w kt\u00f3rej pracuj\u0105 przeci\u0105\u017cone s\u0105dy. Super lektura, tak\u017ce na wakacje. Autorom gratuluj\u0119!\u201d<\/p><\/blockquote>\n\n\n\n<blockquote class=\"wp-block-quote is-style-default has-medium-font-size is-layout-flow wp-block-quote-is-layout-flow\"><p>\u201eKsi\u0105\u017ck\u0119 z ca\u0142\u0105 pewno\u015bci\u0105 polecam, cho\u0107 zaznaczaj\u0105c, \u017ce wiadomej grupie odbiorc\u00f3w i to nawet przy za\u0142o\u017ceniu, \u017ce kto\u015b mia\u0142by si\u0119 z ni\u0105 w ca\u0142ej rozci\u0105g\u0142o\u015bci nie zgodzi\u0107 a to cho\u0107by z tego powodu, \u017ce dzi\u0119ki niej mo\u017cna przemy\u015ble\u0107 kwestie, o kt\u00f3rych niejeden pe\u0142nomocnik my\u015bli sporadycznie, a inny &#8211; niemal wcale i doj\u015b\u0107 do wniosk\u00f3w, kt\u00f3re z ca\u0142\u0105 pewno\u015bci\u0105 przyczyni\u0105 si\u0119 do lepszego wykonywania naszego &#8222;fachu&#8221; ?\u201d<\/p><\/blockquote>\n\n\n\n<blockquote class=\"wp-block-quote is-style-default has-medium-font-size is-layout-flow wp-block-quote-is-layout-flow\"><p>\u201eKupi\u0142em t\u0119 ksi\u0105\u017ck\u0119 wszystkim prawnikom w kancelarii.\u201d<\/p><\/blockquote>\n\n\n\n<p>Wi\u0119cej w publikacji \u201e<em><a href=\"https:\/\/www.profinfo.pl\/sklep\/jak-pisac-pisma-procesowe-i-prowadzic-komunikacje-w-sporze-czyli-ksiazeczka-o-pisaniu-pism,190163.html?utm_source=blog&amp;utm_medium=link&amp;utm_campaign=Jak+dobrze+pisa%C4%87+pisma+procesowe%3F&amp;utm_content=Jak+pisa%C4%87+pisma+procesowe+i+prowadzi%C4%87+komunikacj%C4%99+w+sporze.+Czyli+ksi%C4%85%C5%BCeczka+o+pisaniu+pism\">Jak pisa\u0107 pisma procesowe i prowadzi\u0107 komunikacj\u0119 w sporze. Czyli ksi\u0105\u017ceczka o pisaniu pism<\/a><\/em>\u201d autorstwa Piotra Biernatowskiego i Macieja Gawro\u0144skiego<\/p>\n\n\n\n<hr class=\"wp-block-separator has-alpha-channel-opacity is-style-dots\"\/>\n\n\n\n<div class=\"wp-block-media-text alignwide is-stacked-on-mobile is-vertically-aligned-top\" style=\"grid-template-columns:16% auto\"><figure class=\"wp-block-media-text__media\"><img decoding=\"async\" width=\"170\" height=\"255\" src=\"https:\/\/www.profinfo.pl\/blog\/wp-content\/uploads\/2022\/08\/maciej-gawronski.jpg\" alt=\"Maciej Gawro\u0144ski\" class=\"wp-image-2049 size-full\" title=\"\"><\/figure><div class=\"wp-block-media-text__content\">\n<p class=\"has-small-font-size\"><strong><a href=\"https:\/\/www.profinfo.pl\/autorzy\/maciej-gawronski,22198.html?utm_source=blog&amp;utm_medium=link&amp;utm_campaign=Jak+dobrze+pisa%C4%87+pisma+procesowe%3F&amp;utm_content=Maciej+Gawro%C5%84ski\">Maciej Gawro\u0144ski<\/a><\/strong> \u2013 wsp\u00f3lnik kancelarii Gawro\u0144ski &amp; Partners, radca prawny wyr\u00f3\u017cniany przez mi\u0119dzynarodowe rankingi prawnicze; reprezentowa\u0142 Rzeczpospolit\u0105 Polsk\u0105 w mi\u0119dzynarodowych sporach arbitra\u017cowych o ochron\u0119 inwestycji (BIT) o warto\u015bci dochodz\u0105cej do 10 mld z\u0142; reprezentowa\u0142 klient\u00f3w przed S\u0105dem Arbitra\u017cowym przy Mi\u0119dzynarodowej Izbie Handlowej w Pary\u017cu, w mi\u0119dzynarodowych post\u0119powaniach arbitra\u017cowych ad hoc, przed Trybuna\u0142em Arbitra\u017cowym ds. Sportu w Lozannie, SN, NSA, Krajow\u0105 Izb\u0105 Odwo\u0142awcz\u0105, S\u0105dem Arbitra\u017cowym przy Krajowej Izbie Gospodarczej oraz przed polskimi s\u0105dami powszechnymi; wpisany na list\u0119 arbitr\u00f3w rekomendowanych S\u0105du Arbitra\u017cowego przy KIG.<\/p>\n<\/div><\/div>\n\n\n\n<p class=\"has-small-font-size\" id=\"_ftn1\">[1] Jako ciekawostk\u0119 dodajmy, \u017ce prawnik ten zaproszony do publicznej dyskusji o cytowanej \u201erecenzji\u201d odpar\u0142 \u201eironi\u0119 ceni\u0119, pogard\u0105 gardz\u0119. Szanowny Panie Mecenasie odbieraj\u0105c pa\u0144sk\u0105 ofert\u0119 tak jak przyzwoito\u015b\u0107 nakazuje informuj\u0119, \u017ce nie skorzystam.\u201d Nie takiego poziomu dyskusji prawniczej oczekujemy (szczeg\u00f3lnie od cz\u0142onk\u00f3w w\u0142adz samorz\u0105d\u00f3w prawniczych) i nie tego typu pseudo-argumentacj\u0119 rekomendujemy w Ksi\u0105\u017ceczce. Mamy tu bowiem do czynienia z typow\u0105 zmian\u0105 p\u0142aszczyzny sporu z merytorycznej na emocjonaln\u0105 \u2013 przypisuj\u0105c\u0105 stronie przeciwnej z\u0142e intencje aby ze sporu merytorycznego erystycznie przej\u015b\u0107 w konflikt warto\u015bci, kt\u00f3re z pierwotnym zagadnieniem nie maj\u0105 nic wsp\u00f3lnego.<\/p>\n\n\n\n<p class=\"has-small-font-size\" id=\"_ftn2\">[2] Dowolnej p\u0142ci.<\/p>\n","protected":false},"excerpt":{"rendered":"<p>\u201eKsi\u0105\u017ceczka o pisaniu pism\u201d powsta\u0142a z potrzeby, z do\u015bwiadczenia, z frustracji i z pustki. Z potrzeby spisania zasad dobrego pisania, z do\u015bwiadczenia jak to si\u0119 robi, z frustracji powtarzania tego samego od kilkunastu lat i z braku podobnych publikacji.<\/p>\n","protected":false},"author":1,"featured_media":2058,"comment_status":"open","ping_status":"open","sticky":false,"template":"","format":"standard","meta":{"footnotes":""},"categories":[80],"tags":[],"class_list":["post-2046","post","type-post","status-publish","format-standard","has-post-thumbnail","hentry","category-komentarze"],"_links":{"self":[{"href":"https:\/\/www.profinfo.pl\/blog\/wp-json\/wp\/v2\/posts\/2046","targetHints":{"allow":["GET"]}}],"collection":[{"href":"https:\/\/www.profinfo.pl\/blog\/wp-json\/wp\/v2\/posts"}],"about":[{"href":"https:\/\/www.profinfo.pl\/blog\/wp-json\/wp\/v2\/types\/post"}],"author":[{"embeddable":true,"href":"https:\/\/www.profinfo.pl\/blog\/wp-json\/wp\/v2\/users\/1"}],"replies":[{"embeddable":true,"href":"https:\/\/www.profinfo.pl\/blog\/wp-json\/wp\/v2\/comments?post=2046"}],"version-history":[{"count":11,"href":"https:\/\/www.profinfo.pl\/blog\/wp-json\/wp\/v2\/posts\/2046\/revisions"}],"predecessor-version":[{"id":2060,"href":"https:\/\/www.profinfo.pl\/blog\/wp-json\/wp\/v2\/posts\/2046\/revisions\/2060"}],"wp:featuredmedia":[{"embeddable":true,"href":"https:\/\/www.profinfo.pl\/blog\/wp-json\/wp\/v2\/media\/2058"}],"wp:attachment":[{"href":"https:\/\/www.profinfo.pl\/blog\/wp-json\/wp\/v2\/media?parent=2046"}],"wp:term":[{"taxonomy":"category","embeddable":true,"href":"https:\/\/www.profinfo.pl\/blog\/wp-json\/wp\/v2\/categories?post=2046"},{"taxonomy":"post_tag","embeddable":true,"href":"https:\/\/www.profinfo.pl\/blog\/wp-json\/wp\/v2\/tags?post=2046"}],"curies":[{"name":"wp","href":"https:\/\/api.w.org\/{rel}","templated":true}]}}