{"id":2090,"date":"2022-09-06T10:51:00","date_gmt":"2022-09-06T08:51:00","guid":{"rendered":"https:\/\/www.profinfo.pl\/blog\/?p=2090"},"modified":"2022-10-17T11:03:26","modified_gmt":"2022-10-17T09:03:26","slug":"koszty-uzyskania-przychodow-w-dzialalnosci-gospodarczej","status":"publish","type":"post","link":"https:\/\/www.profinfo.pl\/blog\/koszty-uzyskania-przychodow-w-dzialalnosci-gospodarczej\/","title":{"rendered":"Koszty uzyskania przychod\u00f3w w dzia\u0142alno\u015bci gospodarczej"},"content":{"rendered":"\n<p><strong>Koszty uzyskania przychod\u00f3w mog\u0105 budzi\u0107 wiele w\u0105tpliwo\u015bci zw\u0142aszcza w\u015br\u00f3d os\u00f3b, kt\u00f3re dopiero zacz\u0119\u0142y prowadzi\u0107 w\u0142asn\u0105 dzia\u0142alno\u015b\u0107 gospodarcz\u0105. Ka\u017cdy przedsi\u0119biorca rozliczaj\u0105cy si\u0119 na zasadach og\u00f3lnych (skala podatkowa) lub liniowo d\u0105\u017cy do uzyskania i wykazania wysokich koszt\u00f3w przychod\u00f3w, co wp\u0142ywa na zmniejszenie podstawy opodatkowania. Czym dok\u0142adnie s\u0105 koszty uzyskania przychod\u00f3w i jakie wydatki mo\u017cna do nich zaliczy\u0107 w 2022 roku?<\/strong><\/p>\n\n\n\n<!--more-->\n\n\n\n<h2 class=\"wp-block-heading\"><span class=\"ez-toc-section\" id=\"Czym-sa-koszty-uzyskania-przychodow-w-dzialalnosci-gospodarczej\"><\/span>Czym s\u0105 koszty uzyskania przychod\u00f3w w dzia\u0142alno\u015bci gospodarczej?<span class=\"ez-toc-section-end\"><\/span><\/h2>\n\n\n\n<p>Koszty uzyskania przychod\u00f3w w <a href=\"https:\/\/www.profinfo.pl\/hasla-lex\/dzialalnosc-gospodarcza,703.html?utm_source=blog&amp;utm_medium=link&amp;utm_campaign=Koszty+uzyskania+przychod%C3%B3w+w+dzia%C5%82alno%C5%9Bci+gospodarczej&amp;utm_content=dzia%C5%82alno%C5%9Bci+gospodarczej\">dzia\u0142alno\u015bci gospodarczej<\/a> to wszelkie wydatki poniesione przez przedsi\u0119biorc\u0119 celem uzyskania przychod\u00f3w lub utrzymania ich \u017ar\u00f3d\u0142a \u2013 na co wskazuje art. 22 ust. 1 ustawy o podatku dochodowym od os\u00f3b fizycznych. Nie oznacza to jednak, \u017ce wszystkie wydatki wpisuj\u0105ce si\u0119 w t\u0119 definicj\u0119 mog\u0105 by\u0107 zakwalifikowane jako koszty uzyskania przychod\u00f3w \u2013 w art. 23 tej samej ustawy przedstawiony zosta\u0142 szeroki wykaz wydatk\u00f3w, kt\u00f3re nie mog\u0105 by\u0107 za nie uznane, s\u0105 to m.in.:<\/p>\n\n\n\n<ul class=\"wp-block-list\"><li>wydatki zwi\u0105zane z nabyciem grunt\u00f3w,<\/li><li>podatki od spadk\u00f3w i darowizn,<\/li><li>odpisy amortyzacyjne przekraczaj\u0105ce 150 000 z\u0142 w przypadku samochod\u00f3w osobowych,<\/li><li>koszty reprezentacyjne,<\/li><li>odsetki z tytu\u0142u nieterminowej sp\u0142aty zobowi\u0105za\u0144 podatkowych i bud\u017cetowych.<\/li><\/ul>\n\n\n\n<figure class=\"wp-block-pullquote alignwide is-style-solid-color has-border-color\" style=\"border-color:#85bc20;border-style:dotted\"><blockquote><p><a href=\"https:\/\/www.profinfo.pl\/sklep\/prawo-podatkowe.html?utm_source=blog&amp;utm_medium=link&amp;utm_campaign=Koszty+uzyskania+przychod%C3%B3w+w+dzia%C5%82alno%C5%9Bci+gospodarczej&amp;utm_content=Ksi%C4%85%C5%BCki+z+zakresu+prawa+podatkowego\">Ksi\u0105\u017cki z zakresu prawa podatkowego<\/a><\/p><cite>dost\u0119pne online w ksi\u0119garni Profinfo.pl<\/cite><\/blockquote><\/figure>\n\n\n\n<p>Jak ju\u017c wspomniano lista przedstawiaj\u0105ca wy\u0142\u0105czenia od koszt\u00f3w uzyskania przychod\u00f3w jest d\u0142uga, powy\u017csze przyk\u0142ady celnie ukazuj\u0105 ich poziom ich zr\u00f3\u017cnicowania, w razie w\u0105tpliwo\u015bci warto si\u0119gn\u0105\u0107 do art. 23 ustawy o podatku dochodowym od os\u00f3b fizycznych. Koszty uzyskania przychod\u00f3w w dzia\u0142alno\u015bci gospodarczej to wa\u017cny czynnik podczas obliczania dochodu, kt\u00f3ry oblicza si\u0119 poprzez pomniejszenie o nie przychodu. Co wa\u017cne &#8211; od dochodu (po uwzgl\u0119dnieniu rozliczonych sk\u0142adek ZUS) odprowadzany jest <a href=\"https:\/\/www.profinfo.pl\/hasla-lex\/podatek-dochodowy-od-osob-fizycznych,2816.html?utm_source=blog&amp;utm_medium=link&amp;utm_campaign=Koszty+uzyskania+przychod%C3%B3w+w+dzia%C5%82alno%C5%9Bci+gospodarczej&amp;utm_content=podatek+dochodowy\">podatek dochodowy<\/a>.<\/p>\n\n\n\n<h2 class=\"wp-block-heading\"><span class=\"ez-toc-section\" id=\"Przyklady-kosztow-uzyskania-przychodow-w-dzialalnosci-gospodarczej-w-2022-roku\"><\/span>Przyk\u0142ady koszt\u00f3w uzyskania przychod\u00f3w w dzia\u0142alno\u015bci gospodarczej w 2022 roku<span class=\"ez-toc-section-end\"><\/span><\/h2>\n\n\n\n<p>Wydatki, kt\u00f3re przedsi\u0119biorca planuje zaliczy\u0107 do koszt\u00f3w uzyskania przychod\u00f3w, warto dok\u0142adnie przeanalizowa\u0107 \u2013 niekt\u00f3re z nich tylko pozornie spe\u0142niaj\u0105 okre\u015blone warunki, mimo \u017ce realnie wp\u0142ywaj\u0105 na uzyskanie przychod\u00f3w. Podstawow\u0105 cech\u0105, kt\u00f3ra wskazuje, i\u017c wydatki najprawdopodobniej mog\u0105 by\u0107 zaliczane do koszt\u00f3w, jest jasny zwi\u0105zek z prowadzon\u0105 dzia\u0142alno\u015bci\u0105, ponadto wydatek nie mo\u017ce dawa\u0107 podstaw do podejrze\u0144, i\u017c powinien by\u0107 zaklasyfikowany jako koszt prywatny. Warto wiedzie\u0107, \u017ce w przypadku zaistnienia jakichkolwiek podejrze\u0144 o osobisty charakter wydatku, urz\u0105d mo\u017ce go zakwestionowa\u0107 i nie uzna\u0107 go za koszt uzyskania przychod\u00f3w, w takiej sytuacji jedyn\u0105 mo\u017cliwo\u015bci\u0105 jest wniosek o wydanie <a href=\"https:\/\/www.profinfo.pl\/hasla-lex\/interpretacje-podatkowe,1256.html?utm_source=blog&amp;utm_medium=link&amp;utm_campaign=Koszty+uzyskania+przychod%C3%B3w+w+dzia%C5%82alno%C5%9Bci+gospodarczej&amp;utm_content=podatkowej+interpretacji+indywidualnej\">podatkowej interpretacji indywidualnej<\/a>.<\/p>\n\n\n\n<h2 class=\"wp-block-heading\"><span class=\"ez-toc-section\" id=\"Dokumentowanie-kosztow-uzyskania-przychodow\"><\/span>Dokumentowanie koszt\u00f3w uzyskania przychod\u00f3w<span class=\"ez-toc-section-end\"><\/span><\/h2>\n\n\n\n<p>Spe\u0142nienie powy\u017cszych wymog\u00f3w nadal mo\u017ce nie by\u0107 wystarczaj\u0105ce, by wydatek zosta\u0142 uznany za koszt uzyskania przychod\u00f3w w dzia\u0142alno\u015bci gospodarczej. Ogromne znaczenie ma bowiem r\u00f3wnie\u017c odpowiednie udokumentowanie wydatku \u2013 kwestie te reguluje rozporz\u0105dzenie Ministra Finans\u00f3w w sprawie prowadzenia <a href=\"https:\/\/www.profinfo.pl\/hasla-lex\/podatkowa-ksiega-przychodow-i-rozchodow,2855.html?utm_source=blog&amp;utm_medium=link&amp;utm_campaign=Koszty+uzyskania+przychod%C3%B3w+w+dzia%C5%82alno%C5%9Bci+gospodarczej&amp;utm_content=podatkowej+ksi%C4%99gi+przychod%C3%B3w+i+rozchod%C3%B3w\">podatkowej ksi\u0119gi przychod\u00f3w i rozchod\u00f3w<\/a>. Paragraf 11 ust. 3 rozporz\u0105dzenia wskazuje, \u017ce za dowody ksi\u0119gowe stanowi\u0105ce podstaw\u0119 zapis\u00f3w w ksi\u0119dze uznaje si\u0119:<\/p>\n\n\n\n<ul class=\"wp-block-list\"><li>faktury, faktury VAT RR (dokument zakupu produkt\u00f3w rolnych i niekt\u00f3rych us\u0142ug od rolnik\u00f3w rycza\u0142towych), rachunki oraz dokumenty celne,<\/li><li>dokumenty okre\u015blaj\u0105ce zmniejszenie koszt\u00f3w uzyskania przychod\u00f3w lub zwi\u0119kszenie przychod\u00f3w na podstawie art. 22p ustawy o podatku dochodowym, kt\u00f3re musz\u0105 zawiera\u0107 m.in. dat\u0119 wystawienia dokumentu, kwot\u0119, podpis osoby wystawiaj\u0105cej dokument,<\/li><li>inne dowody wymienione w \u00a7 12 i \u00a7 13 rozporz\u0105dzenia, kt\u00f3re stwierdzaj\u0105 fakt dokonania operacji gospodarczej zgodnie z rzeczywistym przebiegiem, kt\u00f3re powinny zawiera\u0107 m.in. wiarygodne okre\u015blenie stron uczestnicz\u0105cych w transakcji, dat\u0119 wystawienia dowodu, przedmiot operacji gospodarczej, podpisy os\u00f3b uprawnionych do prawid\u0142owego udokumentowania operacji gospodarczych.<\/li><\/ul>\n\n\n\n<p>Dowody ksi\u0119gowe powinny figurowa\u0107 w j\u0119zyku polskim, a ich tre\u015b\u0107 musi by\u0107 sporz\u0105dzona w spos\u00f3b jasny i pe\u0142ny, przepisy wymagaj\u0105 r\u00f3wnie\u017c odpowiedniego ich oznaczania. W sytuacji, gdy dokument jest wystawiony w innej walucie ni\u017c polska, przedsi\u0119biorca ma obowi\u0105zek przeliczy\u0107 zawarte kwoty na rodzim\u0105 walut\u0119.<\/p>\n","protected":false},"excerpt":{"rendered":"<p>Koszty uzyskania przychod\u00f3w mog\u0105 budzi\u0107 wiele w\u0105tpliwo\u015bci zw\u0142aszcza w\u015br\u00f3d os\u00f3b, kt\u00f3re dopiero zacz\u0119\u0142y prowadzi\u0107 w\u0142asn\u0105 dzia\u0142alno\u015b\u0107 gospodarcz\u0105. Ka\u017cdy przedsi\u0119biorca rozliczaj\u0105cy si\u0119 na zasadach og\u00f3lnych (skala podatkowa) lub liniowo d\u0105\u017cy do uzyskania i wykazania wysokich koszt\u00f3w przychod\u00f3w, co wp\u0142ywa na zmniejszenie podstawy opodatkowania. Czym dok\u0142adnie s\u0105 koszty uzyskania przychod\u00f3w i jakie wydatki mo\u017cna do nich zaliczy\u0107 &hellip; <\/p>\n<p><a href=\"https:\/\/www.profinfo.pl\/blog\/koszty-uzyskania-przychodow-w-dzialalnosci-gospodarczej\/\" class=\"more-link\">Czytaj wi\u0119cej<span class=\"screen-reader-text\"> &#8222;Koszty uzyskania przychod\u00f3w w dzia\u0142alno\u015bci gospodarczej&#8221;<\/span><\/a><\/p>\n","protected":false},"author":1,"featured_media":2098,"comment_status":"open","ping_status":"open","sticky":false,"template":"","format":"standard","meta":{"footnotes":""},"categories":[71],"tags":[],"class_list":["post-2090","post","type-post","status-publish","format-standard","has-post-thumbnail","hentry","category-porady"],"_links":{"self":[{"href":"https:\/\/www.profinfo.pl\/blog\/wp-json\/wp\/v2\/posts\/2090","targetHints":{"allow":["GET"]}}],"collection":[{"href":"https:\/\/www.profinfo.pl\/blog\/wp-json\/wp\/v2\/posts"}],"about":[{"href":"https:\/\/www.profinfo.pl\/blog\/wp-json\/wp\/v2\/types\/post"}],"author":[{"embeddable":true,"href":"https:\/\/www.profinfo.pl\/blog\/wp-json\/wp\/v2\/users\/1"}],"replies":[{"embeddable":true,"href":"https:\/\/www.profinfo.pl\/blog\/wp-json\/wp\/v2\/comments?post=2090"}],"version-history":[{"count":6,"href":"https:\/\/www.profinfo.pl\/blog\/wp-json\/wp\/v2\/posts\/2090\/revisions"}],"predecessor-version":[{"id":2099,"href":"https:\/\/www.profinfo.pl\/blog\/wp-json\/wp\/v2\/posts\/2090\/revisions\/2099"}],"wp:featuredmedia":[{"embeddable":true,"href":"https:\/\/www.profinfo.pl\/blog\/wp-json\/wp\/v2\/media\/2098"}],"wp:attachment":[{"href":"https:\/\/www.profinfo.pl\/blog\/wp-json\/wp\/v2\/media?parent=2090"}],"wp:term":[{"taxonomy":"category","embeddable":true,"href":"https:\/\/www.profinfo.pl\/blog\/wp-json\/wp\/v2\/categories?post=2090"},{"taxonomy":"post_tag","embeddable":true,"href":"https:\/\/www.profinfo.pl\/blog\/wp-json\/wp\/v2\/tags?post=2090"}],"curies":[{"name":"wp","href":"https:\/\/api.w.org\/{rel}","templated":true}]}}