{"id":2092,"date":"2022-09-29T10:50:00","date_gmt":"2022-09-29T08:50:00","guid":{"rendered":"https:\/\/www.profinfo.pl\/blog\/?p=2092"},"modified":"2024-01-03T09:22:33","modified_gmt":"2024-01-03T08:22:33","slug":"praca-zdalna-prawa-i-obowiazki-pracownika-oraz-pracodawcy-zmiany-w-kodeksie-pracy","status":"publish","type":"post","link":"https:\/\/www.profinfo.pl\/blog\/praca-zdalna-prawa-i-obowiazki-pracownika-oraz-pracodawcy-zmiany-w-kodeksie-pracy\/","title":{"rendered":"Praca zdalna &#8211; prawa i obowi\u0105zki pracownika oraz pracodawcy. Zmiany w Kodeksie pracy."},"content":{"rendered":"\n<p><strong>Pandemia koronawirusa i zwi\u0105zane z ni\u0105 obostrzenia sprawi\u0142y, \u017ce wykonywanie pracy z domu sta\u0142o si\u0119 w wielu przypadkach konieczno\u015bci\u0105, a nast\u0119pnie przerodzi\u0142o si\u0119 w norm\u0119. Wielu pracownik\u00f3w doceni\u0142o mo\u017cliwo\u015bci, jakie daje praca zdalna. Z kolei pracodawcy, widz\u0105c \u017ce w \u017caden spos\u00f3b nie obni\u017ca ona efektywno\u015bci, coraz cz\u0119\u015bciej decyduj\u0105 si\u0119 na pozostawienie takiej opcji w warunkach zatrudnienia. Sprawd\u017a, na czym polega praca zdalna, jakie prawa i obowi\u0105zki si\u0119 z ni\u0105 wi\u0105\u017c\u0105 i na czym dok\u0142adnie polegaj\u0105 planowane zmiany w Kodeksie pracy.<\/strong><\/p>\n\n\n\n<!--more-->\n\n\n\n<h2 class=\"wp-block-heading\"><span class=\"ez-toc-section\" id=\"Czym-jest-praca-zdalna\"><\/span>Czym jest praca zdalna?<span class=\"ez-toc-section-end\"><\/span><\/h2>\n\n\n\n<p>Obecnie praca zdalna regulowana jest specustaw\u0105 przygotowan\u0105 w zwi\u0105zku z pandemi\u0105 COVID-19 i dotyczy prawa pracodawcy do polecenia wykonywania pracy zdalnej \u2013 art. 3 Ustawy z dnia 2 marca 2020 r. o szczeg\u00f3lnych rozwi\u0105zaniach zwi\u0105zanych z zapobieganiem, przeciwdzia\u0142aniem i zwalczaniem COVID-19, innych chor\u00f3b zaka\u017anych oraz wywo\u0142anych nimi sytuacji kryzysowych wskazuje: <em>W okresie obowi\u0105zywania stanu zagro\u017cenia epidemicznego albo stanu epidemii, og\u0142oszonego z powodu COVID-19, oraz w okresie 3 miesi\u0119cy po ich odwo\u0142aniu, w celu przeciwdzia\u0142ania COVID-19 pracodawca mo\u017ce poleci\u0107 pracownikowi wykonywanie, przez czas oznaczony, pracy okre\u015blonej w umowie o prac\u0119, poza miejscem jej sta\u0142ego wykonywania (praca zdalna).<\/em><\/p>\n\n\n\n<figure class=\"wp-block-image alignwide size-full is-style-default bordersd\"><a href=\"https:\/\/www.profinfo.pl\/sklep\/kodeks-pracy-komentarz-tom-i-i-ii,193254.html?utm_source=blog&amp;utm_medium=baner&amp;utm_campaign=Praca+zdalna+-+prawa+i+obowi%C4%85zki+pracownika+oraz+pracodawcy.+Zmiany+w+Kodeksie+pracy.&amp;utm_content=Kodeks+pracy.+Komentarz.+Tom+I+i+II.+Projekty+nowelizacji+Kodeksu+pracy+z+komentarzem\"><img decoding=\"async\" width=\"829\" height=\"245\" src=\"https:\/\/www.profinfo.pl\/blog\/wp-content\/uploads\/2022\/10\/kodeks-pracy-2022.png\" alt=\"\" class=\"wp-image-2102\" title=\"\"><\/a><figcaption>&#8222;<a href=\"https:\/\/www.profinfo.pl\/sklep\/kodeks-pracy-komentarz-tom-i-i-ii,193254.html?utm_source=blog&amp;utm_medium=link&amp;utm_campaign=Praca+zdalna+-+prawa+i+obowi%C4%85zki+pracownika+oraz+pracodawcy.+Zmiany+w+Kodeksie+pracy.&amp;utm_content=Kodeks+pracy.+Komentarz.+Tom+I+i+II.+Projekty+nowelizacji+Kodeksu+pracy+z+komentarzem\">Kodeks pracy. Komentarz. Tom I i II. Projekty nowelizacji Kodeksu pracy z komentarzem<\/a>&#8222;<\/figcaption><\/figure>\n\n\n\n<p>Z kolei w Kodeksie pracy funkcjonuje obecnie poj\u0119cie <a href=\"https:\/\/www.profinfo.pl\/hasla-lex\/telepraca,4723.html?utm_source=blog&amp;utm_medium=link&amp;utm_campaign=Praca+zdalna+-+prawa+i+obowi%C4%85zki+pracownika+oraz+pracodawcy.+Zmiany+w+Kodeksie+pracy.&amp;utm_content=telepracy\">telepracy<\/a> &#8211; art. 67(5) \u00a7\u00a01 podaje, \u017ce <em>praca mo\u017ce by\u0107 wykonywana regularnie poza zak\u0142adem pracy, z wykorzystaniem \u015brodk\u00f3w komunikacji elektronicznej w rozumieniu\u00a0przepis\u00f3w\u00a0o \u015bwiadczeniu us\u0142ug drog\u0105 elektroniczn\u0105<\/em> kt\u00f3ra oznacza prac\u0119 wykonywan\u0105 regularnie poza zak\u0142adem pracy. W zwi\u0105zku z zauwa\u017caln\u0105 zmian\u0105 trend\u00f3w na rynku pracy zwi\u0105zanych z rosn\u0105c\u0105 popularno\u015bci\u0105 pracy zdalnej pojawi\u0142a si\u0119 konieczno\u015b\u0107 uszczeg\u00f3\u0142owienia w tej kwestii przepis\u00f3w <a href=\"https:\/\/www.profinfo.pl\/kodeks-pracy-kp\">Kodeksu pracy<\/a>. Wyst\u0119puj\u0105cy we wspomnianym Kodeksie termin telepracy okre\u015blany jest w spos\u00f3b bardzo skr\u00f3towy, co wp\u0142yn\u0119\u0142o na konieczno\u015b\u0107 rozszerzenia zapis\u00f3w z nim zwi\u0105zanych oraz dopasowania za\u0142o\u017ce\u0144 do zmieniaj\u0105cych si\u0119 preferencji pracodawc\u00f3w oraz pracownik\u00f3w.<\/p>\n\n\n\n<h2 class=\"wp-block-heading\"><span class=\"ez-toc-section\" id=\"Praca-zdalna-w-Kodeksie-pracy\"><\/span>Praca zdalna w Kodeksie pracy<span class=\"ez-toc-section-end\"><\/span><\/h2>\n\n\n\n<p><a href=\"https:\/\/sip.lex.pl\/akty-prawne\/projekty-ustaw\/zmiana-ustawy-kodeks-pracy-oraz-niektorych-innych-ustaw-103135004\" rel=\"nofollow noopener\" target=\"_blank\">Projekt ustawy wprowadzaj\u0105cy do Kodeksu pracy instytucj\u0119 pracy zdalnej<\/a>\u00a0 w formie ujednoliconej, ma zast\u0105pi\u0107 obecne regulacje dotycz\u0105ce telepracy. Projekt nowelizacji Kodeksu pracy zosta\u0142 przyj\u0119ty przez <a href=\"https:\/\/www.profinfo.pl\/hasla-lex\/rada-ministrow,3701.html?utm_source=blog&amp;utm_medium=link&amp;utm_campaign=Praca+zdalna+-+prawa+i+obowi%C4%85zki+pracownika+oraz+pracodawcy.+Zmiany+w+Kodeksie+pracy.&amp;utm_content=Rad%C4%99+Ministr%C3%B3w\">Rad\u0119 Ministr\u00f3w<\/a> 24.05.2022 roku. Zgodnie z jego za\u0142o\u017ceniami praca zdalna polega\u0107 b\u0119dzie na ca\u0142kowitym lub cz\u0119\u015bciowym (czyli w modelu hybrydowym) wykonywaniu obowi\u0105zk\u00f3w w miejscu, kt\u00f3re wska\u017ce pracownik i kt\u00f3re za ka\u017cdym razem b\u0119dzie uzgadniane z pracodawc\u0105. Nowe przepisy mog\u0105 w znacz\u0105cy spos\u00f3b zwi\u0119kszy\u0107 mo\u017cliwo\u015bci zatrudnienia m.in. w przypadku rodzic\u00f3w mniejszych dzieci, a tak\u017ce os\u00f3b niepe\u0142nosprawnych. Bior\u0105c pod uwag\u0119 zapisy zawarte w projekcie, pracodawca obowi\u0105zkowo b\u0119dzie musia\u0142 uwzgl\u0119dnia\u0107 wnioski o wykonywanie pracy zdalnej nast\u0119puj\u0105cych pracownik\u00f3w:<\/p>\n\n\n\n<ul class=\"wp-block-list\"><li>rodzica dziecka z orzeczeniem o niepe\u0142nosprawno\u015bci albo orzeczeniem o umiarkowanym lub znacznym stopniu niepe\u0142nosprawno\u015bci,<\/li><li>kobiet\u0119 w ci\u0105\u017cy,<\/li><li>osob\u0119, kt\u00f3ra wychowuje dziecko do 4. roku \u017cycia,<\/li><li>osob\u0119, kt\u00f3ra opiekuje si\u0119 cz\u0142onkiem rodziny lub osob\u0105 pozostaj\u0105c\u0105 we wsp\u00f3lnym gospodarstwie domowym z orzeczeniem o\u00a0niepe\u0142nosprawno\u015bci albo o znacznym stopniu niepe\u0142nosprawno\u015bci.<\/li><\/ul>\n\n\n\n<p>W przypadku powy\u017cszych os\u00f3b pracodawca nie b\u0119dzie mie\u0107 mo\u017cliwo\u015bci odm\u00f3wienia wykonywania obowi\u0105zk\u00f3w w trybie zdalnym, chyba \u017ce w zwi\u0105zku z rodzajem lub organizacj\u0105 pracy taki tryb nie b\u0119dzie mo\u017cliwy.<\/p>\n\n\n\n<figure class=\"wp-block-pullquote alignwide is-style-solid-color has-border-color\" style=\"border-color:#85bc20;border-style:dotted\"><blockquote><p><a href=\"https:\/\/www.profinfo.pl\/kodeks-pracy-kp?utm_source=blog&amp;utm_medium=link&amp;utm_campaign=Praca+zdalna+-+prawa+i+obowi%C4%85zki+pracownika+oraz+pracodawcy.+Zmiany+w+Kodeksie+pracy.&amp;utm_content=Kodeks+pracy\">Kodeks pracy<\/a><\/p><cite>w ksi\u0119garni internetowej Profinfo.pl<\/cite><\/blockquote><\/figure>\n\n\n\n<h2 class=\"wp-block-heading\"><span class=\"ez-toc-section\" id=\"Praca-zdalna-%E2%80%93-prawa-i-obowiazki-pracownika-oraz-pracodawcy\"><\/span>Praca zdalna &#8211; prawa i obowi\u0105zki pracownika oraz pracodawcy<span class=\"ez-toc-section-end\"><\/span><\/h2>\n\n\n\n<p>Rozszerzone przepisy dotycz\u0105ce pracy zdalnej szczeg\u00f3\u0142owo okre\u015blaj\u0105 r\u00f3wnie\u017c prawa i obowi\u0105zki zar\u00f3wno pracownik\u00f3w, jak i pracodawc\u00f3w. Zgodnie z za\u0142o\u017ceniami projektu pracodawca b\u0119dzie mie\u0107 prawo do kontroli pracy, warunk\u00f3w <a href=\"https:\/\/www.profinfo.pl\/hasla-lex\/bezpieczenstwo-i-higiena-pracy,216.html?utm_source=blog&amp;utm_medium=link&amp;utm_campaign=Praca+zdalna+-+prawa+i+obowi%C4%85zki+pracownika+oraz+pracodawcy.+Zmiany+w+Kodeksie+pracy.&amp;utm_content=BHP\">BHP<\/a> oraz kwestii zwi\u0105zanych z ochron\u0105 danych osobowych w przypadku pracownika wykonuj\u0105cego prac\u0119 zdaln\u0105. Projekt zak\u0142ada r\u00f3wnie\u017c utrzymanie w mocy niekt\u00f3rych przepis\u00f3w wprowadzonych w czasie pandemii koronawirusa \u2013 m.in. prawa do skierowania pracownika do wykonywania obowi\u0105zk\u00f3w z domu w okre\u015blonych sytuacjach. Warto zaznaczy\u0107, \u017ce opr\u00f3cz kwestii pracy zdalnej projekt odnosi si\u0119 r\u00f3wnie\u017c do prawa kontrolowania przez pracodawc\u0119 stanu trze\u017awo\u015bci pracownik\u00f3w lub stanu po spo\u017cyciu \u015brodk\u00f3w dzia\u0142aj\u0105cych podobnie do produkt\u00f3w alkoholowych.<\/p>\n\n\n\n<p>W kwestii obowi\u0105zk\u00f3w <a href=\"https:\/\/www.profinfo.pl\/hasla-lex\/pracodawca,3223.html?utm_source=blog&amp;utm_medium=link&amp;utm_campaign=Praca+zdalna+-+prawa+i+obowi%C4%85zki+pracownika+oraz+pracodawcy.+Zmiany+w+Kodeksie+pracy.&amp;utm_content=pracodawcy\">pracodawcy<\/a>, a jednocze\u015bnie praw pracownika \u2013 warto przede wszystkim zwr\u00f3ci\u0107 uwag\u0119 na obowi\u0105zek zapewnienia podw\u0142adnym wykonuj\u0105cym prac\u0119 zdaln\u0105 wszelkich niezb\u0119dnych materia\u0142\u00f3w oraz sprz\u0119t\u00f3w. W przypadku, gdy obowi\u0105zki b\u0119d\u0105 wykonywane przy pomocy w\u0142asnych narz\u0119dzi pracy, pracownik b\u0119dzie mie\u0107 prawo do ubiegania si\u0119 o odpowiedni ekwiwalent, kt\u00f3rego wysoko\u015b\u0107 ustali z pracodawc\u0105. Ponadto w projekcie pojawia si\u0119 r\u00f3wnie\u017c zapis o obowi\u0105zku zwrotu koszt\u00f3w energii oraz us\u0142ug telekomunikacyjnych zwi\u0105zanych z wykonywaniem pracy w trybie zdalnym. Projekt nowelizacji Kodeksu pracy trafi\u0142 do <a href=\"https:\/\/www.profinfo.pl\/hasla-lex\/sejm-rp,4140.html?utm_source=blog&amp;utm_medium=link&amp;utm_campaign=Praca+zdalna+-+prawa+i+obowi%C4%85zki+pracownika+oraz+pracodawcy.+Zmiany+w+Kodeksie+pracy.&amp;utm_content=Sejmu\">Sejmu<\/a> w czerwcu bie\u017c\u0105cego roku, w izbie ni\u017cszej nadal trwaj\u0105 dyskusje wok\u00f3\u0142 jego za\u0142o\u017ce\u0144.<\/p>\n","protected":false},"excerpt":{"rendered":"<p>Pandemia koronawirusa i zwi\u0105zane z ni\u0105 obostrzenia sprawi\u0142y, \u017ce wykonywanie pracy z domu sta\u0142o si\u0119 w wielu przypadkach konieczno\u015bci\u0105, a nast\u0119pnie przerodzi\u0142o si\u0119 w norm\u0119. Wielu pracownik\u00f3w doceni\u0142o mo\u017cliwo\u015bci, jakie daje praca zdalna. Z kolei pracodawcy, widz\u0105c \u017ce w \u017caden spos\u00f3b nie obni\u017ca ona efektywno\u015bci, coraz cz\u0119\u015bciej decyduj\u0105 si\u0119 na pozostawienie takiej opcji w warunkach &hellip; <\/p>\n<p><a href=\"https:\/\/www.profinfo.pl\/blog\/praca-zdalna-prawa-i-obowiazki-pracownika-oraz-pracodawcy-zmiany-w-kodeksie-pracy\/\" class=\"more-link\">Czytaj wi\u0119cej<span class=\"screen-reader-text\"> &#8222;Praca zdalna &#8211; prawa i obowi\u0105zki pracownika oraz pracodawcy. Zmiany w Kodeksie pracy.&#8221;<\/span><\/a><\/p>\n","protected":false},"author":1,"featured_media":2100,"comment_status":"open","ping_status":"open","sticky":false,"template":"","format":"standard","meta":{"footnotes":""},"categories":[70,71],"tags":[113],"class_list":["post-2092","post","type-post","status-publish","format-standard","has-post-thumbnail","hentry","category-aktualnosci","category-porady","tag-prawo-pracy-i-ubezpieczen-spolecznych"],"_links":{"self":[{"href":"https:\/\/www.profinfo.pl\/blog\/wp-json\/wp\/v2\/posts\/2092","targetHints":{"allow":["GET"]}}],"collection":[{"href":"https:\/\/www.profinfo.pl\/blog\/wp-json\/wp\/v2\/posts"}],"about":[{"href":"https:\/\/www.profinfo.pl\/blog\/wp-json\/wp\/v2\/types\/post"}],"author":[{"embeddable":true,"href":"https:\/\/www.profinfo.pl\/blog\/wp-json\/wp\/v2\/users\/1"}],"replies":[{"embeddable":true,"href":"https:\/\/www.profinfo.pl\/blog\/wp-json\/wp\/v2\/comments?post=2092"}],"version-history":[{"count":5,"href":"https:\/\/www.profinfo.pl\/blog\/wp-json\/wp\/v2\/posts\/2092\/revisions"}],"predecessor-version":[{"id":2105,"href":"https:\/\/www.profinfo.pl\/blog\/wp-json\/wp\/v2\/posts\/2092\/revisions\/2105"}],"wp:featuredmedia":[{"embeddable":true,"href":"https:\/\/www.profinfo.pl\/blog\/wp-json\/wp\/v2\/media\/2100"}],"wp:attachment":[{"href":"https:\/\/www.profinfo.pl\/blog\/wp-json\/wp\/v2\/media?parent=2092"}],"wp:term":[{"taxonomy":"category","embeddable":true,"href":"https:\/\/www.profinfo.pl\/blog\/wp-json\/wp\/v2\/categories?post=2092"},{"taxonomy":"post_tag","embeddable":true,"href":"https:\/\/www.profinfo.pl\/blog\/wp-json\/wp\/v2\/tags?post=2092"}],"curies":[{"name":"wp","href":"https:\/\/api.w.org\/{rel}","templated":true}]}}