{"id":2127,"date":"2022-10-14T10:24:21","date_gmt":"2022-10-14T08:24:21","guid":{"rendered":"https:\/\/www.profinfo.pl\/blog\/?p=2127"},"modified":"2022-11-17T10:29:12","modified_gmt":"2022-11-17T09:29:12","slug":"zawieszenie-w-prawach-ucznia-na-czym-polega-skutki-odwolanie-zawieszenia","status":"publish","type":"post","link":"https:\/\/www.profinfo.pl\/blog\/zawieszenie-w-prawach-ucznia-na-czym-polega-skutki-odwolanie-zawieszenia\/","title":{"rendered":"Zawieszenie w prawach ucznia &#8211; na czym polega? Skutki, odwo\u0142anie zawieszenia"},"content":{"rendered":"\n<p><strong>Ka\u017cdy ucze\u0144 ma swoje prawa i obowi\u0105zki, kt\u00f3re powinny by\u0107 spisane w statucie szkolnym. Warto zapozna\u0107 si\u0119 z tym dokumentem, zw\u0142aszcza \u017ce za niewype\u0142nianie obowi\u0105zk\u00f3w i nieodpowiednie zachowanie ucze\u0144 ponosi pewne konsekwencje. Najsurowsz\u0105 z kar (opr\u00f3cz wydalenia ze szko\u0142y) jest zawieszenie w prawach ucznia \u2013 dowiedz si\u0119, na czym ono polega, jakie s\u0105 jego skutki i co zrobi\u0107, gdy dziecko zostanie zawieszone.<\/strong><\/p>\n\n\n\n<!--more-->\n\n\n\n<h2 class=\"wp-block-heading\"><span class=\"ez-toc-section\" id=\"Zawieszenie-w-prawach-ucznia-%E2%80%93-na-czym-polega\"><\/span>Zawieszenie w prawach ucznia \u2013 na czym polega?<span class=\"ez-toc-section-end\"><\/span><\/h2>\n\n\n\n<p>Jak ju\u017c wspomniano, ka\u017cda szko\u0142a dysponuje zbiorem zasad spisanych w statucie szkolnym \u2013 powinny by\u0107 w nim wypisane zar\u00f3wno prawa i obowi\u0105zki, jak r\u00f3wnie\u017c kary oraz nagrody. Zawieszenie w prawach ucznia powinno r\u00f3wnie\u017c by\u0107 jasno okre\u015blone w statucie. Nale\u017cy przy tym zaznaczy\u0107, \u017ce szko\u0142a nie mo\u017ce zabroni\u0107 uczniowi uczestnictwa w lekcjach, poniewa\u017c uniemo\u017cliwia\u0142aby realizacj\u0119 jego ustawowego obowi\u0105zku, a jednocze\u015bnie ogranicza\u0142aby konstytucyjne prawo dost\u0119pu do edukacji.<\/p>\n\n\n\n<figure class=\"wp-block-image alignwide size-full is-style-default bordersd\"><a href=\"https:\/\/www.profinfo.pl\/sklep\/prawo-oswiatowe-komentarz,337066.html?utm_source=blog&amp;utm_medium=baner&amp;utm_campaign=Zawieszenie+w+prawach+ucznia+-+na+czym+polega%3F+Skutki%2C+odwo%C5%82anie+zawieszenia&amp;utm_content=Prawo+o%C5%9Bwiatowe.+Komentarz\"><img decoding=\"async\" width=\"820\" height=\"247\" src=\"https:\/\/www.profinfo.pl\/blog\/wp-content\/uploads\/2022\/11\/prawo-oswiatowe-komentarz.png\" alt=\"Prawo o\u015bwiatowe. Komentarz\" class=\"wp-image-2130\" title=\"\"><\/a><figcaption class=\"wp-element-caption\">Sprawd\u017a w ofercie ksi\u0119garni &#8222;<a href=\"https:\/\/www.profinfo.pl\/sklep\/prawo-oswiatowe-komentarz,337066.html?utm_source=blog&amp;utm_medium=link&amp;utm_campaign=Zawieszenie+w+prawach+ucznia+-+na+czym+polega%3F+Skutki%2C+odwo%C5%82anie+zawieszenia&amp;utm_content=Prawo+o%C5%9Bwiatowe.+Komentarz\">Prawo o\u015bwiatowe. Komentarz<\/a>&#8221; autorstwa Mateusza Pilich i Artura Olszewskiego<\/figcaption><\/figure>\n\n\n\n<p>Artyku\u0142 70. Konstytucji RP gwarantuje ka\u017cdemu prawo do nauki, z kolei art.35 ust. 1 i 2 Ustawy z 14.12.2016 roku \u2013 Prawo o\u015bwiatowe wyja\u015bnia kwestie zwi\u0105zane z <a href=\"https:\/\/www.profinfo.pl\/hasla-lex\/obowiazek-szkolny-i-obowiazek-nauki,2190.html?utm_source=blog&amp;utm_medium=link&amp;utm_campaign=Zawieszenie+w+prawach+ucznia+-+na+czym+polega%3F+Skutki%2C+odwo%C5%82anie+zawieszenia&amp;utm_content=obowi%C4%85zkiem+szkolnym+i+obowi%C4%85zkiem+nauki\">obowi\u0105zkiem szkolnym i obowi\u0105zkiem nauki<\/a>. Zgodnie z prawem o\u015bwiatowym, obowi\u0105zek nauki trwa do uko\u0144czenia 18. roku \u017cycia, z kolei obowi\u0105zek szkolny dotyczy ka\u017cdego dziecka, kt\u00f3re w danym roku kalendarzowym ko\u0144czy 7 lat, rozpoczyna si\u0119 wraz z pocz\u0105tkiem roku szkolnego i trwa do uko\u0144czenia szko\u0142y podstawowej (ale nie d\u0142u\u017cej ni\u017c do uko\u0144czenia 18. roku \u017cycia).<\/p>\n\n\n\n<h2 class=\"wp-block-heading\"><span class=\"ez-toc-section\" id=\"Skutki-zawieszenia-w-prawach-ucznia\"><\/span>Skutki zawieszenia w prawach ucznia<span class=\"ez-toc-section-end\"><\/span><\/h2>\n\n\n\n<p>Mimo \u017ce zawieszenie w prawach ucznia nie mo\u017ce wi\u0105za\u0107 si\u0119 z zakazem ucz\u0119szczania do szko\u0142y, plac\u00f3wka edukacyjna mo\u017ce na\u0142o\u017cy\u0107 na ucznia inne ograniczenia. \u0141amanie zasad statutu mo\u017ce skutkowa\u0107 odebraniem pewnych przywilej\u00f3w m.in. w zwi\u0105zku z lekcewa\u017ceniem obowi\u0105zk\u00f3w szkolnych, licznymi, nieusprawiedliwionymi nieobecno\u015bciami, stwarzaniem zagro\u017cenia dla cz\u0142onk\u00f3w spo\u0142eczno\u015bci szkolnej, niszczeniem mienia szko\u0142y, czy np. piciem alkoholu lub paleniem wyrob\u00f3w tytoniowych na terenie plac\u00f3wki. Zawieszenie w prawach ucznia mo\u017ce skutkowa\u0107:<\/p>\n\n\n\n<ul class=\"wp-block-list\">\n<li>zakazem brania udzia\u0142u w klasowych imprezach,<\/li>\n\n\n\n<li>zakazem uczestnictwa w wydarzeniach organizowanych przez szko\u0142\u0119,<\/li>\n\n\n\n<li>usuni\u0119ciem ucznia z reprezentacji szko\u0142y w r\u00f3\u017cnego rodzaju olimpiadach, zawodach, turniejach,<\/li>\n\n\n\n<li>zakazem uczestnictwa w dodatkowych zaj\u0119ciach,<\/li>\n\n\n\n<li>usuni\u0119ciem z organ\u00f3w <a href=\"https:\/\/www.profinfo.pl\/hasla-lex\/samorzad-uczniowski,4107.html?utm_source=blog&amp;utm_medium=link&amp;utm_campaign=Zawieszenie+w+prawach+ucznia+-+na+czym+polega%3F+Skutki%2C+odwo%C5%82anie+zawieszenia&amp;utm_content=samorz%C4%85du+szkolnego+lub+klasowego\">samorz\u0105du szkolnego lub klasowego<\/a>, a tak\u017ce zakazem brania udzia\u0142u w wyborach do tych organ\u00f3w.<\/li>\n<\/ul>\n\n\n\n<p>Warto zaznaczy\u0107, \u017ce w zale\u017cno\u015bci od plac\u00f3wki zbi\u00f3r ograniczanych przywilej\u00f3w mo\u017ce si\u0119 r\u00f3\u017cni\u0107. Szczeg\u00f3\u0142y dotycz\u0105ce zawieszenia \u2013 m.in. tego, kto stanowi jednostk\u0119 decyzyjn\u0105 w sprawie zawieszenia i przywr\u00f3cenia przywilej\u00f3w &#8211; reguluje statut, zazwyczaj s\u0105 to dyrektor plac\u00f3wki szkolnej oraz <a href=\"https:\/\/www.profinfo.pl\/hasla-lex\/rada-pedagogiczna,3708.html?utm_source=blog&amp;utm_medium=link&amp;utm_campaign=Zawieszenie+w+prawach+ucznia+-+na+czym+polega%3F+Skutki%2C+odwo%C5%82anie+zawieszenia&amp;utm_content=Rada+Pedagogiczna\">Rada Pedagogiczna<\/a>.<\/p>\n\n\n\n<figure class=\"wp-block-pullquote alignwide is-style-solid-color has-border-color has-medium-font-size\" style=\"border-color:#85bc20;border-style:dotted\"><blockquote><p><a href=\"https:\/\/www.profinfo.pl\/sklep\/prawo-w-oswiacie.html?utm_source=blog&amp;utm_medium=link&amp;utm_campaign=Zawieszenie+w+prawach+ucznia+-+na+czym+polega%3F+Skutki%2C+odwo%C5%82anie+zawieszenia&amp;utm_content=Prawo+w+o%C5%9Bwiacie\">Prawo w o\u015bwiacie<\/a><\/p><cite>Znajd\u017a wi\u0119cej publikacji w naszej ofercie<\/cite><\/blockquote><\/figure>\n\n\n\n<h2 class=\"wp-block-heading\"><span class=\"ez-toc-section\" id=\"Zawieszenie-w-prawach-ucznia-%E2%80%93-czy-mozliwe-jest-odwolanie-od-decyzji\"><\/span>Zawieszenie w prawach ucznia \u2013 czy mo\u017cliwe jest odwo\u0142anie od decyzji?<span class=\"ez-toc-section-end\"><\/span><\/h2>\n\n\n\n<p>Podobnie jak w przypadku decyzji o zawieszeniu lub przywr\u00f3ceniu przywilej\u00f3w, statut powinien r\u00f3wnie\u017c okre\u015bla\u0107 tryb odwo\u0142ywania si\u0119 od kary zawieszenia.&nbsp; W przypadku decyzji o zawieszeniu w prawach ucznia powinna istnie\u0107 mo\u017cliwo\u015b\u0107 odwo\u0142ania si\u0119 od niej. Zazwyczaj ucze\u0144 mo\u017ce zwr\u00f3ci\u0107 si\u0119 w tej sprawie o pomoc do samorz\u0105du uczniowskiego, kt\u00f3ry b\u0119dzie po\u015bredniczy\u0142 w wystosowaniu odpowiedniej pro\u015bby do w\u0142adz szko\u0142y. Na og\u00f3\u0142 ucze\u0144 mo\u017ce r\u00f3wnie\u017c odwo\u0142a\u0107 si\u0119 od decyzji o zawieszeniu bezpo\u015brednio u dyrektora plac\u00f3wki. W takim przypadku nast\u0119pnym krokiem jest zwo\u0142anie przez dyrektora lub Rad\u0119 Pedagogiczn\u0105 zebrania, na kt\u00f3rym szczeg\u00f3\u0142owo om\u00f3wiony zostanie przypadek ucznia i na tej podstawie zesp\u00f3\u0142 podejmie decyzj\u0119 o jego dalszych losach. Na odwieszenie kary najwi\u0119kszy wp\u0142yw ma poprawa zachowania ucznia. Post\u0119powanie w przypadku zawieszenia dobrze jest skonsultowa\u0107 z wychowawc\u0105 lub szkolnym pedagogiem.<\/p>\n","protected":false},"excerpt":{"rendered":"<p>Ka\u017cdy ucze\u0144 ma swoje prawa i obowi\u0105zki, kt\u00f3re powinny by\u0107 spisane w statucie szkolnym. Warto zapozna\u0107 si\u0119 z tym dokumentem, zw\u0142aszcza \u017ce za niewype\u0142nianie obowi\u0105zk\u00f3w i nieodpowiednie zachowanie ucze\u0144 ponosi pewne konsekwencje. Najsurowsz\u0105 z kar (opr\u00f3cz wydalenia ze szko\u0142y) jest zawieszenie w prawach ucznia \u2013 dowiedz si\u0119, na czym ono polega, jakie s\u0105 jego skutki &hellip; <\/p>\n<p><a href=\"https:\/\/www.profinfo.pl\/blog\/zawieszenie-w-prawach-ucznia-na-czym-polega-skutki-odwolanie-zawieszenia\/\" class=\"more-link\">Czytaj wi\u0119cej<span class=\"screen-reader-text\"> &#8222;Zawieszenie w prawach ucznia &#8211; na czym polega? Skutki, odwo\u0142anie zawieszenia&#8221;<\/span><\/a><\/p>\n","protected":false},"author":1,"featured_media":2129,"comment_status":"open","ping_status":"open","sticky":false,"template":"","format":"standard","meta":{"footnotes":""},"categories":[71],"tags":[],"class_list":["post-2127","post","type-post","status-publish","format-standard","has-post-thumbnail","hentry","category-porady"],"_links":{"self":[{"href":"https:\/\/www.profinfo.pl\/blog\/wp-json\/wp\/v2\/posts\/2127","targetHints":{"allow":["GET"]}}],"collection":[{"href":"https:\/\/www.profinfo.pl\/blog\/wp-json\/wp\/v2\/posts"}],"about":[{"href":"https:\/\/www.profinfo.pl\/blog\/wp-json\/wp\/v2\/types\/post"}],"author":[{"embeddable":true,"href":"https:\/\/www.profinfo.pl\/blog\/wp-json\/wp\/v2\/users\/1"}],"replies":[{"embeddable":true,"href":"https:\/\/www.profinfo.pl\/blog\/wp-json\/wp\/v2\/comments?post=2127"}],"version-history":[{"count":5,"href":"https:\/\/www.profinfo.pl\/blog\/wp-json\/wp\/v2\/posts\/2127\/revisions"}],"predecessor-version":[{"id":2134,"href":"https:\/\/www.profinfo.pl\/blog\/wp-json\/wp\/v2\/posts\/2127\/revisions\/2134"}],"wp:featuredmedia":[{"embeddable":true,"href":"https:\/\/www.profinfo.pl\/blog\/wp-json\/wp\/v2\/media\/2129"}],"wp:attachment":[{"href":"https:\/\/www.profinfo.pl\/blog\/wp-json\/wp\/v2\/media?parent=2127"}],"wp:term":[{"taxonomy":"category","embeddable":true,"href":"https:\/\/www.profinfo.pl\/blog\/wp-json\/wp\/v2\/categories?post=2127"},{"taxonomy":"post_tag","embeddable":true,"href":"https:\/\/www.profinfo.pl\/blog\/wp-json\/wp\/v2\/tags?post=2127"}],"curies":[{"name":"wp","href":"https:\/\/api.w.org\/{rel}","templated":true}]}}