{"id":2143,"date":"2022-11-25T14:45:31","date_gmt":"2022-11-25T13:45:31","guid":{"rendered":"https:\/\/www.profinfo.pl\/blog\/?p=2143"},"modified":"2023-01-24T10:36:23","modified_gmt":"2023-01-24T09:36:23","slug":"czy-ouzo-z-macedonii-pochodzi-z-macedonii-czy-moze-raczej-z-grecji","status":"publish","type":"post","link":"https:\/\/www.profinfo.pl\/blog\/czy-ouzo-z-macedonii-pochodzi-z-macedonii-czy-moze-raczej-z-grecji\/","title":{"rendered":"Czy ouzo z Macedonii pochodzi z Macedonii czy mo\u017ce raczej z Grecji?"},"content":{"rendered":"\n<p><strong>W czerwcu 2018 r. premierzy Grecji i Macedonii podpisali porozumienie, na mocy kt\u00f3rego ta ostatnia zmieni\u0142a swoj\u0105 nazw\u0119 na Republik\u0119 P\u00f3\u0142nocnej Macedonii i w ten spos\u00f3b zako\u0144czy\u0142 si\u0119 27 letni sp\u00f3r. A przynajmniej tak mia\u0142o by\u0107.<\/strong><\/p>\n\n\n\n<!--more-->\n\n\n\n<p>Nazwa Macedonia ma wielowiekow\u0105 histori\u0119, gdy\u017c pocz\u0105tkowo odnosi\u0142a si\u0119 ona do staro\u017cytnego kr\u00f3lestwa na peryferiach Grecji, p\u00f3\u017aniej za\u015b, za czas\u00f3w Aleksandra Macedo\u0144skiego, okre\u015blano tym mianem najwi\u0119ksze imperium i dominuj\u0105ce pa\u0144stwo hellenistyczne. W czasach rzymskich prowincja Macedonia zosta\u0142a zreorganizowana, wkr\u00f3tce jednak sta\u0142a si\u0119 obszarem najazd\u00f3w S\u0142owian i ich walk z Cesarstwem Bizantyjskim. W efekcie walk i zawieruch na tym obszarze wykszta\u0142ci\u0142y si\u0119 r\u00f3\u017cne nacje, g\u0142\u00f3wnie Grecy, Bu\u0142garzy, Serbowie, Macedo\u0144czycy, Alba\u0144czycy, Turcy, Wo\u0142osi, \u017bydzi i inni (podobno Francuzi mieli nawet okre\u015blenie &#8222;salade de mac\u00e9doine&#8221;) maj\u0105cy r\u00f3\u017cne d\u0105\u017cenia, inn\u0105 wiar\u0119, odmienn\u0105 histori\u0119. Przez prawie tysi\u0105c lat nazwa Macedonia mia\u0142a r\u00f3\u017cne znaczenia dla zachodnich Europejczyk\u00f3w i dla narodu ba\u0142ka\u0144skiego. S\u0142ynna \u201ekwestia macedo\u0144ska\u201d pojawi\u0142a si\u0119 w XIX wieku, gdy Imperium Osma\u0144skie zacz\u0119\u0142o si\u0119 rozpada\u0107 i trzeba by\u0142o znale\u017a\u0107 odpowied\u017a na pytanie co stanie si\u0119 z regionem macedo\u0144skim. &nbsp;<\/p>\n\n\n\n<figure class=\"wp-block-image alignwide size-full is-style-default bordersd\"><a href=\"https:\/\/www.profinfo.pl\/sklep\/slynne-alkohole-a-prawo-wlasnosci-intelektualnej,303724.html?utm_source=blog&amp;utm_medium=baner&amp;utm_campaign=Czy+ouzo+z+Macedonii+pochodzi+z+Macedonii+czy+mo%C5%BCe+raczej+z+Grecji%3F&amp;utm_content=S%C5%82ynne+alkohole+a+prawo+w%C5%82asno%C5%9Bci+intelektualnej\"><img decoding=\"async\" width=\"820\" height=\"255\" src=\"https:\/\/www.profinfo.pl\/blog\/wp-content\/uploads\/2022\/11\/slynne-alkohole-a-prawo-wlasnosci.png\" alt=\"\" class=\"wp-image-2146\" title=\"\"><\/a><figcaption class=\"wp-element-caption\">&#8222;<a href=\"https:\/\/www.profinfo.pl\/sklep\/slynne-alkohole-a-prawo-wlasnosci-intelektualnej,303724.html?utm_source=blog&amp;utm_medium=link&amp;utm_campaign=Czy+ouzo+z+Macedonii+pochodzi+z+Macedonii+czy+mo%C5%BCe+raczej+z+Grecji%3F&amp;utm_content=S%C5%82ynne+alkohole+a+prawo+w%C5%82asno%C5%9Bci+intelektualnej\">S\u0142ynne alkohole a prawo w\u0142asno\u015bci intelektualnej<\/a>&#8221; autorstwa Katarzyny Grzybczyk<\/figcaption><\/figure>\n\n\n\n<p>Sp\u00f3r o nazw\u0119 rozgorza\u0142 na nowo po rozpadzie Jugos\u0142awii i proklamowaniu niepodleg\u0142o\u015bci przez by\u0142\u0105 Socjalistyczn\u0105 Republik\u0119 Macedonii w 1991 r. Jej mieszka\u0144cy pos\u0142ugiwali si\u0119 &nbsp;j\u0119zykiem macedo\u0144skim, okre\u015blali si\u0119 mianem Macedo\u0144czyk\u00f3w a w referendum przyj\u0119li konstytucj\u0119 okre\u015blaj\u0105c\u0105 ich pa\u0144stwo Republik\u0105 Macedonii (Republika Makedonija). Wkr\u00f3tce tak\u017ce, mimo pr\u00f3b blokowania przez Grecj\u0119, Macedonia zosta\u0142a przyj\u0119ta do Organizacji Narod\u00f3w Zjednoczonych zyskuj\u0105c szerokie mi\u0119dzynarodowe uznanie (cho\u0107 jako FYROM, czyli By\u0142a Jugos\u0142owia\u0144ska Republika Macedonii (Former Yugoslav Republic of Macedonia).<\/p>\n\n\n<div class=\"wp-block-image is-style-default\">\n<figure class=\"aligncenter size-full\"><img decoding=\"async\" width=\"253\" height=\"221\" src=\"https:\/\/www.profinfo.pl\/blog\/wp-content\/uploads\/2022\/11\/mapa-macedonia-grecja.jpg\" alt=\"\" class=\"wp-image-2145\" title=\"\"><\/figure>\n<\/div>\n\n\n<p>Tymczasem s\u0105siednia Grecja z niepokojem obserwowa\u0142a te dzia\u0142ania, obawiaj\u0105c si\u0119, \u017ce Macedonia b\u0119dzie uzurpowa\u0142a sobie prawa do dawnych obszar\u00f3w macedo\u0144skich, w XX wieku wchodz\u0105cych w sk\u0142ad Grecji i Bu\u0142garii. Ponad po\u0142owa historycznej Macedonii jest grecka &#8211; p\u00f3\u0142nocna Grecja jest podzielona na regiony administracyjne nazywane Macedoni\u0105 Wschodni\u0105, \u015arodkow\u0105 i Zachodni\u0105, za\u015b mieszka\u0144cy tych teren\u00f3w tak\u017ce okre\u015blaj\u0105 si\u0119 jako &#8222;Macedo\u0144czycy&#8221;. Co wi\u0119cej, uwa\u017caj\u0105 si\u0119 oni za potomk\u00f3w Aleksandra Wielkiego i zarzucaj\u0105 swoim s\u0142owia\u0144skoj\u0119zycznym s\u0105siadom pr\u00f3b\u0119 przyw\u0142aszczenia antycznej greckiej historii do promocji oraz budowy w\u0142asnej to\u017csamo\u015bci.<\/p>\n\n\n\n<p>We wskazanym porozumieniu znad Prespy, kt\u00f3re wesz\u0142o w \u017cycie 12 lutego 2019 r., strony uzgodni\u0142y, \u017ce dotychczasowa nazwa zostanie zmieniona na Republik\u0119 Macedonii P\u00f3\u0142nocnej, kt\u00f3ra zgodnie z art. 8 &nbsp;ma by\u0107 u\u017cywana do wszystkich cel\u00f3w (for all usages and all purposes erga omnes) w kraju, we wszystkich stosunkach dwustronnych oraz we wszystkich regionalnych i mi\u0119dzynarodowych organizacjach i instytucjach. Jednak przyj\u0119te porozumienie nie rozwi\u0105za\u0142o wszystkich spor\u00f3w, a mo\u017ce wr\u0119cz przeciwnie, gdy\u017c wi\u0105\u017ce ono urz\u0119dy i podmioty pa\u0144stwowe, ale nie prywatne. Pojawi\u0142 si\u0119 zatem problem zwi\u0105zany z u\u017cywaniem i rejestracj\u0105 nazwy \u201eMacedonia\u201d jako oznaczenia geograficznego (OG) oraz jako znaku towarowego (TM) dla produkt\u00f3w i firm z obu kraj\u00f3w. Artyku\u0142 1 ust. 3 lit. h porozumienia znad Prespy stanowi, \u017ce w odniesieniu do nazw handlowych, znak\u00f3w towarowych i marek, strony zgadzaj\u0105 si\u0119 wspiera\u0107 i zach\u0119ca\u0107 swoje \u015brodowiska biznesowe do zinstytucjonalizowania zorganizowanego i prowadzonego w dobrej wierze dialogu, w ramach kt\u00f3rego [strony] b\u0119d\u0105 d\u0105\u017cy\u0107 do osi\u0105gni\u0119cia wzajemnie akceptowalnych rozwi\u0105za\u0144 w kwestiach wywodz\u0105cych si\u0119 z nazw handlowych, znak\u00f3w towarowych, nazw marek i wszystkich istotnych kwestii na szczeblu dwustronnym i mi\u0119dzynarodowym. W Macedonii istnieje oko\u0142o 3200 firm, kt\u00f3re maj\u0105 w swoich tytu\u0142ach warianty okre\u015blenia \u201emacedo\u0144ski\u201d, a w Grecji jest ich oko\u0142o 3500.<\/p>\n\n\n\n<p>Nie trzeba by\u0142o d\u0142ugo czeka\u0107, by pojawi\u0142y si\u0119 pierwsze niesnaski. Ju\u017c w po\u0142owie 2020 r. stowarzyszenia i federacje producent\u00f3w wina w p\u00f3\u0142nocnej Grecji poskar\u017cy\u0142y si\u0119 Komisji Europejskiej, \u017ce \u201eproducenci wina z kraj\u00f3w trzecich i kraj\u00f3w kandyduj\u0105cych wykorzystuj\u0105 macedo\u0144skie chronione oznaczenia geograficzne do stosowania w swoich w\u0142asnych winach. Stanowi to naruszenie prawa UE, poniewa\u017c tylko wina produkowane w Grecji i w regionie geograficznym Macedonii mog\u0105 u\u017cywa\u0107 tego oznaczenia\u201d. Grecja posiada dwa oznaczenia geograficzne z odniesieniem do Macedonii zarejestrowane w Unii Europejskiej \u2013 \u039f\u03cd\u03b6\u03bf \u039c\u03b1\u03ba\u03b5\u03b4\u03bf\u03bd\u03af\u03b1\u03c2 \/ Ouzo of Macedonia (alkohol any\u017cowy) oraz \u03a4\u03c3\u03af\u03c0\u03bf\u03c5\u03c1\u03bf \u039c\u03b1\u03ba\u03b5\u03b4\u03bf\u03bd\u03af\u03b1\u03c2 \/ Tsipouro of Macedonia (okowita z winogron). W Macedonii P\u00f3\u0142nocnej alkohol any\u017ckowy podobny do ouzo nazywa si\u0119 mastika, za\u015b mastica to z kolei grecki likier z wyspy Chios na Morzu Egejskim. R\u00f3wnocze\u015bnie producenci z dzisiejszej Macedonii P\u00f3\u0142nocnej, dotychczas oznaczaj\u0105cy swoje produkty jako pochodz\u0105ce z Macedonii czy macedo\u0144skie nie spiesz\u0105 si\u0119 do zmiany np. poprzez dodanie okre\u015blenia \u201ep\u00f3\u0142nocne\u201d. W ten spos\u00f3b powsta\u0142 impas, gdy\u017c \u017cadna ze stron nie chce zrezygnowa\u0107 z dotychczasowych oznacze\u0144 odr\u00f3\u017cniaj\u0105cych, powo\u0142uj\u0105c si\u0119 na po\u0142o\u017cenie\u00a0 geograficzne, histori\u0119 i tradycj\u0119. Czy zatem geograficzne nazwy pochodzenia, kt\u00f3re maj\u0105 wskazywa\u0107 na niepowtarzalne w\u0142a\u015bciwo\u015bci towaru wynikaj\u0105ce z miejsca jego produkcji, w niekt\u00f3rych przypadkach zawodz\u0105? To si\u0119 wkr\u00f3tce oka\u017ce, poniewa\u017c 19 lipca 2022 r. Unia Europejska rozpocz\u0119\u0142a negocjacje akcesyjne z Macedoni\u0105 P\u00f3\u0142nocn\u0105, i je\u015bli zako\u0144cz\u0105 si\u0119 one powodzeniem, w\u00f3wczas krajowe oznaczenia geograficzne powinny by\u0107 zarejestrowane i chronione na mocy rozporz\u0105dze\u0144 unijnych. Czy tak si\u0119 jednak stanie w przypadku kolizji z oznaczeniami greckimi? Na rozwi\u0105zanie tego problemu trzeba jeszcze chwil\u0119 poczeka\u0107, wyci\u0105gaj\u0105c wnioski z wcze\u015bniejszych, podobnych spraw, kt\u00f3re opisa\u0142am w ksi\u0105\u017cce <a href=\"https:\/\/www.profinfo.pl\/sklep\/slynne-alkohole-a-prawo-wlasnosci-intelektualnej,303724.html?utm_source=blog&amp;utm_medium=link&amp;utm_campaign=Czy+ouzo+z+Macedonii+pochodzi+z+Macedonii+czy+mo%C5%BCe+raczej+z+Grecji%3F&amp;utm_content=S%C5%82ynne+alkohole+a+prawo+w%C5%82asno%C5%9Bci+intelektualnej\"><em>\u201eS\u0142ynne alkohole a prawo w\u0142asno\u015bci intelektualnej\u201d<\/em><\/a><\/p>\n\n\n\n<h3 class=\"wp-block-heading\">Sprawd\u017a tak\u017ce:<\/h3>\n\n\n\n<ul class=\"wp-block-list\">\n<li><a href=\"https:\/\/www.profinfo.pl\/sklep\/rozrywki-xxi-wieku-a-prawo-wlasnosci-intelektualnej,123991.html?utm_source=blog&amp;utm_medium=link&amp;utm_campaign=Czy+ouzo+z+Macedonii+pochodzi+z+Macedonii+czy+mo%C5%BCe+raczej+z+Grecji%3F&amp;utm_content=Rozrywki+XXI+wieku+a+prawo+w%C5%82asno%C5%9Bci+intelektualnej%2C+Katarzyna+Grzybczyk\">Rozrywki XXI wieku a prawo w\u0142asno\u015bci intelektualnej, Katarzyna Grzybczyk<\/a><\/li>\n\n\n\n<li><a href=\"https:\/\/www.profinfo.pl\/sklep\/skradziona-kultura-jak-zachod-wykorzystuje-cudza-wlasnosc-intelektualna,146525.html?utm_source=blog&amp;utm_medium=link&amp;utm_campaign=Czy+ouzo+z+Macedonii+pochodzi+z+Macedonii+czy+mo%C5%BCe+raczej+z+Grecji%3F&amp;utm_content=Skradziona+kultura.+Jak+Zach%C3%B3d+wykorzystuje+cudz%C4%85+w%C5%82asno%C5%9B%C4%87+intelektualn%C4%85%2C+Katarzyna+Grzybczyk\">Skradziona kultura. Jak Zach\u00f3d wykorzystuje cudz\u0105 w\u0142asno\u015b\u0107 intelektualn\u0105, Katarzyna Grzybczyk<\/a><\/li>\n\n\n\n<li><a href=\"https:\/\/www.profinfo.pl\/sklep\/ikony-popkultury-a-prawo-wlasnosci-intelektualnej-jak-znani-i-slawni-chronia-swoje-prawa,91846.html?utm_source=blog&amp;utm_medium=link&amp;utm_campaign=Czy+ouzo+z+Macedonii+pochodzi+z+Macedonii+czy+mo%C5%BCe+raczej+z+Grecji%3F&amp;utm_content=Ikony+popkultury+a+prawo+w%C5%82asno%C5%9Bci+intelektualnej.+Jak+znani+i+s%C5%82awni+chroni%C4%85+swoje+prawa%2C+Katarzyna+Grzybczyk\">Ikony popkultury a prawo w\u0142asno\u015bci intelektualnej. Jak znani i s\u0142awni chroni\u0105 swoje prawa, Katarzyna Grzybczyk<\/a><\/li>\n<\/ul>\n\n\n\n<hr class=\"wp-block-separator has-alpha-channel-opacity is-style-dots\"\/>\n\n\n\n<div class=\"wp-block-media-text alignwide is-stacked-on-mobile is-vertically-aligned-top\" style=\"grid-template-columns:20% auto\"><figure class=\"wp-block-media-text__media\"><img decoding=\"async\" width=\"167\" height=\"160\" src=\"https:\/\/www.profinfo.pl\/blog\/wp-content\/uploads\/2022\/11\/autor-default.png\" alt=\"\" class=\"wp-image-2148 size-full\" title=\"\"><\/figure><div class=\"wp-block-media-text__content\">\n<p class=\"has-small-font-size\"><strong><a href=\"https:\/\/www.profinfo.pl\/autorzy\/katarzyna-grzybczyk,9047.html?utm_source=blog&amp;utm_medium=link&amp;utm_campaign=Czy+ouzo+z+Macedonii+pochodzi+z+Macedonii+czy+mo%C5%BCe+raczej+z+Grecji%3F&amp;utm_content=Katarzyna+Grzybczyk\">Katarzyna Grzybczyk<\/a><\/strong> \u2013 profesor doktor habilitowana; pracownik Wydzia\u0142u Prawa i Administracji Uniwersytetu \u015al\u0105skiego; radca prawny, mediator s\u0105dowy, arbiter S\u0105du Polubownego ds. Domen Internetowych; zajmuje si\u0119 prawem w\u0142asno\u015bci intelektualnej, prawem reklamy oraz prawem prywatnym mi\u0119dzynarodowym; autorka wielu publikacji z tego zakresu.<\/p>\n<\/div><\/div>\n\n\n\n<p>\u0179r\u00f3d\u0142a:<\/p>\n\n\n\n<ul class=\"has-small-font-size wp-block-list\">\n<li><a href=\"https:\/\/s.kathimerini.gr\/resources\/article-files\/symfwnia-aggliko-keimeno.pdf\" target=\"_blank\" rel=\"noreferrer noopener nofollow\">https:\/\/s.kathimerini.gr\/resources\/article-files\/symfwnia-aggliko-keimeno.pdf<\/a><\/li>\n\n\n\n<li><a href=\"https:\/\/www.cambridge.org\/core\/journals\/nationalities-papers\/article\/macedonian-name-dispute-the-macedonian-questionresolved\/C762D257FB5CADE4259F57E0E8C776CA#\" rel=\"nofollow noopener\" target=\"_blank\">https:\/\/www.cambridge.org\/core\/journals\/nationalities-papers\/article\/macedonian-name-dispute-the-macedonian-questionresolved\/C762D257FB5CADE4259F57E0E8C776CA<\/a><\/li>\n\n\n\n<li><a href=\"https:\/\/en.wikipedia.org\/wiki\/Macedonia_naming_dispute\" target=\"_blank\" rel=\"noreferrer noopener nofollow\">https:\/\/en.wikipedia.org\/wiki\/Macedonia_naming_dispute<\/a><\/li>\n\n\n\n<li><a href=\"https:\/\/www.bbc.com\/news\/world-europe-47002865\" target=\"_blank\" rel=\"noreferrer noopener nofollow\">https:\/\/www.bbc.com\/news\/world-europe-47002865<\/a><\/li>\n\n\n\n<li><a href=\"https:\/\/www.europarl.europa.eu\/doceo\/document\/P-9-2020-003679_EN.html\" target=\"_blank\" rel=\"noreferrer noopener nofollow\">https:\/\/www.europarl.europa.eu\/doceo\/document\/P-9-2020-003679_EN.html<\/a><\/li>\n<\/ul>\n","protected":false},"excerpt":{"rendered":"<p>W czerwcu 2018 r. premierzy Grecji i Macedonii podpisali porozumienie, na mocy kt\u00f3rego ta ostatnia zmieni\u0142a swoj\u0105 nazw\u0119 na Republik\u0119 P\u00f3\u0142nocnej Macedonii i w ten spos\u00f3b zako\u0144czy\u0142 si\u0119 27 letni sp\u00f3r. A przynajmniej tak mia\u0142o by\u0107.<\/p>\n","protected":false},"author":1,"featured_media":2152,"comment_status":"open","ping_status":"open","sticky":false,"template":"","format":"standard","meta":{"footnotes":""},"categories":[92],"tags":[],"class_list":["post-2143","post","type-post","status-publish","format-standard","has-post-thumbnail","hentry","category-inne"],"_links":{"self":[{"href":"https:\/\/www.profinfo.pl\/blog\/wp-json\/wp\/v2\/posts\/2143","targetHints":{"allow":["GET"]}}],"collection":[{"href":"https:\/\/www.profinfo.pl\/blog\/wp-json\/wp\/v2\/posts"}],"about":[{"href":"https:\/\/www.profinfo.pl\/blog\/wp-json\/wp\/v2\/types\/post"}],"author":[{"embeddable":true,"href":"https:\/\/www.profinfo.pl\/blog\/wp-json\/wp\/v2\/users\/1"}],"replies":[{"embeddable":true,"href":"https:\/\/www.profinfo.pl\/blog\/wp-json\/wp\/v2\/comments?post=2143"}],"version-history":[{"count":8,"href":"https:\/\/www.profinfo.pl\/blog\/wp-json\/wp\/v2\/posts\/2143\/revisions"}],"predecessor-version":[{"id":2252,"href":"https:\/\/www.profinfo.pl\/blog\/wp-json\/wp\/v2\/posts\/2143\/revisions\/2252"}],"wp:featuredmedia":[{"embeddable":true,"href":"https:\/\/www.profinfo.pl\/blog\/wp-json\/wp\/v2\/media\/2152"}],"wp:attachment":[{"href":"https:\/\/www.profinfo.pl\/blog\/wp-json\/wp\/v2\/media?parent=2143"}],"wp:term":[{"taxonomy":"category","embeddable":true,"href":"https:\/\/www.profinfo.pl\/blog\/wp-json\/wp\/v2\/categories?post=2143"},{"taxonomy":"post_tag","embeddable":true,"href":"https:\/\/www.profinfo.pl\/blog\/wp-json\/wp\/v2\/tags?post=2143"}],"curies":[{"name":"wp","href":"https:\/\/api.w.org\/{rel}","templated":true}]}}