{"id":2175,"date":"2022-12-30T15:32:42","date_gmt":"2022-12-30T14:32:42","guid":{"rendered":"https:\/\/www.profinfo.pl\/blog\/?p=2175"},"modified":"2024-01-03T09:19:57","modified_gmt":"2024-01-03T08:19:57","slug":"podatki-planowane-zmiany-co-warto-wiedziec","status":"publish","type":"post","link":"https:\/\/www.profinfo.pl\/blog\/podatki-planowane-zmiany-co-warto-wiedziec\/","title":{"rendered":"Podatki 2023. Planowane zmiany, co warto wiedzie\u0107?"},"content":{"rendered":"\n<p><strong>Ju\u017c teraz wiadomo, \u017ce rok 2023 przyniesie kolejne zmiany i obci\u0105\u017cenia w obszarze podatkowym, do kt\u00f3rych trzeba b\u0119dzie si\u0119 przygotowa\u0107. Dla podatnik\u00f3w b\u0119dzie to szereg zmian w PIT i CIT. Ponadto przedsi\u0119biorcy b\u0119d\u0105 p\u0142aci\u0107 wy\u017csze sk\u0142adki na ubezpieczenia spo\u0142eczne. Kolejny raz wzrosn\u0105 koszty energii, a tak\u017ce akcyza na alkohol i papierosy oraz podatki lokalne. Czego jeszcze mo\u017cemy si\u0119 spodziewa\u0107 w 2023 roku?<\/strong><\/p>\n\n\n\n<!--more-->\n\n\n\n<h2 class=\"wp-block-heading\"><span class=\"ez-toc-section\" id=\"Oswiadczenia-i-wnioski-PIT-2-ktore-wplyna-na-wysokosc-pensji-w-2023-r\"><\/span>O\u015bwiadczenia i wnioski PIT-2, kt\u00f3re wp\u0142yn\u0105 na wysoko\u015b\u0107 pensji w 2023 r.<span class=\"ez-toc-section-end\"><\/span><\/h2>\n\n\n\n<p>Osoby, kt\u00f3re s\u0105 zatrudnione na podstawie umowy o prac\u0119, zlecenia lub dzie\u0142o i jednocze\u015bnie chc\u0105 ubiega\u0107 si\u0119 o <strong><a href=\"https:\/\/www.profinfo.pl\/hasla-lex\/ulgi-i-zwolnienia-podatkowe,4922.html?utm_source=blog&amp;utm_medium=link&amp;utm_campaign=Podatki+2023.+Planowane+zmiany%2C+co+warto+wiedzie%C4%87%3F&amp;utm_content=ulg%C4%99+podatkow%C4%85\">ulg\u0119 podatkow\u0105<\/a><\/strong>, nadal mog\u0105 z\u0142o\u017cy\u0107 formularz PIT-2. Jednak od 1 stycznia 2023 r. podatnicy, zamiast jednego p\u0142atnika b\u0119d\u0105 mogli wskaza\u0107 ich a\u017c trzech. Ca\u0142kowita kwota odliczenia nadal b\u0119dzie wynosi\u0107 co miesi\u0105c 300 z\u0142, ale b\u0119dzie ona mog\u0142a by\u0107 podzielona mi\u0119dzy trzech p\u0142atnik\u00f3w. Przy dw\u00f3ch miejscach odliczenie to b\u0119dzie wynosi\u0107 po 150 z\u0142, a przy trzech miejscach b\u0119dzie to 100 z\u0142 miesi\u0119cznie na ka\u017cdego p\u0142atnika.<\/p>\n\n\n\n<p>Podatnicy, kt\u00f3rzy maj\u0105 prawo do ulgi na dzieci jako osoby samotnie wychowuj\u0105ce dzieci lub chc\u0105 si\u0119 rozliczy\u0107 wsp\u00f3lnie z ma\u0142\u017conkiem, r\u00f3wnie\u017c mog\u0105 o tym poinformowa\u0107 p\u0142atnika sk\u0142adek. W\u00f3wczas na formularzu, w sekcji E, nale\u017cy zaznaczy\u0107, czy b\u0119dzie sk\u0142ada\u0107 wniosek z ma\u0142\u017conkiem, czy jako samotny rodzic. Je\u017celi wsp\u00f3lne dochody nie przekraczaj\u0105 120.000 z\u0142, p\u0142atnik podatku potr\u0105ca zaliczk\u0119 na podatek wed\u0142ug stawki 12% ustalonej dla pierwszego progu podatkowego i stosuje podw\u00f3jn\u0105 kwot\u0119 zmniejszaj\u0105c\u0105 podatek. Je\u015bli natomiast wsp\u00f3lny doch\u00f3d przekracza 120 000 z\u0142, odlicza si\u0119 zaliczk\u0119 na podatek wed\u0142ug stawki 12% ustalonej dla pierwszego progu podatkowego i stosuje si\u0119 jedn\u0105 kwot\u0119 zmniejszaj\u0105c\u0105.<\/p>\n\n\n\n<figure class=\"wp-block-image alignwide size-full is-style-default bordersd\"><a href=\"https:\/\/www.profinfo.pl\/sklep\/meritum-podatki-2023,392143.html?utm_source=blog&amp;utm_medium=baner&amp;utm_campaign=Podatki+2023.+Planowane+zmiany%2C+co+warto+wiedzie%C4%87%3F&amp;utm_content=Meritum+Podatki+2023\"><img decoding=\"async\" width=\"1015\" height=\"317\" src=\"https:\/\/www.profinfo.pl\/blog\/wp-content\/uploads\/2023\/01\/meritum-podatki-2023-1.png\" alt=\"\" class=\"wp-image-2246\" title=\"\"><\/a><figcaption class=\"wp-element-caption\">Sprawd\u017a &#8222;<a href=\"https:\/\/www.profinfo.pl\/sklep\/meritum-podatki-2023,392143.html?utm_source=blog&amp;utm_medium=link&amp;utm_campaign=Podatki+2023.+Planowane+zmiany%2C+co+warto+wiedzie%C4%87%3F&amp;utm_content=Meritum+Podatki+2023\">Meritum Podatki 2023<\/a>&#8221; pod redakcj\u0105 Aleksandra Ka\u017amierskiego<\/figcaption><\/figure>\n\n\n\n<p>Podatnicy, kt\u00f3rzy zak\u0142adaj\u0105, \u017ce ich dochody nie przekrocz\u0105 30.000 z\u0142, mog\u0105 z\u0142o\u017cy\u0107 wniosek do p\u0142atnika sk\u0142adek o niep\u0142acenie miesi\u0119cznych zaliczek na podatek dochodowy. W tym celu wystarczy, \u017ce w cz\u0119\u015bci J formularza zakre\u015bl\u0105 TAK. Od stycznia osoby pobieraj\u0105ce emerytur\u0119 b\u0119d\u0105 mog\u0142y r\u00f3wnie\u017c z\u0142o\u017cy\u0107 formularz PIT-2, w kt\u00f3rym b\u0119d\u0105 mog\u0142y zaznaczy\u0107, \u017ce dany organ rentowy powinien nadal odlicza\u0107 pe\u0142n\u0105 kwot\u0119.<\/p>\n\n\n\n<p>Formularza <strong>PIT-2<\/strong> nie trzeba sk\u0142ada\u0107, je\u015bli nie nast\u0105pi\u0142a zmiana sytuacji podatnika i chce on, aby zaliczki na podatek dochodowy by\u0142y wyliczane za niego na podstawie dotychczas obowi\u0105zuj\u0105cych zasad.<\/p>\n\n\n\n<h2 class=\"wp-block-heading\"><span class=\"ez-toc-section\" id=\"23-VAT-na-gaz-prad-paliwo-i-cieplo-systemowe\"><\/span>23% VAT na gaz, pr\u0105d, paliwo i ciep\u0142o systemowe<span class=\"ez-toc-section-end\"><\/span><\/h2>\n\n\n\n<p>Konsumenci szczeg\u00f3lnie odczuj\u0105 powr\u00f3t do pierwotnych stawek VAT na gaz. Dzi\u015b jest to zero, ale od 1 stycznia 2023 roku wyniesie ona 23%. Wprawdzie rz\u0105d szykuje si\u0119 do zamro\u017cenia cen lub zwrotu cz\u0119\u015bci podatku VAT, ale nie b\u0119dzie to rozwi\u0105zanie dla wszystkich, a decyduj\u0105ce znaczenie mie\u0107 b\u0119dzie zapewne kryterium dochodowe.<\/p>\n\n\n\n<p>Obowi\u0105zuj\u0105cy 8% VAT na paliwo r\u00f3wnie\u017c zwi\u0119kszy si\u0119 do 23%. Ta sama stawka zast\u0105pi obecne 5% dla ciep\u0142a i energii elektrycznej. Gospodarstwa domowe w tym przypadku te\u017c mog\u0105 odczu\u0107 pewn\u0105 ulg\u0119 dzi\u0119ki zamro\u017conym cenom, ale nale\u017cy pami\u0119ta\u0107, \u017ce nie uwzgl\u0119dniono w nich podatku VAT i trzeba b\u0119dzie doliczy\u0107 stosown\u0105 kwot\u0119 podatku. Zamro\u017cenie ceny pr\u0105du obowi\u0105zuje r\u00f3wnie\u017c tylko do rocznego limitu 2 000 kWh dla standardowego gospodarstwa domowego, 2 600 kWh dla posiadaczy karty Du\u017cej Rodziny lub 3 000 kWh dla rodzin z osobami niepe\u0142nosprawnymi.<\/p>\n\n\n\n<figure class=\"wp-block-image size-full is-style-default bordersd\"><a href=\"https:\/\/www.profinfo.pl\/sklep\/podatki-2023,398113.html?utm_source=blog&amp;utm_medium=baner&amp;utm_campaign=Podatki+2023.+Planowane+zmiany%2C+co+warto+wiedzie%C4%87%3F&amp;utm_content=Podatki+2023\"><img decoding=\"async\" width=\"1028\" height=\"315\" src=\"https:\/\/www.profinfo.pl\/blog\/wp-content\/uploads\/2023\/01\/podatki-2023.png\" alt=\"\" class=\"wp-image-2244\" title=\"\"><\/a><figcaption class=\"wp-element-caption\">&#8222;<a href=\"https:\/\/www.profinfo.pl\/sklep\/podatki-2023,398113.html?utm_source=blog&amp;utm_medium=link&amp;utm_campaign=Podatki+2023.+Planowane+zmiany%2C+co+warto+wiedzie%C4%87%3F&amp;utm_content=Podatki+2023\">Podatki 2023<\/a>&#8221; &#8211; zbi\u00f3r najwa\u017cniejszych przepis\u00f3w podatkowych<\/figcaption><\/figure>\n\n\n\n<h2 class=\"wp-block-heading\"><span class=\"ez-toc-section\" id=\"Jaka-kwota-wolna-od-podatku-w-2023\"><\/span>Jaka kwota wolna od podatku w 2023?<span class=\"ez-toc-section-end\"><\/span><\/h2>\n\n\n\n<p>Ulga podatkowa jest na poziomie 30 tys. z\u0142otych. Zatem podatnik o rocznym dochodzie 40 tys. z\u0142 zap\u0142aci PIT od kwoty 10 tys. z\u0142. Je\u015bli doch\u00f3d w 2023 r. b\u0119dzie na poziomie lub poni\u017cej 30 tys. z\u0142, podatnik jest zobowi\u0105zany do z\u0142o\u017cenia w urz\u0119dzie skarbowym deklaracji PIT, ale nie musi p\u0142aci\u0107 podatku.<\/p>\n\n\n\n<p>W 2023 roku do dochod\u00f3w uzyskanych w tym roku stosuje si\u0119 r\u00f3wnie\u017c <a href=\"https:\/\/www.profinfo.pl\/sklep\/polski-lad-obowiazki-platnikow-pit-od-2022-roku,160025.html?utm_source=blog&amp;utm_medium=link&amp;utm_campaign=Podatki+2023.+Planowane+zmiany%2C+co+warto+wiedzie%C4%87%3F&amp;utm_content=stawk%C4%99+podatku+wprowadzon%C4%85+w+2022+roku\">stawk\u0119 podatku wprowadzon\u0105 w 2022 roku<\/a>. Stawka podatku w pierwszym przedziale podatkowym wynosi 12% do kwoty 120 000 z\u0142 i 32% dla kwoty przekraczaj\u0105cej t\u0119 warto\u015b\u0107. Podstawa opodatkowania do kwoty 120 000 z\u0142 wynosi w\u00f3wczas 12% pomniejszona o kwot\u0119 redukuj\u0105c\u0105 podatek w wysoko\u015bci 3600 z\u0142. Dla kwoty przekraczaj\u0105cej 120 000 z\u0142 op\u0142ata wyniesie 10 800 z\u0142 + 32% dla kwoty przekraczaj\u0105cej 120 000 z\u0142.<\/p>\n\n\n\n<h2 class=\"wp-block-heading\"><span class=\"ez-toc-section\" id=\"Zmiana-opodatkowania-wynajmu-mieszkan-poza-dzialalnoscia-gospodarcza\"><\/span>Zmiana opodatkowania wynajmu mieszka\u0144 poza dzia\u0142alno\u015bci\u0105 gospodarcz\u0105<span class=\"ez-toc-section-end\"><\/span><\/h2>\n\n\n\n<p>Zmiany szykuj\u0105 si\u0119 r\u00f3wnie\u017c dla os\u00f3b uzyskuj\u0105cych <strong>dochody z prywatnego najmu<\/strong>. Od stycznia 2023 roku nie b\u0119d\u0105 mogli ju\u017c opodatkowa\u0107 tych dochod\u00f3w na zasadach og\u00f3lnych, a jedynie na zasadach rycza\u0142tu od przychod\u00f3w ewidencjonowanych. Oznacza to, \u017ce dochody z prywatnego najmu b\u0119d\u0105 opodatkowane wed\u0142ug wska\u017anika 8,5% lub 12,5% w przypadku dochod\u00f3w powy\u017cej 100 tys. z\u0142.<\/p>\n\n\n\n<figure class=\"wp-block-pullquote is-style-solid-color has-border-color\" style=\"border-color:#85bc20;border-style:dotted\"><blockquote><p><a href=\"https:\/\/www.profinfo.pl\/sklep\/podatki-finanse-i-rachunkowosc.html?utm_source=blog&amp;utm_medium=link&amp;utm_campaign=Podatki+2023.+Planowane+zmiany%2C+co+warto+wiedzie%C4%87%3F&amp;utm_content=Podatki+i+rachunkowo%C5%9B%C4%87\"><img decoding=\"async\" width=\"445\" height=\"94\" class=\"wp-image-2179\" style=\"width: 445px;\" src=\"https:\/\/www.profinfo.pl\/blog\/wp-content\/uploads\/2023\/01\/podatki-i-rachunkowosc.png\" alt=\"Podatki i rachunkowo\u015b\u0107\" title=\"\"><\/a><\/p><cite>Wi\u0119cej publikacji z zakresu podatk\u00f3w i rachunkowo\u015bci<\/cite><\/blockquote><\/figure>\n\n\n\n<p>Ponadto podatnicy nie b\u0119d\u0105 mogli ju\u017c odlicza\u0107 od tego dochodu koszt\u00f3w zwi\u0105zanych z wynajmem nieruchomo\u015bci, takich jak koszt remontu, amortyzacji czy odsetek hipotecznych. Wykluczenie prawa do amortyzacji dotyczy budynk\u00f3w mieszkalnych, lokali mieszkalnych, sp\u00f3\u0142dzielczych w\u0142asno\u015bciowych praw do lokali mieszkalnych oraz prawa do domu jednorodzinnego w sp\u00f3\u0142dzielni mieszkaniowej, kt\u00f3re s\u0105 wykorzystywane do prowadzenia dzia\u0142alno\u015bci gospodarczej lub wynajmowane albo dzier\u017cawione przez podatnik\u00f3w <a href=\"https:\/\/www.profinfo.pl\/hasla-lex\/podatek-dochodowy-od-osob-fizycznych,2816.html?utm_source=blog&amp;utm_medium=link&amp;utm_campaign=Podatki+2023.+Planowane+zmiany%2C+co+warto+wiedzie%C4%87%3F&amp;utm_content=podatku+dochodowego+od+os%C3%B3b+fizycznych+%28PIT%29\">podatku dochodowego od os\u00f3b fizycznych (PIT)<\/a> i <a href=\"https:\/\/www.profinfo.pl\/hasla-lex\/podatek-dochodowy-od-osob-prawnych,2817.html?utm_source=blog&amp;utm_medium=link&amp;utm_campaign=Podatki+2023.+Planowane+zmiany%2C+co+warto+wiedzie%C4%87%3F&amp;utm_content=podatku+dochodowego+od+os%C3%B3b+prawnych+%28CIT%29\">podatku dochodowego od os\u00f3b prawnych (CIT)<\/a>.<\/p>\n","protected":false},"excerpt":{"rendered":"<p>Ju\u017c teraz wiadomo, \u017ce rok 2023 przyniesie kolejne zmiany i obci\u0105\u017cenia w obszarze podatkowym, do kt\u00f3rych trzeba b\u0119dzie si\u0119 przygotowa\u0107. Dla podatnik\u00f3w b\u0119dzie to szereg zmian w PIT i CIT. Ponadto przedsi\u0119biorcy b\u0119d\u0105 p\u0142aci\u0107 wy\u017csze sk\u0142adki na ubezpieczenia spo\u0142eczne. Kolejny raz wzrosn\u0105 koszty energii, a tak\u017ce akcyza na alkohol i papierosy oraz podatki lokalne. Czego &hellip; <\/p>\n<p><a href=\"https:\/\/www.profinfo.pl\/blog\/podatki-planowane-zmiany-co-warto-wiedziec\/\" class=\"more-link\">Czytaj wi\u0119cej<span class=\"screen-reader-text\"> &#8222;Podatki 2023. Planowane zmiany, co warto wiedzie\u0107?&#8221;<\/span><\/a><\/p>\n","protected":false},"author":1,"featured_media":2182,"comment_status":"open","ping_status":"open","sticky":false,"template":"","format":"standard","meta":{"footnotes":""},"categories":[70,71],"tags":[117],"class_list":["post-2175","post","type-post","status-publish","format-standard","has-post-thumbnail","hentry","category-aktualnosci","category-porady","tag-podatki-i-rachunkowosc"],"_links":{"self":[{"href":"https:\/\/www.profinfo.pl\/blog\/wp-json\/wp\/v2\/posts\/2175","targetHints":{"allow":["GET"]}}],"collection":[{"href":"https:\/\/www.profinfo.pl\/blog\/wp-json\/wp\/v2\/posts"}],"about":[{"href":"https:\/\/www.profinfo.pl\/blog\/wp-json\/wp\/v2\/types\/post"}],"author":[{"embeddable":true,"href":"https:\/\/www.profinfo.pl\/blog\/wp-json\/wp\/v2\/users\/1"}],"replies":[{"embeddable":true,"href":"https:\/\/www.profinfo.pl\/blog\/wp-json\/wp\/v2\/comments?post=2175"}],"version-history":[{"count":6,"href":"https:\/\/www.profinfo.pl\/blog\/wp-json\/wp\/v2\/posts\/2175\/revisions"}],"predecessor-version":[{"id":2247,"href":"https:\/\/www.profinfo.pl\/blog\/wp-json\/wp\/v2\/posts\/2175\/revisions\/2247"}],"wp:featuredmedia":[{"embeddable":true,"href":"https:\/\/www.profinfo.pl\/blog\/wp-json\/wp\/v2\/media\/2182"}],"wp:attachment":[{"href":"https:\/\/www.profinfo.pl\/blog\/wp-json\/wp\/v2\/media?parent=2175"}],"wp:term":[{"taxonomy":"category","embeddable":true,"href":"https:\/\/www.profinfo.pl\/blog\/wp-json\/wp\/v2\/categories?post=2175"},{"taxonomy":"post_tag","embeddable":true,"href":"https:\/\/www.profinfo.pl\/blog\/wp-json\/wp\/v2\/tags?post=2175"}],"curies":[{"name":"wp","href":"https:\/\/api.w.org\/{rel}","templated":true}]}}