{"id":2186,"date":"2022-11-19T09:52:12","date_gmt":"2022-11-19T08:52:12","guid":{"rendered":"https:\/\/www.profinfo.pl\/blog\/?p=2186"},"modified":"2023-01-24T10:42:31","modified_gmt":"2023-01-24T09:42:31","slug":"podstawa-prawna-a-faktyczna-poznaj-definicje","status":"publish","type":"post","link":"https:\/\/www.profinfo.pl\/blog\/podstawa-prawna-a-faktyczna-poznaj-definicje\/","title":{"rendered":"Podstawa prawna a faktyczna. Poznaj definicje"},"content":{"rendered":"\n<p><strong>Przepisy prawne maj\u0105 s\u0142u\u017cy\u0107 zapewnieniu bezpiecze\u0144stwa i porz\u0105dku w spo\u0142ecze\u0144stwie. Warto zna\u0107 prawa i obowi\u0105zki swoje, jak i innych os\u00f3b \u2013 w ko\u0144cu jak m\u00f3wi \u0142aci\u0144ska maksyma &#8211; <em>Nieznajomo\u015b\u0107 prawa szkodzi. <\/em>Wiedza na temat regulacji jest przydatna w wielu r\u00f3\u017cnych okoliczno\u015bciach \u2013 nie tylko w przypadku wyst\u0105pienia na drog\u0119 s\u0105dow\u0105, ale r\u00f3wnie\u017c w bardziej codziennych sytuacjach \u2013 jak np. zatrzymanie kierowcy z powodu przekroczenia pr\u0119dko\u015bci. Istotnymi zagadnieniami s\u0105 podstawa prawna i faktyczna \u2013 poznaj ich definicje i dowiedz si\u0119, czym si\u0119 r\u00f3\u017cni\u0105.<\/strong><\/p>\n\n\n\n<!--more-->\n\n\n\n<h2 class=\"wp-block-heading\"><span class=\"ez-toc-section\" id=\"Czym-jest-podstawa-prawna\"><\/span>Czym jest podstawa prawna?<span class=\"ez-toc-section-end\"><\/span><\/h2>\n\n\n\n<p>W og\u00f3lnym rozumieniu podstawa prawna to przepis prawny lub zbi\u00f3r przepis\u00f3w wykazuj\u0105ce legalno\u015b\u0107 akt\u00f3w ni\u017cszego rz\u0119du, a tak\u017ce podj\u0119cia okre\u015blonych czynno\u015bci \u2013 bez wzgl\u0119du na to, czy chodzi o czynno\u015bci prawne, czy faktyczne. W przypadku braku podstawy prawnej dany akt nie mo\u017ce zosta\u0107 uznany za wa\u017cny, a czynno\u015bci za zasadne. Podstawa prawna definiuje zakres praw i obowi\u0105zk\u00f3w podmiot\u00f3w, co do kt\u00f3rych ma zastosowanie. Warto zauwa\u017cy\u0107, \u017ce w kontek\u015bcie post\u0119powania cywilnego za okre\u015blenie podstawy prawnej odpowiada s\u0105d, natomiast pow\u00f3d w ramach pozwu ma za zadanie przedstawi\u0107 podstaw\u0119 faktyczn\u0105, czyli jak m\u00f3wi art.187 <a href=\"https:\/\/www.profinfo.pl\/kodeks-postepowania-cywilnego-kpc?utm_source=blog&amp;utm_medium=link&amp;utm_campaign=Podstawa+prawna%2C+a+faktyczna.+Poznaj+definicje&amp;utm_content=Kodeksu+post%C4%99powania+cywilnego\">Kodeksu post\u0119powania cywilnego<\/a> &#8211; <em>przytoczy\u0107 okoliczno\u015bci faktyczne uzasadniaj\u0105ce \u017c\u0105danie, a w miar\u0119 potrzeby uzasadniaj\u0105ce r\u00f3wnie\u017c w\u0142a\u015bciwo\u015b\u0107 s\u0105du.<\/em><\/p>\n\n\n\n<p class=\"has-text-align-center has-cyan-bluish-gray-color has-text-color has-small-font-size\">Ksi\u0119garnia Profinfo.pl poleca:<\/p>\n\n\n\n<div class=\"wp-block-columns bordersd is-layout-flex wp-container-core-columns-is-layout-9d6595d7 wp-block-columns-is-layout-flex\">\n<div class=\"wp-block-column is-layout-flow wp-block-column-is-layout-flow\"><div class=\"wp-block-image is-style-default\">\n<figure class=\"aligncenter size-full is-resized\"><a href=\"https:\/\/www.profinfo.pl\/sklep\/kodeks-karny-kodeks-postepowania-karnego-kodeks-karny-wykonawczy-kodeks-karny-skarbowy-kodeks-wykroczen-kodeks-postepowania-w-sprawach-o-wykroczenia-wspieranie-i-resocjalizacja-nieletnich-swiadek-koronny,395149.html?utm_source=blog&amp;utm_medium=baner&amp;utm_campaign=Podstawa+prawna+a+faktyczna.+Poznaj+definicje&amp;utm_content=Zbi%C3%B3r+Karny+%2B+2023\"><img decoding=\"async\" src=\"https:\/\/www.profinfo.pl\/blog\/wp-content\/uploads\/2023\/01\/978-83-8328-330-2_.jpg.jpg\" alt=\"\" class=\"wp-image-2253\" width=\"250\" title=\"\"><\/a><figcaption class=\"wp-element-caption\"><a href=\"https:\/\/www.profinfo.pl\/sklep\/kodeks-karny-kodeks-postepowania-karnego-kodeks-karny-wykonawczy-kodeks-karny-skarbowy-kodeks-wykroczen-kodeks-postepowania-w-sprawach-o-wykroczenia-wspieranie-i-resocjalizacja-nieletnich-swiadek-koronny,395149.html?utm_source=blog&amp;utm_medium=link&amp;utm_campaign=Podstawa+prawna+a+faktyczna.+Poznaj+definicje&amp;utm_content=Zbi%C3%B3r+Karny+%2B+2023\">Zbi\u00f3r Karny + 2023<\/a><\/figcaption><\/figure>\n<\/div><\/div>\n\n\n\n<div class=\"wp-block-column is-layout-flow wp-block-column-is-layout-flow\"><div class=\"wp-block-image is-style-default\">\n<figure class=\"aligncenter size-full is-resized\"><a href=\"https:\/\/www.profinfo.pl\/sklep\/kodeks-cywilny-kodeks-postepowania-cywilnego-dochodzenie-roszczen-w-postepowaniu-grupowym-kodeks-rodzinny-i-opiekunczy-prawo-prywatne-miedzynarodowe-prawo-wlasciwe-dla-zobowiazan-umownych-rzym-i,400519.html?utm_source=blog&amp;utm_medium=baner&amp;utm_campaign=Podstawa+prawna+a+faktyczna.+Poznaj+definicje&amp;utm_content=Zbi%C3%B3r+Cywilny+%2B+2023\"><img decoding=\"async\" src=\"https:\/\/www.profinfo.pl\/blog\/wp-content\/uploads\/2023\/01\/978-83-8328-324-1_.jpg.jpg\" alt=\"\" class=\"wp-image-2254\" width=\"250\" height=\"0\" title=\"\"><\/a><figcaption class=\"wp-element-caption\"><a href=\"https:\/\/www.profinfo.pl\/sklep\/kodeks-cywilny-kodeks-postepowania-cywilnego-dochodzenie-roszczen-w-postepowaniu-grupowym-kodeks-rodzinny-i-opiekunczy-prawo-prywatne-miedzynarodowe-prawo-wlasciwe-dla-zobowiazan-umownych-rzym-i,400519.html?utm_source=blog&amp;utm_medium=link&amp;utm_campaign=Podstawa+prawna+a+faktyczna.+Poznaj+definicje&amp;utm_content=Zbi%C3%B3r+Cywilny+%2B+2023\">Zbi\u00f3r Cywilny + 2023<\/a><\/figcaption><\/figure>\n<\/div><\/div>\n<\/div>\n\n\n\n<h2 class=\"wp-block-heading\"><span class=\"ez-toc-section\" id=\"Podstawa-prawna-a-legitymowanie\"><\/span>Podstawa prawna a legitymowanie<span class=\"ez-toc-section-end\"><\/span><\/h2>\n\n\n\n<p>Dobrym przyk\u0142adem na to, w jakich okoliczno\u015bciach mo\u017cna spotka\u0107 si\u0119 z podstaw\u0105 prawn\u0105 i faktyczn\u0105, jest legitymowanie przez policjanta. Ta podstawowa czynno\u015b\u0107 policyjna tylko z pozoru jest nieskomplikowana, w rzeczywisto\u015bci jest obwarowana okre\u015blonymi regu\u0142ami. Legitymowanie stanowi czynno\u015b\u0107 administracyjno-porz\u0105dkow\u0105 i jest przeprowadzane w celu ustalenia lub potwierdzenia to\u017csamo\u015bci danej osoby. Ca\u0142a procedura i spos\u00f3b dzia\u0142ania opiera si\u0119 na przepisach prawnych, a jedn\u0105 z wa\u017cniejszych kwestii w tym zakresie jest podanie przez policjanta podstawy prawnej i faktycznej legitymowania. Spos\u00f3b legitymowania okre\u015bla Rozporz\u0105dzenie Rady Ministr\u00f3w z dnia 4 lutego 2020 r. &nbsp;w sprawie post\u0119powania przy wykonywaniu niekt\u00f3rych uprawnie\u0144 policjant\u00f3w (Dz. U. poz. 192 z p\u00f3\u017an. zm.) Do podstaw prawnych, stosowanych przez funkcjonariuszy policji nale\u017c\u0105 m.in.:<\/p>\n\n\n\n<ul class=\"wp-block-list\">\n<li>Ustawa z dnia 6 kwietnia 1990r. o Policji,<\/li>\n\n\n\n<li>Ustawa z dnia 20 czerwca 1997 r., Prawo o <a href=\"https:\/\/www.profinfo.pl\/hasla-lex\/ruch-drogowy,4030.html?utm_source=blog&amp;utm_medium=link&amp;utm_campaign=Podstawa+prawna%2C+a+faktyczna.+Poznaj+definicje&amp;utm_content=ruchu+drogowym\">ruchu drogowym<\/a>,<\/li>\n\n\n\n<li>Ustawa z dnia 12 grudnia 2013 r. o <a href=\"https:\/\/www.profinfo.pl\/hasla-lex\/cudzoziemcy,397.html?utm_source=blog&amp;utm_medium=link&amp;utm_campaign=Podstawa+prawna%2C+a+faktyczna.+Poznaj+definicje&amp;utm_content=cudzoziemcach\">cudzoziemcach<\/a>.<\/li>\n<\/ul>\n\n\n\n<p>Z kolei podstawa faktyczna w og\u00f3lnym rozumieniu to usprawiedliwiona spo\u0142ecznie przyczyna, pow\u00f3d podj\u0119cia konkretnych dzia\u0142a\u0144 w sytuacji, kt\u00f3r\u0105 dopuszczaj\u0105 przepisy prawne. W kontek\u015bcie przeprowadzenia procedury legitymowania funkcjonariusz mo\u017ce podj\u0105\u0107 tego rodzaju czynno\u015b\u0107 m.in. w celu:<\/p>\n\n\n\n<ul class=\"wp-block-list\">\n<li>zidentyfikowania podejrzanego lub podejrzanej o pope\u0142nienie przest\u0119pstwa,<\/li>\n\n\n\n<li>zidentyfikowania podejrzanego lub podejrzanej o pope\u0142nienie wykroczenia,<\/li>\n\n\n\n<li>konieczno\u015bci ustalenia \u015bwiadk\u00f3w zdarzenia,<\/li>\n\n\n\n<li>poszukiwania os\u00f3b zaginionych,<\/li>\n\n\n\n<li>poszukiwania os\u00f3b uciekaj\u0105cych przed wymiarem sprawiedliwo\u015bci.<\/li>\n<\/ul>\n\n\n\n<h2 class=\"wp-block-heading\"><span class=\"ez-toc-section\" id=\"Legitymowanie-%E2%80%93-obowiazki-policjanta\"><\/span>Legitymowanie &#8211; obowi\u0105zki policjanta<span class=\"ez-toc-section-end\"><\/span><\/h2>\n\n\n\n<p>Warto podkre\u015bli\u0107, \u017ce opr\u00f3cz praw przys\u0142uguj\u0105cych <a href=\"https:\/\/www.profinfo.pl\/hasla-lex\/policja,2945.html?utm_source=blog&amp;utm_medium=link&amp;utm_campaign=Podstawa+prawna%2C+a+faktyczna.+Poznaj+definicje&amp;utm_content=policjantom\">policjantom<\/a>, kt\u00f3rzy legitymuj\u0105 dan\u0105 osob\u0119, funkcjonariusze maj\u0105 w tym zakresie szereg obowi\u0105zk\u00f3w \u2013 co wa\u017cne, obowi\u0105zki te r\u00f3\u017cni\u0105 si\u0119 w zale\u017cno\u015bci od tego, czy odnosz\u0105 si\u0119 do dzia\u0142a\u0144 policjanta legitymuj\u0105cego, czy asekuruj\u0105cego. Wszelkie dzia\u0142ania podejmowane przez funkcjonariuszy policji powinny opiera\u0107 si\u0119 przede wszystkim na zasadach poszanowania godno\u015bci i praw cz\u0142owieka. Wykonywanie czynno\u015bci administracyjno-porz\u0105dkowej, jak\u0105 jest legitymowanie, wymaga od funkcjonariusza m.in. podania osobie legitymowanej swojego imienia, nazwiska, stopnia s\u0142u\u017cbowego, a w przypadku, gdy policjant nie ma munduru, r\u00f3wnie\u017c okazania legitymacji s\u0142u\u017cbowej. Funkcjonariusz musi poda\u0107 podstaw\u0119 faktyczn\u0105 czynno\u015bci, podstaw\u0119 prawn\u0105 podaje na wyra\u017ane \u017c\u0105danie osoby, wzgl\u0119dem kt\u00f3rej podj\u0119to czynno\u015b\u0107. Warto podkre\u015bli\u0107, \u017ce zar\u00f3wno rozpocz\u0119cie, jak i zako\u0144czenie czynno\u015bci oraz jej wynik powinien by\u0107 zg\u0142oszony do dy\u017curnego jednostki organizacyjnej policji.<\/p>\n","protected":false},"excerpt":{"rendered":"<p>Przepisy prawne maj\u0105 s\u0142u\u017cy\u0107 zapewnieniu bezpiecze\u0144stwa i porz\u0105dku w spo\u0142ecze\u0144stwie. Warto zna\u0107 prawa i obowi\u0105zki swoje, jak i innych os\u00f3b \u2013 w ko\u0144cu jak m\u00f3wi \u0142aci\u0144ska maksyma &#8211; Nieznajomo\u015b\u0107 prawa szkodzi. Wiedza na temat regulacji jest przydatna w wielu r\u00f3\u017cnych okoliczno\u015bciach \u2013 nie tylko w przypadku wyst\u0105pienia na drog\u0119 s\u0105dow\u0105, ale r\u00f3wnie\u017c w bardziej codziennych &hellip; <\/p>\n<p><a href=\"https:\/\/www.profinfo.pl\/blog\/podstawa-prawna-a-faktyczna-poznaj-definicje\/\" class=\"more-link\">Czytaj wi\u0119cej<span class=\"screen-reader-text\"> &#8222;Podstawa prawna a faktyczna. Poznaj definicje&#8221;<\/span><\/a><\/p>\n","protected":false},"author":1,"featured_media":2187,"comment_status":"open","ping_status":"open","sticky":false,"template":"","format":"standard","meta":{"footnotes":""},"categories":[71],"tags":[],"class_list":["post-2186","post","type-post","status-publish","format-standard","has-post-thumbnail","hentry","category-porady"],"_links":{"self":[{"href":"https:\/\/www.profinfo.pl\/blog\/wp-json\/wp\/v2\/posts\/2186","targetHints":{"allow":["GET"]}}],"collection":[{"href":"https:\/\/www.profinfo.pl\/blog\/wp-json\/wp\/v2\/posts"}],"about":[{"href":"https:\/\/www.profinfo.pl\/blog\/wp-json\/wp\/v2\/types\/post"}],"author":[{"embeddable":true,"href":"https:\/\/www.profinfo.pl\/blog\/wp-json\/wp\/v2\/users\/1"}],"replies":[{"embeddable":true,"href":"https:\/\/www.profinfo.pl\/blog\/wp-json\/wp\/v2\/comments?post=2186"}],"version-history":[{"count":9,"href":"https:\/\/www.profinfo.pl\/blog\/wp-json\/wp\/v2\/posts\/2186\/revisions"}],"predecessor-version":[{"id":2256,"href":"https:\/\/www.profinfo.pl\/blog\/wp-json\/wp\/v2\/posts\/2186\/revisions\/2256"}],"wp:featuredmedia":[{"embeddable":true,"href":"https:\/\/www.profinfo.pl\/blog\/wp-json\/wp\/v2\/media\/2187"}],"wp:attachment":[{"href":"https:\/\/www.profinfo.pl\/blog\/wp-json\/wp\/v2\/media?parent=2186"}],"wp:term":[{"taxonomy":"category","embeddable":true,"href":"https:\/\/www.profinfo.pl\/blog\/wp-json\/wp\/v2\/categories?post=2186"},{"taxonomy":"post_tag","embeddable":true,"href":"https:\/\/www.profinfo.pl\/blog\/wp-json\/wp\/v2\/tags?post=2186"}],"curies":[{"name":"wp","href":"https:\/\/api.w.org\/{rel}","templated":true}]}}