{"id":2351,"date":"2023-03-06T15:39:03","date_gmt":"2023-03-06T14:39:03","guid":{"rendered":"https:\/\/www.profinfo.pl\/blog\/?p=2351"},"modified":"2023-03-07T08:14:17","modified_gmt":"2023-03-07T07:14:17","slug":"az-30-zglaszanych-przestepstw-to-przestepstwa-gospodarcze","status":"publish","type":"post","link":"https:\/\/www.profinfo.pl\/blog\/az-30-zglaszanych-przestepstw-to-przestepstwa-gospodarcze\/","title":{"rendered":"A\u017c 30% zg\u0142aszanych przest\u0119pstw to przest\u0119pstwa gospodarcze \u2013 Inga Skowro\u0144ska"},"content":{"rendered":"\n<p>W 2021 r. Policja potwierdzi\u0142a pope\u0142nienie 224 775<a id=\"_ftnref1\" href=\"#_ftn1\"><sup>[1]<\/sup><\/a> przest\u0119pstw gospodarczych. Dla por\u00f3wnania w tym samym roku dosz\u0142o do pope\u0142nienia 70 727<a id=\"_ftnref2\" href=\"#_ftn2\"><sup>[2]<\/sup><\/a> przest\u0119pstw drogowych (czyli ponad trzykrotnie mniej ni\u017c przest\u0119pstw gospodarczych). Z kolei wszcz\u0119tych przez Policj\u0119 post\u0119powa\u0144 przygotowawczych w tym samym czasie by\u0142o 738 358<a id=\"_ftnref3\" href=\"#_ftn3\"><sup>[3]<\/sup><\/a>. Sprawy dotycz\u0105ce przest\u0119pstw gospodarczych stanowi\u0142y wi\u0119c <strong>ok. 30%<\/strong> post\u0119powa\u0144 prowadzonych przez jednostki Policji.<\/p>\n\n\n\n<!--more-->\n\n\n\n<p>Co wi\u0119cej, analiza danych statystycznych z lat 1999\u20132021 wskazuje na wzrostow\u0105 tendencj\u0119 pope\u0142nianych przest\u0119pstw gospodarczych w ka\u017cdym roku (w 1999 r. stwierdzono ich 60 393). Z rozwojem gospodarczym zwi\u0105zane jest bowiem ryzyko intensyfikacji zjawiska <strong>przest\u0119pczo\u015bci gospodarczej<\/strong>. Warto w tym wzgl\u0119dzie przytoczy\u0107 dane z 2020 r., w kt\u00f3rym to Policja stwierdzi\u0142a pope\u0142nienie 198 163 przest\u0119pstw gospodarczy. W kolejnym roku liczba tych przest\u0119pstw wzros\u0142a o 26 612 czyn\u00f3w zabronionych, a wi\u0119c prawie o 14%<a id=\"_ftnref4\" href=\"#_ftn4\"><sup>[4]<\/sup><\/a>.<\/p>\n\n\n\n<p>Powy\u017csze dane potwierdzaj\u0105 donios\u0142o\u015b\u0107 praktyczn\u0105 prawa karnego gospodarczego. Zauwa\u017caj\u0105 to szko\u0142y wy\u017csze i uniwersytety, wprowadzaj\u0105c w programach kszta\u0142cenia przedmioty zwi\u0105zane z t\u0105 tematyk\u0105.<\/p>\n\n\n\n<p>Zagadnienia z zakresu prawa karne gospodarczego s\u0105 omawiane w licznych specjalistycznych pozycjach: w artyku\u0142ach, komentarzach, monografiach czy te\u017c systemach prawa. Jednak je\u015bli chodzi o kompleksowe uj\u0119cie przedmiotu dla student\u00f3w, aplikant\u00f3w czy os\u00f3b pragn\u0105cych pozna\u0107 podstawowe zagadnienia z tego obszaru, to od 2007 roku<a id=\"_ftnref5\" href=\"#_ftn5\"><sup>[5]<\/sup><\/a> nie pojawi\u0142o si\u0119 \u017cadne opracowanie.<\/p>\n\n\n\n<figure class=\"wp-block-image alignwide size-full is-style-default bordersd\"><a href=\"https:\/\/www.profinfo.pl\/sklep\/prawo-karne-gospodarcze-przed-egzaminem,401293.html?utm_source=blog&amp;utm_medium=baner&amp;utm_campaign=A%C5%BC+30%25+zg%C5%82aszanych+przest%C4%99pstw+to+przest%C4%99pstwa+gospodarcze+%E2%80%93+Inga+Skowro%C5%84ska&amp;utm_content=Prawo+karne+gospodarcze.+Przed+egzaminem\"><img decoding=\"async\" width=\"821\" height=\"255\" src=\"https:\/\/www.profinfo.pl\/blog\/wp-content\/uploads\/2023\/03\/prawo-karne-gospodarcze-przed-egzaminem.png\" alt=\"Prawo karne gospodarcze. Przed egzaminem\" class=\"wp-image-2356\" title=\"\"><\/a><figcaption class=\"wp-element-caption\">Polecamy &#8222;<a href=\"https:\/\/www.profinfo.pl\/sklep\/prawo-karne-gospodarcze-przed-egzaminem,401293.html?utm_source=blog&amp;utm_medium=link&amp;utm_campaign=A%C5%BC+30%25+zg%C5%82aszanych+przest%C4%99pstw+to+przest%C4%99pstwa+gospodarcze+%E2%80%93+Inga+Skowro%C5%84ska&amp;utm_content=Prawo+karne+gospodarcze.+Przed+egzaminem\">Prawo karne gospodarcze. Przed egzaminem<\/a>&#8221; autorstwa Ingi Skowro\u0144skiej<\/figcaption><\/figure>\n\n\n\n<p>W odpowiedzi na t\u0119 potrzeb\u0119 powsta\u0142o kompendium: <a href=\"https:\/\/www.profinfo.pl\/sklep\/prawo-karne-gospodarcze-przed-egzaminem,401293.html?utm_source=blog&amp;utm_medium=link&amp;utm_campaign=A%C5%BC+30%25+zg%C5%82aszanych+przest%C4%99pstw+to+przest%C4%99pstwa+gospodarcze+%E2%80%93+Inga+Skowro%C5%84ska&amp;utm_content=Prawo+karne+gospodarcze.+Przed+egzaminem\"><strong>\u201ePrawo karne gospodarcze. Przed egzaminem\u201d<\/strong><\/a>. Ma przyjazn\u0105 formu\u0142\u0119 pyta\u0144 i odpowiedzi, co u\u0142atwia zaznajomienie si\u0119 z\u00a0materia\u0142em. Ksi\u0105\u017cka zawiera odniesienia zar\u00f3wno do funkcjonowania przepis\u00f3w w\u00a0praktyce orzeczniczej, jak i ich wp\u0142ywu na obr\u00f3t gospodarczy. Wzbogacona zosta\u0142a tak\u017ce o\u00a0infografiki, kt\u00f3re u\u0142atwiaj\u0105 zapami\u0119tywanie i zrozumienie tre\u015bci. Opracowanie to mo\u017ce wi\u0119c stanowi\u0107 istotne wsparcie w nauce prawa karnego gospodarczego.<\/p>\n\n\n\n<hr class=\"wp-block-separator has-alpha-channel-opacity is-style-dots\"\/>\n\n\n\n<p class=\"has-small-font-size\"><strong><a href=\"https:\/\/www.profinfo.pl\/autorzy\/inga-skowronska,98560.html?utm_source=blog&amp;utm_medium=link&amp;utm_campaign=A%C5%BC+30%25+zg%C5%82aszanych+przest%C4%99pstw+to+przest%C4%99pstwa+gospodarcze+%E2%80%93+Inga+Skowro%C5%84ska&amp;utm_content=Inga+Skowro%C5%84ska\">Inga Skowro\u0144ska<\/a><\/strong> \u2013 adwokat specjalizuj\u0105ca si\u0119 w sprawach karnych i wykroczeniowych oraz gospodarczych, wyk\u0142adowca na Uniwersytecie SWPS, Filia we Wroc\u0142awiu, szkoleniowiec; autorka portalu edukacyjnego o prawie \u2013 karalne.pl.<\/p>\n\n\n\n<hr class=\"wp-block-separator has-alpha-channel-opacity is-style-dots\"\/>\n\n\n\n<p class=\"has-small-font-size\"><a id=\"_ftn1\" href=\"#_ftnref1\">[1]<\/a> Dane dost\u0119pne: <a href=\"https:\/\/statystyka.policja.pl\/st\/przestepstwa-ogolem\/przestepstwa-gospodarcz\/122291,Przestepstwa-gospodarcze.html\" target=\"_blank\" rel=\"noreferrer noopener nofollow\">https:\/\/statystyka.policja.pl\/st\/przestepstwa-ogolem\/przestepstwa-gospodarcz\/122291,Przestepstwa-gospodarcze.html<\/a>, dost\u0119p online: 15.02.2023 r.<br><a id=\"_ftn2\" href=\"#_ftnref2\">[2]<\/a> Dane: <a href=\"https:\/\/statystyka.policja.pl\/st\/przestepstwa-ogolem\/przestepstwa-drogowe\/122282,Przestepstwa-drogowe.html\" target=\"_blank\" rel=\"noreferrer noopener nofollow\">https:\/\/statystyka.policja.pl\/st\/przestepstwa-ogole<\/a><a href=\"https:\/\/statystyka.policja.pl\/st\/przestepstwa-ogolem\/przestepstwa-drogowe\/122282,Przestepstwa-drogowe.html\" target=\"_blank\" rel=\"noreferrer noopener nofollow\">m\/przestepstwa-drogowe<\/a><a href=\"https:\/\/statystyka.policja.pl\/st\/przestepstwa-ogolem\/przestepstwa-drogowe\/122282,Przestepstwa-drogowe.html\" target=\"_blank\" rel=\"noreferrer noopener nofollow\">\/122282,Przestepstwa-drogowe.html<\/a>, dost\u0119p online: 15.10.2022 r.<br><a id=\"_ftn3\" href=\"#_ftnref3\">[3]<\/a> Dane dost\u0119pne: <a href=\"https:\/\/statystyka.policja.pl\/st\/przestepstwa-ogolem\/121940,Przestepstwa-ogolem.html\" target=\"_blank\" rel=\"noreferrer noopener nofollow\">https:\/\/statystyka.policja.pl\/st\/przestepstwa-ogolem\/121940,Przestepstwa-ogolem.html<\/a>, dost\u0119p online: 17.10.2022 r.<br><a id=\"_ftn4\" href=\"#_ftnref4\">[4]<\/a> Dane dost\u0119pne: <a href=\"https:\/\/statystyka.policja.pl\/st\/przestepstwa-ogolem\/przestepstwa-gospodarcz\/122291,Przestepstwa-gospodarcze.html\" target=\"_blank\" rel=\"noreferrer noopener nofollow\">https:\/\/statystyka.policja.pl\/st\/przestepstwa-ogolem\/przestepstwa-gospodarcz\/122291,Przestepstwa-gospodarcze.html<\/a>, dost\u0119p online: 15.02.2023 r.<br><a id=\"_ftn5\" href=\"#_ftnref5\">[5]<\/a> Pozycje to: J. Skorupka, <em>Prawo karne gospodarcze. Zarys wyk\u0142adu<\/em>, Warszawa 2007, R. Zaw\u0142ocki, <em>Prawo<\/em> <em>karne gospodarcze. Zarys prawa<\/em>, Warszawa 2007.<\/p>\n","protected":false},"excerpt":{"rendered":"<p>W 2021 r. Policja potwierdzi\u0142a pope\u0142nienie 224 775[1] przest\u0119pstw gospodarczych. Dla por\u00f3wnania w tym samym roku dosz\u0142o do pope\u0142nienia 70 727[2] przest\u0119pstw drogowych (czyli ponad trzykrotnie mniej ni\u017c przest\u0119pstw gospodarczych). Z kolei wszcz\u0119tych przez Policj\u0119 post\u0119powa\u0144 przygotowawczych w tym samym czasie by\u0142o 738 358[3]. Sprawy dotycz\u0105ce przest\u0119pstw gospodarczych stanowi\u0142y wi\u0119c ok. 30% post\u0119powa\u0144 prowadzonych przez &hellip; <\/p>\n<p><a href=\"https:\/\/www.profinfo.pl\/blog\/az-30-zglaszanych-przestepstw-to-przestepstwa-gospodarcze\/\" class=\"more-link\">Czytaj wi\u0119cej<span class=\"screen-reader-text\"> &#8222;A\u017c 30% zg\u0142aszanych przest\u0119pstw to przest\u0119pstwa gospodarcze \u2013 Inga Skowro\u0144ska&#8221;<\/span><\/a><\/p>\n","protected":false},"author":1,"featured_media":2354,"comment_status":"open","ping_status":"open","sticky":false,"template":"","format":"standard","meta":{"footnotes":""},"categories":[70],"tags":[],"class_list":["post-2351","post","type-post","status-publish","format-standard","has-post-thumbnail","hentry","category-aktualnosci"],"_links":{"self":[{"href":"https:\/\/www.profinfo.pl\/blog\/wp-json\/wp\/v2\/posts\/2351","targetHints":{"allow":["GET"]}}],"collection":[{"href":"https:\/\/www.profinfo.pl\/blog\/wp-json\/wp\/v2\/posts"}],"about":[{"href":"https:\/\/www.profinfo.pl\/blog\/wp-json\/wp\/v2\/types\/post"}],"author":[{"embeddable":true,"href":"https:\/\/www.profinfo.pl\/blog\/wp-json\/wp\/v2\/users\/1"}],"replies":[{"embeddable":true,"href":"https:\/\/www.profinfo.pl\/blog\/wp-json\/wp\/v2\/comments?post=2351"}],"version-history":[{"count":8,"href":"https:\/\/www.profinfo.pl\/blog\/wp-json\/wp\/v2\/posts\/2351\/revisions"}],"predecessor-version":[{"id":2361,"href":"https:\/\/www.profinfo.pl\/blog\/wp-json\/wp\/v2\/posts\/2351\/revisions\/2361"}],"wp:featuredmedia":[{"embeddable":true,"href":"https:\/\/www.profinfo.pl\/blog\/wp-json\/wp\/v2\/media\/2354"}],"wp:attachment":[{"href":"https:\/\/www.profinfo.pl\/blog\/wp-json\/wp\/v2\/media?parent=2351"}],"wp:term":[{"taxonomy":"category","embeddable":true,"href":"https:\/\/www.profinfo.pl\/blog\/wp-json\/wp\/v2\/categories?post=2351"},{"taxonomy":"post_tag","embeddable":true,"href":"https:\/\/www.profinfo.pl\/blog\/wp-json\/wp\/v2\/tags?post=2351"}],"curies":[{"name":"wp","href":"https:\/\/api.w.org\/{rel}","templated":true}]}}