{"id":2464,"date":"2023-04-05T13:37:41","date_gmt":"2023-04-05T11:37:41","guid":{"rendered":"https:\/\/www.profinfo.pl\/blog\/?p=2464"},"modified":"2024-01-03T09:19:33","modified_gmt":"2024-01-03T08:19:33","slug":"ulga-na-zle-dlugi-krok-po-kroku-warunki-skorzystania-z-ulgi-dot-vat-i-cit","status":"publish","type":"post","link":"https:\/\/www.profinfo.pl\/blog\/ulga-na-zle-dlugi-krok-po-kroku-warunki-skorzystania-z-ulgi-dot-vat-i-cit\/","title":{"rendered":"Ulga na z\u0142e d\u0142ugi &#8211; krok po kroku. Warunki skorzystania z ulgi dot. VAT i CIT"},"content":{"rendered":"\n<p><strong>Ulga na z\u0142e d\u0142ugi to spos\u00f3b na odzyskanie podatku od niezap\u0142aconych faktur przychodowych. Mo\u017cna z niej skorzysta\u0107, je\u017celi jest si\u0119 podatnikiem podatku VAT oraz podatku dochodowego PIT lub CIT. Czynny podatnik VAT mo\u017ce skorzysta\u0107 z prawa do ulgi na z\u0142e d\u0142ugi w rozliczeniu za okres, w kt\u00f3rym nie\u015bci\u0105galno\u015b\u0107 wierzytelno\u015bci uznaje si\u0119 za uprawdopodobnion\u0105 i gdy od daty wystawienia faktury dokumentuj\u0105cej wierzytelno\u015b\u0107 nie up\u0142yn\u0119\u0142y 3 lata, licz\u0105c od ko\u0144ca roku, w kt\u00f3rym zosta\u0142a wystawiona. Ulga na z\u0142e d\u0142ugi w PIT i CIT ma na celu popraw\u0119 p\u0142ynno\u015bci finansowej przedsi\u0119biorstw zahamowanej cz\u0119sto przez kontrahent\u00f3w, kt\u00f3rzy nabywaj\u0105 us\u0142ugi\/towary, lecz nie reguluj\u0105 zobowi\u0105za\u0144 finansowych za nie.<\/strong><\/p>\n\n\n\n<!--more-->\n\n\n\n<h2 class=\"wp-block-heading\"><span class=\"ez-toc-section\" id=\"Dla-kogo-ulga-na-zle-dlugi-w-VAT\"><\/span>Dla kogo ulga na z\u0142e d\u0142ugi w VAT?<span class=\"ez-toc-section-end\"><\/span><\/h2>\n\n\n\n<p>Zgodnie z art. 89a ust. 1 i ust. 1a Ustawy z dnia 11 marca 2004 r. o podatku od towar\u00f3w i us\u0142ug Dz. U. z 2022 poz. 931, podatnik mo\u017ce skorygowa\u0107 podstaw\u0119 opodatkowania oraz podatek nale\u017cny z tytu\u0142u dostawy towar\u00f3w lub us\u0142ug w przypadku wierzytelno\u015bci, kt\u00f3rych nie\u015bci\u0105galno\u015b\u0107 zosta\u0142a uprawdopodobniona.<\/p>\n\n\n\n<p>Korekta podatku obejmuje r\u00f3wnie\u017c podstawy opodatkowania i kwoty podatku przypadaj\u0105cej na cz\u0119\u015b\u0107 kwoty wierzytelno\u015bci, kt\u00f3rej nie\u015bci\u0105galno\u015b\u0107 zosta\u0142a uprawdopodobniona. Nie\u015bci\u0105galno\u015b\u0107 wierzytelno\u015bci uwa\u017ca si\u0119 za uprawdopodobnion\u0105 w sytuacji, gdy wierzytelno\u015b\u0107 nie zosta\u0142a uregulowana lub zbyta w ci\u0105gu 90 dni od dnia up\u0142ywu terminu jej p\u0142atno\u015bci okre\u015blonego w umowie lub na fakturze.<\/p>\n\n\n\n<figure class=\"wp-block-image alignwide size-full is-style-default bordersd\"><a href=\"https:\/\/www.profinfo.pl\/sklep\/pakiet-vat-2023,376744.html?utm_source=blog&amp;utm_medium=baner&amp;utm_campaign=Ulga+na+z%C5%82e+d%C5%82ugi+-+krok+po+kroku.+Warunki+skorzystania+z+ulgi+dot.+VAT+i+CIT&amp;utm_content=VAT.+Komentarz+2023+%2B+Raport+specjalny\"><img decoding=\"async\" width=\"800\" height=\"258\" src=\"https:\/\/www.profinfo.pl\/blog\/wp-content\/uploads\/2023\/05\/vat-komentarz-2023.png\" alt=\"VAT. Komentarz 2023 + Raport specjalny\" class=\"wp-image-2471\" title=\"\"><\/a><figcaption class=\"wp-element-caption\">&#8222;<a href=\"https:\/\/www.profinfo.pl\/sklep\/pakiet-vat-2023,376744.html?utm_source=blog&amp;utm_medium=link&amp;utm_campaign=Ulga+na+z%C5%82e+d%C5%82ugi+-+krok+po+kroku.+Warunki+skorzystania+z+ulgi+dot.+VAT+i+CIT&amp;utm_content=VAT.+Komentarz+2023+%2B+Raport+specjalny\">VAT. Komentarz 2023 + Raport specjalny<\/a>&#8221; autorstwa Adama Bartosiewicza<\/figcaption><\/figure>\n\n\n\n<p>Aby skorzysta\u0107 z ulgi na z\u0142e d\u0142ugi, wierzyciel musi spe\u0142ni\u0107 warunki wymienione w art. 89a ust. 2 ustawy o VAT:<\/p>\n\n\n\n<ul class=\"wp-block-list\">\n<li>na dzie\u0144 poprzedzaj\u0105cy dzie\u0144 z\u0142o\u017cenia <a href=\"https:\/\/www.profinfo.pl\/hasla-lex\/deklaracje-podatkowe,502.html?utm_source=blog&amp;utm_medium=link&amp;utm_campaign=Ulga+na+z%C5%82e+d%C5%82ugi+-+krok+po+kroku.+Warunki+skorzystania+z+ulgi+dot.+VAT+i+CIT&amp;utm_content=deklaracji+podatkowej\">deklaracji podatkowej<\/a>, w kt\u00f3rej dokonuje si\u0119 korekty w ramach ulgi na z\u0142e d\u0142ugi<\/li>\n\n\n\n<li>od daty wystawienia faktury dokumentuj\u0105cej wierzytelno\u015b\u0107 nie up\u0142yn\u0119\u0142y 3 lata, licz\u0105c od ko\u0144ca roku, w kt\u00f3rym zosta\u0142a wystawiona<\/li>\n<\/ul>\n\n\n\n<p>W przypadku dostawy towaru lub \u015bwiadczenia us\u0142ug dokonanych na rzecz podmiotu innego ni\u017c podatnik VAT czynny, czyli na rzecz konsumenta lub podatnika zwolnionego z VAT, w my\u015bl art. 89a ust. 2a ustawy o <a href=\"https:\/\/www.profinfo.pl\/hasla-lex\/podatek-od-towarow-i-uslug,2837.html?utm_source=blog&amp;utm_medium=link&amp;utm_campaign=Ulga+na+z%C5%82e+d%C5%82ugi+-+krok+po+kroku.+Warunki+skorzystania+z+ulgi+dot.+VAT+i+CIT&amp;utm_content=VAT\">VAT<\/a>, korekta opodatkowania mo\u017ce zosta\u0107 dokonana, je\u017celi:<\/p>\n\n\n\n<ol class=\"wp-block-list\" type=\"1\">\n<li>wierzytelno\u015b\u0107 zosta\u0142a potwierdzona prawomocnym orzeczeniem s\u0105du i skierowana na drog\u0119 post\u0119powania egzekucyjnego lub<\/li>\n\n\n\n<li>wierzytelno\u015b\u0107 zosta\u0142a wpisana do rejestru d\u0142ug\u00f3w prowadzonego na poziomie krajowym, lub<\/li>\n\n\n\n<li>wobec d\u0142u\u017cnika og\u0142oszono upad\u0142o\u015b\u0107 konsumenck\u0105 na podstawie odr\u0119bnych przepis\u00f3w<\/li>\n<\/ol>\n\n\n<div class=\"wp-block-image is-style-default\">\n<figure class=\"aligncenter size-full\"><img decoding=\"async\" width=\"756\" height=\"505\" src=\"https:\/\/www.profinfo.pl\/blog\/wp-content\/uploads\/2023\/05\/dla-kogo-ulga-na-zle-dlugi-w-vat.png\" alt=\"Dla kogo ulga na z\u0142e d\u0142ugi w VAT?\" class=\"wp-image-2468\" title=\"\"><\/figure>\n<\/div>\n\n\n<h2 class=\"wp-block-heading\"><span class=\"ez-toc-section\" id=\"Obligatoryjna-korekta-u-dluznika\"><\/span>Obligatoryjna korekta u d\u0142u\u017cnika<span class=\"ez-toc-section-end\"><\/span><\/h2>\n\n\n\n<p>W przypadku niezap\u0142acenia faktury za dostaw\u0119 towar\u00f3w lub \u015bwiadczenie us\u0142ug na terytorium RP w terminie 90 dni od dnia up\u0142ywu terminu jej p\u0142atno\u015bci okre\u015blonego w umowie lub na fakturze d\u0142u\u017cnik ma obowi\u0105zek korekty odliczonej kwoty podatku wynikaj\u0105cej z tej faktury w rozliczeniu za okres, w kt\u00f3rym up\u0142yn\u0105\u0142 90. dzie\u0144 od dnia up\u0142ywu terminu p\u0142atno\u015bci okre\u015blonego w umowie lub na fakturze. Taka korekta nie jest konieczna w sytuacji, gdy ureguluje nale\u017cno\u015b\u0107 najp\u00f3\u017aniej w ostatnim dniu okresu rozliczeniowego, w kt\u00f3rym up\u0142yn\u0105\u0142 90. dzie\u0144 od dnia up\u0142ywu terminu p\u0142atno\u015bci tego zobowi\u0105zania.<\/p>\n\n\n\n<p>Natomiast, gdy d\u0142u\u017cnik ureguluje nale\u017cno\u015bci po dokonaniu tej korekty, ma on prawo do zwi\u0119kszenia kwoty podatku naliczonego w rozliczeniu za okres, w kt\u00f3rym nale\u017cno\u015b\u0107 uregulowano. W przypadku cz\u0119\u015bciowego uregulowania nale\u017cno\u015bci podatek naliczony mo\u017ce zosta\u0107 zwi\u0119kszony w odniesieniu do tej cz\u0119\u015bci.<\/p>\n\n\n\n<h2 class=\"wp-block-heading\"><span class=\"ez-toc-section\" id=\"Ulga-na-zle-dlugi-w-przypadku-PIT-i-CIT\"><\/span>Ulga na z\u0142e d\u0142ugi w przypadku PIT i CIT<span class=\"ez-toc-section-end\"><\/span><\/h2>\n\n\n\n<p>Mechanizm dzia\u0142ania ulgi na z\u0142e d\u0142ugi w przypadku PIT i CIT jest zbli\u017cony do tego w ramach VAT. Posiada jednak niewielkie rozbie\u017cno\u015bci. Podstaw\u0119 opodatkowania mo\u017cna zmniejszy\u0107 o warto\u015b\u0107 wynikaj\u0105c\u0105 z nieop\u0142aconych przez 90 dni od up\u0142ywu terminu p\u0142atno\u015bci faktur i um\u00f3w.<\/p>\n\n\n\n<p>Ulga wesz\u0142a w \u017cycie na mocy ustawy o zmianie niekt\u00f3rych ustaw w celu ograniczenia zator\u00f3w p\u0142atniczych od 1 stycznia 2020 roku i dotyczy podatnik\u00f3w <a href=\"https:\/\/www.profinfo.pl\/hasla-lex\/podatek-dochodowy-od-osob-prawnych,2817.html?utm_source=blog&amp;utm_medium=link&amp;utm_campaign=Ulga+na+z%C5%82e+d%C5%82ugi+-+krok+po+kroku.+Warunki+skorzystania+z+ulgi+dot.+VAT+i+CIT&amp;utm_content=podatku+dochodowego+od+os%C3%B3b+prawnych+%28CIT%29\">podatku dochodowego od os\u00f3b prawnych (CIT)<\/a> i <a href=\"https:\/\/www.profinfo.pl\/hasla-lex\/podatek-dochodowy-od-osob-fizycznych,2816.html?utm_source=blog&amp;utm_medium=link&amp;utm_campaign=Ulga+na+z%C5%82e+d%C5%82ugi+-+krok+po+kroku.+Warunki+skorzystania+z+ulgi+dot.+VAT+i+CIT&amp;utm_content=podatku+dochodowego+od+os%C3%B3b+fizycznych+%28PIT%29\">podatku dochodowego od os\u00f3b fizycznych (PIT)<\/a>.<\/p>\n\n\n\n<figure class=\"wp-block-image alignwide size-full is-style-default bordersd\"><a href=\"https:\/\/www.profinfo.pl\/sklep\/pit-komentarz-2023,340090.html?utm_source=blog&amp;utm_medium=banner&amp;utm_campaign=Ulga+na+z%C5%82e+d%C5%82ugi+-+krok+po+kroku.+Warunki+skorzystania+z+ulgi+dot.+VAT+i+CIT&amp;utm_content=PIT.+Komentarz+2023\"><img decoding=\"async\" width=\"816\" height=\"239\" src=\"https:\/\/www.profinfo.pl\/blog\/wp-content\/uploads\/2023\/05\/pit-komentarz-2023.png\" alt=\"PIT. Komentarz 2023\" class=\"wp-image-2477\" title=\"\"><\/a><figcaption class=\"wp-element-caption\">&#8222;<a href=\"https:\/\/www.profinfo.pl\/sklep\/pit-komentarz-2023,340090.html?utm_source=blog&amp;utm_medium=link&amp;utm_campaign=Ulga+na+z%C5%82e+d%C5%82ugi+-+krok+po+kroku.+Warunki+skorzystania+z+ulgi+dot.+VAT+i+CIT&amp;utm_content=PIT.+Komentarz+2023\">PIT. Komentarz 2023<\/a>&#8221; autorstwa Moniki Brzostowskiej oraz Patrycji Kubiesa<\/figcaption><\/figure>\n\n\n\n<p>Aby uwzgl\u0119dni\u0107 ulg\u0119 na z\u0142e d\u0142ugi w rozliczeniu PIT i CIT, musz\u0105 zosta\u0107 spe\u0142nione wszystkie 3 warunki:<\/p>\n\n\n\n<ul class=\"wp-block-list\">\n<li>d\u0142u\u017cnik na ostatni dzie\u0144 miesi\u0105ca poprzedzaj\u0105cego miesi\u0105c, w kt\u00f3rym wierzyciel sk\u0142ada zeznanie podatkowe, nie mo\u017ce by\u0107 w trakcie post\u0119powania restrukturyzacyjnego, upad\u0142o\u015bciowego lub likwidacji<\/li>\n\n\n\n<li>nie min\u0119\u0142y 2 lata, licz\u0105c od ko\u0144ca roku kalendarzowego, w kt\u00f3rym wierzyciel wystawi\u0142 faktur\u0119 lub zawar\u0142 umow\u0119. Okres ten liczony jest od ostatniej czynno\u015bci, kt\u00f3ra nast\u0105pi\u0142a.<\/li>\n\n\n\n<li>faktura lub umowa, na kt\u00f3r\u0105 ma by\u0107 naliczona ulga, jest zawarta przez podatnik\u00f3w, kt\u00f3rych przychody s\u0105 opodatkowane w Polsce<\/li>\n<\/ul>\n\n\n\n<p>W przypadku niespe\u0142nienia kt\u00f3regokolwiek z wy\u017cej wymienionych warunk\u00f3w wierzyciel nie mo\u017ce zastosowa\u0107 ulgi na z\u0142e d\u0142ugi.<\/p>\n\n\n\n<p>W my\u015bl przepis\u00f3w Ustawy z dnia 26 lipca 1991 r. o podatku dochodowym od os\u00f3b fizycznych Dz.U.2022.2647 (art. 26i ust. 1) oraz Ustawy z dnia 15 lutego 1992 r. o podatku dochodowym od os\u00f3b prawnych Dz.U.2022.2587 (art. 18f ust. 1) podstawa obliczenia podatku dochodowego:<\/p>\n\n\n\n<ul class=\"wp-block-list\">\n<li>mo\u017ce by\u0107 zmniejszona o zaliczan\u0105 do przychod\u00f3w nale\u017cnych warto\u015b\u0107 wierzytelno\u015bci o zap\u0142at\u0119 \u015bwiadczenia pieni\u0119\u017cnego w rozumieniu art. 4 pkt 1a ustawy o przeciwdzia\u0142aniu nadmiernym op\u00f3\u017anieniom, kt\u00f3ra nie zosta\u0142a uregulowana lub zbyta, przy czym zmniejszenia dokonuje si\u0119 w zeznaniu podatkowym sk\u0142adanym za <a href=\"https:\/\/www.profinfo.pl\/hasla-lex\/rok-podatkowy,3965.html?utm_source=blog&amp;utm_medium=link&amp;utm_campaign=Ulga+na+z%C5%82e+d%C5%82ugi+-+krok+po+kroku.+Warunki+skorzystania+z+ulgi+dot.+VAT+i+CIT&amp;utm_content=rok+podatkowy\">rok podatkowy<\/a>, w kt\u00f3rym up\u0142yn\u0119\u0142o 90 dni od dnia up\u0142ywu terminu zap\u0142aty okre\u015blonego na fakturze (rachunku) lub w umowie<\/li>\n\n\n\n<li>podlega zwi\u0119kszeniu o zaliczan\u0105 do koszt\u00f3w uzyskania przychod\u00f3w warto\u015b\u0107 zobowi\u0105zania do zap\u0142aty \u015bwiadczenia pieni\u0119\u017cnego w rozumieniu art. 4 pkt 1a ustawy o przeciwdzia\u0142aniu nadmiernym op\u00f3\u017anieniom, kt\u00f3re nie zosta\u0142o uregulowane, przy czym zwi\u0119kszenia dokonuje si\u0119 w zeznaniu podatkowym sk\u0142adanym za rok podatkowy, w kt\u00f3rym up\u0142yn\u0119\u0142o 90 dni od dnia up\u0142ywu terminu zap\u0142aty okre\u015blonego na fakturze (rachunku) lub w umowie<\/li>\n<\/ul>\n\n\n\n<blockquote class=\"wp-block-quote is-style-default is-layout-flow wp-block-quote-is-layout-flow\">\n<p class=\"has-medium-font-size\">Ulga za z\u0142e d\u0142ugi w podatku dochodowym ma zastosowanie do transakcji handlowych, dla kt\u00f3rych termin zap\u0142aty up\u0142yn\u0105\u0142 po 31 grudnia 2019 roku.<\/p>\n<\/blockquote>\n\n\n\n<p>Zastosowanie ulgi na z\u0142e d\u0142ugi jest mo\u017cliwe (po stronie sprzedawcy) lub konieczne (po stronie nabywcy) w zaliczce na podatek dochodowy wyliczanej za okres, w kt\u00f3rym up\u0142yn\u0105\u0142 termin 90 dni, licz\u0105c od momentu p\u0142atno\u015bci wskazanej na fakturze, rachunku lub umowie.<\/p>\n","protected":false},"excerpt":{"rendered":"<p>Ulga na z\u0142e d\u0142ugi to spos\u00f3b na odzyskanie podatku od niezap\u0142aconych faktur przychodowych. Mo\u017cna z niej skorzysta\u0107, je\u017celi jest si\u0119 podatnikiem podatku VAT oraz podatku dochodowego PIT lub CIT. Czynny podatnik VAT mo\u017ce skorzysta\u0107 z prawa do ulgi na z\u0142e d\u0142ugi w rozliczeniu za okres, w kt\u00f3rym nie\u015bci\u0105galno\u015b\u0107 wierzytelno\u015bci uznaje si\u0119 za uprawdopodobnion\u0105 i gdy &hellip; <\/p>\n<p><a href=\"https:\/\/www.profinfo.pl\/blog\/ulga-na-zle-dlugi-krok-po-kroku-warunki-skorzystania-z-ulgi-dot-vat-i-cit\/\" class=\"more-link\">Czytaj wi\u0119cej<span class=\"screen-reader-text\"> &#8222;Ulga na z\u0142e d\u0142ugi &#8211; krok po kroku. Warunki skorzystania z ulgi dot. VAT i CIT&#8221;<\/span><\/a><\/p>\n","protected":false},"author":1,"featured_media":2474,"comment_status":"open","ping_status":"open","sticky":false,"template":"","format":"standard","meta":{"footnotes":""},"categories":[71],"tags":[117],"class_list":["post-2464","post","type-post","status-publish","format-standard","has-post-thumbnail","hentry","category-porady","tag-podatki-i-rachunkowosc"],"_links":{"self":[{"href":"https:\/\/www.profinfo.pl\/blog\/wp-json\/wp\/v2\/posts\/2464","targetHints":{"allow":["GET"]}}],"collection":[{"href":"https:\/\/www.profinfo.pl\/blog\/wp-json\/wp\/v2\/posts"}],"about":[{"href":"https:\/\/www.profinfo.pl\/blog\/wp-json\/wp\/v2\/types\/post"}],"author":[{"embeddable":true,"href":"https:\/\/www.profinfo.pl\/blog\/wp-json\/wp\/v2\/users\/1"}],"replies":[{"embeddable":true,"href":"https:\/\/www.profinfo.pl\/blog\/wp-json\/wp\/v2\/comments?post=2464"}],"version-history":[{"count":5,"href":"https:\/\/www.profinfo.pl\/blog\/wp-json\/wp\/v2\/posts\/2464\/revisions"}],"predecessor-version":[{"id":2478,"href":"https:\/\/www.profinfo.pl\/blog\/wp-json\/wp\/v2\/posts\/2464\/revisions\/2478"}],"wp:featuredmedia":[{"embeddable":true,"href":"https:\/\/www.profinfo.pl\/blog\/wp-json\/wp\/v2\/media\/2474"}],"wp:attachment":[{"href":"https:\/\/www.profinfo.pl\/blog\/wp-json\/wp\/v2\/media?parent=2464"}],"wp:term":[{"taxonomy":"category","embeddable":true,"href":"https:\/\/www.profinfo.pl\/blog\/wp-json\/wp\/v2\/categories?post=2464"},{"taxonomy":"post_tag","embeddable":true,"href":"https:\/\/www.profinfo.pl\/blog\/wp-json\/wp\/v2\/tags?post=2464"}],"curies":[{"name":"wp","href":"https:\/\/api.w.org\/{rel}","templated":true}]}}