{"id":2627,"date":"2023-09-01T15:31:11","date_gmt":"2023-09-01T13:31:11","guid":{"rendered":"https:\/\/www.profinfo.pl\/blog\/?p=2627"},"modified":"2023-09-18T09:39:44","modified_gmt":"2023-09-18T07:39:44","slug":"dyrektor-szkoly-09-2023","status":"publish","type":"post","link":"https:\/\/www.profinfo.pl\/blog\/dyrektor-szkoly-09-2023\/","title":{"rendered":"Dyrektor Szko\u0142y &#8211; 09\/2023"},"content":{"rendered":"\n<p>WE WRZE\u015aNIOWYM NUMERZE \u201eDYREKTORA SZKO\u0141Y\u201d M.IN.:<\/p>\n\n\n\n<pre class=\"wp-block-preformatted\"><strong>Dla prenumerator\u00f3w: \u201eGazetka dla Rodzic\u00f3w\u201d i kalendarz biurkowy<\/strong><\/pre>\n\n\n\n<h2 class=\"wp-block-heading\"><span class=\"ez-toc-section\" id=\"Wrzesniowe-zmiany-w-prawie-Monika-Sewastianowicz-%E2%80%93-radca-prawny\"><\/span>Wrze\u015bniowe zmiany w prawie (Monika Sewastianowicz \u2013 radca prawny)<span class=\"ez-toc-section-end\"><\/span><\/h2>\n\n\n\n<p>Doprecyzowanie przepis\u00f3w o ocenianiu nauczycieli i przywr\u00f3cenie im prawa do wcze\u015bniejszej emerytury, jednorazowy dodatek na Dzie\u0144 Edukacji Narodowej oraz laptopy dla ka\u017cdego czwartoklasisty \u2013 to najwa\u017cniejsze nowo\u015bci na pocz\u0105tek roku szkolnego 2023\/2024.<\/p>\n\n\n\n<!--more-->\n\n\n\n<h2 class=\"wp-block-heading\"><span class=\"ez-toc-section\" id=\"Jak-osiagnac-dyrektorski-sukces-Malgorzata-Pomianowska-%E2%80%93-redaktor-naczelna-%E2%80%9EDyrektora-Szkoly%E2%80%9D\"><\/span>Jak osi\u0105gn\u0105\u0107 dyrektorski sukces? (Ma\u0142gorzata Pomianowska \u2013 redaktor naczelna \u201eDyrektora Szko\u0142y\u201d)<span class=\"ez-toc-section-end\"><\/span><\/h2>\n\n\n\n<p>Bezcennym wsparciem dla dyrektor\u00f3w, zw\u0142aszcza rozpoczynaj\u0105cych karier\u0119 na tym stanowisku, s\u0105 rady i wskaz\u00f3wki lider\u00f3w edukacyjnych, kt\u00f3rzy osi\u0105gn\u0119li znacz\u0105ce sukcesy. W artykule wypowiadaj\u0105 si\u0119 laureaci konkursu Super Dyrektor.<\/p>\n\n\n\n<div class=\"wp-block-columns alignwide is-layout-flex wp-container-core-columns-is-layout-9d6595d7 wp-block-columns-is-layout-flex\">\n<div class=\"wp-block-column is-layout-flow wp-block-column-is-layout-flow\" style=\"flex-basis:33.33%\">\n<figure class=\"wp-block-image size-full is-style-default\"><a href=\"https:\/\/www.profinfo.pl\/sklep\/dyrektor-szkoly,7340,r,2023,nr,9.html?utm_source=blog&amp;utm_medium=baner&amp;utm_campaign=Dyrektor+Szko%C5%82y+-+09%2F2023&amp;utm_content=Dyrektor+Szko%C5%82y+%E2%80%93+nr+09%2F2023\"><img decoding=\"async\" width=\"800\" height=\"1126\" src=\"https:\/\/www.profinfo.pl\/blog\/wp-content\/uploads\/2023\/09\/1230-9508_357.jpg.webp\" alt=\"Dyrektor Szko\u0142y - Nr 9\/2023\" class=\"wp-image-2629\" title=\"\"><\/a><\/figure>\n<\/div>\n\n\n\n<div class=\"wp-block-column is-vertically-aligned-center is-layout-flow wp-block-column-is-layout-flow\" style=\"flex-basis:66.66%\">\n<figure class=\"wp-block-pullquote is-style-solid-color has-border-color has-small-font-size\" style=\"border-color:#85bc20;border-style:dotted\"><blockquote><p>\u201c<a href=\"https:\/\/www.profinfo.pl\/sklep\/dyrektor-szkoly,7340,r,2023,nr,9.html?utm_source=blog&amp;utm_medium=link&amp;utm_campaign=Dyrektor+Szko%C5%82y+-+09%2F2023&amp;utm_content=Dyrektor+Szko%C5%82y+%E2%80%93+nr+09%2F2023\">Dyrektor Szko\u0142y \u2013 nr 09\/2023<\/a>\u201c<\/p><cite>Kup <a href=\"https:\/\/www.profinfo.pl\/sklep\/dyrektor-szkoly,7340,r,2023,nr,9.html?utm_source=blog&amp;utm_medium=link&amp;utm_campaign=Dyrektor+Szko%C5%82y+-+09%2F2023&amp;utm_content=wrze%C5%9Bniowy+pojedynczy+numer+\">wrze\u015bniowy pojedynczy numer<\/a> czasopisma lub wykup <a href=\"https:\/\/www.profinfo.pl\/sklep\/dyrektor-szkoly,7340.html?utm_source=blog&amp;utm_medium=link&amp;utm_campaign=Dyrektor+Szko%C5%82y+-+09%2F2023&amp;utm_content=prenumerat%C4%99\">prenumerat\u0119<\/a><\/cite><\/blockquote><\/figure>\n<\/div>\n<\/div>\n\n\n\n<h2 class=\"wp-block-heading\"><span class=\"ez-toc-section\" id=\"Laptopy-dla-uczniow-i-nauczycieli-Monika-Sewastianowicz-%E2%80%93-radca-prawny\"><\/span>Laptopy dla uczni\u00f3w i nauczycieli (Monika Sewastianowicz \u2013 radca prawny)<span class=\"ez-toc-section-end\"><\/span><\/h2>\n\n\n\n<p>Uczniowie IV klas szk\u00f3\u0142 podstawowych oraz nauczyciele zostan\u0105 doposa\u017ceni w laptopy \u2013 ci pierwsi dostan\u0105 je za darmo, ci drudzy kupi\u0105 sobie sami za rz\u0105dowe dofinansowanie w wysoko\u015bci 2500 z\u0142. Autorka omawia zasady przekazywania sprz\u0119tu i obchodzenia si\u0119 z nim.<\/p>\n\n\n\n<h2 class=\"wp-block-heading\"><span class=\"ez-toc-section\" id=\"Niezbednik-Dyrektora-%E2%80%93-Ochrona-dzieci-Katarzyna-Borowska-%E2%80%93-nauczycielka-Anna-Czebiolko-%E2%80%93-socjolozka-Monika-Sewastianowicz-%E2%80%93-radca-prawny-Tomasz-Garstka-%E2%80%93-psycholog\"><\/span>Niezb\u0119dnik Dyrektora \u2013 Ochrona dzieci (Katarzyna Borowska \u2013 nauczycielka, Anna Czebio\u0142ko \u2013 socjolo\u017cka, Monika Sewastianowicz \u2013 radca prawny, Tomasz Garstka \u2013 psycholog)<span class=\"ez-toc-section-end\"><\/span><\/h2>\n\n\n\n<p>Ogromn\u0105 rol\u0119 w zapobieganiu i odpowiednim reagowaniu na przypadki krzywdzenia dzieci odgrywa szko\u0142a, dlatego tematowi temu po\u015bwi\u0119camy wrze\u015bniowy <em>Niezb\u0119dnik<\/em>, kt\u00f3rego autorzy radz\u0105, w jaki spos\u00f3b udziela\u0107 wsparcia i realizowa\u0107 efektywne dzia\u0142ania prewencyjne.<\/p>\n\n\n\n<p>A PONADTO:<\/p>\n\n\n\n<ul class=\"wp-block-list\">\n<li>Nauczyciel przyw\u00f3dc\u0105 (<em>dr Danuta Elsner<\/em>)<\/li>\n\n\n\n<li>Uczniowie projektuj\u0105 szko\u0142\u0119 (<em>Katarzyna Polak<\/em>)<\/li>\n\n\n\n<li>Powakacyjna adaptacja do szko\u0142y (<em>Piotr Szcz\u0119\u015bniak<\/em>)<\/li>\n\n\n\n<li>Zarz\u0105dzanie kryzysem (<em>Andrzej Witek<\/em>)<\/li>\n\n\n\n<li>Podstawa programowa to tylko podstawa (<em>Jaros\u0142aw Kordzi\u0144ski<\/em>)<\/li>\n<\/ul>\n","protected":false},"excerpt":{"rendered":"<p>WE WRZE\u015aNIOWYM NUMERZE \u201eDYREKTORA SZKO\u0141Y\u201d M.IN.: Dla prenumerator\u00f3w: \u201eGazetka dla Rodzic\u00f3w\u201d i kalendarz biurkowy Wrze\u015bniowe zmiany w prawie (Monika Sewastianowicz \u2013 radca prawny) Doprecyzowanie przepis\u00f3w o ocenianiu nauczycieli i przywr\u00f3cenie im prawa do wcze\u015bniejszej emerytury, jednorazowy dodatek na Dzie\u0144 Edukacji Narodowej oraz laptopy dla ka\u017cdego czwartoklasisty \u2013 to najwa\u017cniejsze nowo\u015bci na pocz\u0105tek roku szkolnego 2023\/2024.<\/p>\n","protected":false},"author":1,"featured_media":2631,"comment_status":"open","ping_status":"open","sticky":false,"template":"","format":"standard","meta":{"footnotes":""},"categories":[70,93],"tags":[95],"class_list":["post-2627","post","type-post","status-publish","format-standard","has-post-thumbnail","hentry","category-aktualnosci","category-czasopisma","tag-dyrektor-szkoly"],"_links":{"self":[{"href":"https:\/\/www.profinfo.pl\/blog\/wp-json\/wp\/v2\/posts\/2627","targetHints":{"allow":["GET"]}}],"collection":[{"href":"https:\/\/www.profinfo.pl\/blog\/wp-json\/wp\/v2\/posts"}],"about":[{"href":"https:\/\/www.profinfo.pl\/blog\/wp-json\/wp\/v2\/types\/post"}],"author":[{"embeddable":true,"href":"https:\/\/www.profinfo.pl\/blog\/wp-json\/wp\/v2\/users\/1"}],"replies":[{"embeddable":true,"href":"https:\/\/www.profinfo.pl\/blog\/wp-json\/wp\/v2\/comments?post=2627"}],"version-history":[{"count":4,"href":"https:\/\/www.profinfo.pl\/blog\/wp-json\/wp\/v2\/posts\/2627\/revisions"}],"predecessor-version":[{"id":2633,"href":"https:\/\/www.profinfo.pl\/blog\/wp-json\/wp\/v2\/posts\/2627\/revisions\/2633"}],"wp:featuredmedia":[{"embeddable":true,"href":"https:\/\/www.profinfo.pl\/blog\/wp-json\/wp\/v2\/media\/2631"}],"wp:attachment":[{"href":"https:\/\/www.profinfo.pl\/blog\/wp-json\/wp\/v2\/media?parent=2627"}],"wp:term":[{"taxonomy":"category","embeddable":true,"href":"https:\/\/www.profinfo.pl\/blog\/wp-json\/wp\/v2\/categories?post=2627"},{"taxonomy":"post_tag","embeddable":true,"href":"https:\/\/www.profinfo.pl\/blog\/wp-json\/wp\/v2\/tags?post=2627"}],"curies":[{"name":"wp","href":"https:\/\/api.w.org\/{rel}","templated":true}]}}