{"id":3005,"date":"2023-11-03T15:18:29","date_gmt":"2023-11-03T14:18:29","guid":{"rendered":"https:\/\/www.profinfo.pl\/blog\/?p=3005"},"modified":"2024-01-03T09:19:14","modified_gmt":"2024-01-03T08:19:14","slug":"ksef-nowe-wyzwania-dla-ksiegowych","status":"publish","type":"post","link":"https:\/\/www.profinfo.pl\/blog\/ksef-nowe-wyzwania-dla-ksiegowych\/","title":{"rendered":"KSeF &#8211; Nowe wyzwania dla ksi\u0119gowych"},"content":{"rendered":"\n<p>Krajowy System e-Faktur (KSeF) w Polsce nieustannie si\u0119 rozwija, wprowadzaj\u0105c rewolucj\u0119 w sposobie obs\u0142ugi faktur sprzeda\u017cowych i zakupowych. Od 1 lipca 2024 roku, dla wi\u0119kszo\u015bci podatnik\u00f3w, e-fakturowanie stanie si\u0119 obowi\u0105zkowe, co wi\u0105\u017ce si\u0119 z wa\u017cnymi zmianami w prawie podatkowym i ksi\u0119gowym.<\/p>\n\n\n\n<!--more-->\n\n\n\n<h2 class=\"wp-block-heading\"><span class=\"ez-toc-section\" id=\"KSeF-%E2%80%93-Co-To-Takiego\"><\/span>KSeF &#8211; Co To Takiego?<span class=\"ez-toc-section-end\"><\/span><\/h2>\n\n\n\n<p>Krajowy System e-Faktur to oficjalna platforma rz\u0105dowa, kt\u00f3ra umo\u017cliwia wystawianie, otrzymywanie i przechowywanie faktur w formie elektronicznej. Wdro\u017cony w Polsce od 1 stycznia 2022 roku, KSeF ma zapewni\u0107 wygod\u0119, bezpiecze\u0144stwo i efektywno\u015b\u0107 w obszarze faktur.<\/p>\n\n\n\n<figure class=\"wp-block-pullquote alignwide is-style-solid-color has-border-color has-text-color has-small-font-size\" style=\"border-color:#85bc20;border-style:dotted;color:#737373\"><blockquote><p><a href=\"https:\/\/www.profinfo.pl\/sklep\/krajowy-system-e-faktur-ksef,477511.html?utm_source=blog&amp;utm_medium=link&amp;utm_campaign=KSeF+-+Nowe+wyzwania+dla+ksi%C4%99gowych&amp;utm_content=Sprawd%C5%BA+jak+wzi%C4%85%C4%87+udzia%C5%82+w+szkoleniu\">Sprawd\u017a jak wzi\u0105\u0107 udzia\u0142 w szkoleniu<\/a><\/p><cite><a href=\"https:\/\/www.profinfo.pl\/sklep\/krajowy-system-e-faktur-ksef,477511.html?utm_source=blog&amp;utm_medium=link&amp;utm_campaign=KSeF+-+Nowe+wyzwania+dla+ksi%C4%99gowych&amp;utm_content=https%3A%2F%2Fwww.profinfo.pl%2Fsklep%2Fkrajowy-system-e-faktur-ksef%2C477511.html\">https:\/\/www.profinfo.pl\/sklep\/krajowy-system-e-faktur-ksef,477511.html<\/a><\/cite><\/blockquote><\/figure>\n\n\n\n<p>Istotnym aspektem e-fakturowania jest faktura ustrukturyzowana. Jest to dokument tworzony w formacie XML, zgodny ze struktur\u0105 logiczn\u0105 e-Faktury (FA_VAT), wystawiany i odbierany za po\u015brednictwem KSeF. Warto pami\u0119ta\u0107, \u017ce zgodnie z zapowiedziami Ministerstwa Finans\u00f3w, obowi\u0105zek e-fakturowania dla wszystkich podmiot\u00f3w zostanie wprowadzony w Polsce w I kwartale 2024 roku.<\/p>\n\n\n\n<h2 class=\"wp-block-heading\"><span class=\"ez-toc-section\" id=\"Szkolenie-%E2%80%93-Praktyczne-Przygotowanie-do-Wdrozenia-Faktur-Ustrukturyzowanych\"><\/span>Szkolenie &#8211; Praktyczne Przygotowanie do Wdro\u017cenia Faktur Ustrukturyzowanych<span class=\"ez-toc-section-end\"><\/span><\/h2>\n\n\n\n<p>W zwi\u0105zku z nadchodz\u0105cymi zmianami w prawie, Autorzy publikacji Adrian Lapierre oraz Andrzej Pa\u0142ys w dniu 16 listopada 2023 r. poprowadzili szkolenie \u201c<em>W Nowy Rok z KSeF \u2013 Praktyczne Aspekty Przygotowania si\u0119 do Wdro\u017cenia Faktur Ustrukturyzowanych<\/em>\u201d. Dost\u0119p do nagrania ze szkolenia mo\u017cna otrzyma\u0107 tylko po zakupie publikacji &#8222;<a href=\"https:\/\/www.profinfo.pl\/sklep\/krajowy-system-e-faktur-ksef,477511.html?utm_source=blog&amp;utm_medium=link&amp;utm_campaign=KSeF+-+Nowe+wyzwania+dla+ksi%C4%99gowych&amp;utm_content=Krajowy+System+e-Faktur+%28KSeF%29.+Poradnik+podatnika\">Krajowy System e-Faktur (KSeF). Poradnik podatnika<\/a>&#8222;<\/p>\n\n\n\n<p><strong>Prowadz\u0105cy Szkolenie<\/strong><\/p>\n\n\n\n<ol class=\"wp-block-list\" type=\"1\" start=\"1\">\n<li><strong><a href=\"https:\/\/www.profinfo.pl\/autorzy\/adrian-lapierre,112354.html?utm_source=blog&amp;utm_medium=link&amp;utm_campaign=KSeF+-+Nowe+wyzwania+dla+ksi%C4%99gowych&amp;utm_content=Adrian+Lapierre\">Adrian Lapierre<\/a><\/strong> &#8211; Ekspert w dziedzinie bezpiecze\u0144stwa informacji, ISO 27001 i wdra\u017cania system\u00f3w zarz\u0105dzania bezpiecze\u0144stwem. Adrian jest do\u015bwiadczonym programist\u0105 i architektem, kt\u00f3ry od pierwszych dni dost\u0119pno\u015bci KSeF skupi\u0142 swoj\u0105 uwag\u0119 na bezpiecznej i efektywnej integracji z tym systemem. Dzi\u0119ki swojej g\u0142\u0119bokiej wiedzy technicznej i do\u015bwiadczeniu w dziedzinie bezpiecze\u0144stwa, opracowa\u0142 otwarte oprogramowanie &#8211; klient KSeF dla kilku j\u0119zyk\u00f3w programowania, przyczyniaj\u0105c si\u0119 tym samym do demokratyzacji dost\u0119pu do tego systemu.<\/li>\n\n\n\n<li><strong><a href=\"https:\/\/www.profinfo.pl\/autorzy\/andrzej-palys,90616.html?utm_source=blog&amp;utm_medium=link&amp;utm_campaign=KSeF+-+Nowe+wyzwania+dla+ksi%C4%99gowych&amp;utm_content=Andrzej+Pa%C5%82ys\">Andrzej Pa\u0142ys<\/a><\/strong> &#8211; Doktor prawa, wyk\u0142adowca akademicki, doradca podatkowy z 12-letnim do\u015bwiadczeniem, w tym 6 lat w obszarze technologii podatkowych. Andrzej uczestniczy\u0142 we wdro\u017ceniach rozwi\u0105za\u0144 JPK oraz e-fakturowania w Polsce, Rumunii i na Litwie, a tak\u017ce w licznych projektach transformacyjnych dotycz\u0105cych podatku PIT, CIT i VAT. Jest autorem wielu polskich i mi\u0119dzynarodowych publikacji z zakresu technologii podatkowych, zarz\u0105dzania projektami i zarz\u0105dzania zmian\u0105.<\/li>\n<\/ol>\n\n\n\n<figure class=\"wp-block-image alignwide size-full is-style-default bordersd\"><a href=\"https:\/\/www.profinfo.pl\/sklep\/krajowy-system-e-faktur-ksef,477511.html?utm_source=blog&amp;utm_medium=baner&amp;utm_campaign=KSeF+-+Nowe+wyzwania+dla+ksi%C4%99gowych&amp;utm_content=Krajowy+System+e-Faktur+%28KSeF%29.+Poradnik+podatnika+%2B+SZKOLENIE+ONLINE\"><img decoding=\"async\" width=\"816\" height=\"268\" src=\"https:\/\/www.profinfo.pl\/blog\/wp-content\/uploads\/2023\/11\/krajowy-system-e-faktur.png\" alt=\"Krajowy System e-Faktur (KSeF). Poradnik podatnika + SZKOLENIE ONLINE\" class=\"wp-image-3007\" title=\"\"><\/a><figcaption class=\"wp-element-caption\">&#8222;<a href=\"https:\/\/www.profinfo.pl\/sklep\/krajowy-system-e-faktur-ksef,477511.html?utm_source=blog&amp;utm_medium=link&amp;utm_campaign=KSeF+-+Nowe+wyzwania+dla+ksi%C4%99gowych&amp;utm_content=Krajowy+System+e-Faktur+%28KSeF%29.+Poradnik+podatnika+%2B+SZKOLENIE+ONLINE\">Krajowy System e-Faktur (KSeF). Poradnik podatnika + SZKOLENIE ONLINE<\/a>&#8222;<\/figcaption><\/figure>\n\n\n\n<h2 class=\"wp-block-heading\"><span class=\"ez-toc-section\" id=\"Dlaczego-Warto-Wziac-Udzial-w-Szkoleniu\"><\/span>Dlaczego Warto Wzi\u0105\u0107 Udzia\u0142 w Szkoleniu?<span class=\"ez-toc-section-end\"><\/span><\/h2>\n\n\n\n<p>To szkolenie to nie tylko okazja do zdobycia wiedzy na temat faktur ustrukturyzowanych i KSeF, ale r\u00f3wnie\u017c mo\u017cliwo\u015b\u0107 spotkania dw\u00f3ch znakomitych ekspert\u00f3w w dziedzinie bezpiecze\u0144stwa informacji oraz prawa podatkowego. Zapraszamy do udzia\u0142u w tym niezwykle istotnym wydarzeniu, kt\u00f3re przygotuje Was do nadchodz\u0105cych zmian w polskim systemie podatkowym.<\/p>\n\n\n\n<p>Nie przegap tej okazji! Zapisz si\u0119 na szkolenie i b\u0105d\u017a gotowy na przysz\u0142o\u015b\u0107 z KSeF.<\/p>\n\n\n\n<hr class=\"wp-block-separator has-alpha-channel-opacity is-style-dots\"\/>\n\n\n\n<p><em>Czytaj tak\u017ce: <a href=\"https:\/\/www.profinfo.pl\/blog\/co-trzeba-wiedziec-o-ksef\/\">https:\/\/www.profinfo.pl\/blog\/co-trzeba-wiedziec-o-ksef\/<\/a><\/em><\/p>\n","protected":false},"excerpt":{"rendered":"<p>Krajowy System e-Faktur (KSeF) w Polsce nieustannie si\u0119 rozwija, wprowadzaj\u0105c rewolucj\u0119 w sposobie obs\u0142ugi faktur sprzeda\u017cowych i zakupowych. Od 1 lipca 2024 roku, dla wi\u0119kszo\u015bci podatnik\u00f3w, e-fakturowanie stanie si\u0119 obowi\u0105zkowe, co wi\u0105\u017ce si\u0119 z wa\u017cnymi zmianami w prawie podatkowym i ksi\u0119gowym.<\/p>\n","protected":false},"author":1,"featured_media":3016,"comment_status":"open","ping_status":"open","sticky":false,"template":"","format":"standard","meta":{"footnotes":""},"categories":[71],"tags":[117],"class_list":["post-3005","post","type-post","status-publish","format-standard","has-post-thumbnail","hentry","category-porady","tag-podatki-i-rachunkowosc"],"_links":{"self":[{"href":"https:\/\/www.profinfo.pl\/blog\/wp-json\/wp\/v2\/posts\/3005","targetHints":{"allow":["GET"]}}],"collection":[{"href":"https:\/\/www.profinfo.pl\/blog\/wp-json\/wp\/v2\/posts"}],"about":[{"href":"https:\/\/www.profinfo.pl\/blog\/wp-json\/wp\/v2\/types\/post"}],"author":[{"embeddable":true,"href":"https:\/\/www.profinfo.pl\/blog\/wp-json\/wp\/v2\/users\/1"}],"replies":[{"embeddable":true,"href":"https:\/\/www.profinfo.pl\/blog\/wp-json\/wp\/v2\/comments?post=3005"}],"version-history":[{"count":11,"href":"https:\/\/www.profinfo.pl\/blog\/wp-json\/wp\/v2\/posts\/3005\/revisions"}],"predecessor-version":[{"id":3060,"href":"https:\/\/www.profinfo.pl\/blog\/wp-json\/wp\/v2\/posts\/3005\/revisions\/3060"}],"wp:featuredmedia":[{"embeddable":true,"href":"https:\/\/www.profinfo.pl\/blog\/wp-json\/wp\/v2\/media\/3016"}],"wp:attachment":[{"href":"https:\/\/www.profinfo.pl\/blog\/wp-json\/wp\/v2\/media?parent=3005"}],"wp:term":[{"taxonomy":"category","embeddable":true,"href":"https:\/\/www.profinfo.pl\/blog\/wp-json\/wp\/v2\/categories?post=3005"},{"taxonomy":"post_tag","embeddable":true,"href":"https:\/\/www.profinfo.pl\/blog\/wp-json\/wp\/v2\/tags?post=3005"}],"curies":[{"name":"wp","href":"https:\/\/api.w.org\/{rel}","templated":true}]}}