{"id":3017,"date":"2023-10-06T09:11:20","date_gmt":"2023-10-06T07:11:20","guid":{"rendered":"https:\/\/www.profinfo.pl\/blog\/?p=3017"},"modified":"2024-04-17T12:01:07","modified_gmt":"2024-04-17T10:01:07","slug":"odpowiedzialnosc-karna-lekarza-za-blad-medyczny-co-za-to-grozi-kiedy-lekarz-ponosi-odpowiedzialnosc","status":"publish","type":"post","link":"https:\/\/www.profinfo.pl\/blog\/odpowiedzialnosc-karna-lekarza-za-blad-medyczny-co-za-to-grozi-kiedy-lekarz-ponosi-odpowiedzialnosc\/","title":{"rendered":"Odpowiedzialno\u015b\u0107 karna lekarza za b\u0142\u0105d medyczny. Co za to grozi? Kiedy lekarz ponosi odpowiedzialno\u015b\u0107?"},"content":{"rendered":"\n<p><strong>Prawo do ochrony zdrowia jest fundamentalnym prawem ka\u017cdego Polaka, chronionym przez art. 68 Konstytucji RP. Lekarz jest wi\u0119c zobowi\u0105zany do kompetentnego wykonywania swojego zawodu tak, aby \u017cycie i zdrowie pacjenta by\u0142o w pe\u0142ni chronione. Aby m\u00f3wi\u0107 o odpowiedzialno\u015bci karnej lekarza, musi doj\u015b\u0107 do jego b\u0142\u0119du medycznego, \u015bwiadomego lub nie\u015bwiadomego, lub innej osoby wykonuj\u0105cej zaw\u00f3d medyczny.<\/strong><\/p>\n\n\n\n<!--more-->\n\n\n\n<h2 class=\"wp-block-heading\">B\u0142\u0105d cz\u0142owieka<\/h2>\n\n\n\n<p>Wed\u0142ug wybitnego polskiego lekarza medycyny s\u0105dowej Leona Wachholza za b\u0142\u0105d medyczny mo\u017cna uzna\u0107 \u201enierozmy\u015blne uszkodzenie cia\u0142a lub pozbawienie \u017cycia chorego dokonane przez lekarza albo inn\u0105 osob\u0119 do leczniczej dzia\u0142alno\u015bci upowa\u017cnion\u0105, a to wskutek nie\u015bwiadomo\u015bci zasad lub zaniedbania\u201d.<\/p>\n\n\n\n<p>Definicja b\u0142\u0119du medycznego wyra\u017cona zosta\u0142a w Wyroku S\u0105du Najwy\u017cszego z dnia 1 kwietnia 1955 r., sygnatura akt IV CR 39\/54, OSN 1957\/1, poz. 7: \u201e<em>B\u0142\u0119dem w sztuce lekarskiej jest czynno\u015b\u0107 (zaniechanie) lekarza w zakresie diagnozy i terapii, niezgodna z nauk\u0105 medyczn\u0105 w zakresie dla lekarza dost\u0119pnym<\/em>\u201d.<\/p>\n\n\n\n<figure class=\"wp-block-image alignwide size-full is-style-default bordersd\"><a href=\"https:\/\/www.profinfo.pl\/sklep\/kodeks-karny-przepisy-stosowane-w-sprawach-medycznych-komentarz,453112.html?utm_source=blog&amp;utm_medium=baner&amp;utm_campaign=Odpowiedzialno%C5%9B%C4%87+karna+lekarza+za+b%C5%82%C4%85d+medyczny.+Co+za+to+grozi%3F+Kiedy+lekarz+ponosi+odpowiedzialno%C5%9B%C4%87%3F&amp;utm_content=Kodeks+Karny.+Przepisy+stosowane+w+sprawach+medycznych.+Komentarz.+art.+150-152%2C+155-157a%2C+160-162%2C+192%2C+228%2C+271+k.k.\"><img decoding=\"async\" width=\"816\" height=\"366\" src=\"https:\/\/www.profinfo.pl\/blog\/wp-content\/uploads\/2023\/11\/przepisy-stosowane-w-sprawach-medycznych.png\" alt=\"\" class=\"wp-image-3027\" title=\"\"><\/a><figcaption class=\"wp-element-caption\">&#8222;<a href=\"https:\/\/www.profinfo.pl\/sklep\/kodeks-karny-przepisy-stosowane-w-sprawach-medycznych-komentarz,453112.html?utm_source=blog&amp;utm_medium=link&amp;utm_campaign=Odpowiedzialno%C5%9B%C4%87+karna+lekarza+za+b%C5%82%C4%85d+medyczny.+Co+za+to+grozi%3F+Kiedy+lekarz+ponosi+odpowiedzialno%C5%9B%C4%87%3F&amp;utm_content=Kodeks+Karny.+Przepisy+stosowane+w+sprawach+medycznych.+Komentarz.+art.+150-152%2C+155-157a%2C+160-162%2C+192%2C+228%2C+271+k.k.\">Kodeks Karny. Przepisy stosowane w sprawach medycznych. Komentarz. art. 150-152, 155-157a, 160-162, 192, 228, 271 k.k.<\/a>&#8221; pod redakcj\u0105 Rados\u0142awa Tymi\u0144skiego<\/figcaption><\/figure>\n\n\n\n<p>Zakres odpowiedzialno\u015bci lekarskiej mo\u017ce zosta\u0107 sprowadzony do trzech podstawowych p\u0142aszczyzn:<\/p>\n\n\n\n<ul class=\"wp-block-list\">\n<li><a href=\"https:\/\/www.profinfo.pl\/hasla-lex\/odpowiedzialnosc-cywilna,7357.html?utm_source=blog&amp;utm_medium=link&amp;utm_campaign=Odpowiedzialno%C5%9B%C4%87+karna+lekarza+za+b%C5%82%C4%85d+medyczny.+Co+za+to+grozi%3F+Kiedy+lekarz+ponosi+odpowiedzialno%C5%9B%C4%87%3F&amp;utm_content=odpowiedzialno%C5%9Bci+cywilnej\">odpowiedzialno\u015bci cywilnej<\/a> \u2013 przybiera ona najcz\u0119\u015bciej posta\u0107 odpowiedzialno\u015bci odszkodowawczej lub zado\u015b\u0107uczynienia wzgl\u0119dem pacjenta lub cz\u0142onk\u00f3w jego najbli\u017cszej rodziny,<\/li>\n\n\n\n<li>odpowiedzialno\u015bci pracowniczej \u2013 ma ona miejsce w\u00f3wczas, gdy lekarz dopu\u015bci\u0142 si\u0119 zaniedba\u0144 w ramach pracy wykonywanej na podstawie stosunku pracy,<\/li>\n\n\n\n<li>odpowiedzialno\u015bci karnej &#8211; zaistnieje, gdy dany lekarz dopu\u015bci si\u0119 czynu zabronionego (ten rodzaj odpowiedzialno\u015bci jest niezale\u017cny od dw\u00f3ch wcze\u015bniej wymienionych form odpowiedzialno\u015bci).<\/li>\n<\/ul>\n\n\n\n<figure class=\"wp-block-pullquote alignwide is-style-solid-color has-border-color has-small-font-size\" style=\"border-color:#85bc20;border-style:dotted\"><blockquote><p><em>Nie istnieje jeden konkretny przepis, kt\u00f3ry regulowa\u0142by zakres odpowiedzialno\u015bci karnej lekarza. Takich regulacji jest wiele, a wi\u0119kszo\u015b\u0107 z nich znajduje si\u0119 w Kodeksie karnym. Patrz: <a href=\"https:\/\/www.profinfo.pl\/sklep\/kodeks-karny-przepisy-stosowane-w-sprawach-medycznych-komentarz,453112.html?utm_source=blog&amp;utm_medium=link&amp;utm_campaign=Odpowiedzialno%C5%9B%C4%87+karna+lekarza+za+b%C5%82%C4%85d+medyczny.+Co+za+to+grozi%3F+Kiedy+lekarz+ponosi+odpowiedzialno%C5%9B%C4%87%3F&amp;utm_content=https%3A%2F%2Fwww.profinfo.pl%2Fsklep%2Fkodeks-karny-przepisy-stosowane-w-sprawach-medycznych-komentarz%2C453112.html\">https:\/\/www.profinfo.pl\/sklep\/kodeks-karny-przepisy-stosowane-w-sprawach-medycznych-komentarz,453112.html<\/a>.<\/em><\/p><\/blockquote><\/figure>\n\n\n\n<p>Kodeks karny oraz procedura karna nie zawieraj\u0105 norm, kt\u00f3re bezpo\u015brednio odnosz\u0105 si\u0119 do lekarzy. Niemniej jednak niekt\u00f3re z przepis\u00f3w, z racji wykonywanego zawodu, mog\u0105 by\u0107 z\u0142amane przez pracownik\u00f3w s\u0142u\u017cby zdrowia.&nbsp; Art. 160 \u00a7 1 i \u00a7 2 Ustawy z dnia 6 czerwca 1997 r. &#8211; Kodeks karny (Dz.U.2022.1138) definiuje przest\u0119pstwo konkretnego nara\u017cenia cz\u0142owieka (pacjenta) na niebezpiecze\u0144stwo utraty \u017cycia albo ci\u0119\u017ckiego uszczerbku na zdrowiu.<\/p>\n\n\n\n<h3 class=\"wp-block-heading\">Art. 160 \u00a7 1-3 Kodeksu karnego<\/h3>\n\n\n\n<p><em>\u00a7 1. Kto nara\u017ca cz\u0142owieka na bezpo\u015brednie niebezpiecze\u0144stwo utraty \u017cycia albo ci\u0119\u017ckiego uszczerbku na zdrowiu, podlega karze pozbawienia wolno\u015bci do lat 3.<\/em><br><em>\u00a7 2. Je\u017celi na sprawcy ci\u0105\u017cy obowi\u0105zek opieki nad osob\u0105 nara\u017con\u0105 na niebezpiecze\u0144stwo, podlega karze pozbawienia wolno\u015bci od 3 miesi\u0119cy do lat 5.<\/em><br><em>\u00a7 3. Je\u017celi sprawca czynu okre\u015blonego w \u00a7 1 lub 2 dzia\u0142a nieumy\u015blnie, podlega grzywnie, karze ograniczenia wolno\u015bci albo pozbawienia wolno\u015bci do roku.<\/em><\/p>\n\n\n\n<p>Odpowiedzialno\u015b\u0107 lekarza za b\u0142\u0105d medyczny by\u0142a przedmiotem postanowienia S\u0105du Najwy\u017cszego z dnia 5 czerwca 2019 r. o sygn. akt III KK 212\/18, kt\u00f3ry rozwa\u017cy\u0142 przes\u0142anki <a href=\"https:\/\/www.profinfo.pl\/hasla-lex\/zasady-odpowiedzialnosci-karnej,5938.html?utm_source=blog&amp;utm_medium=link&amp;utm_campaign=Odpowiedzialno%C5%9B%C4%87+karna+lekarza+za+b%C5%82%C4%85d+medyczny.+Co+za+to+grozi%3F+Kiedy+lekarz+ponosi+odpowiedzialno%C5%9B%C4%87%3F&amp;utm_content=odpowiedzialno%C5%9Bci+karnej\">odpowiedzialno\u015bci karnej<\/a>.<\/p>\n\n\n\n<figure class=\"wp-block-image alignwide size-full is-style-default bordersd\"><a href=\"https:\/\/www.profinfo.pl\/sklep\/odpowiedzialnosc-karna-lekarza-za-blad-informacyjny,121041.html?utm_source=blog&amp;utm_medium=baner&amp;utm_campaign=Odpowiedzialno%C5%9B%C4%87+karna+lekarza+za+b%C5%82%C4%85d+medyczny.+Co+za+to+grozi%3F+Kiedy+lekarz+ponosi+odpowiedzialno%C5%9B%C4%87%3F&amp;utm_content=Odpowiedzialno%C5%9B%C4%87+karna+lekarza+za+b%C5%82%C4%85d+informacyjny\"><img decoding=\"async\" width=\"814\" height=\"254\" src=\"https:\/\/www.profinfo.pl\/blog\/wp-content\/uploads\/2024\/04\/odpowiedzialnosc-karna-lekarza-za-blad-informacyjny.png\" alt=\"Odpowiedzialno\u015b\u0107 karna lekarza za b\u0142\u0105d informacyjny\" class=\"wp-image-3278\" title=\"\"><\/a><figcaption class=\"wp-element-caption\">&#8222;<a href=\"https:\/\/www.profinfo.pl\/sklep\/odpowiedzialnosc-karna-lekarza-za-blad-informacyjny,121041.html?utm_source=blog&amp;utm_medium=link&amp;utm_campaign=Odpowiedzialno%C5%9B%C4%87+karna+lekarza+za+b%C5%82%C4%85d+medyczny.+Co+za+to+grozi%3F+Kiedy+lekarz+ponosi+odpowiedzialno%C5%9B%C4%87%3F&amp;utm_content=Odpowiedzialno%C5%9B%C4%87+karna+lekarza+za+b%C5%82%C4%85d+informacyjny\">Odpowiedzialno\u015b\u0107 karna lekarza za b\u0142\u0105d informacyjny<\/a>&#8221; autorstwa Dariusza Hajdukiewicza<\/figcaption><\/figure>\n\n\n\n<p>S\u0105d Najwy\u017cszy uzna\u0142 m.in., \u017ce:<\/p>\n\n\n\n<p><em>Fakt ci\u0119\u017ckiej i \u015bmiertelnej choroby pacjenta nie wyklucza odpowiedzialno\u015bci za b\u0142\u0105d lekarski z art. 160 \u00a7 2 i 3 KK. Z pewno\u015bci\u0105 tak\u017ce standardy medyczne nie mog\u0105 by\u0107 w takich przypadkach zani\u017cane. Przest\u0119pstwo nara\u017cenia na niebezpiecze\u0144stwo utraty \u017cycia lub ci\u0119\u017ckiego uszczerbku na zdrowiu przez lekarza z art. 160 \u00a7 2 i 3 KK jest przest\u0119pstwem nieumy\u015blnym. Dla przyj\u0119cia odpowiedzialno\u015bci karnej lekarza za b\u0142\u0105d diagnostyczny prowadz\u0105cy do nara\u017cenia, o kt\u00f3rym mowa w art. 160 \u00a7 2 i 3 KK, niezb\u0119dne jest nie tylko powstanie zmiany w \u015bwiecie zewn\u0119trznym, tj. w realiach niniejszej sprawy stwierdzenie wyst\u0105pienia b\u0142\u0119du diagnostycznego, ale istnienie zwi\u0105zku przyczynowo-skutkowego, mi\u0119dzy owym b\u0142\u0119dem a stanem nara\u017cenia, a wreszcie przypisywalno\u015b\u0107 odnoszona do konkretnej osoby, w tym te\u017c b\u0119d\u0105ce przedmiotem zarzut\u00f3w kasacji ustalenia na kim spoczywa\u0142 w niniejszej sprawie obowi\u0105zek opieki nad pacjentem. Przy typie nieumy\u015blnym z art. 160 KK obiektywne przypisanie sprawcy skutku jest mo\u017cliwe wy\u0142\u0105cznie w\u00f3wczas, gdy zostanie dowiedzione, \u017ce po\u017c\u0105dane dzia\u0142ania alternatywne, polegaj\u0105ce na wykonaniu ci\u0105\u017c\u0105cego na lekarzu obowi\u0105zku, zapobieg\u0142yby realnemu i znacz\u0105cemu stopniowi tego nara\u017cenia. Konieczne jest zatem wykazanie, czy istnieje zwi\u0105zek przyczynowo-skutkowy mi\u0119dzy b\u0142\u0119dem, a stanem nara\u017cenia. Oceny w tym zakresie dokonywa\u0107 nale\u017cy w oparciu o analiz\u0119 aspektu pozytywnego zwi\u0105zku \u2013 tj. odpowiedzi na pytanie, czy gdyby lekarz nie podj\u0105\u0142 niew\u0142a\u015bciwych dzia\u0142a\u0144, to nie by\u0142oby takiego skutku; oraz aspektu negatywnego \u2013 w kt\u00f3rym konieczne jest rozwa\u017cenie, czy gdyby lekarz podj\u0105\u0142 w\u0142a\u015bciwe dzia\u0142ania, skutek w postaci nara\u017cenia by wyst\u0105pi\u0142, czy nie?<\/em><\/p>\n\n\n\n<figure class=\"wp-block-image size-full is-style-default\"><img decoding=\"async\" width=\"1500\" height=\"1000\" src=\"https:\/\/www.profinfo.pl\/blog\/wp-content\/uploads\/2023\/11\/odpowiedzialnosc-karna-lekarza-za-blad-medyczny-12.jpg\" alt=\"Odpowiedzialno\u015b\u0107 karna lekarza za b\u0142\u0105d medyczny wg Kodeksu karnego\" class=\"wp-image-3024\" title=\"\"><\/figure>\n\n\n\n<p>Warunkami poniesienia odpowiedzialno\u015bci karnej przez lekarza za przest\u0119pstwo z art. 160 \u00a7 2 i 3 k.k. s\u0105 wi\u0119c:<\/p>\n\n\n\n<ul class=\"wp-block-list\">\n<li>fakt zaistnienia b\u0142\u0119du w sztuce lekarskiej w procedurze leczniczej,<\/li>\n\n\n\n<li>istnienie zwi\u0105zku przyczynowo-skutkowego mi\u0119dzy b\u0142\u0119dem a stanem nara\u017cenia pacjenta na bezpo\u015brednie niebezpiecze\u0144stwo utraty \u017cycia albo ci\u0119\u017ckiego uszczerbku na zdrowiu,&nbsp;<\/li>\n\n\n\n<li>mo\u017cliwo\u015b\u0107 przypisania tego czynu konkretnemu lekarzowi.<\/li>\n<\/ul>\n\n\n\n<p><strong>Przes\u0142anki te, w ocenie S\u0105du Najwy\u017cszego, musz\u0105 wyst\u0105pi\u0107 \u0142\u0105cznie.<\/strong><\/p>\n\n\n\n<p>Kolejnym przepisem karnym, kt\u00f3ry mo\u017cna zastosowa\u0107 wzgl\u0119dem lekarza, jest art. 155 Ustawy z dnia 6 czerwca 1997 r. &#8211; <a href=\"https:\/\/www.profinfo.pl\/kodeks-karny-kk?utm_source=blog&amp;utm_medium=link&amp;utm_campaign=Odpowiedzialno%C5%9B%C4%87+karna+lekarza+za+b%C5%82%C4%85d+medyczny.+Co+za+to+grozi%3F+Kiedy+lekarz+ponosi+odpowiedzialno%C5%9B%C4%87%3F&amp;utm_content=Kodeks+karny\">Kodeks karny<\/a> (Dz.U.2022.1138). Zgodnie z jego tre\u015bci\u0105:<\/p>\n\n\n\n<h3 class=\"wp-block-heading\">Art.&nbsp; 155.&nbsp; [Nieumy\u015blne spowodowanie \u015bmierci]<\/h3>\n\n\n\n<p><em>Kto nieumy\u015blnie powoduje \u015bmier\u0107 cz\u0142owieka, podlega karze pozbawienia wolno\u015bci od 3 miesi\u0119cy do lat 5. &nbsp;<\/em><\/p>\n\n\n\n<p>Innymi przepisami reguluj\u0105cymi odpowiedzialno\u015b\u0107 karn\u0105 lekarza s\u0105 art. 156, 157, 157a Ustawy z dnia 6 czerwca 1997 r. &#8211; Kodeks karny (Dz.U.2022.1138):<\/p>\n\n\n\n<h3 class=\"wp-block-heading\">Art.&nbsp; 156.&nbsp; [Ci\u0119\u017cki uszczerbek na zdrowiu]<\/h3>\n\n\n\n<p><em>\u00a7 1. Kto powoduje ci\u0119\u017cki uszczerbek na zdrowiu w postaci:<\/em><\/p>\n\n\n\n<ol class=\"wp-block-list\">\n<li><em>pozbawienia cz\u0142owieka wzroku, s\u0142uchu, mowy, zdolno\u015bci p\u0142odzenia,<\/em><\/li>\n\n\n\n<li><em>innego ci\u0119\u017ckiego kalectwa, ci\u0119\u017ckiej choroby nieuleczalnej lub d\u0142ugotrwa\u0142ej, choroby realnie zagra\u017caj\u0105cej \u017cyciu, trwa\u0142ej choroby psychicznej, ca\u0142kowitej albo znacznej trwa\u0142ej niezdolno\u015bci do pracy w zawodzie lub trwa\u0142ego, istotnego zeszpecenia lub zniekszta\u0142cenia cia\u0142a,<\/em><\/li>\n\n\n\n<li><em>wyci\u0119cia, infibulacji lub innego trwa\u0142ego i istotnego okaleczenia \u017ce\u0144skiego narz\u0105du p\u0142ciowego, podlega karze pozbawienia wolno\u015bci od lat 3 do 20.<\/em><\/li>\n<\/ol>\n\n\n\n<p><em>\u00a7 2. Je\u017celi sprawca dzia\u0142a nieumy\u015blnie, podlega karze pozbawienia wolno\u015bci do lat 3.<\/em><br><em>\u00a7 3. Je\u017celi nast\u0119pstwem czynu okre\u015blonego w \u00a7 1 jest \u015bmier\u0107 cz\u0142owieka, sprawca podlega karze pozbawienia wolno\u015bci na czas nie kr\u00f3tszy od lat 5 albo karze do\u017cywotniego pozbawienia wolno\u015bci.<\/em><\/p>\n\n\n\n<figure class=\"wp-block-image size-full is-style-default\"><img decoding=\"async\" width=\"1500\" height=\"998\" src=\"https:\/\/www.profinfo.pl\/blog\/wp-content\/uploads\/2023\/11\/odpowiedzialnosc-karna-lekarza-za-blad-medyczny-13.jpg\" alt=\"Odpowiedzialno\u015b\u0107 karna lekarza za b\u0142\u0105d medyczny - Ci\u0119\u017cki uszczerbek na zdrowiu\" class=\"wp-image-3025\" title=\"\"><\/figure>\n\n\n\n<h3 class=\"wp-block-heading\">Art.&nbsp; 157.&nbsp; [\u015aredni i lekki uszczerbek na zdrowiu]<\/h3>\n\n\n\n<p><em>\u00a7 1. Kto powoduje naruszenie czynno\u015bci narz\u0105du cia\u0142a lub rozstr\u00f3j zdrowia, inny ni\u017c okre\u015blony w art. 156 \u00a7 1, podlega karze pozbawienia wolno\u015bci od 3 miesi\u0119cy do lat 5.<\/em><br><em>\u00a7 2. Kto powoduje naruszenie czynno\u015bci narz\u0105du cia\u0142a lub rozstr\u00f3j zdrowia trwaj\u0105cy nie d\u0142u\u017cej ni\u017c 7 dni, podlega grzywnie, karze ograniczenia wolno\u015bci albo pozbawienia wolno\u015bci do lat 2.<\/em><br><em>\u00a7 3. Je\u017celi sprawca czynu okre\u015blonego w \u00a7 1 lub 2 dzia\u0142a nieumy\u015blnie, podlega grzywnie, karze ograniczenia wolno\u015bci albo pozbawienia wolno\u015bci do roku.<\/em><br><em>\u00a7 4. \u015aciganie przest\u0119pstwa okre\u015blonego w \u00a7 2 lub 3, je\u017celi naruszenie czynno\u015bci narz\u0105du cia\u0142a lub rozstr\u00f3j zdrowia nie trwa\u0142 d\u0142u\u017cej ni\u017c 7 dni, odbywa si\u0119 z oskar\u017cenia prywatnego, chyba \u017ce pokrzywdzonym jest osoba najbli\u017csza zamieszkuj\u0105ca wsp\u00f3lnie ze sprawc\u0105.<\/em><br><em>\u00a7 5. Je\u017celi pokrzywdzonym jest osoba najbli\u017csza, \u015bciganie przest\u0119pstwa okre\u015blonego w \u00a7 3 nast\u0119puje na jej wniosek.<\/em><\/p>\n\n\n\n<h3 class=\"wp-block-heading\">Art.&nbsp; 157a.&nbsp; [Uszczerbek na zdrowiu dziecka pocz\u0119tego]<\/h3>\n\n\n\n<p><em>\u00a7 1. Kto powoduje uszkodzenie cia\u0142a dziecka pocz\u0119tego lub rozstr\u00f3j zdrowia zagra\u017caj\u0105cy jego \u017cyciu, podlega grzywnie, karze ograniczenia wolno\u015bci albo pozbawienia wolno\u015bci do lat 2.<\/em><br><em>\u00a7 2. Nie pope\u0142nia przest\u0119pstwa lekarz, je\u017celi uszkodzenie cia\u0142a lub rozstr\u00f3j zdrowia dziecka pocz\u0119tego s\u0105 nast\u0119pstwem dzia\u0142a\u0144 leczniczych, koniecznych dla uchylenia niebezpiecze\u0144stwa gro\u017c\u0105cego zdrowiu lub \u017cyciu kobiety ci\u0119\u017carnej albo dziecka pocz\u0119tego.<\/em><br><em>\u00a7 3. Nie podlega karze matka dziecka pocz\u0119tego, kt\u00f3ra dopuszcza si\u0119 czynu okre\u015blonego w \u00a7 1.<\/em><\/p>\n","protected":false},"excerpt":{"rendered":"<p>Prawo do ochrony zdrowia jest fundamentalnym prawem ka\u017cdego Polaka, chronionym przez art. 68 Konstytucji RP. Lekarz jest wi\u0119c zobowi\u0105zany do kompetentnego wykonywania swojego zawodu tak, aby \u017cycie i zdrowie pacjenta by\u0142o w pe\u0142ni chronione. Aby m\u00f3wi\u0107 o odpowiedzialno\u015bci karnej lekarza, musi doj\u015b\u0107 do jego b\u0142\u0119du medycznego, \u015bwiadomego lub nie\u015bwiadomego, lub innej osoby wykonuj\u0105cej zaw\u00f3d medyczny.<\/p>\n","protected":false},"author":1,"featured_media":3023,"comment_status":"open","ping_status":"open","sticky":false,"template":"","format":"standard","meta":{"footnotes":""},"categories":[71],"tags":[108],"class_list":["post-3017","post","type-post","status-publish","format-standard","has-post-thumbnail","hentry","category-porady","tag-prawo-karne"],"_links":{"self":[{"href":"https:\/\/www.profinfo.pl\/blog\/wp-json\/wp\/v2\/posts\/3017","targetHints":{"allow":["GET"]}}],"collection":[{"href":"https:\/\/www.profinfo.pl\/blog\/wp-json\/wp\/v2\/posts"}],"about":[{"href":"https:\/\/www.profinfo.pl\/blog\/wp-json\/wp\/v2\/types\/post"}],"author":[{"embeddable":true,"href":"https:\/\/www.profinfo.pl\/blog\/wp-json\/wp\/v2\/users\/1"}],"replies":[{"embeddable":true,"href":"https:\/\/www.profinfo.pl\/blog\/wp-json\/wp\/v2\/comments?post=3017"}],"version-history":[{"count":6,"href":"https:\/\/www.profinfo.pl\/blog\/wp-json\/wp\/v2\/posts\/3017\/revisions"}],"predecessor-version":[{"id":3280,"href":"https:\/\/www.profinfo.pl\/blog\/wp-json\/wp\/v2\/posts\/3017\/revisions\/3280"}],"wp:featuredmedia":[{"embeddable":true,"href":"https:\/\/www.profinfo.pl\/blog\/wp-json\/wp\/v2\/media\/3023"}],"wp:attachment":[{"href":"https:\/\/www.profinfo.pl\/blog\/wp-json\/wp\/v2\/media?parent=3017"}],"wp:term":[{"taxonomy":"category","embeddable":true,"href":"https:\/\/www.profinfo.pl\/blog\/wp-json\/wp\/v2\/categories?post=3017"},{"taxonomy":"post_tag","embeddable":true,"href":"https:\/\/www.profinfo.pl\/blog\/wp-json\/wp\/v2\/tags?post=3017"}],"curies":[{"name":"wp","href":"https:\/\/api.w.org\/{rel}","templated":true}]}}