{"id":3031,"date":"2023-10-23T09:21:35","date_gmt":"2023-10-23T07:21:35","guid":{"rendered":"https:\/\/www.profinfo.pl\/blog\/?p=3031"},"modified":"2026-02-11T09:31:32","modified_gmt":"2026-02-11T08:31:32","slug":"swiadczenie-pielegnacyjne-od-2024-dla-kogo-ile-wynosi-jak-sie-ubiegac","status":"publish","type":"post","link":"https:\/\/www.profinfo.pl\/blog\/swiadczenie-pielegnacyjne-od-2024-dla-kogo-ile-wynosi-jak-sie-ubiegac\/","title":{"rendered":"\u015awiadczenie piel\u0119gnacyjne od 2024. Dla kogo, ile wynosi, jak si\u0119 ubiega\u0107?"},"content":{"rendered":"\n<p><strong>\u015awiadczenie piel\u0119gnacyjne jest przyznawane osobom, kt\u00f3re musz\u0105 zaj\u0105\u0107 si\u0119 niepe\u0142nosprawnym cz\u0142onkiem rodziny. Od 1 stycznia 2024 r. nast\u0105pi\u0105 pewne zmiany w przepisach dotycz\u0105cych pobierania \u015bwiadczenia piel\u0119gnacyjnego. Kto i jak na nich skorzysta?<\/strong><\/p>\n\n\n\n<!--more-->\n\n\n\n<p>W Dzienniku Ustaw z dnia 26 lipca 2023 r. w poz. 1429 opublikowana zosta\u0142a ustawa z dnia 7 lipca 2023 r. o \u015bwiadczeniu wspieraj\u0105cym. Poza wprowadzeniem nowego \u015bwiadczenia dla doros\u0142ych os\u00f3b z niepe\u0142nosprawno\u015bciami, ustawa nowelizuje r\u00f3wnie\u017c przepisy o \u015bwiadczeniu piel\u0119gnacyjnym, uregulowane w ustawie z dnia 28 listopada 2003 r. o \u015bwiadczeniach rodzinnych (Dz.U.2023.390).<\/p>\n\n\n\n<blockquote class=\"wp-block-quote is-style-default has-medium-font-size is-layout-flow wp-block-quote-is-layout-flow\">\n<p><em>Nowe zasady korzystania ze \u015bwiadczenia piel\u0119gnacyjnego b\u0119d\u0105 obowi\u0105zywa\u0142y od 1stycznia 2024 roku.<\/em><\/p>\n<\/blockquote>\n\n\n\n<h2 class=\"wp-block-heading\"><span class=\"ez-toc-section\" id=\"Dla-kogo-swiadczenie-pielegnacyjne\"><\/span>Dla kogo \u015bwiadczenie piel\u0119gnacyjne?<span class=\"ez-toc-section-end\"><\/span><\/h2>\n\n\n\n<p>Od 1 stycznia 2024 r. <a href=\"https:\/\/www.profinfo.pl\/hasla-lex\/swiadczenie-pielegnacyjne,4641.html?utm_source=blog&amp;utm_medium=link&amp;utm_campaign=%C5%9Awiadczenie+piel%C4%99gnacyjne+od+2024.+Dla+kogo%2C+ile+wynosi%2C+jak+si%C4%99+ubiega%C4%87%3F&amp;utm_content=%C5%9Bwiadczenie+piel%C4%99gnacyjne\">\u015bwiadczenie piel\u0119gnacyjne<\/a> b\u0119dzie przys\u0142ugiwa\u0107 rodzicom lub innym osobom opiekuj\u0105cym si\u0119 niepe\u0142nosprawnymi dzie\u0107mi w wieku do uko\u0144czenia 18 r. \u017cycia, bez jakiegokolwiek ogranicze\u0144 w zakresie podejmowania zatrudnienia lub innej pracy zarobkowej.<\/p>\n\n\n\n<p><strong>Nowe brzmienie ust. 1 w art. 17 wejdzie w \u017cycie z dn. 1.01.2024 r. (Dz. U. z 2023 r. poz. 1429).:<\/strong><\/p>\n\n\n\n<p><em>&lt;1. \u015awiadczenie piel\u0119gnacyjne przys\u0142uguje:<\/em><\/p>\n\n\n\n<p><em>1) matce albo ojcu,<\/em><br><em>2) innym osobom, na kt\u00f3rych zgodnie z przepisami ustawy z dnia 25 lutego 1964 r. \u2013 <a href=\"https:\/\/www.profinfo.pl\/kodeks-rodzinny-i-opiekunczy-krio?utm_source=blog&amp;utm_medium=link&amp;utm_campaign=%C5%9Awiadczenie+piel%C4%99gnacyjne+od+2024.+Dla+kogo%2C+ile+wynosi%2C+jak+si%C4%99+ubiega%C4%87%3F&amp;utm_content=Kodeks+rodzinny+i+opieku%C5%84czy\">Kodeks rodzinny i opieku\u0144czy<\/a> (Dz. U. z 2020 r. poz. 1359 oraz z 2022 r. poz. 2140) ci\u0105\u017cy obowi\u0105zek alimentacyjny, a tak\u017ce ma\u0142\u017conkom,<\/em><br><em>3) opiekunowi faktycznemu dziecka,<\/em><br><em>4) rodzinie zast\u0119pczej, osobie prowadz\u0105cej rodzinny dom dziecka, dyrektorowi plac\u00f3wki opieku\u0144czo-wychowawczej, dyrektorowi regionalnej plac\u00f3wki opieku\u0144czo-terapeutycznej albo dyrektorowi interwencyjnego o\u015brodka preadopcyjnego<\/em><\/p>\n\n\n\n<p><em>\u2013 je\u017celi sprawuj\u0105 opiek\u0119 nad osob\u0105 w wieku do uko\u0144czenia 18. roku \u017cycia legitymuj\u0105c\u0105 si\u0119 orzeczeniem o znacznym stopniu niepe\u0142nosprawno\u015bci albo orzeczeniem o niepe\u0142nosprawno\u015bci \u0142\u0105cznie ze wskazaniami: konieczno\u015bci sta\u0142ej lub d\u0142ugotrwa\u0142ej opieki lub pomocy innej osoby w zwi\u0105zku ze znacznie ograniczon\u0105 mo\u017cliwo\u015bci\u0105 samodzielnej egzystencji oraz konieczno\u015bci sta\u0142ego wsp\u00f3\u0142udzia\u0142u na co dzie\u0144 opiekuna dziecka w procesie jego leczenia, rehabilitacji i edukacji.&gt;<\/em><\/p>\n\n\n\n<figure class=\"wp-block-image alignwide size-full is-style-default bordersd\"><a href=\"https:\/\/www.profinfo.pl\/sklep\/prawo-rodzinne-i-opiekuncze-vademecum,337507.html?utm_source=blog&amp;utm_medium=baner&amp;utm_campaign=%C5%9Awiadczenie+piel%C4%99gnacyjne+od+2024.+Dla+kogo%2C+ile+wynosi%2C+jak+si%C4%99+ubiega%C4%87%3F&amp;utm_content=Prawo+rodzinne+i+opieku%C5%84cze.+Vademecum\"><img decoding=\"async\" width=\"819\" height=\"248\" src=\"https:\/\/www.profinfo.pl\/blog\/wp-content\/uploads\/2023\/11\/prawo-rodzinne-i-opiekuncze.png\" alt=\"\" class=\"wp-image-3039\" title=\"\"><\/a><figcaption class=\"wp-element-caption\">&#8222;<a href=\"https:\/\/www.profinfo.pl\/sklep\/prawo-rodzinne-i-opiekuncze-vademecum,337507.html?utm_source=blog&amp;utm_medium=link&amp;utm_campaign=%C5%9Awiadczenie+piel%C4%99gnacyjne+od+2024.+Dla+kogo%2C+ile+wynosi%2C+jak+si%C4%99+ubiega%C4%87%3F&amp;utm_content=Prawo+rodzinne+i+opieku%C5%84cze.+Vademecum\">Prawo rodzinne i opieku\u0144cze. Vademecum<\/a>&#8222;<\/figcaption><\/figure>\n\n\n\n<h2 class=\"wp-block-heading\"><span class=\"ez-toc-section\" id=\"Komu-wedlug-nowych-przepisow-swiadczenie-pielegnacyjne-nie-przysluguje\"><\/span>Komu, wed\u0142ug nowych przepis\u00f3w, \u015bwiadczenie piel\u0119gnacyjne nie przys\u0142uguje?<span class=\"ez-toc-section-end\"><\/span><\/h2>\n\n\n\n<p>Nowe brzmienie art. 17 ust. 5 Ustawy z dnia 28 listopada 2003 r. o \u015bwiadczeniach rodzinnych (Dz. U. z 2023 r. poz. 1429) m\u00f3wi:<\/p>\n\n\n\n<p><em>&lt;5. \u015awiadczenie piel\u0119gnacyjne nie przys\u0142uguje, je\u017celi:<\/em><\/p>\n\n\n\n<p><em>1) osoba sprawuj\u0105ca opiek\u0119 ma ustalone prawo do specjalnego zasi\u0142ku opieku\u0144czego, \u015bwiadczenia piel\u0119gnacyjnego lub zasi\u0142ku dla opiekuna, o kt\u00f3rym mowa w ustawie z dnia 4 kwietnia 2014 r. o ustaleniu i wyp\u0142acie zasi\u0142k\u00f3w dla opiekun\u00f3w;<\/em><br><em>2) osoba wymagaj\u0105ca opieki zosta\u0142a umieszczona lub przebywa w <a href=\"https:\/\/www.profinfo.pl\/hasla-lex\/domy-pomocy-spolecznej,595.html?utm_source=blog&amp;utm_medium=link&amp;utm_campaign=%C5%9Awiadczenie+piel%C4%99gnacyjne+od+2024.+Dla+kogo%2C+ile+wynosi%2C+jak+si%C4%99+ubiega%C4%87%3F&amp;utm_content=domu+pomocy+spo%C5%82ecznej\">domu pomocy spo\u0142ecznej<\/a>, zak\u0142adzie opieku\u0144czo-leczniczym, zak\u0142adzie piel\u0119gnacyjno-opieku\u0144czym, plac\u00f3wce zapewniaj\u0105cej ca\u0142odobow\u0105 opiek\u0119 osobom niepe\u0142nosprawnym, przewlekle chorym lub osobom w podesz\u0142ym wieku, o kt\u00f3rej mowa w przepisach o pomocy spo\u0142ecznej, zak\u0142adzie karnym, zak\u0142adzie poprawczym, areszcie \u015bledczym albo schronisku dla nieletnich;<\/em><br><em>3) osoba wymagaj\u0105ca opieki jest uprawniona za granic\u0105 do \u015bwiadczenia na pokrycie wydatk\u00f3w zwi\u0105zanych z opiek\u0105, chyba \u017ce przepisy o koordynacji system\u00f3w zabezpieczenia spo\u0142ecznego lub dwustronne umowy o zabezpieczeniu spo\u0142ecznym stanowi\u0105 inaczej;<\/em><br><em>4) na osob\u0119 wymagaj\u0105c\u0105 opieki inna osoba jest uprawniona za granic\u0105 do \u015bwiadczenia na pokrycie wydatk\u00f3w zwi\u0105zanych z opiek\u0105, chyba \u017ce przepisy o koordynacji system\u00f3w zabezpieczenia spo\u0142ecznego lub dwustronne umowy o zabezpieczeniu spo\u0142ecznym stanowi\u0105 inaczej;<\/em><br><em>5) na osob\u0119 wymagaj\u0105c\u0105 opieki jest ustalone prawo do specjalnego zasi\u0142ku opieku\u0144czego, prawo do \u015bwiadczenia piel\u0119gnacyjnego lub prawo do zasi\u0142ku dla opiekuna, o kt\u00f3rym mowa w ustawie z dnia 4 kwietnia 2014 r. o ustaleniu i wyp\u0142acie zasi\u0142k\u00f3w dla opiekun\u00f3w.><\/em><\/p>\n\n\n\n<h2 class=\"wp-block-heading\"><span class=\"ez-toc-section\" id=\"Ile-wyniesie-swiadczenie-pielegnacyjne-w-2024-roku\"><\/span>Ile wyniesie \u015bwiadczenie piel\u0119gnacyjne w 2024 roku?<span class=\"ez-toc-section-end\"><\/span><\/h2>\n\n\n\n<p>\u015awiadczenie piel\u0119gnacyjne dla osoby opiekuj\u0105cej si\u0119 niepe\u0142nosprawnym cz\u0142onkiem rodziny od 1 stycznia 2023 r. wynosi 2458 z\u0142 miesi\u0119cznie. Od 1 stycznia 2024 roku wzro\u015bnie prawdopodobnie do 2988 z\u0142, czyli b\u0119dzie o 530 z\u0142 wy\u017csze ni\u017c obecnie.<a id=\"_ednref1\" href=\"#_edn1\"><sup>[1]<\/sup><\/a><\/p>\n\n\n\n<p>Wysoko\u015b\u0107 \u015bwiadczenia piel\u0119gnacyjnego zale\u017cy w g\u0142\u00f3wnej mierze od <a href=\"https:\/\/www.profinfo.pl\/hasla-lex\/minimalne-wynagrodzenie-za-prace,1893.html?utm_source=blog&amp;utm_medium=link&amp;utm_campaign=%C5%9Awiadczenie+piel%C4%99gnacyjne+od+2024.+Dla+kogo%2C+ile+wynosi%2C+jak+si%C4%99+ubiega%C4%87%3F&amp;utm_content=pensji+minimalnej\">pensji minimalnej<\/a>. M\u00f3wi o tym art. 17 ust. 3b Ustawy z dnia 28 listopada 2003 r. o \u015bwiadczeniach rodzinnych (Dz. U. z 2023 r. poz. 1429):<\/p>\n\n\n\n<figure class=\"wp-block-image size-full is-style-default\"><img decoding=\"async\" width=\"1500\" height=\"1000\" src=\"https:\/\/www.profinfo.pl\/blog\/wp-content\/uploads\/2023\/11\/swiadczenie-pielegnacyjne-2.jpg\" alt=\"Komu, wed\u0142ug nowych przepis\u00f3w, \u015bwiadczenie piel\u0119gnacyjne nie przys\u0142uguje?\" class=\"wp-image-3036\" title=\"\"><\/figure>\n\n\n\n<p><em>Waloryzacja polega na zwi\u0119kszeniu kwoty \u015bwiadczenia piel\u0119gnacyjnego o wska\u017anik waloryzacji. Wska\u017anikiem waloryzacji jest procentowy wzrost minimalnego wynagrodzenia za prac\u0119, o kt\u00f3rym mowa w ustawie z dnia 10 pa\u017adziernika 2002 r. o minimalnym wynagrodzeniu za prac\u0119 (Dz. U. z 2020 r. poz. 2207), obowi\u0105zuj\u0105cego na dzie\u0144 1 stycznia roku, w kt\u00f3rym jest przeprowadzana waloryzacja, w stosunku do wysoko\u015bci minimalnego wynagrodzenia za prac\u0119 obowi\u0105zuj\u0105cej w dniu 1 stycznia roku poprzedzaj\u0105cego rok, w kt\u00f3rym jest przeprowadzana waloryzacja.<\/em><\/p>\n\n\n\n<p>Zgodnie z opublikowanym w Dzienniku Ustaw rozporz\u0105dzeniem Rady Ministr\u00f3w z dnia 14 wrze\u015bnia 2023 r. w sprawie wysoko\u015bci minimalnego wynagrodzenia za prac\u0119 oraz wysoko\u015bci minimalnej stawki godzinowej w 2024 r., od 1 stycznia 2024 pensja minimalna wyniesie 4242 z\u0142 brutto, a od 1 lipca 2024 wzro\u015bnie do 4300 z\u0142 brutto. Planowana dwukrotna podwy\u017cka minimalnego wynagrodzenia nie dotyczy jednak \u015bwiadczenia piel\u0119gnacyjnego, kt\u00f3re zostanie podniesione tylko raz, w styczniu 2024 roku.<\/p>\n\n\n\n<p><em>\u015awiadczenie piel\u0119gnacyjne jest przyznawane niezale\u017cnie od dochod\u00f3w rodziny i ustala si\u0119 je na czas nieokre\u015blony, chyba \u017ce orzeczenie o niepe\u0142nosprawno\u015bci lub orzeczenie o stopniu niepe\u0142nosprawno\u015bci zosta\u0142o wydane na czas okre\u015blony.<\/em><\/p>\n\n\n\n<p>Istotn\u0105 zmian\u0105 jest umo\u017cliwienie pobierania \u015bwiadczenia piel\u0119gnacyjnego w zwielokrotnionej kwocie w zale\u017cno\u015bci od liczby os\u00f3b, nad kt\u00f3rymi sprawowana jest opieka. W przypadku, gdy opiekun sprawuje opiek\u0119 nad wi\u0119cej ni\u017c jedn\u0105 osob\u0105 z niepe\u0142nosprawno\u015bci\u0105 w wieku do uko\u0144czenia 18 roku \u017cycia, kwota \u015bwiadczenia piel\u0119gnacyjnego zostanie podwy\u017cszona o 100% na drug\u0105 i ka\u017cd\u0105 kolejn\u0105 osob\u0119.<\/p>\n\n\n\n<p>Zgodnie z art. 17 ust. 3e, kt\u00f3ry wejdzie w \u017cycie z dn. 1.01.2024 r. (Dz. U. z 2023 r. poz. 1429):<\/p>\n\n\n\n<p><em>&lt;3e. Osobom, o kt\u00f3rych mowa w ust. 1 pkt 1\u20133, rodzinie zast\u0119pczej i osobie prowadz\u0105cej rodzinny dom dziecka sprawuj\u0105cym opiek\u0119 nad wi\u0119cej ni\u017c jedn\u0105 osob\u0105 w wieku do uko\u0144czenia 18. roku \u017cycia legitymuj\u0105c\u0105 si\u0119 orzeczeniem o znacznym stopniu niepe\u0142nosprawno\u015bci albo orzeczeniem o niepe\u0142nosprawno\u015bci \u0142\u0105cznie ze wskazaniami: konieczno\u015bci sta\u0142ej lub d\u0142ugotrwa\u0142ej opieki lub pomocy innej osoby w zwi\u0105zku ze znacznie ograniczon\u0105 mo\u017cliwo\u015bci\u0105 samodzielnej egzystencji oraz konieczno\u015bci sta\u0142ego wsp\u00f3\u0142udzia\u0142u na co dzie\u0144 opiekuna dziecka w procesie jego leczenia, rehabilitacji i edukacji, wysoko\u015b\u0107 \u015bwiadczenia piel\u0119gnacyjnego, o kt\u00f3rej mowa w ust. 3, podwy\u017csza si\u0119 o 100% na drug\u0105 i ka\u017cd\u0105 kolejn\u0105 osob\u0119, nad kt\u00f3r\u0105 sprawowana jest opieka.&gt;<\/em><\/p>\n\n\n\n<p>Ponadto art. 17 ust. 4 przewiduje, \u017ce:<\/p>\n\n\n\n<p><em>Kwot\u0119 \u015bwiadczenia piel\u0119gnacyjnego przys\u0142uguj\u0105c\u0105 za niepe\u0142ny miesi\u0105c ustala si\u0119, dziel\u0105c kwot\u0119 \u015bwiadczenia przez liczb\u0119 wszystkich dni kalendarzowych w tym miesi\u0105cu, a otrzyman\u0105 kwot\u0119 mno\u017cy si\u0119 przez liczb\u0119 dni kalendarzowych, za kt\u00f3re \u015bwiadczenie przys\u0142uguje. Kwot\u0119 \u015bwiadczenia przys\u0142uguj\u0105c\u0105 za niepe\u0142ny miesi\u0105c zaokr\u0105gla si\u0119 do 10 groszy w g\u00f3r\u0119.<\/em><\/p>\n\n\n\n<h2 class=\"wp-block-heading\"><span class=\"ez-toc-section\" id=\"Jak-ubiegac-sie-o-swiadczenie-pielegnacyjne\"><\/span>Jak ubiega\u0107 si\u0119 o \u015bwiadczenie piel\u0119gnacyjne?<span class=\"ez-toc-section-end\"><\/span><\/h2>\n\n\n\n<p>Aby otrzyma\u0107 \u015bwiadczenie piel\u0119gnacyjne, nale\u017cy z\u0142o\u017cy\u0107 wniosek o ustalenie prawa do \u015bwiadczenia piel\u0119gnacyjnego w urz\u0119dzie gminy lub miasta w\u0142a\u015bciwym ze wzgl\u0119du na miejsce zamieszkania (albo w o\u015brodku pomocy spo\u0142ecznej lub w innej jednostce organizacyjnej gminy, je\u017celi to w\u0142a\u015bnie im przekazana zosta\u0142a realizacja \u015bwiadcze\u0144 rodzinnych w danej gminie).<\/p>\n\n\n\n<p>Wz\u00f3r formularza wniosku i innych niezb\u0119dnych dokument\u00f3w udost\u0119pnia podmiot realizuj\u0105cy \u015bwiadczenia rodzinne. Mo\u017cna o niego pyta\u0107 w swoim urz\u0119dzie gminy lub miasta (albo w o\u015brodku pomocy spo\u0142ecznej lub w innej jednostce organizacyjnej gminy, je\u017celi to w\u0142a\u015bnie im przekazana zosta\u0142a realizacja \u015bwiadcze\u0144 rodzinnych w danej gminie).<\/p>\n\n\n\n<p>Do wniosku nale\u017cy do\u0142\u0105czy\u0107:<\/p>\n\n\n\n<ul class=\"wp-block-list\">\n<li>skr\u00f3cony odpis aktu urodzenia dziecka lub inny dokument urz\u0119dowy potwierdzaj\u0105cy wiek dziecka,<\/li>\n\n\n\n<li><a href=\"https:\/\/www.profinfo.pl\/hasla-lex\/orzekanie-o-niepelnosprawnosci,2657.html?utm_source=blog&amp;utm_medium=link&amp;utm_campaign=%C5%9Awiadczenie+piel%C4%99gnacyjne+od+2024.+Dla+kogo%2C+ile+wynosi%2C+jak+si%C4%99+ubiega%C4%87%3F&amp;utm_content=orzeczenie+o+niepe%C5%82nosprawno%C5%9Bci\">orzeczenie o niepe\u0142nosprawno\u015bci<\/a> lub o znacznym stopniu niepe\u0142nosprawno\u015bci.<a id=\"_ednref2\" href=\"#_edn2\"><sup>[2]<\/sup><\/a><\/li>\n<\/ul>\n\n\n\n<hr class=\"wp-block-separator has-alpha-channel-opacity is-style-dots\"\/>\n\n\n\n<p class=\"has-small-font-size\"><a id=\"_edn1\" href=\"#_ednref1\">[1]<\/a> <a href=\"https:\/\/prawo.gazetaprawna.pl\/artykuly\/9282830,swiadczenie-pielegnacyjne-w-gore-ile-wyniesie-w-2024-roku.html\" target=\"_blank\" rel=\"noreferrer noopener nofollow\">https:\/\/prawo.gazetaprawna.pl\/artykuly\/9282830,swiadczenie-pielegnacyjne-w-gore-ile-wyniesie-w-2024-roku.html<\/a><br><a id=\"_edn2\" href=\"#_ednref2\">[2]<\/a> <a href=\"https:\/\/empatia.mpips.gov.pl\/-\/swiadczenie-pielegnacyjne\" target=\"_blank\" rel=\"noreferrer noopener nofollow\">https:\/\/empatia.mpips.gov.pl\/-\/swiadczenie-pielegnacyjne<\/a><\/p>\n","protected":false},"excerpt":{"rendered":"<p>\u015awiadczenie piel\u0119gnacyjne jest przyznawane osobom, kt\u00f3re musz\u0105 zaj\u0105\u0107 si\u0119 niepe\u0142nosprawnym cz\u0142onkiem rodziny. Od 1 stycznia 2024 r. nast\u0105pi\u0105 pewne zmiany w przepisach dotycz\u0105cych pobierania \u015bwiadczenia piel\u0119gnacyjnego. Kto i jak na nich skorzysta?<\/p>\n","protected":false},"author":1,"featured_media":3035,"comment_status":"open","ping_status":"open","sticky":false,"template":"","format":"standard","meta":{"footnotes":""},"categories":[71],"tags":[110],"class_list":["post-3031","post","type-post","status-publish","format-standard","has-post-thumbnail","hentry","category-porady","tag-prawo-rodzinne-i-opiekuncze"],"_links":{"self":[{"href":"https:\/\/www.profinfo.pl\/blog\/wp-json\/wp\/v2\/posts\/3031","targetHints":{"allow":["GET"]}}],"collection":[{"href":"https:\/\/www.profinfo.pl\/blog\/wp-json\/wp\/v2\/posts"}],"about":[{"href":"https:\/\/www.profinfo.pl\/blog\/wp-json\/wp\/v2\/types\/post"}],"author":[{"embeddable":true,"href":"https:\/\/www.profinfo.pl\/blog\/wp-json\/wp\/v2\/users\/1"}],"replies":[{"embeddable":true,"href":"https:\/\/www.profinfo.pl\/blog\/wp-json\/wp\/v2\/comments?post=3031"}],"version-history":[{"count":6,"href":"https:\/\/www.profinfo.pl\/blog\/wp-json\/wp\/v2\/posts\/3031\/revisions"}],"predecessor-version":[{"id":3040,"href":"https:\/\/www.profinfo.pl\/blog\/wp-json\/wp\/v2\/posts\/3031\/revisions\/3040"}],"wp:featuredmedia":[{"embeddable":true,"href":"https:\/\/www.profinfo.pl\/blog\/wp-json\/wp\/v2\/media\/3035"}],"wp:attachment":[{"href":"https:\/\/www.profinfo.pl\/blog\/wp-json\/wp\/v2\/media?parent=3031"}],"wp:term":[{"taxonomy":"category","embeddable":true,"href":"https:\/\/www.profinfo.pl\/blog\/wp-json\/wp\/v2\/categories?post=3031"},{"taxonomy":"post_tag","embeddable":true,"href":"https:\/\/www.profinfo.pl\/blog\/wp-json\/wp\/v2\/tags?post=3031"}],"curies":[{"name":"wp","href":"https:\/\/api.w.org\/{rel}","templated":true}]}}