{"id":3045,"date":"2023-11-17T14:39:55","date_gmt":"2023-11-17T13:39:55","guid":{"rendered":"https:\/\/www.profinfo.pl\/blog\/?p=3045"},"modified":"2024-03-05T14:30:31","modified_gmt":"2024-03-05T13:30:31","slug":"co-trzeba-wiedziec-o-ksef","status":"publish","type":"post","link":"https:\/\/www.profinfo.pl\/blog\/co-trzeba-wiedziec-o-ksef\/","title":{"rendered":"Co trzeba wiedzie\u0107 o KSeF?"},"content":{"rendered":"\n<p>Krajowy System e-Faktur, czyli KSeF, zmieni polskie firmy, organizacje i jednostki samorz\u0105du terytorialnego. \u017badne inne rozwi\u0105zanie legislacyjne w ostatnich latach nie b\u0119dzie mia\u0142o takiego wp\u0142ywu na prowadzenie dzia\u0142alno\u015bci i \u017cadne nie wymaga tak szeroko zakrojonych przygotowa\u0144. <strong>Od 1.07.2024 r. dominuj\u0105ca wi\u0119kszo\u015b\u0107 faktur w Polsce b\u0119dzie mia\u0142a format elektroniczny<\/strong>, zgodny z zawieraj\u0105cym ponad 300 p\u00f3l wzorem, oraz b\u0119dzie wystawiana i odbierana przez centralny system Ministerstwa Finans\u00f3w.<\/p>\n\n\n\n<!--more-->\n\n\n\n<p><strong>Niewystarczaj\u0105co staranne przygotowanie si\u0119 do tej rewolucji mo\u017ce utrudni\u0107 lub uniemo\u017cliwi\u0107 prowadzenie dzia\u0142alno\u015bci<\/strong>. Przemy\u015blane wdro\u017cenie KSeF mo\u017ce by\u0107 jednak bardzo korzystne dla organizacji, zmniejszaj\u0105c czasoch\u0142onno\u015b\u0107 przetwarzania dokument\u00f3w handlowych, ograniczaj\u0105c liczb\u0119 b\u0142\u0119d\u00f3w i daj\u0105c okazj\u0119 do przemy\u015blenia i poprawy obecnych proces\u00f3w<\/p>\n\n\n\n<figure class=\"wp-block-image alignwide size-full is-style-default bordersd\"><a href=\"https:\/\/www.profinfo.pl\/sklep\/krajowy-system-e-faktur-ksef,477511.html?utm_source=blog&amp;utm_medium=baner&amp;utm_campaign=Co+trzeba+wiedzie%C4%87+o+KSeF%3F&amp;utm_content=%28Link+do+innej+strony%29+Krajowy+System+e-Faktur+%28KSeF%29.+Poradnik+podatnika+%2B+SZKOLENIE+ONLINE\"><img decoding=\"async\" width=\"816\" height=\"268\" src=\"https:\/\/www.profinfo.pl\/blog\/wp-content\/uploads\/2023\/11\/krajowy-system-e-faktur.png\" alt=\"Krajowy System e-Faktur (KSeF). Poradnik podatnika \" class=\"wp-image-3007\" title=\"\"><\/a><figcaption class=\"wp-element-caption\">Polecamy &#8222;<a href=\"https:\/\/www.profinfo.pl\/sklep\/krajowy-system-e-faktur-ksef,477511.html?utm_source=blog&amp;utm_medium=link&amp;utm_campaign=Co+trzeba+wiedzie%C4%87+o+KSeF%3F&amp;utm_content=%28Link+do+innej+strony%29+Krajowy+System+e-Faktur+%28KSeF%29.+Poradnik+podatnika+%2B+SZKOLENIE+ONLINE\">Krajowy System e-Faktur (KSeF). Poradnik podatnika + SZKOLENIE ONLINE<\/a>&#8222;<\/figcaption><\/figure>\n\n\n\n<div id=\"ez-toc-container\" class=\"ez-toc-v2_0_82_2 counter-hierarchy ez-toc-counter ez-toc-custom ez-toc-container-direction\">\n<div class=\"ez-toc-title-container\">\n<p class=\"ez-toc-title\" style=\"cursor:inherit\">Spis tre\u015bci<\/p>\n<span class=\"ez-toc-title-toggle\"><a href=\"#\" class=\"ez-toc-pull-right ez-toc-btn ez-toc-btn-xs ez-toc-btn-default ez-toc-toggle\" aria-label=\"Prze\u0142\u0105cznik Spisu Tre\u015bci\"><span class=\"ez-toc-js-icon-con\"><span class=\"\"><span class=\"eztoc-hide\" style=\"display:none;\">Toggle<\/span><span class=\"ez-toc-icon-toggle-span\"><svg style=\"fill: #676767;color:#676767\" xmlns=\"http:\/\/www.w3.org\/2000\/svg\" class=\"list-377408\" width=\"20px\" height=\"20px\" viewBox=\"0 0 24 24\" fill=\"none\"><path d=\"M6 6H4v2h2V6zm14 0H8v2h12V6zM4 11h2v2H4v-2zm16 0H8v2h12v-2zM4 16h2v2H4v-2zm16 0H8v2h12v-2z\" fill=\"currentColor\"><\/path><\/svg><svg style=\"fill: #676767;color:#676767\" class=\"arrow-unsorted-368013\" xmlns=\"http:\/\/www.w3.org\/2000\/svg\" width=\"10px\" height=\"10px\" viewBox=\"0 0 24 24\" version=\"1.2\" baseProfile=\"tiny\"><path d=\"M18.2 9.3l-6.2-6.3-6.2 6.3c-.2.2-.3.4-.3.7s.1.5.3.7c.2.2.4.3.7.3h11c.3 0 .5-.1.7-.3.2-.2.3-.5.3-.7s-.1-.5-.3-.7zM5.8 14.7l6.2 6.3 6.2-6.3c.2-.2.3-.5.3-.7s-.1-.5-.3-.7c-.2-.2-.4-.3-.7-.3h-11c-.3 0-.5.1-.7.3-.2.2-.3.5-.3.7s.1.5.3.7z\"\/><\/svg><\/span><\/span><\/span><\/a><\/span><\/div>\n<nav><ul class='ez-toc-list ez-toc-list-level-1 ' ><li class='ez-toc-page-1 ez-toc-heading-level-2'><a class=\"ez-toc-link ez-toc-heading-1\" href=\"https:\/\/www.profinfo.pl\/blog\/co-trzeba-wiedziec-o-ksef\/#I-Najwazniejsze-zmiany-w-ustawie\" >I. Najwa\u017cniejsze zmiany w ustawie:<\/a><\/li><li class='ez-toc-page-1 ez-toc-heading-level-2'><a class=\"ez-toc-link ez-toc-heading-2\" href=\"https:\/\/www.profinfo.pl\/blog\/co-trzeba-wiedziec-o-ksef\/#II-Struktura-e-faktur\" >II. Struktura e-faktur<\/a><\/li><li class='ez-toc-page-1 ez-toc-heading-level-2'><a class=\"ez-toc-link ez-toc-heading-3\" href=\"https:\/\/www.profinfo.pl\/blog\/co-trzeba-wiedziec-o-ksef\/#III-KSeF-a-faktury-zakupowe\" >III. KSeF a faktury zakupowe<\/a><\/li><li class='ez-toc-page-1 ez-toc-heading-level-2'><a class=\"ez-toc-link ez-toc-heading-4\" href=\"https:\/\/www.profinfo.pl\/blog\/co-trzeba-wiedziec-o-ksef\/#IV-Rodzaje-uprawien-KSeF\" >IV. Rodzaje uprawie\u0144 KSeF<\/a><\/li><li class='ez-toc-page-1 ez-toc-heading-level-2'><a class=\"ez-toc-link ez-toc-heading-5\" href=\"https:\/\/www.profinfo.pl\/blog\/co-trzeba-wiedziec-o-ksef\/#V-Autoryzacja\" >V. Autoryzacja<\/a><\/li><\/ul><\/nav><\/div>\n<h2 class=\"wp-block-heading\"><span class=\"ez-toc-section\" id=\"I-Najwazniejsze-zmiany-w-ustawie\"><\/span>I. Najwa\u017cniejsze zmiany w ustawie:<span class=\"ez-toc-section-end\"><\/span><\/h2>\n\n\n\n<ol class=\"wp-block-list\">\n<li>KSeF obowi\u0105zkowy od <strong>1 lipca 2024 <\/strong>r., z wyj\u0105tkiem podmiot\u00f3w zwolnionych z VAT, kt\u00f3rzy b\u0119d\u0105 mieli dodatkowe p\u00f3\u0142 roku na wdro\u017cenie<\/li>\n\n\n\n<li>Faktury z <strong>kas rejestruj\u0105cych <\/strong>akceptowane do 31 grudnia 2024 r.<\/li>\n\n\n\n<li>Paragon fiskalny z NIP uznawany jako <strong>faktura uproszczona do 31 grudnia 2024 r.<\/strong><\/li>\n\n\n\n<li>Faktury <strong>B2C<\/strong> poza KSeF (ze wzgl\u0119du na RODO)<\/li>\n\n\n\n<li>Bilety (np. na autostrady p\u0142atne) oraz faktury w procedurach OSS nieunijnych <strong>nie b\u0119d\u0105 wystawiane w KSeF<\/strong><\/li>\n\n\n\n<li>Mo\u017cliwo\u015b\u0107 wystawiania faktur offline w przypadku awarii, z p\u00f3\u017aniejszym dostarczeniem do KSeF<\/li>\n\n\n\n<li>Wskazanie dat wystawienia i innych kwestii wzgl\u0119dem faktur ustrukturyzowanych, r\u00f3wnie\u017c w trybie offline<\/li>\n\n\n\n<li>Mo\u017cliwo\u015b\u0107 wystawiania faktur koryguj\u0105cych w okresie awarii i w trybie offline<\/li>\n\n\n\n<li>Liberalizacja <strong>sankcji<\/strong> zwi\u0105zanych z KSeF do 1 stycznia 2025 r.<\/li>\n\n\n\n<li>Konieczno\u015b\u0107 uzyskania zgody od rolnika rycza\u0142towego przed wystawieniem faktur <strong>VAT RR <\/strong>i faktur <strong>VAT RR KOREKTA <\/strong>przy u\u017cyciu Krajowego Systemu e-Faktur<\/li>\n\n\n\n<li>Skr\u00f3cenie standardowego okresu zwrotu nadwy\u017cki podatku naliczonego nad podatkiem nale\u017cnym z <strong>60 do 40 dni<\/strong><\/li>\n\n\n\n<li>Wy\u0142\u0105czna elektronizacja obs\u0142ugi wi\u0105\u017c\u0105cych informacji stawkowych, akcyzowych, taryfowych oraz informacji o pochodzeniu towaru<\/li>\n\n\n\n<li>Likwidacja <strong>not koryguj\u0105cych <\/strong>w KSeF i poza KSeF.<\/li>\n<\/ol>\n\n\n\n<h2 class=\"wp-block-heading\"><span class=\"ez-toc-section\" id=\"II-Struktura-e-faktur\"><\/span>II. Struktura e-faktur<span class=\"ez-toc-section-end\"><\/span><\/h2>\n\n\n\n<figure class=\"wp-block-table alignwide\"><table><thead><tr><th>W\u0119ze\u0142<\/th><th>Opis<\/th><\/tr><\/thead><tbody><tr><td>Nag\u0142\u00f3wek<\/td><td>W\u0119ze\u0142 zawieraj\u0105cy podstawowe informacje techniczne o fakturze<\/td><\/tr><tr><td>Podmiot 1 \u2013 sprzedawca<\/td><td>W\u0119ze\u0142 zawieraj\u0105cy dane sprzedawcy, w tym numer identyfikacji podatkowej oraz dane adresowe<\/td><\/tr><tr><td>Podmiot 2 \u2013 nabywca<\/td><td>W\u0119ze\u0142 zawieraj\u0105cy dane nabywcy, w tym numer identyfikacji podatkowej oraz dane adresowe<\/td><\/tr><tr><td>Podmiot 3 \u2013 inna rola<\/td><td>W\u0119ze\u0142 nieobowi\u0105zkowy, pozwalaj\u0105cy na dodanie informacji o innych podmiotach zaanga\u017cowanych w transakcj\u0119 (np. faktor, inny odbiorca, dodatkowy nabywca czy dokonuj\u0105cy p\u0142atno\u015bci). Zawiera numer identyfikacji podatkowej oraz dane adresowe takich podmiot\u00f3w. Mo\u017ce wyst\u0105pi\u0107 100 razy<\/td><\/tr><tr><td>Podmiot upowa\u017cniony<\/td><td>W\u0119ze\u0142 nieobowi\u0105zkowy, pozwalaj\u0105cy na wystawienie faktury przez komornika, organ egzekucyjny lub przedstawiciela podatkowego. Zawiera numer identyfikacji podatkowej oraz dane adresowe takich podmiot\u00f3w<\/td><\/tr><tr><td>Faktura \u2013 cz\u0119\u015b\u0107 g\u0142\u00f3wna<\/td><td>W\u0119ze\u0142 zawieraj\u0105cy informacje o walucie, rodzaju faktury, dacie dostawy oraz podsumowania warto\u015bci netto sprzeda\u017cy oraz kwot podatku w podziale na stawki. Zawiera tak\u017ce pola wskazuj\u0105ce warto\u015b\u0107 sprzeda\u017cy zwolnionej oraz kwot\u0119 nale\u017cno\u015bci og\u00f3\u0142em<\/td><\/tr><tr><td>Faktura \u2013 adnotacje i oznaczenia<\/td><td>W\u0119ze\u0142 zawieraj\u0105cy informacje o obowi\u0105zkowych adnotacjach na fakturze \u2013 metoda kasowa, podzielona p\u0142atno\u015b\u0107, procedura VAT mar\u017ca, odwrotne obci\u0105\u017cenie, zwolnienie od podatku wraz ze wskazaniem podstawy, dostawa nowych \u015brodk\u00f3w transportu, procedura uproszczona w transakcjach \u0142a\u0144cuchowych. Zawiera tak\u017ce oznaczenia faktury do paragonu, faktury dokumentuj\u0105cej transakcje z podmiotem powi\u0105zanym, numer faktury zaliczkowej i pole na dodatkowy opis<\/td><\/tr><tr><td>Faktura \u2013 faktura koryguj\u0105ca<\/td><td>W\u0119ze\u0142 zawieraj\u0105cy informacje o fakturze korygowanej oraz przyczynie korekty<\/td><\/tr><tr><td>Faktura \u2013 wiersze<\/td><td>W\u0119ze\u0142 zawiera informacje o wierszach faktury, w tym ilo\u015bci, mierze, cenie netto i stawce podatku, a tak\u017ce informacje o procedurach w VAT (np. eksport 0%) i kursie walutowym zastosowanym do przeliczenia podatku<\/td><\/tr><tr><td>Rozliczenie<\/td><td>W\u0119ze\u0142 nieobowi\u0105zkowy pozwalaj\u0105cy na wskazanie na fakturze dodatkowych obci\u0105\u017ce\u0144 lub odlicze\u0144 (np. nadp\u0142at lub zwrotu koszt\u00f3w) oraz faktycznej kwoty do zap\u0142aty<\/td><\/tr><tr><td>P\u0142atno\u015b\u0107<\/td><td>W\u0119ze\u0142 nieobowi\u0105zkowy pozwalaj\u0105cy na wskazanie na fakturze informacji o p\u0142atno\u015bciach, formie i terminie p\u0142atno\u015bci oraz rachunku bankowym do zap\u0142aty. W\u0119ze\u0142 pozwala tak\u017ce na wykazanie ju\u017c dokonanych p\u0142atno\u015bci<\/td><\/tr><tr><td>Warunki Transakcji \u2013 umowy i zam\u00f3wienia<\/td><td>W\u0119ze\u0142 nieobowi\u0105zkowy pozwalaj\u0105cy na dodanie numer\u00f3w &nbsp;&nbsp;um\u00f3w oraz numer\u00f3w zam\u00f3wie\u0144 oraz warunk\u00f3w dostawy (np. Incoterms)<\/td><\/tr><tr><td>Warunki Transakcji \u2013 transport<\/td><td>W\u0119ze\u0142 nieobowi\u0105zkowy pozwalaj\u0105cy na wskazanie informacji o rodzaju transportu, danych przewo\u017anika, opisu \u0142adunku, dat rozpocz\u0119cia i zako\u0144czenia transportu oraz adres\u00f3w rozpocz\u0119cia i zako\u0144czenia wysy\u0142ki<\/td><\/tr><tr><td>Zam\u00f3wienie<\/td><td>W\u0119ze\u0142 nieobowi\u0105zkowy pozwalaj\u0105cy na prezentacj\u0119 danych zawartych w wierszach zam\u00f3wienia<\/td><\/tr><tr><td>Stopka<\/td><td>W\u0119ze\u0142 nieobowi\u0105zkowy pozwalaj\u0105cy na dodatnie dodatkowych danych lub komentarzy do faktury oraz prezentacj\u0119 danych rejestrowych<\/td><\/tr><\/tbody><\/table><\/figure>\n\n\n\n<h2 class=\"wp-block-heading\"><span class=\"ez-toc-section\" id=\"III-KSeF-a-faktury-zakupowe\"><\/span>III. KSeF a faktury zakupowe<span class=\"ez-toc-section-end\"><\/span><\/h2>\n\n\n\n<ul class=\"wp-block-list\">\n<li>Na dzie\u0144 dzisiejszy otrzymywanie faktur ustrukturyzowanych z wykorzystaniem KSeF wymaga <strong>akceptacji odbiorcy faktury.<\/strong><\/li>\n\n\n\n<li>Forma akceptacji nie jest sprecyzowana przez przepisy. Nabywcy maj\u0105 wi\u0119c swobod\u0119 co do formy wyra\u017cenia zgody.<\/li>\n\n\n\n<li>System KSeF nie obs\u0142uguje procesu akceptacji nabywcy co do sposobu otrzymania faktur ustrukturyzowanych<\/li>\n\n\n\n<li>Akceptacja odbiorcy <strong>nie jest konieczna<\/strong> na wystawiania e-Faktur: wystawca mo\u017ce wystawi\u0107 faktur\u0119 przez KSeF, a nast\u0119pnie przekaza\u0107 j\u0105 nabywcy w inny, ustalony przez strony spos\u00f3b.<\/li>\n\n\n\n<li>Akceptacja e-faktur mo\u017ce zosta\u0107 wprowadzona przez sprzedawc\u00f3w np. jako jeden z element\u00f3w OWU, co w praktyce mo\u017ce oznacza\u0107 dla nabywcy konieczno\u015b\u0107 wyra\u017cenia takiej zgody.<\/li>\n<\/ul>\n\n\n\n<figure class=\"wp-block-pullquote alignwide is-style-solid-color has-border-color has-medium-font-size\" style=\"border-color:#85bc20;border-style:dotted\"><blockquote><p><a href=\"https:\/\/www.profinfo.pl\/podatki?utm_source=blog&amp;utm_medium=link&amp;utm_campaign=Co+trzeba+wiedzie%C4%87+o+KSeF%3F&amp;utm_content=Podatki+w+Profinfo.pl\">Podatki w Profinfo.pl<\/a><\/p><cite>Publikacje z zakresu podatk\u00f3w i rachunkowo\u015bci dla ksi\u0119gowych i prawnik\u00f3w<\/cite><\/blockquote><\/figure>\n\n\n\n<h2 class=\"wp-block-heading\"><span class=\"ez-toc-section\" id=\"IV-Rodzaje-uprawien-KSeF\"><\/span>IV. Rodzaje uprawie\u0144 KSeF<span class=\"ez-toc-section-end\"><\/span><\/h2>\n\n\n\n<ul class=\"wp-block-list\">\n<li>Uprawnionymi do dzia\u0142ania w Krajowym Systemie e-Faktur (KSeF) s\u0105:\n<ul class=\"wp-block-list\">\n<li>bezpo\u015brednio podatnik lub komornik s\u0105dowy\/organ egzekucyjny,<\/li>\n\n\n\n<li>osoba (fizyczna\/podmiot nieb\u0119d\u0105cy osob\u0105 fizyczn\u0105) uprawniona przez podatnika z zakresie nadanych uprawnie\u0144,<\/li>\n\n\n\n<li>osoba (fizyczna\/ podmiot nieb\u0119d\u0105cy osob\u0105 fizyczn\u0105) wskazana w imieniu podatnika przez osob\u0119 fizyczn\u0105 posiadaj\u0105c\u0105 uprawnienie do nadawania dalszych uprawnie\u0144, nadane w imieniu tego podatnika, w zakresie nadanych uprawnie\u0144,<\/li>\n\n\n\n<li>osoba fizyczna wskazana przez podmiot, kt\u00f3ry w imieniu podatnika wskazano przez osob\u0119 do tego uprawnion\u0105 jako uprawniony do wystawiania lub odbierania faktur, wy\u0142\u0105cznie w zakresie wystawiania lub odbierania faktur podatnika,<\/li>\n\n\n\n<li>osoba fizyczna wskazana przez komornika s\u0105dowego w zakresie wystawiania faktur,<\/li>\n\n\n\n<li>osoba fizyczna reprezentuj\u0105ca organ egzekucyjny,<\/li>\n\n\n\n<li>osoba fizyczna wskazana w imieniu organu egzekucyjnego w zakresie wystawiania faktur.<\/li>\n<\/ul>\n<\/li>\n<\/ul>\n\n\n\n<h2 class=\"wp-block-heading\"><span class=\"ez-toc-section\" id=\"V-Autoryzacja\"><\/span>V. Autoryzacja<span class=\"ez-toc-section-end\"><\/span><\/h2>\n\n\n\n<ul class=\"wp-block-list\">\n<li>Przewidziane s\u0105 cztery metody autoryzacji u\u017cytkownika w KSeF:\n<ul class=\"wp-block-list\">\n<li>uwierzytelnienie kwalifikowanym podpisem elektronicznym<\/li>\n\n\n\n<li>uwierzytelnienie kwalifikowan\u0105 piecz\u0119ci\u0105 elektroniczn\u0105<\/li>\n\n\n\n<li>uwierzytelnienie podpisem zaufanym<\/li>\n\n\n\n<li>uwierzytelnienie wygenerowanym przez KSeF ci\u0105giem 40 znak\u00f3w alfanumerycznych (token autoryzuj\u0105cy)<\/li>\n<\/ul>\n<\/li>\n\n\n\n<li>Ostatnia metoda b\u0119dzie dost\u0119pna po wcze\u015bniejszym uwierzytelnieniu si\u0119 podatnika jedn\u0105 z trzech pozosta\u0142ych metod.<\/li>\n\n\n\n<li>Do tego, aby u\u017cytkownik m\u00f3g\u0142 si\u0119 autoryzowa\u0107 w KSeF, konieczne jest wcze\u015bniejsze uzyskanie uprawnie\u0144 do korzystania z systemu. Nadanie, zmiana lub usuni\u0119cie takich uprawnie\u0144 b\u0119d\u0105 mo\u017cliwe b\u0105d\u017a przez przeznaczony do tego interfejs udost\u0119pniony przez MF, b\u0105d\u017a przez Portal Podatkowy, b\u0105d\u017a poprzez pisemne zawiadomienie w\u0142a\u015bciwego naczelnika urz\u0119du skarbowego.<\/li>\n\n\n\n<li>Mo\u017cliwe b\u0119dzie upowa\u017cnienie wi\u0119cej ni\u017c jednej osoby (podmiotu) do autoryzacji w systemie, w tym tak\u017ce os\u00f3b nieposiadaj\u0105cych polskiego NIP lub numeru PESEL.<\/li>\n<\/ul>\n\n\n\n<p>Wi\u0119cej na temat w ksi\u0105\u017cce: <a href=\"https:\/\/www.profinfo.pl\/sklep\/krajowy-system-e-faktur-ksef,477511.html?utm_source=blog&amp;utm_medium=link&amp;utm_campaign=Co+trzeba+wiedzie%C4%87+o+KSeF%3F&amp;utm_content=https%3A%2F%2Fwww.profinfo.pl%2Fsklep%2Fkrajowy-system-e-faktur-ksef%2C477511.html\">https:\/\/www.profinfo.pl\/sklep\/krajowy-system-e-faktur-ksef,477511.html<\/a><\/p>\n\n\n\n<hr class=\"wp-block-separator has-alpha-channel-opacity is-style-dots\"\/>\n\n\n\n<div class=\"wp-block-media-text is-stacked-on-mobile is-vertically-aligned-top\" style=\"grid-template-columns:30% auto\"><figure class=\"wp-block-media-text__media\"><img decoding=\"async\" width=\"170\" height=\"113\" src=\"https:\/\/www.profinfo.pl\/blog\/wp-content\/uploads\/2023\/11\/ernest-frankowski.png\" alt=\"Ernest Frankowski\" class=\"wp-image-3048 size-full\" title=\"\"><\/figure><div class=\"wp-block-media-text__content\">\n<p class=\"has-small-font-size\"><strong><a href=\"https:\/\/www.profinfo.pl\/autorzy\/ernest-frankowski,90613.html?utm_source=blog&amp;utm_medium=link&amp;utm_campaign=Co+trzeba+wiedzie%C4%87+o+KSeF%3F&amp;utm_content=Ernest+Frankowski\">Ernest Frankowski<\/a><\/strong> \u2013 prawnik, doradca podatkowy, a tak\u017ce wieloletni pracownik firm doradczych, przedsi\u0119biorca; prekursor i specjalista w zakresie tax tech z 20-letnim do\u015bwiadczeniem; specjalista system\u00f3w ERP; uczestnik i lider wielu projekt\u00f3w wdro\u017ceniowych w rozmaitych technologiach IT; projektant rozwi\u0105za\u0144 IT w obszarze tax tech, a tak\u017ce trener metodyk projektowych agile; entuzjasta i praktyk technologii takich jak robotyzacja, blockchain oraz machine learning; ekspert w zakresie regtech, legaltech oraz suptech.<\/p>\n<\/div><\/div>\n\n\n\n<div class=\"wp-block-media-text has-media-on-the-right is-stacked-on-mobile is-vertically-aligned-top\" style=\"grid-template-columns:auto 20%\"><div class=\"wp-block-media-text__content\">\n<p class=\"has-small-font-size\"><strong><a href=\"https:\/\/www.profinfo.pl\/autorzy\/adrian-lapierre,112354.html?utm_source=blog&amp;utm_medium=link&amp;utm_campaign=Co+trzeba+wiedzie%C4%87+o+KSeF%3F&amp;utm_content=Adrian+Lapierre\">Adrian Lapierre<\/a><\/strong> \u2013 ekspert w dziedzinie bezpiecze\u0144stwa informacji, ISO 27001 i wdra\u017cania system\u00f3w zarz\u0105dzania bezpiecze\u0144stwem; do\u015bwiadczony programista i architekt, od pierwszych dni udost\u0119pnienia KSeF skupi\u0142 swoj\u0105 uwag\u0119 na bezpiecznej i efektywnej integracji z tym systemem; w oparciu o swoj\u0105 g\u0142\u0119bok\u0105 wiedz\u0119 techniczn\u0105 i do\u015bwiadczenie w dziedzinie bezpiecze\u0144stwa, opracowa\u0142 otwarte oprogramowanie \u2013 klient KSeF dla kilku j\u0119zyk\u00f3w programowania, przyczyniaj\u0105c si\u0119 tym samym do demokratyzacji dost\u0119pu do tego systemu.<\/p>\n<\/div><figure class=\"wp-block-media-text__media\"><img decoding=\"async\" width=\"170\" height=\"255\" src=\"https:\/\/www.profinfo.pl\/blog\/wp-content\/uploads\/2023\/11\/adrian-lapierre.jpg\" alt=\"Adrian Lapierre\" class=\"wp-image-3049 size-full\" title=\"\"><\/figure><\/div>\n\n\n\n<div class=\"wp-block-media-text is-stacked-on-mobile is-vertically-aligned-top\" style=\"grid-template-columns:20% auto\"><figure class=\"wp-block-media-text__media\"><img decoding=\"async\" width=\"170\" height=\"255\" src=\"https:\/\/www.profinfo.pl\/blog\/wp-content\/uploads\/2023\/11\/andrzej-palys.jpg\" alt=\"Andrzej Pa\u0142ys\" class=\"wp-image-3050 size-full\" title=\"\"><\/figure><div class=\"wp-block-media-text__content\">\n<p class=\"has-small-font-size\"><strong><a href=\"https:\/\/www.profinfo.pl\/autorzy\/andrzej-palys,90616.html?utm_source=blog&amp;utm_medium=link&amp;utm_campaign=Co+trzeba+wiedzie%C4%87+o+KSeF%3F&amp;utm_content=Andrzej+Pa%C5%82ys\">Andrzej Pa\u0142ys<\/a><\/strong> \u2013 doktor prawa, wyk\u0142adowca akademicki, doradca podatkowy z 12-letnim do\u015bwiadczeniem (w tym 6 lat w obszarze technologii podatkowych) zdobywanym w firmach tzw. Wielkiej Czw\u00f3rki; uczestniczy\u0142 we wdro\u017ceniach rozwi\u0105za\u0144 JPK oraz e-fakturowania w Polsce, Rumunii oraz na Litwie, a tak\u017ce w licznych projektach transformacyjnych dotycz\u0105cych podatku PIT, CIT i VAT; autor wielu polskich i mi\u0119dzynarodowych publikacji z zakresu technologii podatkowych, zarz\u0105dzania projektami i zarz\u0105dzania zmian\u0105.<\/p>\n<\/div><\/div>\n\n\n\n<p><em>Czytaj tak\u017ce: <a href=\"https:\/\/www.profinfo.pl\/blog\/ksef-nowe-wyzwania-dla-ksiegowych\/\">https:\/\/www.profinfo.pl\/blog\/ksef-nowe-wyzwania-dla-ksiegowych\/<\/a><\/em><\/p>\n","protected":false},"excerpt":{"rendered":"<p>Krajowy System e-Faktur, czyli KSeF, zmieni polskie firmy, organizacje i jednostki samorz\u0105du terytorialnego. \u017badne inne rozwi\u0105zanie legislacyjne w ostatnich latach nie b\u0119dzie mia\u0142o takiego wp\u0142ywu na prowadzenie dzia\u0142alno\u015bci i \u017cadne nie wymaga tak szeroko zakrojonych przygotowa\u0144. Od 1.07.2024 r. dominuj\u0105ca wi\u0119kszo\u015b\u0107 faktur w Polsce b\u0119dzie mia\u0142a format elektroniczny, zgodny z zawieraj\u0105cym ponad 300 p\u00f3l wzorem, &hellip; <\/p>\n<p><a href=\"https:\/\/www.profinfo.pl\/blog\/co-trzeba-wiedziec-o-ksef\/\" class=\"more-link\">Czytaj wi\u0119cej<span class=\"screen-reader-text\"> &#8222;Co trzeba wiedzie\u0107 o KSeF?&#8221;<\/span><\/a><\/p>\n","protected":false},"author":1,"featured_media":3059,"comment_status":"open","ping_status":"open","sticky":false,"template":"","format":"standard","meta":{"footnotes":""},"categories":[71],"tags":[117],"class_list":["post-3045","post","type-post","status-publish","format-standard","has-post-thumbnail","hentry","category-porady","tag-podatki-i-rachunkowosc"],"_links":{"self":[{"href":"https:\/\/www.profinfo.pl\/blog\/wp-json\/wp\/v2\/posts\/3045","targetHints":{"allow":["GET"]}}],"collection":[{"href":"https:\/\/www.profinfo.pl\/blog\/wp-json\/wp\/v2\/posts"}],"about":[{"href":"https:\/\/www.profinfo.pl\/blog\/wp-json\/wp\/v2\/types\/post"}],"author":[{"embeddable":true,"href":"https:\/\/www.profinfo.pl\/blog\/wp-json\/wp\/v2\/users\/1"}],"replies":[{"embeddable":true,"href":"https:\/\/www.profinfo.pl\/blog\/wp-json\/wp\/v2\/comments?post=3045"}],"version-history":[{"count":11,"href":"https:\/\/www.profinfo.pl\/blog\/wp-json\/wp\/v2\/posts\/3045\/revisions"}],"predecessor-version":[{"id":3061,"href":"https:\/\/www.profinfo.pl\/blog\/wp-json\/wp\/v2\/posts\/3045\/revisions\/3061"}],"wp:featuredmedia":[{"embeddable":true,"href":"https:\/\/www.profinfo.pl\/blog\/wp-json\/wp\/v2\/media\/3059"}],"wp:attachment":[{"href":"https:\/\/www.profinfo.pl\/blog\/wp-json\/wp\/v2\/media?parent=3045"}],"wp:term":[{"taxonomy":"category","embeddable":true,"href":"https:\/\/www.profinfo.pl\/blog\/wp-json\/wp\/v2\/categories?post=3045"},{"taxonomy":"post_tag","embeddable":true,"href":"https:\/\/www.profinfo.pl\/blog\/wp-json\/wp\/v2\/tags?post=3045"}],"curies":[{"name":"wp","href":"https:\/\/api.w.org\/{rel}","templated":true}]}}