{"id":3064,"date":"2023-11-09T09:54:11","date_gmt":"2023-11-09T08:54:11","guid":{"rendered":"https:\/\/www.profinfo.pl\/blog\/?p=3064"},"modified":"2024-05-14T12:12:19","modified_gmt":"2024-05-14T10:12:19","slug":"nowelizacja-ustawy-o-planowaniu-i-zagospodarowaniu-przestrzennym-co-mowi-kiedy-weszly-zmiany","status":"publish","type":"post","link":"https:\/\/www.profinfo.pl\/blog\/nowelizacja-ustawy-o-planowaniu-i-zagospodarowaniu-przestrzennym-co-mowi-kiedy-weszly-zmiany\/","title":{"rendered":"Wrze\u015bniowa nowelizacja ustawy o planowaniu i zagospodarowaniu przestrzennym z 2023. Co m\u00f3wi, kiedy wesz\u0142y zmiany?"},"content":{"rendered":"\n<p>W roku 2023 polski system planowania przestrzennego przeszed\u0142 znacz\u0105ce zmiany za spraw\u0105 ustawy z dnia 7 lipca 2023 r. o zmianie ustawy o planowaniu i zagospodarowaniu przestrzennym oraz niekt\u00f3rych innych ustaw (Dz. U. poz. 1688), kt\u00f3rej pierwsze przepisy wesz\u0142y w \u017cycie ju\u017c 24 wrze\u015bnia tego samego roku. Nowelizacja ta, opracowana z my\u015bl\u0105 o zwi\u0119kszeniu efektywno\u015bci i przejrzysto\u015bci proces\u00f3w urbanistycznych, wprowadza szereg istotnych zmian, kt\u00f3re b\u0119d\u0105 wprowadzane stopniowo. Maj\u0105 one kluczowe znaczenie dla jednostek samorz\u0105du terytorialnego, inwestor\u00f3w oraz mieszka\u0144c\u00f3w, wprowadzaj\u0105c nowe regulacje, maj\u0105ce usprawni\u0107 proces planowania przestrzennego w Polsce.<\/p>\n\n\n\n<!--more-->\n\n\n\n<div id=\"ez-toc-container\" class=\"ez-toc-v2_0_82_2 counter-hierarchy ez-toc-counter ez-toc-custom ez-toc-container-direction\">\n<div class=\"ez-toc-title-container\">\n<p class=\"ez-toc-title\" style=\"cursor:inherit\">Spis tre\u015bci<\/p>\n<span class=\"ez-toc-title-toggle\"><a href=\"#\" class=\"ez-toc-pull-right ez-toc-btn ez-toc-btn-xs ez-toc-btn-default ez-toc-toggle\" aria-label=\"Prze\u0142\u0105cznik Spisu Tre\u015bci\"><span class=\"ez-toc-js-icon-con\"><span class=\"\"><span class=\"eztoc-hide\" style=\"display:none;\">Toggle<\/span><span class=\"ez-toc-icon-toggle-span\"><svg style=\"fill: #676767;color:#676767\" xmlns=\"http:\/\/www.w3.org\/2000\/svg\" class=\"list-377408\" width=\"20px\" height=\"20px\" viewBox=\"0 0 24 24\" fill=\"none\"><path d=\"M6 6H4v2h2V6zm14 0H8v2h12V6zM4 11h2v2H4v-2zm16 0H8v2h12v-2zM4 16h2v2H4v-2zm16 0H8v2h12v-2z\" fill=\"currentColor\"><\/path><\/svg><svg style=\"fill: #676767;color:#676767\" class=\"arrow-unsorted-368013\" xmlns=\"http:\/\/www.w3.org\/2000\/svg\" width=\"10px\" height=\"10px\" viewBox=\"0 0 24 24\" version=\"1.2\" baseProfile=\"tiny\"><path d=\"M18.2 9.3l-6.2-6.3-6.2 6.3c-.2.2-.3.4-.3.7s.1.5.3.7c.2.2.4.3.7.3h11c.3 0 .5-.1.7-.3.2-.2.3-.5.3-.7s-.1-.5-.3-.7zM5.8 14.7l6.2 6.3 6.2-6.3c.2-.2.3-.5.3-.7s-.1-.5-.3-.7c-.2-.2-.4-.3-.7-.3h-11c-.3 0-.5.1-.7.3-.2.2-.3.5-.3.7s.1.5.3.7z\"\/><\/svg><\/span><\/span><\/span><\/a><\/span><\/div>\n<nav><ul class='ez-toc-list ez-toc-list-level-1 ' ><li class='ez-toc-page-1 ez-toc-heading-level-2'><a class=\"ez-toc-link ez-toc-heading-1\" href=\"https:\/\/www.profinfo.pl\/blog\/nowelizacja-ustawy-o-planowaniu-i-zagospodarowaniu-przestrzennym-co-mowi-kiedy-weszly-zmiany\/#1-Plan-ogolny-zamiast-studium\" >1. Plan og\u00f3lny zamiast studium<\/a><\/li><li class='ez-toc-page-1 ez-toc-heading-level-2'><a class=\"ez-toc-link ez-toc-heading-2\" href=\"https:\/\/www.profinfo.pl\/blog\/nowelizacja-ustawy-o-planowaniu-i-zagospodarowaniu-przestrzennym-co-mowi-kiedy-weszly-zmiany\/#2-Zintegrowane-plany-inwestycyjne\" >2. Zintegrowane plany inwestycyjne<\/a><\/li><li class='ez-toc-page-1 ez-toc-heading-level-2'><a class=\"ez-toc-link ez-toc-heading-3\" href=\"https:\/\/www.profinfo.pl\/blog\/nowelizacja-ustawy-o-planowaniu-i-zagospodarowaniu-przestrzennym-co-mowi-kiedy-weszly-zmiany\/#3-Warunki-zabudowy-ze-zmianami\" >3. Warunki zabudowy ze zmianami<\/a><\/li><li class='ez-toc-page-1 ez-toc-heading-level-2'><a class=\"ez-toc-link ez-toc-heading-4\" href=\"https:\/\/www.profinfo.pl\/blog\/nowelizacja-ustawy-o-planowaniu-i-zagospodarowaniu-przestrzennym-co-mowi-kiedy-weszly-zmiany\/#4-Obszary-uzupelnienia-zabudowy\" >4. Obszary uzupe\u0142nienia zabudowy<\/a><\/li><li class='ez-toc-page-1 ez-toc-heading-level-2'><a class=\"ez-toc-link ez-toc-heading-5\" href=\"https:\/\/www.profinfo.pl\/blog\/nowelizacja-ustawy-o-planowaniu-i-zagospodarowaniu-przestrzennym-co-mowi-kiedy-weszly-zmiany\/#5-Uproszczona-partycypacja-spoleczna\" >5. Uproszczona partycypacja spo\u0142eczna<\/a><\/li><li class='ez-toc-page-1 ez-toc-heading-level-2'><a class=\"ez-toc-link ez-toc-heading-6\" href=\"https:\/\/www.profinfo.pl\/blog\/nowelizacja-ustawy-o-planowaniu-i-zagospodarowaniu-przestrzennym-co-mowi-kiedy-weszly-zmiany\/#6-Nieodplatny-rejestr-urbanistyczny\" >6. Nieodp\u0142atny rejestr urbanistyczny<\/a><\/li><\/ul><\/nav><\/div>\n<h2 class=\"wp-block-heading\"><span class=\"ez-toc-section\" id=\"1-Plan-ogolny-zamiast-studium\"><\/span>1. Plan og\u00f3lny zamiast studium<span class=\"ez-toc-section-end\"><\/span><\/h2>\n\n\n\n<p>Zmiana ta wprowadza plan og\u00f3lny zast\u0119puj\u0105cy dotychczasowe studium uwarunkowa\u0144 i kierunk\u00f3w zagospodarowania przestrzennego gminy. Plan og\u00f3lny b\u0119d\u0105cy aktem prawa miejscowego stanowi podstaw\u0119 do uchwalania plan\u00f3w miejscowych oraz wydawania decyzji o warunkach zabudowy. Wymaga to od gmin:<\/p>\n\n\n\n<ul class=\"wp-block-list\">\n<li>okre\u015blenia stref planistycznych,<\/li>\n\n\n\n<li>okre\u015blenia gminnych standard\u00f3w urbanistycznych oraz dost\u0119pno\u015bci urbanistycznej,<\/li>\n\n\n\n<li>ustalenia obszar\u00f3w uzupe\u0142nienia zabudowy.<\/li>\n<\/ul>\n\n\n\n<p>Pozwala r\u00f3wnie\u017c okre\u015bli\u0107 obszary zabudowy \u015br\u00f3dmiejskiej.<\/p>\n\n\n\n<p>Gminy maj\u0105 czas do ko\u0144ca 2025 roku na sporz\u0105dzenie tych plan\u00f3w, co jest wyzwaniem ze wzgl\u0119du na kr\u00f3tki termin i konieczno\u015b\u0107 przygotowania dokument\u00f3w zgodnie z potrzebami mieszka\u0144c\u00f3w.<\/p>\n\n\n\n<figure class=\"wp-block-image alignwide size-full is-style-default bordersd\"><a href=\"https:\/\/www.profinfo.pl\/sklep\/plan-ogolny-miasta-gminy-poradnik,544740.html?utm_source=blog&amp;utm_medium=baner&amp;utm_campaign=Wrze%C5%9Bniowa+nowelizacja+ustawy+o+planowaniu+i+zagospodarowaniu+przestrzennym+z+2023.+Co+m%C3%B3wi%2C+kiedy+wesz%C5%82y+zmiany%3F&amp;utm_content=Plan+og%C3%B3lny+miasta%2C+gminy.+Poradnik\"><img decoding=\"async\" width=\"815\" height=\"270\" src=\"https:\/\/www.profinfo.pl\/blog\/wp-content\/uploads\/2024\/05\/plan-ogolny-miasta-gminy-poradnik.png\" alt=\"Plan og\u00f3lny miasta,gminy. Poradnik\" class=\"wp-image-3373\" title=\"\"><\/a><figcaption class=\"wp-element-caption\">&#8222;<a href=\"https:\/\/www.profinfo.pl\/sklep\/plan-ogolny-miasta-gminy-poradnik,544740.html?utm_source=blog&amp;utm_medium=link&amp;utm_campaign=Wrze%C5%9Bniowa+nowelizacja+ustawy+o+planowaniu+i+zagospodarowaniu+przestrzennym+z+2023.+Co+m%C3%B3wi%2C+kiedy+wesz%C5%82y+zmiany%3F&amp;utm_content=Plan+og%C3%B3lny+miasta%2C+gminy.+Poradnik\">Plan og\u00f3lny miasta,gminy. Poradnik<\/a>&#8222;<\/figcaption><\/figure>\n\n\n\n<h2 class=\"wp-block-heading\"><span class=\"ez-toc-section\" id=\"2-Zintegrowane-plany-inwestycyjne\"><\/span>2. Zintegrowane plany inwestycyjne<span class=\"ez-toc-section-end\"><\/span><\/h2>\n\n\n\n<p>Zintegrowane plany inwestycyjne to innowacyjne narz\u0119dzie maj\u0105ce na celu u\u0142atwienie realizacji du\u017cych projekt\u00f3w inwestycyjnych. S\u0105 one odpowiedzi\u0105 na potrzeb\u0119 koordynacji dzia\u0142a\u0144 zwi\u0105zanych z wyposa\u017ceniem inwestycji w niezb\u0119dn\u0105 infrastruktur\u0119. Plan taki, opracowywany na wniosek inwestora, po uchwaleniu przez <a href=\"https:\/\/www.profinfo.pl\/hasla-lex\/rada-gminy,3697.html?utm_source=blog&amp;utm_medium=link&amp;utm_campaign=Wrze%C5%9Bniowa+nowelizacja+ustawy+o+planowaniu+i+zagospodarowaniu+przestrzennym+z+2023.+Co+m%C3%B3wi%2C+kiedy+wesz%C5%82y+zmiany%3F&amp;utm_content=rad%C4%99+gminy\">rad\u0119 gminy<\/a>, pozwala uchyli\u0107 odpowiedni\u0105 cz\u0119\u015b\u0107 planu miejscowego, otwieraj\u0105c tym samym drog\u0119 do szybszej realizacji inwestycji. Kluczowym elementem jest umowa urbanistyczna definiuj\u0105ca zobowi\u0105zania inwestora wobec gminy, w tym pokrycie koszt\u00f3w uchwalenia planu oraz wk\u0142ad w rozw\u00f3j infrastruktury publicznej. To rozwi\u0105zanie ma na celu nie tylko przyspieszenie procesu inwestycyjnego, ale tak\u017ce zapewnienie, \u017ce inwestycje te b\u0119d\u0105 s\u0142u\u017cy\u0107 szeroko rozumianemu dobru publicznemu.<\/p>\n\n\n\n<h2 class=\"wp-block-heading\"><span class=\"ez-toc-section\" id=\"3-Warunki-zabudowy-ze-zmianami\"><\/span>3. Warunki zabudowy ze zmianami<span class=\"ez-toc-section-end\"><\/span><\/h2>\n\n\n\n<p>W ramach nowelizacji ustawy o planowaniu i zagospodarowaniu przestrzennym szczeg\u00f3ln\u0105 uwag\u0119 zwr\u00f3cono na warunki zabudowy odgrywaj\u0105ce kluczow\u0105 rol\u0119 w kszta\u0142towaniu przestrzeni miejskiej oraz wiejskiej. Zmiany te maj\u0105 na celu usprawnienie, a tym samym przyspieszenie proces\u00f3w inwestycyjnych, jednocze\u015bnie zwi\u0119kszaj\u0105c ich transparentno\u015b\u0107.<\/p>\n\n\n\n<p>Obecnie, warunki zabudowy ustalane s\u0105 bezterminowo. Wszystkie decyzje, kt\u00f3re zyskaj\u0105 moc prawn\u0105 przed 31 grudnia 2025 roku, zachowuj\u0105 swoj\u0105 nieograniczon\u0105 wa\u017cno\u015b\u0107. Z kolei <a href=\"https:\/\/www.profinfo.pl\/hasla-lex\/decyzja-o-warunkach-zabudowy,491.html?utm_source=blog&amp;utm_medium=link&amp;utm_campaign=Wrze%C5%9Bniowa+nowelizacja+ustawy+o+planowaniu+i+zagospodarowaniu+przestrzennym+z+2023.+Co+m%C3%B3wi%2C+kiedy+wesz%C5%82y+zmiany%3F&amp;utm_content=decyzje+dotycz%C4%85ce+warunk%C3%B3w+zabudowy\">decyzje dotycz\u0105ce warunk\u00f3w zabudowy<\/a>, kt\u00f3re zostan\u0105 uprawomocnione po tej dacie, b\u0119d\u0105 obowi\u0105zywa\u0107 przez 5 lat od momentu uzyskania statusu prawomocno\u015bci.<\/p>\n\n\n\n<figure class=\"wp-block-image size-full is-style-default bordersd\"><a href=\"https:\/\/www.profinfo.pl\/sklep\/planowanie-i-zagospodarowanie-przestrzenne-komentarz,517704.html?utm_source=blog&amp;utm_medium=baner&amp;utm_campaign=Wrze%C5%9Bniowa+nowelizacja+ustawy+o+planowaniu+i+zagospodarowaniu+przestrzennym+z+2023.+Co+m%C3%B3wi%2C+kiedy+wesz%C5%82y+zmiany%3F&amp;utm_content=Planowanie+i+zagospodarowanie+przestrzenne.+Komentarz\"><img decoding=\"async\" width=\"814\" height=\"305\" src=\"https:\/\/www.profinfo.pl\/blog\/wp-content\/uploads\/2024\/04\/planowanie-i-zagospodarowanie-przestrzenne-komentarz.png\" alt=\"Planowanie i zagospodarowanie przestrzenne. Komentarz\" class=\"wp-image-3283\" title=\"\"><\/a><figcaption class=\"wp-element-caption\">Polecamy publikacj\u0119 &#8222;<a href=\"https:\/\/www.profinfo.pl\/sklep\/planowanie-i-zagospodarowanie-przestrzenne-komentarz,517704.html?utm_source=blog&amp;utm_medium=link&amp;utm_campaign=Wrze%C5%9Bniowa+nowelizacja+ustawy+o+planowaniu+i+zagospodarowaniu+przestrzennym+z+2023.+Co+m%C3%B3wi%2C+kiedy+wesz%C5%82y+zmiany%3F&amp;utm_content=Planowanie+i+zagospodarowanie+przestrzenne.+Komentarz\">Planowanie i zagospodarowanie przestrzenne. Komentarz<\/a>&#8222;<\/figcaption><\/figure>\n\n\n\n<p>Dodatkowo wprowadzono precyzyjne wytyczne dotycz\u0105ce obszaru analizowanego na potrzeby sporz\u0105dzenia analizy urbanistycznej, gdzie maksymalna odleg\u0142o\u015b\u0107 zosta\u0142a ograniczona do 200 metr\u00f3w. Jest to istotne z punktu widzenia zarz\u0105dzania przestrzennego, gdy\u017c pozwala na bardziej szczeg\u00f3\u0142owe i skoncentrowane planowanie, kt\u00f3re lepiej odpowiada lokalnym potrzebom oraz specyfikacji terenu.<\/p>\n\n\n\n<h2 class=\"wp-block-heading\"><span class=\"ez-toc-section\" id=\"4-Obszary-uzupelnienia-zabudowy\"><\/span>4. Obszary uzupe\u0142nienia zabudowy<span class=\"ez-toc-section-end\"><\/span><\/h2>\n\n\n\n<p>W nowelizacji ustawy wprowadzono poj\u0119cie obszar\u00f3w uzupe\u0142nienia zabudowy maj\u0105ce zapobiega\u0107 rozprzestrzenianiu si\u0119 zabudowy. Decyzje o warunkach zabudowy b\u0119d\u0105 wydawane tylko dla wyznaczonych obszar\u00f3w, co pozwoli lepiej planowa\u0107 przestrze\u0144 i chroni\u0107 tereny o szczeg\u00f3lnych walorach przyrodniczych czy krajobrazowych. Jest to odpowied\u017a na potrzeb\u0119 harmonijnego wsp\u00f3\u0142istnienia rozwoju infrastruktury z zachowaniem warto\u015bci \u015brodowiskowych oraz estetycznych. Zmiana ta ma r\u00f3wnie\u017c na celu ograniczenie przypadkowego rozwoju urbanistycznego, kt\u00f3ry mo\u017ce prowadzi\u0107 do problem\u00f3w komunikacyjnych, ekologicznych i spo\u0142ecznych.<\/p>\n\n\n\n<figure class=\"wp-block-pullquote alignwide is-style-solid-color has-border-color has-small-font-size\" style=\"border-color:#85bc20;border-style:dotted\"><blockquote><p><a href=\"https:\/\/www.profinfo.pl\/sklep\/planowanie-i-zagospodarowanie.html?utm_source=blog&amp;utm_medium=link&amp;utm_campaign=Wrze%C5%9Bniowa+nowelizacja+ustawy+o+planowaniu+i+zagospodarowaniu+przestrzennym+z+2023.+Co+m%C3%B3wi%2C+kiedy+wesz%C5%82y+zmiany%3F&amp;utm_content=Planowanie+i+zagospodarowanie\">Planowanie i zagospodarowanie<\/a><\/p><cite>wi\u0119cej publikacji w ofercie ksi\u0119garni Profinfo.pl<\/cite><\/blockquote><\/figure>\n\n\n\n<h2 class=\"wp-block-heading\"><span class=\"ez-toc-section\" id=\"5-Uproszczona-partycypacja-spoleczna\"><\/span>5. Uproszczona partycypacja spo\u0142eczna<span class=\"ez-toc-section-end\"><\/span><\/h2>\n\n\n\n<p>Partycypacja spo\u0142eczna jest fundamentem demokratycznego procesu planowania przestrzennego. Nowelizacja ustawy wprowadza uproszczenia w tym zakresie, maj\u0105ce na celu zwi\u0119kszenie zaanga\u017cowania spo\u0142ecze\u0144stwa w procesy decyzyjne. Uwagi w ramach <a href=\"https:\/\/www.profinfo.pl\/hasla-lex\/konsultacje-z-mieszkancami-gminy,1493.html?utm_source=blog&amp;utm_medium=link&amp;utm_campaign=Wrze%C5%9Bniowa+nowelizacja+ustawy+o+planowaniu+i+zagospodarowaniu+przestrzennym+z+2023.+Co+m%C3%B3wi%2C+kiedy+wesz%C5%82y+zmiany%3F&amp;utm_content=konsultacji+spo%C5%82ecznych\">konsultacji spo\u0142ecznych<\/a> b\u0119d\u0105 mog\u0142y by\u0107 sk\u0142adane elektronicznie, co jest odpowiedzi\u0105 na wsp\u00f3\u0142czesne trendy i oczekiwania obywateli. Ponadto, nowe przepisy nak\u0142adaj\u0105 na samorz\u0105dy obowi\u0105zek organizowania konsultacji w spos\u00f3b dost\u0119pny oraz wygodny dla mieszka\u0144c\u00f3w zwi\u0119kszaj\u0105c tym samym ich uczestnictwa w procesie kszta\u0142towania przestrzeni, w kt\u00f3rej \u017cyj\u0105.<\/p>\n\n\n\n<h2 class=\"wp-block-heading\"><span class=\"ez-toc-section\" id=\"6-Nieodplatny-rejestr-urbanistyczny\"><\/span>6. Nieodp\u0142atny rejestr urbanistyczny<span class=\"ez-toc-section-end\"><\/span><\/h2>\n\n\n\n<p>Nowelizacja ustawy przewiduje stworzenie nieodp\u0142atnego Rejestru Urbanistycznego, dost\u0119pnego online, kt\u00f3ry b\u0119dzie s\u0142u\u017cy\u0142 jako centralne \u017ar\u00f3d\u0142o informacji i danych planistycznych. Jest to krok milowy w kierunku cyfryzacji oraz transparentno\u015bci proces\u00f3w urbanistycznych. Zadaniem rejestru jest u\u0142atwienie mieszka\u0144com i profesjonalistom z bran\u017cy dost\u0119pu do potrzebnych dokument\u00f3w.<\/p>\n\n\n\n<p>Samorz\u0105dy b\u0119d\u0105 mia\u0142y obowi\u0105zek zamieszczania w rejestrze szerokiego zakresu danych, u\u0142atwiaj\u0105c wymian\u0119 informacji i przyczyniaj\u0105c si\u0119 do zwi\u0119kszenia efektywno\u015bci proces\u00f3w planistycznych. Wprowadzenie go ma nast\u0105pi\u0107 w 2026 roku, jest odpowiedzi\u0105 na rosn\u0105ce potrzeby zwi\u0105zane z szybkim dost\u0119pem do aktualnych danych.<\/p>\n\n\n\n<p>Powy\u017csze punkty s\u0105 odpowiedzi\u0105 na zmieniaj\u0105ce si\u0119 potrzeby zar\u00f3wno mieszka\u0144c\u00f3w, jak i samorz\u0105d\u00f3w w kontek\u015bcie dynamicznego \u015brodowiska urbanistycznego. Je\u015bli chcesz pozna\u0107 wszystkie zmiany b\u0119d\u0105ce skutkiem nowelizacji ustawy o <a href=\"https:\/\/www.profinfo.pl\/hasla-lex\/planowanie-i-zagospodarowanie-przestrzenne,2794.html?utm_source=blog&amp;utm_medium=link&amp;utm_campaign=Wrze%C5%9Bniowa+nowelizacja+ustawy+o+planowaniu+i+zagospodarowaniu+przestrzennym+z+2023.+Co+m%C3%B3wi%2C+kiedy+wesz%C5%82y+zmiany%3F&amp;utm_content=planowaniu+i+zagospodarowaniu+przestrzennym\">planowaniu i zagospodarowaniu przestrzennym<\/a> z 2023 roku, zapraszamy do naszej ksi\u0119garni. Znajdziesz w niej liczne ksi\u0105\u017cki oraz ebooki wyja\u015bniaj\u0105ce nie tylko omawiane dzi\u015b zagadnienia, ale r\u00f3wnie\u017c publikacje dotycz\u0105ce prawa czy administracji.<\/p>\n\n\n\n<p>Dzi\u0119ki nam zawsze b\u0119dziesz na bie\u017c\u0105co!<\/p>\n\n\n\n<figure class=\"wp-block-image alignwide size-full is-style-default bordersd\"><a href=\"https:\/\/www.profinfo.pl\/sklep\/reforma-planowania-i-zagospodarowania-przestrzennego-2023,491002.html?utm_source=blog&amp;utm_medium=baner&amp;utm_campaign=Wrze%C5%9Bniowa+nowelizacja+ustawy+o+planowaniu+i+zagospodarowaniu+przestrzennym+z+2023.+Co+m%C3%B3wi%2C+kiedy+wesz%C5%82y+zmiany%3F&amp;utm_content=Reforma+planowania+i+zagospodarowania+przestrzennego+2023\"><img decoding=\"async\" width=\"806\" height=\"244\" src=\"https:\/\/www.profinfo.pl\/blog\/wp-content\/uploads\/2023\/12\/reforma-planowania-i-zagospodarowania-przestrzennego.png\" alt=\"Reforma planowania i zagospodarowania przestrzennego 2023\" class=\"wp-image-3070\" title=\"\"><\/a><figcaption class=\"wp-element-caption\">&#8222;<a href=\"https:\/\/www.profinfo.pl\/sklep\/reforma-planowania-i-zagospodarowania-przestrzennego-2023,491002.html?utm_source=blog&amp;utm_medium=link&amp;utm_campaign=Wrze%C5%9Bniowa+nowelizacja+ustawy+o+planowaniu+i+zagospodarowaniu+przestrzennym+z+2023.+Co+m%C3%B3wi%2C+kiedy+wesz%C5%82y+zmiany%3F&amp;utm_content=Reforma+planowania+i+zagospodarowania+przestrzennego+2023\">Reforma planowania i zagospodarowania przestrzennego 2023<\/a>&#8221; autorstwa Martyny S\u0142ugockiej<\/figcaption><\/figure>\n","protected":false},"excerpt":{"rendered":"<p>W roku 2023 polski system planowania przestrzennego przeszed\u0142 znacz\u0105ce zmiany za spraw\u0105 ustawy z dnia 7 lipca 2023 r. o zmianie ustawy o planowaniu i zagospodarowaniu przestrzennym oraz niekt\u00f3rych innych ustaw (Dz. U. poz. 1688), kt\u00f3rej pierwsze przepisy wesz\u0142y w \u017cycie ju\u017c 24 wrze\u015bnia tego samego roku. Nowelizacja ta, opracowana z my\u015bl\u0105 o zwi\u0119kszeniu efektywno\u015bci &hellip; <\/p>\n<p><a href=\"https:\/\/www.profinfo.pl\/blog\/nowelizacja-ustawy-o-planowaniu-i-zagospodarowaniu-przestrzennym-co-mowi-kiedy-weszly-zmiany\/\" class=\"more-link\">Czytaj wi\u0119cej<span class=\"screen-reader-text\"> &#8222;Wrze\u015bniowa nowelizacja ustawy o planowaniu i zagospodarowaniu przestrzennym z 2023. Co m\u00f3wi, kiedy wesz\u0142y zmiany?&#8221;<\/span><\/a><\/p>\n","protected":false},"author":1,"featured_media":3068,"comment_status":"open","ping_status":"open","sticky":false,"template":"","format":"standard","meta":{"footnotes":""},"categories":[70,71],"tags":[119],"class_list":["post-3064","post","type-post","status-publish","format-standard","has-post-thumbnail","hentry","category-aktualnosci","category-porady","tag-budownictwo"],"_links":{"self":[{"href":"https:\/\/www.profinfo.pl\/blog\/wp-json\/wp\/v2\/posts\/3064","targetHints":{"allow":["GET"]}}],"collection":[{"href":"https:\/\/www.profinfo.pl\/blog\/wp-json\/wp\/v2\/posts"}],"about":[{"href":"https:\/\/www.profinfo.pl\/blog\/wp-json\/wp\/v2\/types\/post"}],"author":[{"embeddable":true,"href":"https:\/\/www.profinfo.pl\/blog\/wp-json\/wp\/v2\/users\/1"}],"replies":[{"embeddable":true,"href":"https:\/\/www.profinfo.pl\/blog\/wp-json\/wp\/v2\/comments?post=3064"}],"version-history":[{"count":8,"href":"https:\/\/www.profinfo.pl\/blog\/wp-json\/wp\/v2\/posts\/3064\/revisions"}],"predecessor-version":[{"id":3374,"href":"https:\/\/www.profinfo.pl\/blog\/wp-json\/wp\/v2\/posts\/3064\/revisions\/3374"}],"wp:featuredmedia":[{"embeddable":true,"href":"https:\/\/www.profinfo.pl\/blog\/wp-json\/wp\/v2\/media\/3068"}],"wp:attachment":[{"href":"https:\/\/www.profinfo.pl\/blog\/wp-json\/wp\/v2\/media?parent=3064"}],"wp:term":[{"taxonomy":"category","embeddable":true,"href":"https:\/\/www.profinfo.pl\/blog\/wp-json\/wp\/v2\/categories?post=3064"},{"taxonomy":"post_tag","embeddable":true,"href":"https:\/\/www.profinfo.pl\/blog\/wp-json\/wp\/v2\/tags?post=3064"}],"curies":[{"name":"wp","href":"https:\/\/api.w.org\/{rel}","templated":true}]}}