{"id":3105,"date":"2023-12-22T09:51:24","date_gmt":"2023-12-22T08:51:24","guid":{"rendered":"https:\/\/www.profinfo.pl\/blog\/?p=3105"},"modified":"2024-01-03T10:34:46","modified_gmt":"2024-01-03T09:34:46","slug":"ksef-czyli-krajowy-system-e-faktur-co-to-jest-od-kiedy-obowiazkowy-i-jak-dziala","status":"publish","type":"post","link":"https:\/\/www.profinfo.pl\/blog\/ksef-czyli-krajowy-system-e-faktur-co-to-jest-od-kiedy-obowiazkowy-i-jak-dziala\/","title":{"rendered":"KSeF, czyli Krajowy System e-Faktur. Co to jest, od kiedy obowi\u0105zkowy i jak dzia\u0142a?"},"content":{"rendered":"\n<p>W dobie cyfryzacji i automatyzacji polski rynek biznesowy wkracza w now\u0105 er\u0119 e-fakturowania. Krajowy System e-Faktur (KSeF) staje si\u0119 nieod\u0142\u0105czn\u0105 cz\u0119\u015bci\u0105 \u017cycia przedsi\u0119biorc\u00f3w, znacz\u0105co zmieniaj\u0105c spos\u00f3b, w jaki zarz\u0105dzaj\u0105 fakturami. Zrozumienie tego systemu jest kluczowe nie tylko dla zapewnienia zgodno\u015bci z prawem, ale tak\u017ce dla efektywno\u015bci i transparentno\u015bci biznesowej.<\/p>\n\n\n\n<!--more-->\n\n\n\n<div id=\"ez-toc-container\" class=\"ez-toc-v2_0_82_2 counter-hierarchy ez-toc-counter ez-toc-custom ez-toc-container-direction\">\n<div class=\"ez-toc-title-container\">\n<p class=\"ez-toc-title\" style=\"cursor:inherit\">Spis tre\u015bci<\/p>\n<span class=\"ez-toc-title-toggle\"><a href=\"#\" class=\"ez-toc-pull-right ez-toc-btn ez-toc-btn-xs ez-toc-btn-default ez-toc-toggle\" aria-label=\"Prze\u0142\u0105cznik Spisu Tre\u015bci\"><span class=\"ez-toc-js-icon-con\"><span class=\"\"><span class=\"eztoc-hide\" style=\"display:none;\">Toggle<\/span><span class=\"ez-toc-icon-toggle-span\"><svg style=\"fill: #676767;color:#676767\" xmlns=\"http:\/\/www.w3.org\/2000\/svg\" class=\"list-377408\" width=\"20px\" height=\"20px\" viewBox=\"0 0 24 24\" fill=\"none\"><path d=\"M6 6H4v2h2V6zm14 0H8v2h12V6zM4 11h2v2H4v-2zm16 0H8v2h12v-2zM4 16h2v2H4v-2zm16 0H8v2h12v-2z\" fill=\"currentColor\"><\/path><\/svg><svg style=\"fill: #676767;color:#676767\" class=\"arrow-unsorted-368013\" xmlns=\"http:\/\/www.w3.org\/2000\/svg\" width=\"10px\" height=\"10px\" viewBox=\"0 0 24 24\" version=\"1.2\" baseProfile=\"tiny\"><path d=\"M18.2 9.3l-6.2-6.3-6.2 6.3c-.2.2-.3.4-.3.7s.1.5.3.7c.2.2.4.3.7.3h11c.3 0 .5-.1.7-.3.2-.2.3-.5.3-.7s-.1-.5-.3-.7zM5.8 14.7l6.2 6.3 6.2-6.3c.2-.2.3-.5.3-.7s-.1-.5-.3-.7c-.2-.2-.4-.3-.7-.3h-11c-.3 0-.5.1-.7.3-.2.2-.3.5-.3.7s.1.5.3.7z\"\/><\/svg><\/span><\/span><\/span><\/a><\/span><\/div>\n<nav><ul class='ez-toc-list ez-toc-list-level-1 ' ><li class='ez-toc-page-1 ez-toc-heading-level-2'><a class=\"ez-toc-link ez-toc-heading-1\" href=\"https:\/\/www.profinfo.pl\/blog\/ksef-czyli-krajowy-system-e-faktur-co-to-jest-od-kiedy-obowiazkowy-i-jak-dziala\/#Krajowy-System-e-Faktur-%E2%80%93-czym-jest-oraz-kogo-i-od-kiedy-obowiazuje\" >Krajowy System e-Faktur \u2013 czym jest oraz kogo i od kiedy obowi\u0105zuje?<\/a><\/li><li class='ez-toc-page-1 ez-toc-heading-level-2'><a class=\"ez-toc-link ez-toc-heading-2\" href=\"https:\/\/www.profinfo.pl\/blog\/ksef-czyli-krajowy-system-e-faktur-co-to-jest-od-kiedy-obowiazkowy-i-jak-dziala\/#Do-czego-sluzy-KSeF\" >Do czego s\u0142u\u017cy KSeF?<\/a><\/li><li class='ez-toc-page-1 ez-toc-heading-level-2'><a class=\"ez-toc-link ez-toc-heading-3\" href=\"https:\/\/www.profinfo.pl\/blog\/ksef-czyli-krajowy-system-e-faktur-co-to-jest-od-kiedy-obowiazkowy-i-jak-dziala\/#Jak-dziala-Krajowy-System-e-Faktur\" >Jak dzia\u0142a Krajowy System e-Faktur?<\/a><\/li><li class='ez-toc-page-1 ez-toc-heading-level-2'><a class=\"ez-toc-link ez-toc-heading-4\" href=\"https:\/\/www.profinfo.pl\/blog\/ksef-czyli-krajowy-system-e-faktur-co-to-jest-od-kiedy-obowiazkowy-i-jak-dziala\/#Jakie-kary-czekaja-na-przedsiebiorcow-wystawiajacych-faktury-poza-KSeF\" >Jakie kary czekaj\u0105 na przedsi\u0119biorc\u00f3w wystawiaj\u0105cych faktury poza KSeF?<\/a><\/li><\/ul><\/nav><\/div>\n<h2 class=\"wp-block-heading\"><span class=\"ez-toc-section\" id=\"Krajowy-System-e-Faktur-%E2%80%93-czym-jest-oraz-kogo-i-od-kiedy-obowiazuje\"><\/span>Krajowy System e-Faktur \u2013 czym jest oraz kogo i od kiedy obowi\u0105zuje?<span class=\"ez-toc-section-end\"><\/span><\/h2>\n\n\n\n<p>KSeF to nowoczesny system teleinformatyczny, stworzony w odpowiedzi na rosn\u0105ce potrzeby cyfryzacji proces\u00f3w fakturowych. Wprowadzenie go odbywa si\u0119 etapami, aby zapewni\u0107 p\u0142ynn\u0105 adaptacj\u0119 dla przedsi\u0119biorc\u00f3w.<\/p>\n\n\n\n<figure class=\"wp-block-image alignwide size-full is-style-default bordersd\"><a href=\"https:\/\/www.profinfo.pl\/sklep\/krajowy-system-e-faktur-ksef,477511.html?utm_source=blog&amp;utm_medium=baner&amp;utm_campaign=KSeF%2C+czyli+Krajowy+System+e-Faktur.+Co+to+jest%2C+od+kiedy+obowi%C4%85zkowy+i+jak+dzia%C5%82a%3F&amp;utm_content=Krajowy+System+e-Faktur+%28KSeF%29.+Poradnik+podatnika+%2B+SZKOLENIE+ONLINE\"><img decoding=\"async\" width=\"816\" height=\"268\" src=\"https:\/\/www.profinfo.pl\/blog\/wp-content\/uploads\/2023\/11\/krajowy-system-e-faktur.png\" alt=\"Krajowy System e-Faktur (KSeF). Poradnik podatnika\" class=\"wp-image-3007\" title=\"\"><\/a><figcaption class=\"wp-element-caption\">&#8222;<a href=\"https:\/\/www.profinfo.pl\/sklep\/krajowy-system-e-faktur-ksef,477511.html?utm_source=blog&amp;utm_medium=link&amp;utm_campaign=KSeF%2C+czyli+Krajowy+System+e-Faktur.+Co+to+jest%2C+od+kiedy+obowi%C4%85zkowy+i+jak+dzia%C5%82a%3F&amp;utm_content=Krajowy+System+e-Faktur+%28KSeF%29.+Poradnik+podatnika+%2B+SZKOLENIE+ONLINE\">Krajowy System e-Faktur (KSeF). Poradnik podatnika + SZKOLENIE ONLINE<\/a>&#8222;<\/figcaption><\/figure>\n\n\n\n<h3 class=\"wp-block-heading\">Obecna Faza \u2013 dobrowolne U\u017cytkowanie KSeF<\/h3>\n\n\n\n<p>Na chwil\u0119 obecn\u0105, przedsi\u0119biorcy maj\u0105 mo\u017cliwo\u015b\u0107 wyboru mi\u0119dzy tradycyjnymi metodami wystawiania faktur (papierowo lub w formie elektronicznej, na przyk\u0142ad w pliku PDF) a korzystaniem z KSeF do tworzenia faktur ustrukturyzowanych. Ta faza dobrowolnego korzystania z systemu pozwala na stopniowe przyzwyczajenie si\u0119 do nowych technologii i przygotowanie do pe\u0142nego przej\u015bcia na e-fakturowanie.<\/p>\n\n\n\n<h3 class=\"wp-block-heading\">Obowi\u0105zkowe wprowadzenie KSeF dla czynnych podatnik\u00f3w VAT<\/h3>\n\n\n\n<p>Zmiana nast\u0105pi 1 lipca 2024 roku, kiedy to korzystanie z KSeF do wystawiania faktur stanie si\u0119 obowi\u0105zkowe dla wszystkich <a href=\"https:\/\/www.profinfo.pl\/hasla-lex\/podatnik-vat,2862.html?utm_source=blog&amp;utm_medium=link&amp;utm_campaign=KSeF%2C+czyli+Krajowy+System+e-Faktur.+Co+to+jest%2C+od+kiedy+obowi%C4%85zkowy+i+jak+dzia%C5%82a%3F&amp;utm_content=czynnych+podatnik%C3%B3w+VAT\">czynnych podatnik\u00f3w VAT<\/a>. Od tego momentu, wszystkie czynno\u015bci podlegaj\u0105ce opodatkowaniu VAT w Polsce, w tym krajowe dostawy towar\u00f3w oraz \u015bwiadczenie us\u0142ug dokonywane mi\u0119dzy przedsi\u0119biorcami (B2B) i na rzecz organ\u00f3w publicznych, b\u0119d\u0105 musia\u0142y by\u0107 dokumentowane za po\u015brednictwem KSeF.<\/p>\n\n\n\n<h3 class=\"wp-block-heading\">Rozszerzenie obowi\u0105zku na pozosta\u0142ych podatnik\u00f3w<\/h3>\n\n\n\n<p>Kolejny etap wdra\u017cania KSeF rozpocznie si\u0119 1 stycznia 2025 roku, kiedy to obowi\u0105zek korzystania z systemu zostanie rozszerzony r\u00f3wnie\u017c na podatnik\u00f3w:<\/p>\n\n\n\n<ol class=\"wp-block-list\" type=\"a\">\n<li>zwolnionych z VAT,<\/li>\n\n\n\n<li>korzystaj\u0105cych z kas rejestruj\u0105cych do wystawiania faktur,<\/li>\n\n\n\n<li>wystawiaj\u0105cych <a href=\"https:\/\/www.profinfo.pl\/hasla-lex\/faktury-uproszczone,953.html?utm_source=blog&amp;utm_medium=link&amp;utm_campaign=KSeF%2C+czyli+Krajowy+System+e-Faktur.+Co+to+jest%2C+od+kiedy+obowi%C4%85zkowy+i+jak+dzia%C5%82a%3F&amp;utm_content=faktury+uproszczone\">faktury uproszczone<\/a>.<\/li>\n<\/ol>\n\n\n\n<p>To rozszerzenie zapewni, \u017ce wszyscy przedsi\u0119biorcy, bez wzgl\u0119du na sw\u00f3j status VAT, b\u0119d\u0105 stosowa\u0107 sp\u00f3jny, nowoczesny system fakturowania.<\/p>\n\n\n\n<h2 class=\"wp-block-heading\"><span class=\"ez-toc-section\" id=\"Do-czego-sluzy-KSeF\"><\/span>Do czego s\u0142u\u017cy KSeF?<span class=\"ez-toc-section-end\"><\/span><\/h2>\n\n\n\n<p>Krajowy System e-Faktur s\u0142u\u017cy przede wszystkim do u\u0142atwienia i usprawnienia procesu fakturowania w polskich przedsi\u0119biorstwach. Jest to szczeg\u00f3lnie wa\u017cne w kontek\u015bcie szybkiego tempa zmian w \u015brodowisku biznesowym oraz rosn\u0105cych wymaga\u0144 zwi\u0105zanych z przejrzysto\u015bci\u0105 i dok\u0142adno\u015bci\u0105 rozlicze\u0144 podatkowych. Warto wspomnie\u0107, \u017ce KSeF zosta\u0142 zaprojektowany tak, aby m\u00f3g\u0142 by\u0107 \u0142atwo zintegrowany z istniej\u0105cymi systemami ksi\u0119gowymi oraz ERP.<\/p>\n\n\n\n<p><strong>Korzy\u015bci podatkowe z wdro\u017cenia KSeF:<\/strong><\/p>\n\n\n\n<ol class=\"wp-block-list\" type=\"1\" start=\"1\">\n<li>Przyspieszony zwrot VAT \u2013 dzi\u0119ki KSeF, przedsi\u0119biorcy mog\u0105 liczy\u0107 na szybszy <a href=\"https:\/\/www.profinfo.pl\/hasla-lex\/odliczenie-i-zwrot-vat,2310.html?utm_source=blog&amp;utm_medium=link&amp;utm_campaign=KSeF%2C+czyli+Krajowy+System+e-Faktur.+Co+to+jest%2C+od+kiedy+obowi%C4%85zkowy+i+jak+dzia%C5%82a%3F&amp;utm_content=zwrot+podatku+VAT\">zwrot podatku VAT<\/a>. Standardowy okres zwrotu skraca si\u0119 z 60 do 40 dni, poprawiaj\u0105c znacz\u0105co p\u0142ynno\u015b\u0107 finansow\u0105, szczeg\u00f3lnie w przypadku ma\u0142ych i \u015brednich przedsi\u0119biorstw.<\/li>\n\n\n\n<li>Uproszczone korygowanie faktur \u2013 system umo\u017cliwia \u0142atwe i szybkie dokonywanie korekt w fakturach, co jest istotne w dynamicznym \u015brodowisku biznesowym.<\/li>\n\n\n\n<li>Eliminacja potrzeby duplikat\u00f3w faktur \u2013 E-faktury w KSeF s\u0105 zawsze dost\u0119pne online, zar\u00f3wno dla wystawcy, jak i odbiorcy, eliminuj\u0105c ryzyko ich utraty czy zniszczenia.<\/li>\n\n\n\n<li>Zmniejszenie obci\u0105\u017ce\u0144 administracyjnych \u2013 przedsi\u0119biorcy korzystaj\u0105cy z KSeF nie musz\u0105 dostarcza\u0107 <a href=\"https:\/\/www.profinfo.pl\/hasla-lex\/jednolity-plik-kontrolny,1299.html?utm_source=blog&amp;utm_medium=link&amp;utm_campaign=KSeF%2C+czyli+Krajowy+System+e-Faktur.+Co+to+jest%2C+od+kiedy+obowi%C4%85zkowy+i+jak+dzia%C5%82a%3F&amp;utm_content=Jednolitego+Pliku+Kontrolnego\">Jednolitego Pliku Kontrolnego<\/a> dla Faktur (JPK_FA) na \u017c\u0105danie organ\u00f3w podatkowych upraszczaj\u0105c obowi\u0105zki sprawozdawcze.<\/li>\n<\/ol>\n\n\n\n<p><strong>Korzy\u015bci biznesowe:<\/strong><\/p>\n\n\n\n<ol class=\"wp-block-list\" type=\"1\" start=\"1\">\n<li>Uczciwa konkurencja i pewno\u015b\u0107 transakcji \u2013 KSeF zapewnia transparentno\u015b\u0107, daj\u0105c pewno\u015b\u0107, \u017ce faktura zosta\u0142a wystawiona przez uprawniony podmiot.<\/li>\n\n\n\n<li>Usprawnienie obrotu gospodarczego \u2013 wprowadzenie jednolitego standardu e-faktury oraz cyfryzacja obiegu dokument\u00f3w przyczynia si\u0119 do szybszego dokumentowania transakcji i realizacji p\u0142atno\u015bci.<\/li>\n\n\n\n<li>Natychmiastowa wymiana danych \u2013 faktury wystawiane w KSeF s\u0105 dost\u0119pne dla odbiorcy niemal w czasie rzeczywistym, przyspieszaj\u0105c komunikacj\u0119 biznesow\u0105.<\/li>\n\n\n\n<li>Automatyzacja proces\u00f3w ksi\u0119gowych \u2013 ujednolicony format faktur pozwala na ich \u0142atw\u0105 integracj\u0119 z systemami ksi\u0119gowymi.<\/li>\n\n\n\n<li>Oszcz\u0119dno\u015b\u0107 czasu i zasob\u00f3w \u2013 brak konieczno\u015bci r\u0119cznego przetwarzania faktur w formacie papierowym czy elektronicznym (PDF) przek\u0142ada si\u0119 na oszcz\u0119dno\u015b\u0107 czasu i zasob\u00f3w.<\/li>\n\n\n\n<li>Archwizacja e-faktur \u2013 us\u0142uga przechowywania i archiwizacji e-faktur przez 10 lat, oferowana przez administracj\u0119, to znacz\u0105ce oszcz\u0119dno\u015bci dla firm, kt\u00f3re nie musz\u0105 martwi\u0107 si\u0119 o przechowywanie fizycznych dokument\u00f3w.<\/li>\n<\/ol>\n\n\n\n<figure class=\"wp-block-image alignwide size-full is-style-default bordersd\"><a href=\"https:\/\/www.profinfo.pl\/sklep\/krajowy-system-e-faktur-ksef-pytania-i-odpowiedzi,502368.html?utm_source=blog&amp;utm_medium=baner&amp;utm_campaign=KSeF%2C+czyli+Krajowy+System+e-Faktur.+Co+to+jest%2C+od+kiedy+obowi%C4%85zkowy+i+jak+dzia%C5%82a%3F&amp;utm_content=Krajowy+System+e-Faktur+%28KSeF%29.+Pytania+i+odpowiedzi\"><img decoding=\"async\" width=\"814\" height=\"266\" src=\"https:\/\/www.profinfo.pl\/blog\/wp-content\/uploads\/2024\/01\/krajowy-system-e-faktur-ksef-pytania-i-odpowiedzi.png\" alt=\"Krajowy System e-Faktur (KSeF). Pytania i odpowiedzi\" class=\"wp-image-3109\" title=\"\"><\/a><figcaption class=\"wp-element-caption\">&#8222;<a href=\"https:\/\/www.profinfo.pl\/sklep\/krajowy-system-e-faktur-ksef-pytania-i-odpowiedzi,502368.html?utm_source=blog&amp;utm_medium=link&amp;utm_campaign=KSeF%2C+czyli+Krajowy+System+e-Faktur.+Co+to+jest%2C+od+kiedy+obowi%C4%85zkowy+i+jak+dzia%C5%82a%3F&amp;utm_content=Krajowy+System+e-Faktur+%28KSeF%29.+Pytania+i+odpowiedzi\">Krajowy System e-Faktur (KSeF). Pytania i odpowiedzi<\/a>&#8222;. Planowana data wydania e-booka: 31.01.2024<\/figcaption><\/figure>\n\n\n\n<h2 class=\"wp-block-heading\"><span class=\"ez-toc-section\" id=\"Jak-dziala-Krajowy-System-e-Faktur\"><\/span>Jak dzia\u0142a Krajowy System e-Faktur?<span class=\"ez-toc-section-end\"><\/span><\/h2>\n\n\n\n<p>Dzia\u0142anie KSeF opiera si\u0119 na centralnej platformie, do kt\u00f3rej przedsi\u0119biorcy maj\u0105 dost\u0119p online. Po zalogowaniu u\u017cytkownicy mog\u0105 wystawia\u0107 <a href=\"https:\/\/www.profinfo.pl\/hasla-lex\/faktury-vat,954.html?utm_source=blog&amp;utm_medium=link&amp;utm_campaign=KSeF%2C+czyli+Krajowy+System+e-Faktur.+Co+to+jest%2C+od+kiedy+obowi%C4%85zkowy+i+jak+dzia%C5%82a%3F&amp;utm_content=faktury+VAT\">faktury VAT<\/a>, kt\u00f3re s\u0105 automatycznie zapisywane i przechowywane w systemie. Faktury te s\u0105 dost\u0119pne zar\u00f3wno dla wystawiaj\u0105cego, jak i odbiorcy znacznienie upraszcza proces weryfikacji i ksi\u0119gowania. Ponadto, KSeF zapewnia wysoki poziom bezpiecze\u0144stwa danych, co jest kluczowe w obrocie gospodarczym.<\/p>\n\n\n\n<h2 class=\"wp-block-heading\"><span class=\"ez-toc-section\" id=\"Jakie-kary-czekaja-na-przedsiebiorcow-wystawiajacych-faktury-poza-KSeF\"><\/span>Jakie kary czekaj\u0105 na przedsi\u0119biorc\u00f3w wystawiaj\u0105cych faktury poza KSeF?<span class=\"ez-toc-section-end\"><\/span><\/h2>\n\n\n\n<p>Mimo i\u017c obecnie za niekorzystanie z KSeF nie obowi\u0105zuj\u0105 jeszcze \u017cadne konsekwencje, sytuacja ta ulegnie zmianie, gdy faktury ustrukturyzowane stan\u0105 si\u0119 obowi\u0105zkowe, czyli od 1 stycznia 2025 roku. W\u00f3wczas na przedsi\u0119biorc\u00f3w, kt\u00f3rzy nie b\u0119d\u0105 stosowa\u0107 si\u0119 do wymog\u00f3w KSeF i wystawi\u0105 faktury poza tym systemem, nawet je\u017celi udokumentuj\u0105 sprzeda\u017c innym sposobem (na przyk\u0142ad przez przes\u0142anie faktury elektronicznej), na\u0142o\u017cone zostan\u0105 znacz\u0105ce sankcje:<\/p>\n\n\n\n<ul class=\"wp-block-list\">\n<li>kar\u0119 pieni\u0119\u017cn\u0105 w wysoko\u015bci do 100% kwoty <a href=\"https:\/\/www.profinfo.pl\/hasla-lex\/podatek-od-towarow-i-uslug,2837.html?utm_source=blog&amp;utm_medium=link&amp;utm_campaign=KSeF%2C+czyli+Krajowy+System+e-Faktur.+Co+to+jest%2C+od+kiedy+obowi%C4%85zkowy+i+jak+dzia%C5%82a%3F&amp;utm_content=podatku+VAT\">podatku VAT<\/a> wykazanego na fakturze wystawionej poza KSeF.<\/li>\n\n\n\n<li>w przypadku faktury, na kt\u00f3rej nie okre\u015blono kwoty podatku VAT, przewidziana jest kara pieni\u0119\u017cna w wysoko\u015bci do 18,7% kwoty nale\u017cno\u015bci og\u00f3\u0142em wykazanej na fakturze.<\/li>\n<\/ul>\n\n\n\n<p><strong>Podobne artyku\u0142y:<\/strong><\/p>\n\n\n\n<ul class=\"wp-block-list\">\n<li><a href=\"https:\/\/www.profinfo.pl\/blog\/co-trzeba-wiedziec-o-ksef\/\">Co trzeba wiedzie\u0107 o KSeF?<\/a><\/li>\n\n\n\n<li><a href=\"https:\/\/www.profinfo.pl\/blog\/ksef-nowe-wyzwania-dla-ksiegowych\/\">KSeF \u2013 Nowe wyzwania dla ksi\u0119gowych<\/a><\/li>\n<\/ul>\n","protected":false},"excerpt":{"rendered":"<p>W dobie cyfryzacji i automatyzacji polski rynek biznesowy wkracza w now\u0105 er\u0119 e-fakturowania. Krajowy System e-Faktur (KSeF) staje si\u0119 nieod\u0142\u0105czn\u0105 cz\u0119\u015bci\u0105 \u017cycia przedsi\u0119biorc\u00f3w, znacz\u0105co zmieniaj\u0105c spos\u00f3b, w jaki zarz\u0105dzaj\u0105 fakturami. Zrozumienie tego systemu jest kluczowe nie tylko dla zapewnienia zgodno\u015bci z prawem, ale tak\u017ce dla efektywno\u015bci i transparentno\u015bci biznesowej.<\/p>\n","protected":false},"author":1,"featured_media":3112,"comment_status":"open","ping_status":"open","sticky":false,"template":"","format":"standard","meta":{"footnotes":""},"categories":[71],"tags":[117],"class_list":["post-3105","post","type-post","status-publish","format-standard","has-post-thumbnail","hentry","category-porady","tag-podatki-i-rachunkowosc"],"_links":{"self":[{"href":"https:\/\/www.profinfo.pl\/blog\/wp-json\/wp\/v2\/posts\/3105","targetHints":{"allow":["GET"]}}],"collection":[{"href":"https:\/\/www.profinfo.pl\/blog\/wp-json\/wp\/v2\/posts"}],"about":[{"href":"https:\/\/www.profinfo.pl\/blog\/wp-json\/wp\/v2\/types\/post"}],"author":[{"embeddable":true,"href":"https:\/\/www.profinfo.pl\/blog\/wp-json\/wp\/v2\/users\/1"}],"replies":[{"embeddable":true,"href":"https:\/\/www.profinfo.pl\/blog\/wp-json\/wp\/v2\/comments?post=3105"}],"version-history":[{"count":5,"href":"https:\/\/www.profinfo.pl\/blog\/wp-json\/wp\/v2\/posts\/3105\/revisions"}],"predecessor-version":[{"id":3111,"href":"https:\/\/www.profinfo.pl\/blog\/wp-json\/wp\/v2\/posts\/3105\/revisions\/3111"}],"wp:featuredmedia":[{"embeddable":true,"href":"https:\/\/www.profinfo.pl\/blog\/wp-json\/wp\/v2\/media\/3112"}],"wp:attachment":[{"href":"https:\/\/www.profinfo.pl\/blog\/wp-json\/wp\/v2\/media?parent=3105"}],"wp:term":[{"taxonomy":"category","embeddable":true,"href":"https:\/\/www.profinfo.pl\/blog\/wp-json\/wp\/v2\/categories?post=3105"},{"taxonomy":"post_tag","embeddable":true,"href":"https:\/\/www.profinfo.pl\/blog\/wp-json\/wp\/v2\/tags?post=3105"}],"curies":[{"name":"wp","href":"https:\/\/api.w.org\/{rel}","templated":true}]}}