{"id":3151,"date":"2024-02-15T13:03:01","date_gmt":"2024-02-15T12:03:01","guid":{"rendered":"https:\/\/www.profinfo.pl\/blog\/?p=3151"},"modified":"2025-12-12T08:59:36","modified_gmt":"2025-12-12T07:59:36","slug":"jakosc-w-opiece-zdrowotnej-i-bezpieczenstwo-pacjenta-co-warto-wiedziec-o-nowej-regulacji","status":"publish","type":"post","link":"https:\/\/www.profinfo.pl\/blog\/jakosc-w-opiece-zdrowotnej-i-bezpieczenstwo-pacjenta-co-warto-wiedziec-o-nowej-regulacji\/","title":{"rendered":"Jako\u015b\u0107 w opiece zdrowotnej i bezpiecze\u0144stwo pacjenta \u2013 co warto wiedzie\u0107 o nowej regulacji"},"content":{"rendered":"\n<p>Z dniem 8 wrze\u015bnia 2023 r. wesz\u0142a w \u017cycie zasadnicza cz\u0119\u015b\u0107 przepis\u00f3w ustawy z dnia 16 czerwca 2023 r. o jako\u015bci w opiece zdrowotnej i bezpiecze\u0144stwa pacjenta (\u201eUstawa\u201d). W za\u0142o\u017ceniu ustawodawcy, ma ona w spos\u00f3b kompleksowy uregulowa\u0107 w jednym akcie prawnym rozwi\u0105zania prawne w obszarze jako\u015bci, tworz\u0105c system jako\u015bci w opiece zdrowotnej i bezpiecze\u0144stwa pacjenta (\u201eSystem jako\u015bci\u201d).<\/p>\n\n\n\n<!--more-->\n\n\n\n<div id=\"ez-toc-container\" class=\"ez-toc-v2_0_82_2 counter-hierarchy ez-toc-counter ez-toc-custom ez-toc-container-direction\">\n<div class=\"ez-toc-title-container\">\n<p class=\"ez-toc-title\" style=\"cursor:inherit\">Spis tre\u015bci<\/p>\n<span class=\"ez-toc-title-toggle\"><a href=\"#\" class=\"ez-toc-pull-right ez-toc-btn ez-toc-btn-xs ez-toc-btn-default ez-toc-toggle\" aria-label=\"Prze\u0142\u0105cznik Spisu Tre\u015bci\"><span class=\"ez-toc-js-icon-con\"><span class=\"\"><span class=\"eztoc-hide\" style=\"display:none;\">Toggle<\/span><span class=\"ez-toc-icon-toggle-span\"><svg style=\"fill: #676767;color:#676767\" xmlns=\"http:\/\/www.w3.org\/2000\/svg\" class=\"list-377408\" width=\"20px\" height=\"20px\" viewBox=\"0 0 24 24\" fill=\"none\"><path d=\"M6 6H4v2h2V6zm14 0H8v2h12V6zM4 11h2v2H4v-2zm16 0H8v2h12v-2zM4 16h2v2H4v-2zm16 0H8v2h12v-2z\" fill=\"currentColor\"><\/path><\/svg><svg style=\"fill: #676767;color:#676767\" class=\"arrow-unsorted-368013\" xmlns=\"http:\/\/www.w3.org\/2000\/svg\" width=\"10px\" height=\"10px\" viewBox=\"0 0 24 24\" version=\"1.2\" baseProfile=\"tiny\"><path d=\"M18.2 9.3l-6.2-6.3-6.2 6.3c-.2.2-.3.4-.3.7s.1.5.3.7c.2.2.4.3.7.3h11c.3 0 .5-.1.7-.3.2-.2.3-.5.3-.7s-.1-.5-.3-.7zM5.8 14.7l6.2 6.3 6.2-6.3c.2-.2.3-.5.3-.7s-.1-.5-.3-.7c-.2-.2-.4-.3-.7-.3h-11c-.3 0-.5.1-.7.3-.2.2-.3.5-.3.7s.1.5.3.7z\"\/><\/svg><\/span><\/span><\/span><\/a><\/span><\/div>\n<nav><ul class='ez-toc-list ez-toc-list-level-1 ' ><li class='ez-toc-page-1 ez-toc-heading-level-2'><a class=\"ez-toc-link ez-toc-heading-1\" href=\"https:\/\/www.profinfo.pl\/blog\/jakosc-w-opiece-zdrowotnej-i-bezpieczenstwo-pacjenta-co-warto-wiedziec-o-nowej-regulacji\/#1-Pomiar-jakosci-%E2%80%93-obszary\" >1. Pomiar jako\u015bci &#8211; obszary<\/a><\/li><li class='ez-toc-page-1 ez-toc-heading-level-2'><a class=\"ez-toc-link ez-toc-heading-2\" href=\"https:\/\/www.profinfo.pl\/blog\/jakosc-w-opiece-zdrowotnej-i-bezpieczenstwo-pacjenta-co-warto-wiedziec-o-nowej-regulacji\/#2-Na-System-jakosci-skladaja-sie\" >2. Na System jako\u015bci sk\u0142adaj\u0105 si\u0119:<\/a><\/li><li class='ez-toc-page-1 ez-toc-heading-level-2'><a class=\"ez-toc-link ez-toc-heading-3\" href=\"https:\/\/www.profinfo.pl\/blog\/jakosc-w-opiece-zdrowotnej-i-bezpieczenstwo-pacjenta-co-warto-wiedziec-o-nowej-regulacji\/#3-Autoryzacja\" >3. Autoryzacja<\/a><\/li><li class='ez-toc-page-1 ez-toc-heading-level-2'><a class=\"ez-toc-link ez-toc-heading-4\" href=\"https:\/\/www.profinfo.pl\/blog\/jakosc-w-opiece-zdrowotnej-i-bezpieczenstwo-pacjenta-co-warto-wiedziec-o-nowej-regulacji\/#4-Wewnetrzny-system\" >4. Wewn\u0119trzny system<\/a><\/li><li class='ez-toc-page-1 ez-toc-heading-level-2'><a class=\"ez-toc-link ez-toc-heading-5\" href=\"https:\/\/www.profinfo.pl\/blog\/jakosc-w-opiece-zdrowotnej-i-bezpieczenstwo-pacjenta-co-warto-wiedziec-o-nowej-regulacji\/#5-Akredytacja\" >5. Akredytacja<\/a><\/li><li class='ez-toc-page-1 ez-toc-heading-level-2'><a class=\"ez-toc-link ez-toc-heading-6\" href=\"https:\/\/www.profinfo.pl\/blog\/jakosc-w-opiece-zdrowotnej-i-bezpieczenstwo-pacjenta-co-warto-wiedziec-o-nowej-regulacji\/#6-Rejestry-medyczne\" >6. Rejestry medyczne<\/a><\/li><\/ul><\/nav><\/div>\n<h2 class=\"wp-block-heading\"><span class=\"ez-toc-section\" id=\"1-Pomiar-jakosci-%E2%80%93-obszary\"><\/span>1. Pomiar jako\u015bci &#8211; obszary<span class=\"ez-toc-section-end\"><\/span><\/h2>\n\n\n\n<p>Ustawa po raz pierwszy wprowadza w polskim systemie ochrony zdrowia obowi\u0105zkowy <strong>pomiar jako\u015bci<\/strong> \u2013 ma si\u0119 on odbywa\u0107 z wykorzystaniem wska\u017anik\u00f3w jako\u015bci opieki zdrowotnej mieszcz\u0105cych si\u0119 w zakresie obszar\u00f3w:<\/p>\n\n\n\n<ul class=\"wp-block-list\">\n<li><strong>klinicznego<\/strong> &#8211; rozumianego jako zestaw wska\u017anik\u00f3w odnosz\u0105cych si\u0119 do poziomu i efekt\u00f3w realizowanych \u015bwiadcze\u0144 opieki zdrowotnej, opisywanych przez parametry:\n<ul class=\"wp-block-list\">\n<li>efektu leczniczego,<\/li>\n\n\n\n<li>powt\u00f3rnych hospitalizacji z tej samej przyczyny,<\/li>\n\n\n\n<li>\u015bmiertelno\u015bci po zabiegach: w trakcie hospitalizacji w okresie 30 dni, 90 dni oraz roku od dnia zako\u0144czenia hospitalizacji,<\/li>\n\n\n\n<li>do\u015bwiadczenia w wykonywaniu okre\u015blonych \u015bwiadcze\u0144 opieki zdrowotnej,<\/li>\n\n\n\n<li>struktury procedur medycznych wykonywanych w przypadkach okre\u015blonych problem\u00f3w zdrowotnych,<\/li>\n<\/ul>\n<\/li>\n\n\n\n<li><strong>konsumenckiego<\/strong> &#8211; rozumianego jako wyniki bada\u0144 opinii pacjent\u00f3w o organizacji procesu udzielania \u015bwiadcze\u0144 opieki zdrowotnej,<\/li>\n\n\n\n<li><strong>zarz\u0105dczego<\/strong> &#8211; rozumianego jako zestaw wska\u017anik\u00f3w odnosz\u0105cych si\u0119 do efektywno\u015bci wykorzystania zasob\u00f3w oraz wdro\u017cenia system\u00f3w zarz\u0105dzania, opisywanych przez parametry dotycz\u0105ce:\n<ul class=\"wp-block-list\">\n<li>posiadania akredytacji lub innego certyfikatu albo \u015bwiadectwa potwierdzaj\u0105cego jako\u015b\u0107 wydanego przez niezale\u017cn\u0105 akredytowan\u0105 jednostk\u0119,<\/li>\n\n\n\n<li>stopnia wykorzystania zasob\u00f3w b\u0119d\u0105cych w dyspozycji podmiotu,<\/li>\n\n\n\n<li>d\u0142ugo\u015bci hospitalizacji,<\/li>\n\n\n\n<li>struktury realizowanych \u015bwiadcze\u0144.<\/li>\n<\/ul>\n<\/li>\n<\/ul>\n\n\n\n<figure class=\"wp-block-image alignwide size-full is-style-default bordersd\"><a href=\"https:\/\/www.profinfo.pl\/sklep\/ustawa-o-jakosci-w-opiece-zdrowotnej-i-bezpieczenstwie-pacjenta-komentarz,504795.html?utm_source=blog&amp;utm_medium=baner&amp;utm_campaign=Jako%C5%9B%C4%87+w+opiece+zdrowotnej+i+bezpiecze%C5%84stwo+pacjenta+%E2%80%93+co+warto+wiedzie%C4%87+o+nowej+regulacji&amp;utm_content=Ustawa+o+jako%C5%9Bci+w+opiece+zdrowotnej+i+bezpiecze%C5%84stwie+pacjenta.+Komentarz\"><img decoding=\"async\" width=\"815\" height=\"254\" src=\"https:\/\/www.profinfo.pl\/blog\/wp-content\/uploads\/2024\/02\/ustawa-o-jakosci-w-opiece-zdrowotnej-i-bezpieczenstwie-pacjenta-komentarz.png\" alt=\"Ustawa o jako\u015bci w opiece zdrowotnej i bezpiecze\u0144stwie pacjenta. Komentarz\" class=\"wp-image-3156\" title=\"\"><\/a><figcaption class=\"wp-element-caption\">&#8222;<a href=\"https:\/\/www.profinfo.pl\/sklep\/ustawa-o-jakosci-w-opiece-zdrowotnej-i-bezpieczenstwie-pacjenta-komentarz,504795.html?utm_source=blog&amp;utm_medium=link&amp;utm_campaign=Jako%C5%9B%C4%87+w+opiece+zdrowotnej+i+bezpiecze%C5%84stwo+pacjenta+%E2%80%93+co+warto+wiedzie%C4%87+o+nowej+regulacji&amp;utm_content=Ustawa+o+jako%C5%9Bci+w+opiece+zdrowotnej+i+bezpiecze%C5%84stwie+pacjenta.+Komentarz\">Ustawa o jako\u015bci w opiece zdrowotnej i bezpiecze\u0144stwie pacjenta. Komentarz<\/a>&#8221; autorstwa Adama Twarowskiego<\/figcaption><\/figure>\n\n\n\n<p><strong>Pytanie:<\/strong><\/p>\n\n\n<div id=\"rank-math-faq\" class=\"rank-math-block\">\n<div class=\"rank-math-list \">\n<div id=\"faq-question-693bcb68c15cf\" class=\"rank-math-list-item\">\n<h3 class=\"rank-math-question \"><strong>Kt\u00f3re podmioty wykonuj\u0105ce dzia\u0142alno\u015b\u0107 lecznicz\u0105 obejmie pomiar jako\u015bci z uwzgl\u0119dnieniem wska\u017anik\u00f3w jako\u015bci?<\/strong><\/h3>\n<div class=\"rank-math-answer \">\n\n<p>Ustawa tego nie okre\u015bla, ale skoro:<br \/> &#8211; podmiotem obowi\u0105zanym do monitorowania wska\u017anik\u00f3w jako\u015bci opieki zdrowotnej jest Narodowy Fundusz Zdrowia (NFZ),<br \/> &#8211; Prezes NFZ publikuje warto\u015b\u0107 realizacji wska\u017anik\u00f3w jako\u015bci opieki zdrowotnej dla \u015bwiadczeniodawc\u00f3w realizuj\u0105cych \u015bwiadczenia opieki zdrowotnej, dla kt\u00f3rych zosta\u0142y one ustalone,<br \/> &#8211; rozliczanie \u015bwiadcze\u0144 opieki zdrowotnej w oparciu o warto\u015bci realizacji wska\u017anik\u00f3w jako\u015bci opieki zdrowotnej odbywa si\u0119 zgodnie z zawartymi ze \u015bwiadczeniodawcami umowami o udzielanie \u015bwiadcze\u0144 opieki zdrowotnej,<br \/>to pomiar wska\u017anik\u00f3w jako\u015bci odnosi\u0107 si\u0119 b\u0119dzie do podmiot\u00f3w udzielaj\u0105cych \u015bwiadcze\u0144 na podstawie umowy z NFZ.<\/p>\n\n<\/div>\n<\/div>\n<\/div>\n<\/div>\n\n\n<h2 class=\"wp-block-heading\"><span class=\"ez-toc-section\" id=\"2-Na-System-jakosci-skladaja-sie\"><\/span>2. Na System jako\u015bci sk\u0142adaj\u0105 si\u0119:<span class=\"ez-toc-section-end\"><\/span><\/h2>\n\n\n\n<ol class=\"wp-block-list\">\n<li>autoryzacja,<\/li>\n\n\n\n<li>wewn\u0119trzny system zarz\u0105dzania jako\u015bci\u0105 i bezpiecze\u0144stwem (\u201ewewn\u0119trznym systemem\u201d),<\/li>\n\n\n\n<li>akredytacja,<\/li>\n\n\n\n<li>rejestry medyczne w rozumieniu art. 2 pkt 12 ustawy z dnia 28 kwietnia 2011 r. o systemie informacji w ochronie zdrowia.<\/li>\n<\/ol>\n\n\n\n<h2 class=\"wp-block-heading\"><span class=\"ez-toc-section\" id=\"3-Autoryzacja\"><\/span>3. Autoryzacja<span class=\"ez-toc-section-end\"><\/span><\/h2>\n\n\n\n<p>Autoryzacja jest warunkiem realizacji przez podmiot wykonuj\u0105cy dzia\u0142alno\u015b\u0107 lecznicz\u0105 w rodzaju \u015bwiadczenia szpitalne umowy o udzielanie \u015bwiadcze\u0144 opieki zdrowotnej w ramach profili systemu podstawowego szpitalnego zabezpieczenia \u015bwiadcze\u0144 opieki zdrowotnej (tzw. sie\u0107 szpitali).<\/p>\n\n\n\n<p>Autoryzacj\u0119 mo\u017ce uzyska\u0107 podmiot wykonuj\u0105cy dzia\u0142alno\u015b\u0107 lecznicz\u0105 w rodzaju <a href=\"https:\/\/www.profinfo.pl\/hasla-lex\/swiadczenia-gwarantowane-z-zakresu-leczenia-szpitalnego,4624.html?utm_source=blog&amp;utm_medium=link&amp;utm_campaign=Jako%C5%9B%C4%87+w+opiece+zdrowotnej+i+bezpiecze%C5%84stwo+pacjenta+%E2%80%93+co+warto+wiedzie%C4%87+o+nowej+regulacji&amp;utm_content=%C5%9Bwiadczenia+szpitalne\">\u015bwiadczenia szpitalne<\/a>, kt\u00f3ry spe\u0142nia nast\u0119puj\u0105ce warunki:<\/p>\n\n\n\n<ol class=\"wp-block-list\">\n<li>prowadzi wewn\u0119trzny system,<\/li>\n\n\n\n<li>realizuje \u015bwiadczenia opieki zdrowotnej, z zachowaniem warunk\u00f3w ich realizacji dotycz\u0105cych miejsca udzielania \u015bwiadcze\u0144 opieki zdrowotnej, personelu i wyposa\u017cenia w sprz\u0119t i aparatur\u0119 medyczn\u0105, okre\u015blonych w tzw. rozporz\u0105dzeniach koszykowych, okre\u015blaj\u0105cych \u015bwiadczenia gwarantowane.<\/li>\n<\/ol>\n\n\n\n<p><strong>Pytanie:<\/strong><\/p>\n\n\n<div id=\"rank-math-faq\" class=\"rank-math-block\">\n<div class=\"rank-math-list \">\n<div id=\"faq-question-693bcb68c1615\" class=\"rank-math-list-item\">\n<h3 class=\"rank-math-question \"><strong>Czy ka\u017cdy pomiot wykonuj\u0105cy dzia\u0142alno\u015b\u0107 lecznicz\u0105 b\u0119dzie zobowi\u0105zany uzyska\u0107 autoryza<\/strong>cj\u0119?<\/h3>\n<div class=\"rank-math-answer \">\n\n<p>Autoryzacja b\u0119dzie wymagana wy\u0142\u0105cznie\u00a0 odniesieniu do tych \u015bwiadczeniodawc\u00f3w, kt\u00f3rzy udzielaj\u0105 \u015bwiadcze\u0144 na podstawie umowy z NFZ, je\u017celi zostali zakwalifikowani do tzw. sieci szpitali. Podmiot leczniczy prowadz\u0105cy szpital uzdrowiskowy, szpital psychiatryczny lub zak\u0142ad opieku\u0144czo-leczniczy, udzielaj\u0105cy \u015bwiadcze\u0144 opieki zdrowotnej nawet na podstawie umowy z NFZ, nie b\u0119dzie zobowi\u0105zany do uzyskania autoryzacji w celu dalszego udzielania tych \u015bwiadcze\u0144 na podstawie umowy z NFZ.\u00a0<\/p>\n\n<\/div>\n<\/div>\n<\/div>\n<\/div>\n\n\n<h2 class=\"wp-block-heading\"><span class=\"ez-toc-section\" id=\"4-Wewnetrzny-system\"><\/span>4. Wewn\u0119trzny system<span class=\"ez-toc-section-end\"><\/span><\/h2>\n\n\n\n<p>Obowi\u0105zek wdro\u017cenia, utrzymania i usprawnianiu wewn\u0119trznego systemu na podstawie oceny jego skuteczno\u015bci oraz wynik\u00f3w bada\u0144 opinii i do\u015bwiadcze\u0144 pacjent\u00f3w b\u0119dzie spoczywa\u0142 na ka\u017cdym podmiocie wykonuj\u0105cym dzia\u0142alno\u015b\u0107 lecznicz\u0105 w ramach umowy o udzielanie \u015bwiadcze\u0144 opieki zdrowotnej finansowanych ze \u015brodk\u00f3w publicznych zawartej z <a href=\"https:\/\/www.profinfo.pl\/hasla-lex\/narodowy-fundusz-zdrowia,2032.html?utm_source=blog&amp;utm_medium=link&amp;utm_campaign=Jako%C5%9B%C4%87+w+opiece+zdrowotnej+i+bezpiecze%C5%84stwo+pacjenta+%E2%80%93+co+warto+wiedzie%C4%87+o+nowej+regulacji&amp;utm_content=NFZ\">NFZ<\/a> na zasadach okre\u015blonych w ustawie o \u015bwiadczeniach.<\/p>\n\n\n\n<p>Wewn\u0119trzny system sk\u0142ada si\u0119 z <strong>zasad, procedur, metod oraz opis\u00f3w stanowisk pracy<\/strong>, w celu zapobie\u017cenia wyst\u0105pieniu zdarze\u0144 niepo\u017c\u0105danych.<\/p>\n\n\n\n<p>Podmiot wykonuj\u0105cy dzia\u0142alno\u015b\u0107 lecznicz\u0105 w ramach wewn\u0119trznego systemu:<\/p>\n\n\n\n<ul class=\"wp-block-list\">\n<li>wdra\u017ca rozwi\u0105zania s\u0142u\u017c\u0105ce identyfikacji ryzyka wyst\u0105pienia zdarze\u0144 niepo\u017c\u0105danych i zarz\u0105dzaniu tym ryzykiem w ramach udzielanych \u015bwiadcze\u0144 opieki zdrowotnej,<\/li>\n\n\n\n<li>identyfikuje obszary priorytetowe dla poprawy jako\u015bci i bezpiecze\u0144stwa udzielanych \u015bwiadcze\u0144 opieki zdrowotnej,<\/li>\n\n\n\n<li>okre\u015bla kryteria i metody potrzebne do zapewnienia skutecznego nadzoru nad jako\u015bci\u0105 i bezpiecze\u0144stwem udzielanych \u015bwiadcze\u0144 opieki zdrowotnej,<\/li>\n\n\n\n<li>okresowo monitoruje i ocenia jako\u015b\u0107 i bezpiecze\u0144stwo udzielanych \u015bwiadcze\u0144 opieki zdrowotnej,<\/li>\n\n\n\n<li>monitoruje zdarzenia niepo\u017c\u0105dane,<\/li>\n\n\n\n<li>zapewnia dost\u0119p do szkolenia s\u0142u\u017c\u0105cego uzyskaniu i podnoszeniu kompetencji personelu w zakresie jako\u015bci i bezpiecze\u0144stwa udzielanych \u015bwiadcze\u0144,<\/li>\n\n\n\n<li>prowadzi badania opinii i do\u015bwiadcze\u0144 pacjent\u00f3w na podstawie ankiety, kt\u00f3rych wz\u00f3r okre\u015bli Minister Zdrowia.<\/li>\n<\/ul>\n\n\n\n<p>Wewn\u0119trzny system nale\u017cy wdro\u017cy\u0107 do 30 czerwca 2024 r.<\/p>\n\n\n\n<p><strong>Pytanie:<\/strong><strong><\/strong><\/p>\n\n\n<div id=\"rank-math-faq\" class=\"rank-math-block\">\n<div class=\"rank-math-list \">\n<div id=\"faq-question-693bcb68c1638\" class=\"rank-math-list-item\">\n<h3 class=\"rank-math-question \"><strong>Czy podmiot leczniczy udzielaj\u0105cy \u015bwiadcze\u0144 zdrowotnych z zakresu podstawowej opieki zdrowotnej b\u0119dzie zobowi\u0105zany do wdro\u017cenia wewn\u0119trznego systemu zarz\u0105dzania jako\u015bci\u0105 i bezpiecze\u0144stwem?<\/strong><\/h3>\n<div class=\"rank-math-answer \">\n\n<p>Tak, obowi\u0105zek wdro\u017cenia tego systemu spoczywa\u0107 b\u0119dzie na ka\u017cdym podmiocie wykonuj\u0105cym dzia\u0142alno\u015b\u0107 lecznicza na podstawie umowy z NFZ, w celu dalszego udzielania tych \u015bwiadcze\u0144 w ramach systemu ubezpieczenia zdrowotnego.\u00a0<\/p>\n\n<\/div>\n<\/div>\n<\/div>\n<\/div>\n\n\n<h2 class=\"wp-block-heading\"><span class=\"ez-toc-section\" id=\"5-Akredytacja\"><\/span>5. Akredytacja<span class=\"ez-toc-section-end\"><\/span><\/h2>\n\n\n\n<p>Akredytacja w ochronie zdrowia ma na celu potwierdzenie spe\u0142niania przez podmiot wykonuj\u0105cy dzia\u0142alno\u015b\u0107 lecznicz\u0105 standard\u00f3w akredytacyjnych w zakresie udzielania \u015bwiadcze\u0144 opieki zdrowotnej oraz funkcjonowania tego podmiotu. Ustawa, w spos\u00f3b kompleksowy oraz szczeg\u00f3\u0142owy reguluje w jednym akcie normatywnym kwestie dotycz\u0105ce akredytacji, dotychczas uregulowane w poprzedniej ustawie oraz rozporz\u0105dzeniu wydanym do niej, przy czym sam proces akredytacji nie uleg\u0142 istotnym zmianom.<\/p>\n\n\n\n<p>Ustawa wprowadza wy\u017csze, ni\u017c dotychczas, wymagania, kt\u00f3re warunkuj\u0105 udzielanie akredytacji:<\/p>\n\n\n\n<ul class=\"wp-block-list\">\n<li>uzyskanie oceny akredytacyjnej, na poziomie <strong>co najmniej 75% maksymalnej mo\u017cliwej do uzyskania sumy ocen poszczeg\u00f3lnych standard\u00f3w akredytacyjnych og\u00f3\u0142em<\/strong>, oraz<\/li>\n\n\n\n<li>uzyskanie <strong>co najmniej 50% maksymalnej mo\u017cliwej do uzyskania sumy ocen poszczeg\u00f3lnych standard\u00f3w akredytacyjnych dla ka\u017cdego dzia\u0142u tematycznego<\/strong>, oraz<\/li>\n\n\n\n<li><strong>spe\u0142nienie standard\u00f3w akredytacyjnych obligatoryjnych<\/strong>.<\/li>\n<\/ul>\n\n\n\n<p>Wiele zamieszania spowodowa\u0142o wyga\u015bni\u0119cie dotychczasowych standard\u00f3w akredytacyjnych oraz brak nowych standard\u00f3w. Zgodnie z przepisami przej\u015bciowymi wnioski o udzielenie akredytacji z\u0142o\u017cone na podstawie ustawy o akredytacji w ochronie zdrowia i nierozpatrzone <strong>do 1.01.2024 r., <\/strong>b\u0119d\u0105 rozpatrywane na zasadach dotychczasowych, przy czym czynno\u015bci podj\u0119te w post\u0119powaniach w sprawie tych wniosk\u00f3w zachowuj\u0105 wa\u017cno\u015b\u0107. Problem dotyczy nowych wniosk\u00f3w, kt\u00f3re mog\u0105 zosta\u0107 z\u0142o\u017cone po dniu 1 stycznia 2024 r. \u2013 z uwagi na brak standard\u00f3w nie jest mo\u017cliwe procedowanie nowych wniosk\u00f3w o udzielenie akredytacji.<\/p>\n\n\n\n<figure class=\"wp-block-pullquote alignwide is-style-solid-color has-border-color has-medium-font-size\" style=\"border-color:#85bc20;border-style:dotted\"><blockquote><p><a href=\"https:\/\/www.profinfo.pl\/sklep\/ochrona-zdrowia.html?utm_source=blog&amp;utm_medium=link&amp;utm_campaign=Jako%C5%9B%C4%87+w+opiece+zdrowotnej+i+bezpiecze%C5%84stwo+pacjenta+%E2%80%93+co+warto+wiedzie%C4%87+o+nowej+regulacji&amp;utm_content=Ochrona+zdrowia\">Ochrona zdrowia<\/a><\/p><cite>Wi\u0119cej publikacji dotycz\u0105cych ochrony zdrowia w ksi\u0119garni Profinfo.pl<\/cite><\/blockquote><\/figure>\n\n\n\n<h2 class=\"wp-block-heading\"><span class=\"ez-toc-section\" id=\"6-Rejestry-medyczne\"><\/span>6. Rejestry medyczne<span class=\"ez-toc-section-end\"><\/span><\/h2>\n\n\n\n<p>Ustawa wprowadza te\u017c zmiany do ustawy&nbsp;z 28.04.2011 r. o systemie informacji w ochronie zdrowia w zakresie tworzenia, finansowania i nadzoru nad prowadzeniem rejestr\u00f3w medycznych, m.in.:<\/p>\n\n\n\n<ul class=\"wp-block-list\">\n<li>zobowi\u0105zuje us\u0142ugodawc\u00f3w do zapewnienia, aby ich systemy teleinformatyczne identyfikowa\u0142y si\u0119 wzajemnie oraz porozumiewa\u0142y si\u0119 mi\u0119dzy sob\u0105 w spos\u00f3b bezpieczny, zgodnie z wymogami dotycz\u0105cymi wsp\u00f3lnych i bezpiecznych otwartych standard\u00f3w komunikacji,<\/li>\n\n\n\n<li>przyznaje Ministrowi Zdrowia prawo okre\u015blenia szczeg\u00f3\u0142owych wymog\u00f3w dotycz\u0105cych wsp\u00f3lnych i bezpiecznych otwartych standard\u00f3w komunikacji mi\u0119dzy systemami teleinformatycznymi us\u0142ugodawc\u00f3w,<\/li>\n\n\n\n<li>przyznaje kompetencj\u0119 do wnioskowania o utworzenie rejestru medycznego tak\u017ce&nbsp;<strong>medycznym towarzystwom naukowym <\/strong>oraz<\/li>\n\n\n\n<li>nak\u0142ada na podmiot prowadz\u0105cy rejestr medyczny coroczny obowi\u0105zek przedstawienia i udost\u0119pnienia\u00a0<strong>raportu analitycznego\u00a0<\/strong>obejmuj\u0105cego m.in.: analiz\u0119 zapotrzebowania na \u015bwiadczenia opieki zdrowotnej, analiz\u0119 stanu zdrowia us\u0142ugobiorc\u00f3w, analiz\u0119 bezpiecze\u0144stwa, skuteczno\u015bci, jako\u015bci i efektywno\u015bci kosztowej bada\u0144 diagnostycznych lub procedur medycznych, analiz\u0119 kompletno\u015bci i jako\u015bci danych w podziale na us\u0142ugodawc\u00f3w przekazuj\u0105cych dane do rejestru, ocen\u0119 efekt\u00f3w wynikaj\u0105cych z wdro\u017cenia rejestru medycznego, w tym wskazanie korzy\u015bci i zagro\u017ce\u0144 zwi\u0105zanych z prowadzeniem tego rejestru oraz ocen\u0119 funkcjonalno\u015bci i sp\u00f3jno\u015bci prowadzonego rejestru medycznego z innymi rejestrami publicznymi, przy czym Zgodnie z przepisami przej\u015bciowymi podmiot prowadz\u0105cy rejestr medyczny jest obowi\u0105zany do przedstawienia na swojej stronie podmiotowej raportu analitycznego po raz pierwszy do 30.11.2026 r.<\/li>\n<\/ul>\n\n\n\n<p><em>Wi\u0119cej informacji na ten temat w publikacji Adama Twarowskiego \u201e<a href=\"https:\/\/www.profinfo.pl\/sklep\/ustawa-o-jakosci-w-opiece-zdrowotnej-i-bezpieczenstwie-pacjenta-komentarz,504795.html?utm_source=blog&amp;utm_medium=link&amp;utm_campaign=Jako%C5%9B%C4%87+w+opiece+zdrowotnej+i+bezpiecze%C5%84stwo+pacjenta+%E2%80%93+co+warto+wiedzie%C4%87+o+nowej+regulacji&amp;utm_content=Ustawa+o+jako%C5%9Bci+w+opiece+zdrowotnej+i+bezpiecze%C5%84stwie+pacjenta.+Komentarz\">Ustawa o jako\u015bci w opiece zdrowotnej i bezpiecze\u0144stwie pacjenta. Komentarz<\/a>\u201d<\/em><\/p>\n\n\n\n<hr class=\"wp-block-separator has-alpha-channel-opacity is-style-dots\"\/>\n\n\n\n<div class=\"wp-block-media-text alignwide is-stacked-on-mobile is-vertically-aligned-top\" style=\"grid-template-columns:25% auto\"><figure class=\"wp-block-media-text__media\"><img decoding=\"async\" width=\"552\" height=\"440\" src=\"https:\/\/www.profinfo.pl\/blog\/wp-content\/uploads\/2024\/02\/adam-twarowski.jpg\" alt=\"Adam Twarowski\" class=\"wp-image-3154 size-full\" title=\"\"><\/figure><div class=\"wp-block-media-text__content\">\n<p class=\"has-small-font-size\"><strong><a href=\"https:\/\/www.profinfo.pl\/autorzy\/adam-twarowski,116904.html?utm_source=blog&amp;utm_medium=link&amp;utm_campaign=Jako%C5%9B%C4%87+w+opiece+zdrowotnej+i+bezpiecze%C5%84stwo+pacjenta+%E2%80%93+co+warto+wiedzie%C4%87+o+nowej+regulacji&amp;utm_content=Adam+Twarowski\">Adam Twarowski<\/a><\/strong> &#8211; radca prawny, obecnie prowadz\u0105cy w\u0142asn\u0105 kancelari\u0119 prawn\u0105, legislator. Wyk\u0142adowca na studiach MBA w ochronie, Wiceprzewodnicz\u0105cy Komisji bioetycznej przy Narodowym Instytucie Onkologii w Warszawie, Cz\u0142onek Rady Naczelnej Polskiej Koalicji Medycyny Personalizowanej Stowarzyszenie oraz Polskiego Towarzystwa Legislacji. Wcze\u015bniej zajmowa\u0142 stanowiska w sektorze publicznym jak i prywatnym z obszaru ochrony zdrowia i zam\u00f3wie\u0144 publicznych &#8211; by\u0142 m.in. Dyrektorem Biura Rady oraz Dyrektorem Biura Prawnego NFZ, Dyrektorem Mazowieckiego OW NFZ, Dyrektorem Departamentu Zam\u00f3wie\u0144 Publicznych w Centrali ZUS.<\/p>\n<\/div><\/div>\n","protected":false},"excerpt":{"rendered":"<p>Z dniem 8 wrze\u015bnia 2023 r. wesz\u0142a w \u017cycie zasadnicza cz\u0119\u015b\u0107 przepis\u00f3w ustawy z dnia 16 czerwca 2023 r. o jako\u015bci w opiece zdrowotnej i bezpiecze\u0144stwa pacjenta (\u201eUstawa\u201d). W za\u0142o\u017ceniu ustawodawcy, ma ona w spos\u00f3b kompleksowy uregulowa\u0107 w jednym akcie prawnym rozwi\u0105zania prawne w obszarze jako\u015bci, tworz\u0105c system jako\u015bci w opiece zdrowotnej i bezpiecze\u0144stwa pacjenta &hellip; <\/p>\n<p><a href=\"https:\/\/www.profinfo.pl\/blog\/jakosc-w-opiece-zdrowotnej-i-bezpieczenstwo-pacjenta-co-warto-wiedziec-o-nowej-regulacji\/\" class=\"more-link\">Czytaj wi\u0119cej<span class=\"screen-reader-text\"> &#8222;Jako\u015b\u0107 w opiece zdrowotnej i bezpiecze\u0144stwo pacjenta \u2013 co warto wiedzie\u0107 o nowej regulacji&#8221;<\/span><\/a><\/p>\n","protected":false},"author":1,"featured_media":3160,"comment_status":"open","ping_status":"open","sticky":false,"template":"","format":"standard","meta":{"footnotes":""},"categories":[70,71],"tags":[116],"class_list":["post-3151","post","type-post","status-publish","format-standard","has-post-thumbnail","hentry","category-aktualnosci","category-porady","tag-ochrona-zdrowia"],"_links":{"self":[{"href":"https:\/\/www.profinfo.pl\/blog\/wp-json\/wp\/v2\/posts\/3151","targetHints":{"allow":["GET"]}}],"collection":[{"href":"https:\/\/www.profinfo.pl\/blog\/wp-json\/wp\/v2\/posts"}],"about":[{"href":"https:\/\/www.profinfo.pl\/blog\/wp-json\/wp\/v2\/types\/post"}],"author":[{"embeddable":true,"href":"https:\/\/www.profinfo.pl\/blog\/wp-json\/wp\/v2\/users\/1"}],"replies":[{"embeddable":true,"href":"https:\/\/www.profinfo.pl\/blog\/wp-json\/wp\/v2\/comments?post=3151"}],"version-history":[{"count":9,"href":"https:\/\/www.profinfo.pl\/blog\/wp-json\/wp\/v2\/posts\/3151\/revisions"}],"predecessor-version":[{"id":4259,"href":"https:\/\/www.profinfo.pl\/blog\/wp-json\/wp\/v2\/posts\/3151\/revisions\/4259"}],"wp:featuredmedia":[{"embeddable":true,"href":"https:\/\/www.profinfo.pl\/blog\/wp-json\/wp\/v2\/media\/3160"}],"wp:attachment":[{"href":"https:\/\/www.profinfo.pl\/blog\/wp-json\/wp\/v2\/media?parent=3151"}],"wp:term":[{"taxonomy":"category","embeddable":true,"href":"https:\/\/www.profinfo.pl\/blog\/wp-json\/wp\/v2\/categories?post=3151"},{"taxonomy":"post_tag","embeddable":true,"href":"https:\/\/www.profinfo.pl\/blog\/wp-json\/wp\/v2\/tags?post=3151"}],"curies":[{"name":"wp","href":"https:\/\/api.w.org\/{rel}","templated":true}]}}