{"id":3163,"date":"2024-02-20T14:34:47","date_gmt":"2024-02-20T13:34:47","guid":{"rendered":"https:\/\/www.profinfo.pl\/blog\/?p=3163"},"modified":"2024-02-20T14:38:09","modified_gmt":"2024-02-20T13:38:09","slug":"komentarz-do-ustawy-o-ochronie-zwierzat-jakie-kwestie-wymagaly-swiezego-spojrzenia","status":"publish","type":"post","link":"https:\/\/www.profinfo.pl\/blog\/komentarz-do-ustawy-o-ochronie-zwierzat-jakie-kwestie-wymagaly-swiezego-spojrzenia\/","title":{"rendered":"Komentarz do ustawy o ochronie zwierz\u0105t \u2013 jakie kwestie wymaga\u0142y \u015bwie\u017cego spojrzenia?"},"content":{"rendered":"\n<div id=\"ez-toc-container\" class=\"ez-toc-v2_0_82_2 counter-hierarchy ez-toc-counter ez-toc-custom ez-toc-container-direction\">\n<div class=\"ez-toc-title-container\">\n<p class=\"ez-toc-title\" style=\"cursor:inherit\">Spis tre\u015bci<\/p>\n<span class=\"ez-toc-title-toggle\"><a href=\"#\" class=\"ez-toc-pull-right ez-toc-btn ez-toc-btn-xs ez-toc-btn-default ez-toc-toggle\" aria-label=\"Prze\u0142\u0105cznik Spisu Tre\u015bci\"><span class=\"ez-toc-js-icon-con\"><span class=\"\"><span class=\"eztoc-hide\" style=\"display:none;\">Toggle<\/span><span class=\"ez-toc-icon-toggle-span\"><svg style=\"fill: #676767;color:#676767\" xmlns=\"http:\/\/www.w3.org\/2000\/svg\" class=\"list-377408\" width=\"20px\" height=\"20px\" viewBox=\"0 0 24 24\" fill=\"none\"><path d=\"M6 6H4v2h2V6zm14 0H8v2h12V6zM4 11h2v2H4v-2zm16 0H8v2h12v-2zM4 16h2v2H4v-2zm16 0H8v2h12v-2z\" fill=\"currentColor\"><\/path><\/svg><svg style=\"fill: #676767;color:#676767\" class=\"arrow-unsorted-368013\" xmlns=\"http:\/\/www.w3.org\/2000\/svg\" width=\"10px\" height=\"10px\" viewBox=\"0 0 24 24\" version=\"1.2\" baseProfile=\"tiny\"><path d=\"M18.2 9.3l-6.2-6.3-6.2 6.3c-.2.2-.3.4-.3.7s.1.5.3.7c.2.2.4.3.7.3h11c.3 0 .5-.1.7-.3.2-.2.3-.5.3-.7s-.1-.5-.3-.7zM5.8 14.7l6.2 6.3 6.2-6.3c.2-.2.3-.5.3-.7s-.1-.5-.3-.7c-.2-.2-.4-.3-.7-.3h-11c-.3 0-.5.1-.7.3-.2.2-.3.5-.3.7s.1.5.3.7z\"\/><\/svg><\/span><\/span><\/span><\/a><\/span><\/div>\n<nav><ul class='ez-toc-list ez-toc-list-level-1 ' ><li class='ez-toc-page-1 ez-toc-heading-level-2'><a class=\"ez-toc-link ez-toc-heading-1\" href=\"https:\/\/www.profinfo.pl\/blog\/komentarz-do-ustawy-o-ochronie-zwierzat-jakie-kwestie-wymagaly-swiezego-spojrzenia\/#W-swiecie-prawniczym-kazde-slowo-ma-swoje-znaczenie-a-kazda-norma-moze-zmieniac-losy-ludzi-i-zwierzat\" >W \u015bwiecie prawniczym, ka\u017cde s\u0142owo ma swoje znaczenie, a ka\u017cda norma mo\u017ce zmienia\u0107 losy ludzi i zwierz\u0105t<\/a><\/li><li class='ez-toc-page-1 ez-toc-heading-level-2'><a class=\"ez-toc-link ez-toc-heading-2\" href=\"https:\/\/www.profinfo.pl\/blog\/komentarz-do-ustawy-o-ochronie-zwierzat-jakie-kwestie-wymagaly-swiezego-spojrzenia\/#Jaka-jest-rola-i-kompetencje-Inspekcji-Weterynaryjnej-w-zakresie-nadzoru-nad-humanitarna-ochrona-zwierzat\" >Jaka jest rola i kompetencje Inspekcji Weterynaryjnej w zakresie nadzoru nad humanitarn\u0105 ochron\u0105 zwierz\u0105t?<\/a><\/li><li class='ez-toc-page-1 ez-toc-heading-level-2'><a class=\"ez-toc-link ez-toc-heading-3\" href=\"https:\/\/www.profinfo.pl\/blog\/komentarz-do-ustawy-o-ochronie-zwierzat-jakie-kwestie-wymagaly-swiezego-spojrzenia\/#Czy-postepowanie-karne-pelni-wazna-role-w-ochronie-zwierzat\" >Czy post\u0119powanie karne pe\u0142ni wa\u017cn\u0105 rol\u0119 w ochronie zwierz\u0105t?<\/a><\/li><\/ul><\/nav><\/div>\n<h2 class=\"wp-block-heading\"><span class=\"ez-toc-section\" id=\"W-swiecie-prawniczym-kazde-slowo-ma-swoje-znaczenie-a-kazda-norma-moze-zmieniac-losy-ludzi-i-zwierzat\"><\/span>W \u015bwiecie prawniczym, ka\u017cde s\u0142owo ma swoje znaczenie, a ka\u017cda norma mo\u017ce zmienia\u0107 losy ludzi i zwierz\u0105t<span class=\"ez-toc-section-end\"><\/span><\/h2>\n\n\n\n<p>Nie wiem czy mog\u0119 m\u00f3wi\u0107 w imieniu ca\u0142ego zespo\u0142u autor\u00f3w ale ja osobi\u015bcie, kiedy rozpoczynali\u015bmy prac\u0119 nad przygotowaniem nowego komentarza do ustawy o ochronie zwierz\u0105t, zdawa\u0142em sobie spraw\u0119 z wyzwania, kt\u00f3re przed nami stoi. Ta ustawa to &nbsp;\u2013 mo\u017cna by rzec, prawdziwy \u201estaruszek\u201d w \u015bwiecie prawa administracyjnego. Ale w\u0142a\u015bnie dlatego, moim zdaniem, potrzebowa\u0142a \u015bwie\u017cego spojrzenia.<\/p>\n\n\n\n<!--more-->\n\n\n\n<p>Poza tym nie jest to pierwszy komentarz do ustawy, kt\u00f3ra ju\u017c niemal od trzech dekad kszta\u0142tuje realia prawne zwi\u0105zane <strong>z ochron\u0105 humanitarn\u0105 zwierz\u0105t<\/strong>. Jednak\u017ce, przygotowuj\u0105c komentarz, chcieli\u015bmy dostarczy\u0107 bardziej <strong>praktycznego narz\u0119dzia<\/strong>, kt\u00f3re b\u0119dzie s\u0142u\u017cy\u0107 nie tylko prawnikom, ale ka\u017cdemu, kto poszukuje odpowiedzi na pytania czy w\u0105tpliwo\u015bci zwi\u0105zane z ochron\u0105 zwierz\u0105t.<\/p>\n\n\n\n<figure class=\"wp-block-image alignwide size-full is-style-default bordersd\"><a href=\"https:\/\/www.profinfo.pl\/sklep\/ustawa-o-ochronie-zwierzat-komentarz,516759.html?utm_source=blog&amp;utm_medium=baner&amp;utm_campaign=Komentarz+do+ustawy+o+ochronie+zwierz%C4%85t+%E2%80%93+jakie+kwestie+wymaga%C5%82y+%C5%9Bwie%C5%BCego+spojrzenia%3F&amp;utm_content=Ustawa+o+ochronie+zwierz%C4%85t.+Komentarz\"><img decoding=\"async\" width=\"817\" height=\"277\" src=\"https:\/\/www.profinfo.pl\/blog\/wp-content\/uploads\/2024\/02\/ustawa-o-ochronie-zwierzat-komentarz.png\" alt=\"Ustawa o ochronie zwierz\u0105t. Komentarz\" class=\"wp-image-3166\" title=\"\"><\/a><figcaption class=\"wp-element-caption\">&#8222;<a href=\"https:\/\/www.profinfo.pl\/sklep\/ustawa-o-ochronie-zwierzat-komentarz,516759.html?utm_source=blog&amp;utm_medium=link&amp;utm_campaign=Komentarz+do+ustawy+o+ochronie+zwierz%C4%85t+%E2%80%93+jakie+kwestie+wymaga%C5%82y+%C5%9Bwie%C5%BCego+spojrzenia%3F&amp;utm_content=Ustawa+o+ochronie+zwierz%C4%85t.+Komentarz\">Ustawa o ochronie zwierz\u0105t. Komentarz<\/a>&#8221; pod redakcj\u0105 Emila Kruk<\/figcaption><\/figure>\n\n\n\n<p>Mam nadziej\u0119, \u017ce nasz komentarz odznacza si\u0119 \u015bwie\u017cym spojrzeniem. Starali\u015bmy si\u0119 nie ogranicza\u0107 do powtarzania utartych opinii. Wr\u0119cz przeciwnie, raczej preferowali\u015bmy bardziej nowatorskie podej\u015bcie do niekt\u00f3rych problem\u00f3w.<\/p>\n\n\n\n<p>Ja na przyk\u0142ad szczeg\u00f3lnie uwa\u017cnie przygl\u0105dn\u0105\u0142em si\u0119 kwestii nadzoru administracji publicznej, a konkretnie <a href=\"https:\/\/www.profinfo.pl\/hasla-lex\/inspekcja-weterynaryjna,1222.html?utm_source=blog&amp;utm_medium=link&amp;utm_campaign=Komentarz+do+ustawy+o+ochronie+zwierz%C4%85t+%E2%80%93+jakie+kwestie+wymaga%C5%82y+%C5%9Bwie%C5%BCego+spojrzenia%3F&amp;utm_content=Inspekcji+Weterynaryjnej\">Inspekcji Weterynaryjnej<\/a>, nad przestrzeganiem przepis\u00f3w z zakresu humanitarnej ochrony zwierz\u0105t. Ta kwestia wydaje mi si\u0119 szczeg\u00f3lnie istotna, zw\u0142aszcza je\u017celi we\u017amiemy pod uwag\u0119, \u017ce w\u0142a\u015bciwie prowadzony nadz\u00f3r administracyjny nad przestrzeganiem przepis\u00f3w o ochronie zwierz\u0105t mo\u017ce przyczyni\u0107 si\u0119 do poprawy warunk\u00f3w ich \u017cycia o wiele szybciej i skuteczniej ni\u017c jakiekolwiek post\u0119powanie karne lub wykroczeniowe. Aspekt ten jest kluczowy, poniewa\u017c rzuca \u015bwiat\u0142o na znaczenie efektywnego nadzoru administracyjnego w realnej ochronie zwierz\u0105t.<\/p>\n\n\n\n<h2 class=\"wp-block-heading\"><span class=\"ez-toc-section\" id=\"Jaka-jest-rola-i-kompetencje-Inspekcji-Weterynaryjnej-w-zakresie-nadzoru-nad-humanitarna-ochrona-zwierzat\"><\/span>Jaka jest rola i kompetencje Inspekcji Weterynaryjnej w zakresie nadzoru nad humanitarn\u0105 ochron\u0105 zwierz\u0105t?<span class=\"ez-toc-section-end\"><\/span><\/h2>\n\n\n\n<p>Dotychczasowe komentarze oraz stanowisko doktryny prawa wydawa\u0142y mi si\u0119 niewystarczaj\u0105ce w zakresie wyja\u015bnienia oraz krytycznej analizy <strong>roli i kompetencji Inspekcji Weterynaryjnej<\/strong>. Zwr\u00f3ci\u0142em uwag\u0119 na r\u00f3\u017cne podej\u015bcie przedstawicieli doktryny prawa do kompetencji Inspekcji Weterynaryjnej. Analiza dotychczasowych stanowisk wykaza\u0142a pewn\u0105 niesp\u00f3jno\u015b\u0107 i niejednoznaczno\u015b\u0107 w zakresie definicji nadzoru oraz praktycznych aspekt\u00f3w jego realizacji przez Inspekcj\u0119 Weterynaryjn\u0105. Nasz komentarz stara si\u0119 wype\u0142ni\u0107 t\u0119 luk\u0119, oferuj\u0105c bardziej szczeg\u00f3\u0142ow\u0105 i praktyczn\u0105 analiz\u0119 kompetencji nadzorczych Inspekcji, opart\u0105 o konkretne przepisy prawa.<\/p>\n\n\n\n<p>W kontek\u015bcie <strong>nadzoru prowadzonego przez Inspekcj\u0119 Weterynaryjn\u0105<\/strong>, szczeg\u00f3lnie istotne by\u0142o zrozumienie, w jaki spos\u00f3b ta instytucja wykonuje swoje zadania, w zakresie kontroli urz\u0119dowej i ewentualnej w\u0142adczej ingerencji w dzia\u0142alno\u015b\u0107 kontrolowanych podmiot\u00f3w. Zauwa\u017cy\u0142em, \u017ce w doktrynie prawa brakuje g\u0142\u0119bszej analizy zasadniczej formy prawnej takiej ingerencji, tj. wydawania akt\u00f3w administracyjnych oraz jasnego okre\u015blenia przedmiotu i norm kompetencyjnych takich dzia\u0142a\u0144.<\/p>\n\n\n\n<p>Dlatego stara\u0142em si\u0119 przeprowadzi\u0107 dog\u0142\u0119bn\u0105 analiz\u0119 art. 34a ustawy o ochronie zwierz\u0105t, kt\u00f3ry stanowi zasadnicz\u0105 norm\u0119 kompetencyjn\u0105 w zakresie nadzoru Inspekcji Weterynaryjnej nad wszystkimi przepisami dotycz\u0105cymi humanitarnej ochrony zwierz\u0105t. Moim celem by\u0142o wyja\u015bnienie, w jaki spos\u00f3b Inspekcja Weterynaryjna, jako <a href=\"https:\/\/www.profinfo.pl\/hasla-lex\/dzialy-administracji-rzadowej,726.html?utm_source=blog&amp;utm_medium=link&amp;utm_campaign=Komentarz+do+ustawy+o+ochronie+zwierz%C4%85t+%E2%80%93+jakie+kwestie+wymaga%C5%82y+%C5%9Bwie%C5%BCego+spojrzenia%3F&amp;utm_content=organ+administracji+rz%C4%85dowej\">organ administracji rz\u0105dowej<\/a>, realizuje swoje zadania i wykorzystuje przyznane jej kompetencje w celu efektywnego nadzoru nad przestrzeganiem przepis\u00f3w.<\/p>\n\n\n\n<p>Wa\u017cnym aspektem by\u0142o r\u00f3wnie\u017c zrozumienie, w jaki spos\u00f3b nadz\u00f3r administracyjnoprawny, realizowany przez Inspekcj\u0119 Weterynaryjn\u0105, wpisuje si\u0119 w szerszy kontekst ochrony zwierz\u0105t i zdrowia publicznego. Stara\u0142em si\u0119 podkre\u015bli\u0107, \u017ce efektywny nadz\u00f3r mo\u017ce przyczyni\u0107 si\u0119 do poprawy warunk\u00f3w \u017cycia zwierz\u0105t oraz zwi\u0119kszenia ich dobrostanu szybciej i skuteczniej ni\u017c dzia\u0142ania penalne.<\/p>\n\n\n\n<p><strong>Nadz\u00f3r administracyjny<\/strong>, w przeciwie\u0144stwie do post\u0119powania karnego, charakteryzuje si\u0119 wi\u0119ksz\u0105 elastyczno\u015bci\u0105 i mo\u017cliwo\u015bci\u0105 szybkiego reagowania na konkretne sytuacje naruszenia przepis\u00f3w. Organy nadzorcze, taki jak organy Inspekcji Weterynaryjnej, maj\u0105 mo\u017cliwo\u015b\u0107 natychmiastowego interweniowania, gdy zauwa\u017c\u0105 naruszenia w zakresie humanitarnej ochrony zwierz\u0105t. W przeciwie\u0144stwie do post\u0119powania karnego, kt\u00f3re cz\u0119sto jest d\u0142ugotrwa\u0142e i skomplikowane, nadz\u00f3r administracyjny umo\u017cliwia stosowanie bezpo\u015brednich i celowych dzia\u0142a\u0144, maj\u0105cych na celu natychmiastow\u0105 popraw\u0119 warunk\u00f3w \u017cycia zwierz\u0105t.<\/p>\n\n\n\n<figure class=\"wp-block-pullquote alignwide is-style-solid-color has-border-color has-medium-font-size\" style=\"border-color:#85bc20;border-style:dotted\"><blockquote><p><a href=\"https:\/\/www.profinfo.pl\/hasla-lex\/ochrona-zwierzat,2299.html?utm_source=blog&amp;utm_medium=link&amp;utm_campaign=Komentarz+do+ustawy+o+ochronie+zwierz%C4%85t+%E2%80%93+jakie+kwestie+wymaga%C5%82y+%C5%9Bwie%C5%BCego+spojrzenia%3F&amp;utm_content=Ochrona+Zwierz%C4%85t\">Ochrona Zwierz\u0105t<\/a><\/p><cite>Sprawd\u017a publikacje w ofercie sklepu Profinfo.pl<\/cite><\/blockquote><\/figure>\n\n\n\n<h2 class=\"wp-block-heading\"><span class=\"ez-toc-section\" id=\"Czy-postepowanie-karne-pelni-wazna-role-w-ochronie-zwierzat\"><\/span>Czy post\u0119powanie karne pe\u0142ni wa\u017cn\u0105 rol\u0119 w ochronie zwierz\u0105t?<span class=\"ez-toc-section-end\"><\/span><\/h2>\n\n\n\n<p>Oczywi\u015bcie post\u0119powanie karne ma swoje miejsce w systemie ochrony zwierz\u0105t, szczeg\u00f3lnie w przypadkach powa\u017cnych narusze\u0144, kt\u00f3re wymagaj\u0105 sankcji karnych. Jednak\u017ce, nie zawsze jest to najskuteczniejsza droga do zapewnienia bie\u017c\u0105cej i ci\u0105g\u0142ej ochrony zwierz\u0105t. Sankcje karne cz\u0119sto maj\u0105 charakter represyjny i maj\u0105 za zadanie kara\u0107 za pope\u0142nione czyny, podczas gdy nadz\u00f3r administracyjny koncentruje si\u0119 na prewencji i bie\u017c\u0105cej korekcie nieprawid\u0142owo\u015bci.<\/p>\n\n\n\n<p>Ponadto, nadz\u00f3r administracyjny jest nie tylko narz\u0119dziem kontroli i interwencji, ale r\u00f3wnie\u017c edukacji i promowania najlepszych praktyk w zakresie traktowania zwierz\u0105t. Organ nadzorczy, dzi\u0119ki swoim dzia\u0142aniom kontrolnym, ma lepsz\u0105 mo\u017cliwo\u015b\u0107 wp\u0142ywania na podmioty gospodarcze i indywidualne osoby, kszta\u0142tuj\u0105c ich postawy i zachowania w kierunku wi\u0119kszego szacunku dla <strong>dobrostanu zwierz\u0105t.<\/strong><\/p>\n\n\n\n<p>Efektywny nadz\u00f3r administracyjny, poprzez swoje dzia\u0142ania prewencyjne, edukacyjne i koryguj\u0105ce, ma zatem potencja\u0142 do przyczyniania si\u0119 do znacz\u0105cej poprawy warunk\u00f3w \u017cycia zwierz\u0105t. Mo\u017ce to mie\u0107 miejsce poprzez szybk\u0105 interwencj\u0119 w przypadkach narusze\u0144, promowanie odpowiedzialno\u015bci i \u015bwiadomo\u015bci w\u015br\u00f3d podmiot\u00f3w zajmuj\u0105cych si\u0119 zwierz\u0119tami, a tak\u017ce przez wdra\u017canie standard\u00f3w i najlepszych praktyk w zakresie ich traktowania.<\/p>\n\n\n\n<p>Ostatecznie, komentarz podkre\u015bla, \u017ce zwi\u0119kszenie efektywno\u015bci nadzoru administracyjnego nad przestrzeganiem <strong>przepis\u00f3w o ochronie zwierz\u0105t<\/strong> mo\u017ce odegra\u0107 kluczow\u0105 rol\u0119 w zapewnieniu ich <strong>lepszego traktowania i ochrony w naszym spo\u0142ecze\u0144stwie<\/strong>. To podej\u015bcie stanowi wa\u017cny krok w kierunku harmonijnego wsp\u00f3\u0142istnienia ludzi i zwierz\u0105t, opartego na wzajemnym szacunku i odpowiedzialno\u015bci.<\/p>\n\n\n\n<p>Dla mnie osobi\u015bcie wa\u017cne by\u0142o tak\u017ce, aby pokaza\u0107, \u017ce prawo dotycz\u0105ce ochrony zwierz\u0105t to nie tylko zbi\u00f3r zasad, ale \u017cywa materia, kt\u00f3ra ewoluuje i dostosowuje si\u0119 do zmieniaj\u0105cych si\u0119 reali\u00f3w i potrzeb. Jednocze\u015bnie starali\u015bmy si\u0119 nie narzuca\u0107 czytelnikowi wy\u0142\u0105cznie swojej narracji. Zamiast tego, zapraszamy do refleksyjnego dialogu, proponuj\u0105c r\u00f3\u017cne perspektywy i tropy my\u015blowe, kt\u00f3re mam nadziej\u0119 pozwalaj\u0105 czytelnikowi na samodzielne formu\u0142owanie w\u0142asnych opinii i odniesie\u0144 do komentowanych artyku\u0142\u00f3w ustawy.<\/p>\n\n\n\n<p>Mam nadziej\u0119, \u017ce wydanie tej publikacji to wa\u017cny krok w kierunku lepszego zrozumienia i efektywniejszej ochrony praw zwierz\u0105t w naszym spo\u0142ecze\u0144stwie. To nie tylko ksi\u0105\u017cka dla prawnik\u00f3w, ale przede wszystkim dla ka\u017cdego, kto chce przyczyni\u0107 si\u0119 do poprawy losu zwierz\u0105t i zrozumienia mechanizm\u00f3w prawnych, kt\u00f3re maj\u0105 na to wp\u0142yw.<\/p>\n\n\n\n<p>Na pewno uciesz\u0119 si\u0119, je\u017celi nasza praca spotka si\u0119 z pozytywnym odbiorem. Recenzja dr hab. Joanny Helios z Uniwersytetu Wroc\u0142awskiego, podkre\u015blaj\u0105ca znaczenie naszego komentarza dla os\u00f3b zawodowo zwi\u0105zanych z ochron\u0105 zwierz\u0105t, daje nadziej\u0119, \u017ce poszli\u015bmy w dobrym kierunku. Jej s\u0142owa, \u017ce <strong><a href=\"https:\/\/www.profinfo.pl\/hasla-lex\/lekarze-weterynarii,1706.html?utm_source=blog&amp;utm_medium=link&amp;utm_campaign=Komentarz+do+ustawy+o+ochronie+zwierz%C4%85t+%E2%80%93+jakie+kwestie+wymaga%C5%82y+%C5%9Bwie%C5%BCego+spojrzenia%3F&amp;utm_content=lekarze+weterynarii\">lekarze weterynarii<\/a><\/strong> i inni specjali\u015bci znajd\u0105 w naszym tek\u015bcie cenne wskaz\u00f3wki dotycz\u0105ce ich roli w ochronie zwierz\u0105t, s\u0105 dla mnie dowodem, \u017ce nasz trud si\u0119 op\u0142aci.<\/p>\n\n\n\n<hr class=\"wp-block-separator has-alpha-channel-opacity is-style-dots\"\/>\n\n\n\n<div class=\"wp-block-media-text alignwide is-stacked-on-mobile is-vertically-aligned-top\" style=\"grid-template-columns:25% auto\"><figure class=\"wp-block-media-text__media\"><img decoding=\"async\" width=\"960\" height=\"960\" src=\"https:\/\/www.profinfo.pl\/blog\/wp-content\/uploads\/2024\/02\/michal-rudy.jpg\" alt=\"Micha\u0142 Rudy\" class=\"wp-image-3164 size-full\" title=\"\"><\/figure><div class=\"wp-block-media-text__content\">\n<p class=\"has-small-font-size\"><strong>Dr Micha\u0142 Rudy<\/strong> \u2013 wyk\u0142adowca na Uniwersytecie Miko\u0142aja Kopernika w Toruniu, wyk\u0142adowca Szko\u0142y Prawa Uniwersytetu SWPS; radca prawny; wsp\u00f3lnik w Kancelarii Prawnej Result Rudy Maj Mazur Wacek Wo\u017aniak sp\u00f3\u0142ka jawna. Pe\u0142ni\u0142 funkcj\u0119 dyrektora Biura Organizacyjno-Prawnego, a nast\u0119pnie dyrektora Biura Prawnego G\u0142\u00f3wnego Inspektoratu Weterynarii. Kierowa\u0142 r\u00f3wnie\u017c kilkoma mi\u0119dzynarodowymi projektami z zakresu administracji weterynaryjnej i prawa weterynaryjnego. Pe\u0142ni\u0142 tak\u017ce obowi\u0105zki zast\u0119pcy dyrektora Departamentu Emisyjno-Skarbcowego w Narodowym Banku Polskim, w kt\u00f3rym by\u0142 odpowiedzialny m.in. za emisj\u0119 znak\u00f3w pieni\u0119\u017cnych Rzeczypospolitej Polskiej oraz gospodarowanie ich zapasem. Specjalizuje si\u0119 w prawie administracyjnym, w tym prawie unijnym. Fascynuje go prawo nowych technologii. W 2006 r. otrzyma\u0142 nagrod\u0119 Ministra Nauki i Szkolnictwa Wy\u017cszego za wsp\u00f3\u0142autorstwo podr\u0119cznika akademickiego; autor &#8222;Traktatu o u\u015bmiercaniu zwierz\u0105t&#8221;. Odznaczony przez Ministra Rolnictwa i Rozwoju Wsi odznaczeniem \u201eZas\u0142u\u017cony dla rolnictwa\u201d.<\/p>\n<\/div><\/div>\n","protected":false},"excerpt":{"rendered":"<p>W \u015bwiecie prawniczym, ka\u017cde s\u0142owo ma swoje znaczenie, a ka\u017cda norma mo\u017ce zmienia\u0107 losy ludzi i zwierz\u0105t Nie wiem czy mog\u0119 m\u00f3wi\u0107 w imieniu ca\u0142ego zespo\u0142u autor\u00f3w ale ja osobi\u015bcie, kiedy rozpoczynali\u015bmy prac\u0119 nad przygotowaniem nowego komentarza do ustawy o ochronie zwierz\u0105t, zdawa\u0142em sobie spraw\u0119 z wyzwania, kt\u00f3re przed nami stoi. Ta ustawa to &nbsp;\u2013 &hellip; <\/p>\n<p><a href=\"https:\/\/www.profinfo.pl\/blog\/komentarz-do-ustawy-o-ochronie-zwierzat-jakie-kwestie-wymagaly-swiezego-spojrzenia\/\" class=\"more-link\">Czytaj wi\u0119cej<span class=\"screen-reader-text\"> &#8222;Komentarz do ustawy o ochronie zwierz\u0105t \u2013 jakie kwestie wymaga\u0142y \u015bwie\u017cego spojrzenia?&#8221;<\/span><\/a><\/p>\n","protected":false},"author":1,"featured_media":3172,"comment_status":"open","ping_status":"open","sticky":false,"template":"","format":"standard","meta":{"footnotes":""},"categories":[71],"tags":[],"class_list":["post-3163","post","type-post","status-publish","format-standard","has-post-thumbnail","hentry","category-porady"],"_links":{"self":[{"href":"https:\/\/www.profinfo.pl\/blog\/wp-json\/wp\/v2\/posts\/3163","targetHints":{"allow":["GET"]}}],"collection":[{"href":"https:\/\/www.profinfo.pl\/blog\/wp-json\/wp\/v2\/posts"}],"about":[{"href":"https:\/\/www.profinfo.pl\/blog\/wp-json\/wp\/v2\/types\/post"}],"author":[{"embeddable":true,"href":"https:\/\/www.profinfo.pl\/blog\/wp-json\/wp\/v2\/users\/1"}],"replies":[{"embeddable":true,"href":"https:\/\/www.profinfo.pl\/blog\/wp-json\/wp\/v2\/comments?post=3163"}],"version-history":[{"count":6,"href":"https:\/\/www.profinfo.pl\/blog\/wp-json\/wp\/v2\/posts\/3163\/revisions"}],"predecessor-version":[{"id":3171,"href":"https:\/\/www.profinfo.pl\/blog\/wp-json\/wp\/v2\/posts\/3163\/revisions\/3171"}],"wp:featuredmedia":[{"embeddable":true,"href":"https:\/\/www.profinfo.pl\/blog\/wp-json\/wp\/v2\/media\/3172"}],"wp:attachment":[{"href":"https:\/\/www.profinfo.pl\/blog\/wp-json\/wp\/v2\/media?parent=3163"}],"wp:term":[{"taxonomy":"category","embeddable":true,"href":"https:\/\/www.profinfo.pl\/blog\/wp-json\/wp\/v2\/categories?post=3163"},{"taxonomy":"post_tag","embeddable":true,"href":"https:\/\/www.profinfo.pl\/blog\/wp-json\/wp\/v2\/tags?post=3163"}],"curies":[{"name":"wp","href":"https:\/\/api.w.org\/{rel}","templated":true}]}}