{"id":3191,"date":"2024-02-09T15:50:22","date_gmt":"2024-02-09T14:50:22","guid":{"rendered":"https:\/\/www.profinfo.pl\/blog\/?p=3191"},"modified":"2024-03-01T10:23:32","modified_gmt":"2024-03-01T09:23:32","slug":"podatek-minimalny-cit-czym-jest-ile-wynosi-i-jak-go-obliczyc","status":"publish","type":"post","link":"https:\/\/www.profinfo.pl\/blog\/podatek-minimalny-cit-czym-jest-ile-wynosi-i-jak-go-obliczyc\/","title":{"rendered":"Podatek minimalny CIT. Czym jest, ile wynosi i jak go obliczy\u0107?"},"content":{"rendered":"\n<p>Wprowadzenie podatku minimalnego CIT stanowi znacz\u0105cy punkt zwrotny w polskim systemie podatkowym dla os\u00f3b prawnych, wprowadzaj\u0105c kluczowe zmiany w zakresie ich zobowi\u0105za\u0144 podatkowych. Chocia\u017c przepisy dotycz\u0105ce tej daniny formalnie wesz\u0142y w \u017cycie na pocz\u0105tku 2022 roku, ich pe\u0142ne zastosowanie zosta\u0142o odroczone do ko\u0144ca 2023 roku dzi\u0119ki nowelizacji ustawy. Oznacza to, \u017ce od 1 stycznia 2024 roku przedsi\u0119biorstwa b\u0119d\u0105 musia\u0142y zacz\u0105\u0107 stosowa\u0107 te przepisy, co czyni rok 2024 pierwszym rokiem, w kt\u00f3rym podatek minimalny stanie si\u0119 wymogiem. Szczeg\u00f3ln\u0105 uwag\u0119 nale\u017cy zwr\u00f3ci\u0107 na sytuacj\u0119 podatnik\u00f3w, dla kt\u00f3rych rok podatkowy nie pokrywa si\u0119 z rokiem kalendarzowym. Zgodnie z art. 38ec. ust. 2 &nbsp;ustawy o CIT w takim przypadku zwolnienie od podatku minimalnego b\u0119dzie mia\u0142o zastosowanie do ko\u0144ca tego roku podatkowego, nawet je\u015bli rozpocznie si\u0119 on przed 1 stycznia 2024 roku, a zako\u0144czy po 31 grudnia 2023 roku. Ta sytuacja wprowadza dodatkowy poziom z\u0142o\u017cono\u015bci w planowaniu podatkowym przedsi\u0119biorstw, wymagaj\u0105c od nich dok\u0142adnej analizy oraz przygotowania na obecne zmiany.<\/p>\n\n\n\n<!--more-->\n\n\n\n<figure class=\"wp-block-image alignwide size-full is-style-default bordersd\"><a href=\"https:\/\/www.profinfo.pl\/sklep\/cit-komentarz-podatki-i-rachunkowosc,417850.html?utm_source=blog&amp;utm_medium=baner&amp;utm_campaign=Podatek+minimalny+CIT.+Czym+jest%2C+ile+wynosi+i+jak+go+obliczy%C4%87%3F&amp;utm_content=CIT.+Komentarz.+Podatki+i+rachunkowo%C5%9B%C4%87\"><img decoding=\"async\" width=\"819\" height=\"241\" src=\"https:\/\/www.profinfo.pl\/blog\/wp-content\/uploads\/2024\/02\/cit-komentarz.png\" alt=\"CIT. Komentarz. Podatki i rachunkowo\u015b\u0107\" class=\"wp-image-3195\" title=\"\"><\/a><figcaption class=\"wp-element-caption\">&#8222;<a href=\"https:\/\/www.profinfo.pl\/sklep\/cit-komentarz-podatki-i-rachunkowosc,417850.html?utm_source=blog&amp;utm_medium=link&amp;utm_campaign=Podatek+minimalny+CIT.+Czym+jest%2C+ile+wynosi+i+jak+go+obliczy%C4%87%3F&amp;utm_content=CIT.+Komentarz.+Podatki+i+rachunkowo%C5%9B%C4%87\">CIT. Komentarz. Podatki i rachunkowo\u015b\u0107<\/a>&#8221; autorstwa Paw\u0142a Ma\u0142eckiego i Ma\u0142gorzaty Mazurkiewicz<\/figcaption><\/figure>\n\n\n\n<h2 class=\"wp-block-heading\"><span class=\"ez-toc-section\" id=\"Czym-jest-podatek-minimalny-CIT\"><\/span>Czym jest podatek minimalny CIT?<span class=\"ez-toc-section-end\"><\/span><\/h2>\n\n\n\n<p>Podatek minimalny CIT wprowadza w polskim systemie podatkowym now\u0105, dodatkow\u0105 form\u0119 obci\u0105\u017cenia dla przedsi\u0119biorstw, dzia\u0142aj\u0105c\u0105 r\u00f3wnolegle do tradycyjnego <a href=\"https:\/\/www.profinfo.pl\/hasla-lex\/podatek-dochodowy-od-osob-prawnych,2817.html?utm_source=blog&amp;utm_medium=link&amp;utm_campaign=Podatek+minimalny+CIT.+Czym+jest%2C+ile+wynosi+i+jak+go+obliczy%C4%87%3F&amp;utm_content=podatku+dochodowego+od+os%C3%B3b+prawnych\">podatku dochodowego od os\u00f3b prawnych<\/a>. Ta nowa danina, znana r\u00f3wnie\u017c jako podatek od sp\u00f3\u0142ek, ma na celu ograniczenie praktyk umo\u017cliwiaj\u0105cych unikanie opodatkowania przez przedsi\u0119biorc\u00f3w, kt\u00f3rzy nie p\u0142ac\u0105 CIT na standardowych zasadach z powodu wykazywanych strat. To innowacyjne rozwi\u0105zanie podatkowe, kt\u00f3re zacz\u0119\u0142o obowi\u0105zywa\u0107 od 1 stycznia 2024 roku, r\u00f3\u017cni si\u0119 od podatku od przychod\u00f3w z budynk\u00f3w i nie wymaga wp\u0142acania zaliczek w trakcie roku podatkowego. Zamiast tego, podatek ten b\u0119dzie obliczany raz do roku i uiszczany w terminie sk\u0142adania <a href=\"https:\/\/www.profinfo.pl\/hasla-lex\/zeznania-podatkowe,6081.html?utm_source=blog&amp;utm_medium=link&amp;utm_campaign=Podatek+minimalny+CIT.+Czym+jest%2C+ile+wynosi+i+jak+go+obliczy%C4%87%3F&amp;utm_content=zeznania+rocznego\">zeznania rocznego<\/a>, co stanowi istotn\u0105 zmian\u0119 w sposobie rozliczania oraz wp\u0142acania podatk\u00f3w przez przedsi\u0119biorstwa. Nowe regulacje wymagaj\u0105 od podatnik\u00f3w dok\u0142adnego wykazania podstawy opodatkowania, dokonania ewentualnych pomniejsze\u0144 oraz obliczenia kwoty nale\u017cnego podatku minimalnego w zeznaniu rocznym wprowadzaj\u0105c dodatkowe obowi\u0105zki sprawozdawcze dla przedsi\u0119biorstw.<\/p>\n\n\n\n<h2 class=\"wp-block-heading\"><span class=\"ez-toc-section\" id=\"Jakie-podmioty-obowiazuje-podatek-minimalny\"><\/span>Jakie podmioty obowi\u0105zuje podatek minimalny?<span class=\"ez-toc-section-end\"><\/span><\/h2>\n\n\n\n<p>Podatek minimalny dotyczy sp\u00f3\u0142ek oraz grup kapita\u0142owych zarejestrowanych na terenie Polski, jak r\u00f3wnie\u017c zagranicznych oddzia\u0142\u00f3w firm operuj\u0105cych na polskim rynku, kt\u00f3re odpowiadaj\u0105 nast\u0119puj\u0105cym kryteriom:<\/p>\n\n\n\n<ol class=\"wp-block-list\">\n<li><em>ponios\u0142y strat\u0119 ze \u017ar\u00f3d\u0142a przychod\u00f3w innych ni\u017c z zysk\u00f3w kapita\u0142owych albo<\/em><\/li>\n\n\n\n<li><em>osi\u0105gn\u0119\u0142y udzia\u0142 dochod\u00f3w ze \u017ar\u00f3d\u0142a przychod\u00f3w innych ni\u017c z zysk\u00f3w kapita\u0142owych, okre\u015blonych zgodnie z art. 7 ust. 1 albo art. 7a ust. 1, w przychodach innych ni\u017c z zysk\u00f3w kapita\u0142owych w wysoko\u015bci nie wi\u0119kszej ni\u017c 2%.<\/em><\/li>\n<\/ol>\n\n\n\n<h2 class=\"wp-block-heading\"><span class=\"ez-toc-section\" id=\"Kogo-nie-dotyczy-podatek-minimalny-CIT\"><\/span>Kogo nie dotyczy podatek minimalny CIT?<span class=\"ez-toc-section-end\"><\/span><\/h2>\n\n\n\n<p>Podatek minimalny CIT nie obejmuje nast\u0119puj\u0105cych podmiot\u00f3w:<\/p>\n\n\n\n<ul class=\"wp-block-list\">\n<li>Przedsi\u0119biorstw w pierwszym roku dzia\u0142alno\u015bci oraz przez dwa kolejne lata podatkowe nast\u0119puj\u0105ce bezpo\u015brednio po nim.<\/li>\n\n\n\n<li>Podmiot\u00f3w dzia\u0142aj\u0105cych jako przedsi\u0119biorstwa finansowe, zdefiniowane w art. 15c ust. 16 ustawy o CIT.<\/li>\n\n\n\n<li>Firm, kt\u00f3re w danym roku podatkowym odnotowa\u0142y spadek przychod\u00f3w o co najmniej 30% w por\u00f3wnaniu do roku poprzedniego.<\/li>\n\n\n\n<li>Sp\u00f3\u0142ek wchodz\u0105cych w sk\u0142ad grupy kapita\u0142owej, gdzie jedna sp\u00f3\u0142ka posiada co najmniej 75% udzia\u0142\u00f3w w pozosta\u0142ych sp\u00f3\u0142kach grupy, pod warunkiem, \u017ce wszystkie sp\u00f3\u0142ki maj\u0105 ten sam rok podatkowy i \u0142\u0105czny doch\u00f3d grupy w stosunku do przychod\u00f3w przekracza 2%.<\/li>\n\n\n\n<li>Tzw. ma\u0142ych podatnik\u00f3w.<\/li>\n\n\n\n<li>Sp\u00f3\u0142ek zajmuj\u0105cych si\u0119 gospodark\u0105 komunaln\u0105.<\/li>\n\n\n\n<li>Podmiot\u00f3w w trakcie upad\u0142o\u015bci lub w procesie likwidacji.<\/li>\n\n\n\n<li>Podmiot\u00f3w g\u0142\u00f3wnie oferuj\u0105ce us\u0142ugi w sektorze ochrony zdrowia.<\/li>\n\n\n\n<li>Firm, kt\u00f3rych mar\u017ca zysku przekroczy\u0142a 2% w jednym z ostatnich trzech lat podatkowych.<\/li>\n<\/ul>\n\n\n\n<p>Oczywi\u015bcie nie s\u0105 to wszystkie podmioty, dlatego zainteresowani pe\u0142n\u0105 list\u0105 powinni zapozna\u0107 si\u0119 z art. 24ca. ust. 14 ustawy o CIT. &nbsp;<\/p>\n\n\n\n<figure class=\"wp-block-pullquote alignwide is-style-solid-color has-border-color has-small-font-size\" style=\"border-color:#85bc20;border-style:dotted\"><blockquote><p><a href=\"https:\/\/www.profinfo.pl\/hasla-lex\/podatek-dochodowy-od-osob-prawnych,2817.html?utm_source=blog&amp;utm_medium=link&amp;utm_campaign=Podatek+minimalny+CIT.+Czym+jest%2C+ile+wynosi+i+jak+go+obliczy%C4%87%3F&amp;utm_content=Ksi%C4%85%C5%BCki+o+CIT\">Ksi\u0105\u017cki o CIT<\/a><\/p><cite>w sklepie internetowym Profinfo.pl<\/cite><\/blockquote><\/figure>\n\n\n\n<h2 class=\"wp-block-heading\"><span class=\"ez-toc-section\" id=\"Ile-wynosi-i-jak-obliczyc-podatek-minimalny\"><\/span>Ile wynosi i jak obliczy\u0107 podatek minimalny?<span class=\"ez-toc-section-end\"><\/span><\/h2>\n\n\n\n<p>Obliczenie minimalnego podatku dochodowego CIT wymaga dok\u0142adnej analizy finansowej przedsi\u0119biorstwa, z uwzgl\u0119dnieniem specyficznych sk\u0142adnik\u00f3w, kt\u00f3re tworz\u0105 podstaw\u0119 opodatkowania. Stawka tego podatku zosta\u0142a ustalona na poziomie 10%, a jego podstawa kalkulowana jest na podstawie kilku kluczowych element\u00f3w.<\/p>\n\n\n\n<p>Pierwszym z nich jest 1,5% warto\u015bci przychod\u00f3w generowanych z dzia\u0142alno\u015bci operacyjnej przedsi\u0119biorstwa, czyli tych, kt\u00f3re pochodz\u0105 ze \u017ar\u00f3de\u0142 innych ni\u017c zyski kapita\u0142owe, osi\u0105gni\u0119tych w danym roku podatkowym. Do tego nale\u017cy doda\u0107 tzw. &#8222;nadmierne&#8221; koszty, wynikaj\u0105ce z finansowania d\u0142u\u017cnego oraz z us\u0142ug niematerialnych, ponoszonych na rzecz podmiot\u00f3w powi\u0105zanych. Kluczowe tutaj s\u0105 koszty finansowania d\u0142u\u017cnego przewy\u017cszaj\u0105ce 30% warto\u015bci EBITDA podatnika oraz koszty us\u0142ug lub praw niematerialnych, przekraczaj\u0105ce sum\u0119 3 mln PLN oraz 5% warto\u015bci EBITDA.<\/p>\n\n\n\n<p>Podatnicy maj\u0105 r\u00f3wnie\u017c mo\u017cliwo\u015b\u0107 skorzystania z uproszczonej metody kalkulacji <a href=\"https:\/\/www.profinfo.pl\/hasla-lex\/podstawa-opodatkowania,2883.html?utm_source=blog&amp;utm_medium=link&amp;utm_campaign=Podatek+minimalny+CIT.+Czym+jest%2C+ile+wynosi+i+jak+go+obliczy%C4%87%3F&amp;utm_content=podstawy+opodatkowania\">podstawy opodatkowania<\/a>, kt\u00f3ra r\u00f3wna si\u0119 3% ca\u0142kowitych przychod\u00f3w z dzia\u0142alno\u015bci operacyjnej uzyskanych w roku podatkowym. Aby jednak zastosowa\u0107 to uproszczenie, konieczne jest poinformowanie o tym fakcie w\u0142a\u015bciwego organu podatkowego poprzez z\u0142o\u017cenie odpowiedniego o\u015bwiadczenia w zeznaniu podatkowym za dany rok podatkowy. Wyb\u00f3r tej metody jest strategiczn\u0105 decyzj\u0105 podatnika, kt\u00f3ra mo\u017ce wp\u0142yn\u0105\u0107 na ostateczn\u0105 wysoko\u015b\u0107 zobowi\u0105za\u0144 podatkowych.<\/p>\n","protected":false},"excerpt":{"rendered":"<p>Wprowadzenie podatku minimalnego CIT stanowi znacz\u0105cy punkt zwrotny w polskim systemie podatkowym dla os\u00f3b prawnych, wprowadzaj\u0105c kluczowe zmiany w zakresie ich zobowi\u0105za\u0144 podatkowych. Chocia\u017c przepisy dotycz\u0105ce tej daniny formalnie wesz\u0142y w \u017cycie na pocz\u0105tku 2022 roku, ich pe\u0142ne zastosowanie zosta\u0142o odroczone do ko\u0144ca 2023 roku dzi\u0119ki nowelizacji ustawy. Oznacza to, \u017ce od 1 stycznia 2024 &hellip; <\/p>\n<p><a href=\"https:\/\/www.profinfo.pl\/blog\/podatek-minimalny-cit-czym-jest-ile-wynosi-i-jak-go-obliczyc\/\" class=\"more-link\">Czytaj wi\u0119cej<span class=\"screen-reader-text\"> &#8222;Podatek minimalny CIT. Czym jest, ile wynosi i jak go obliczy\u0107?&#8221;<\/span><\/a><\/p>\n","protected":false},"author":1,"featured_media":3192,"comment_status":"open","ping_status":"open","sticky":false,"template":"","format":"standard","meta":{"footnotes":""},"categories":[71],"tags":[117],"class_list":["post-3191","post","type-post","status-publish","format-standard","has-post-thumbnail","hentry","category-porady","tag-podatki-i-rachunkowosc"],"_links":{"self":[{"href":"https:\/\/www.profinfo.pl\/blog\/wp-json\/wp\/v2\/posts\/3191","targetHints":{"allow":["GET"]}}],"collection":[{"href":"https:\/\/www.profinfo.pl\/blog\/wp-json\/wp\/v2\/posts"}],"about":[{"href":"https:\/\/www.profinfo.pl\/blog\/wp-json\/wp\/v2\/types\/post"}],"author":[{"embeddable":true,"href":"https:\/\/www.profinfo.pl\/blog\/wp-json\/wp\/v2\/users\/1"}],"replies":[{"embeddable":true,"href":"https:\/\/www.profinfo.pl\/blog\/wp-json\/wp\/v2\/comments?post=3191"}],"version-history":[{"count":6,"href":"https:\/\/www.profinfo.pl\/blog\/wp-json\/wp\/v2\/posts\/3191\/revisions"}],"predecessor-version":[{"id":3199,"href":"https:\/\/www.profinfo.pl\/blog\/wp-json\/wp\/v2\/posts\/3191\/revisions\/3199"}],"wp:featuredmedia":[{"embeddable":true,"href":"https:\/\/www.profinfo.pl\/blog\/wp-json\/wp\/v2\/media\/3192"}],"wp:attachment":[{"href":"https:\/\/www.profinfo.pl\/blog\/wp-json\/wp\/v2\/media?parent=3191"}],"wp:term":[{"taxonomy":"category","embeddable":true,"href":"https:\/\/www.profinfo.pl\/blog\/wp-json\/wp\/v2\/categories?post=3191"},{"taxonomy":"post_tag","embeddable":true,"href":"https:\/\/www.profinfo.pl\/blog\/wp-json\/wp\/v2\/tags?post=3191"}],"curies":[{"name":"wp","href":"https:\/\/api.w.org\/{rel}","templated":true}]}}