{"id":3263,"date":"2024-03-29T15:14:55","date_gmt":"2024-03-29T14:14:55","guid":{"rendered":"https:\/\/www.profinfo.pl\/blog\/?p=3263"},"modified":"2025-12-12T08:59:36","modified_gmt":"2025-12-12T07:59:36","slug":"faq-egzamin-adwokacki-i-radcowski-terminy-oplaty-zapisy-i-wnioski","status":"publish","type":"post","link":"https:\/\/www.profinfo.pl\/blog\/faq-egzamin-adwokacki-i-radcowski-terminy-oplaty-zapisy-i-wnioski\/","title":{"rendered":"FAQ Egzamin adwokacki i radcowski w 2024 roku. Terminy, op\u0142aty, zapisy i wnioski"},"content":{"rendered":"\n<p>Rok 2024 przynosi kolejn\u0105 szans\u0119 dla prawnik\u00f3w aspiruj\u0105cych do uzyskania uprawnie\u0144 adwokackich lub radcowskich, aby zrealizowa\u0107 swoje zawodowe cele i marzenia. Egzaminy adwokacki i radcowski stanowi\u0105 kluczowy etap w karierze ka\u017cdego prawnika, otwieraj\u0105c drzwi do \u015bwiata profesjonalnej praktyki prawniczej. To w\u0142a\u015bnie te egzaminy weryfikuj\u0105 wiedz\u0119, umiej\u0119tno\u015bci oraz gotowo\u015b\u0107 kandydat\u00f3w do reprezentowania klient\u00f3w przed s\u0105dami i innymi organami, a tak\u017ce do \u015bwiadczenia pomocy prawnej na najwy\u017cszym poziomie.<\/p>\n\n\n\n<!--more-->\n\n\n\n<p>Poni\u017csze FAQ zosta\u0142o przygotowane, aby rozwia\u0107 wszelkie w\u0105tpliwo\u015bci i dostarczy\u0107 kompleksowych informacji, kt\u00f3re pomog\u0105 w skutecznym przygotowaniu si\u0119 do egzamin\u00f3w adwokackiego oraz radcowskiego.<\/p>\n\n\n\n<figure class=\"wp-block-image alignwide size-full is-style-default\"><a href=\"https:\/\/www.profinfo.pl\/egzamin-adwokacki-i-radcowski?utm_source=blog&amp;utm_medium=baner&amp;utm_campaign=FAQ+Egzamin+adwokacki+i+radcowski+w+2024+roku.+Terminy%2C+op%C5%82aty%2C+zapisy+i+wnioski&amp;utm_content=Egzamin+adwokacki+i+radcowski\"><img decoding=\"async\" width=\"850\" height=\"370\" src=\"https:\/\/www.profinfo.pl\/blog\/wp-content\/uploads\/2024\/04\/profinfo_egzamin_adwokacki_radcowski.jpg\" alt=\"Egzamin adwokacki i radcowski\" class=\"wp-image-3267\" title=\"\"><\/a><\/figure>\n\n\n<div id=\"rank-math-faq\" class=\"rank-math-block\">\n<div class=\"rank-math-list \">\n<div id=\"faq-question-693bcb68124aa\" class=\"rank-math-list-item\">\n<h3 class=\"rank-math-question \">Kiedy odb\u0119d\u0105 si\u0119 egzaminy adwokacki i radcowski w 2024 roku?<\/h3>\n<div class=\"rank-math-answer \">\n\n<p>Terminy przeprowadzenia egzamin\u00f3w adwokackiego i radcowskiego w roku 2024 wyznaczono na okres od 23 do 26 kwietnia, przy czym ka\u017cda sesja egzaminacyjna rozpoczyna si\u0119 o 10:00 rano. Rozk\u0142ad egzamin\u00f3w zosta\u0142 starannie zaplanowany, aby umo\u017cliwi\u0107 kandydatom skupienie si\u0119 na poszczeg\u00f3lnych obszarach prawniczych.<\/p>\n<p> &#8211; Pierwszy dzie\u0144, 23 kwietnia, po\u015bwi\u0119cony b\u0119dzie prawu karnemu. Kandydaci b\u0119d\u0105 mieli za zadanie rozwi\u0105za\u0107 problem prawniczy z tego zakresu, co wymaga nie tylko dog\u0142\u0119bnej wiedzy teoretycznej, ale r\u00f3wnie\u017c umiej\u0119tno\u015bci praktycznego zastosowania przepis\u00f3w prawa karnego w konkretnych sytuacjach.<br \/> &#8211; Nast\u0119pnie, 24 kwietnia, uczestnicy egzaminu zmierz\u0105 si\u0119 z zadaniami z zakresu prawa cywilnego lub rodzinnego. Ten dzie\u0144 b\u0119dzie wymaga\u0142 od kandydat\u00f3w znajomo\u015bci szerokiego spektrum zagadnie\u0144, od zobowi\u0105za\u0144 i um\u00f3w, przez prawo rzeczowe, a\u017c po kwestie zwi\u0105zane z prawem rodzinnym i opieku\u0144czym.<br \/> &#8211; Trzeci dzie\u0144, 25 kwietnia, skupi si\u0119 na prawie gospodarczym. Zadania z tego dnia b\u0119d\u0105 testowa\u0107 wiedz\u0119 kandydat\u00f3w na temat funkcjonowania przedsi\u0119biorstw, prawa handlowego, a tak\u017ce innych aspekt\u00f3w prawnych istotnych dla prowadzenia dzia\u0142alno\u015bci gospodarczej.<br \/> &#8211; Ostatni dzie\u0144 egzaminu, 26 kwietnia, b\u0119dzie najbardziej zr\u00f3\u017cnicowany tematycznie, poniewa\u017c obejmie zar\u00f3wno prawo administracyjne, jak i zasady wykonywania zawodu adwokata lub radcy prawnego oraz etyk\u0119 zawodow\u0105. Kandydaci b\u0119d\u0105 musieli wykaza\u0107 si\u0119 nie tylko znajomo\u015bci\u0105 przepis\u00f3w, ale r\u00f3wnie\u017c umiej\u0119tno\u015bci\u0105 ich interpretacji w kontek\u015bcie etycznym oraz zawodowym.<\/p>\n\n<\/div>\n<\/div>\n<\/div>\n<\/div>\n\n\n<figure class=\"wp-block-image size-full is-style-default bordersd\"><a href=\"https:\/\/www.profinfo.pl\/sklep\/postepowanie-cywilne-kazusy,534093.html?utm_source=blog&amp;utm_medium=baner&amp;utm_campaign=FAQ+Egzamin+adwokacki+i+radcowski+w+2024+roku.+Terminy%2C+op%C5%82aty%2C+zapisy+i+wnioski&amp;utm_content=Post%C4%99powanie+cywilne.+Kazusy\"><img decoding=\"async\" width=\"817\" height=\"253\" src=\"https:\/\/www.profinfo.pl\/blog\/wp-content\/uploads\/2024\/04\/postepowanie-cywilne-kazusy.png\" alt=\"Post\u0119powanie cywilne. Kazusy\" class=\"wp-image-3275\" title=\"\"><\/a><figcaption class=\"wp-element-caption\">Polecamy &#8222;<a href=\"https:\/\/www.profinfo.pl\/sklep\/postepowanie-cywilne-kazusy,534093.html?utm_source=blog&amp;utm_medium=link&amp;utm_campaign=FAQ+Egzamin+adwokacki+i+radcowski+w+2024+roku.+Terminy%2C+op%C5%82aty%2C+zapisy+i+wnioski&amp;utm_content=Post%C4%99powanie+cywilne.+Kazusy\">Post\u0119powanie cywilne. Kazusy<\/a>&#8221; autorstwa Ma\u0142gorzaty Manowskiej<\/figcaption><\/figure>\n\n\n\n<div class=\"schema-faq wp-block-yoast-faq-block\"><div class=\"schema-faq-section\" id=\"faq-question-1713186304066\"><strong class=\"schema-faq-question\">Jakie s\u0105 op\u0142aty za egzamin adwokacki i radcowski?<\/strong> <p class=\"schema-faq-answer\">Op\u0142ata za egzamin adwokacki oraz radcowski w 2024 roku jest taka sama i wynosi 3 393,60 z\u0142. Wp\u0142aty nale\u017cy dokona\u0107 na rachunek Ministerstwa Sprawiedliwo\u015bci w Narodowym Banku Polskim, numer konta: 77 1010 1010 0400 1922 3100 0000. Wa\u017cne, aby w tytule przelewu poda\u0107 imi\u0119 i nazwisko kandydata oraz zaznaczy\u0107, \u017ce jest to op\u0142ata za odpowiedni egzamin \u2013 adwokacki lub radcowski w 2024 roku. Dzi\u0119ki temu p\u0142atno\u015b\u0107 zostanie prawid\u0142owo zaksi\u0119gowana, co umo\u017cliwi przyst\u0105pienie do wybranego egzaminu.<\/p> <\/div> <div class=\"schema-faq-section\" id=\"faq-question-1713186312196\"><strong class=\"schema-faq-question\">Jak mog\u0119 zapisa\u0107 si\u0119 na egzamin adwokacki lub radcowski?<\/strong> <p class=\"schema-faq-answer\"><br\/><strong>Dla aplikant\u00f3w radcowskich:<\/strong><br\/>Zgodnie z art. 36<sup>2<\/sup> ust. 2 ustawy o radcach prawnych, aplikanci radcowscy, kt\u00f3rzy uko\u0144czyli aplikacj\u0119 radcowsk\u0105, powinni z\u0142o\u017cy\u0107 wniosek o dopuszczenie do egzaminu radcowskiego do komisji egzaminacyjnej na obszarze w\u0142a\u015bciwo\u015bci rady okr\u0119gowej izby radc\u00f3w prawnych, w kt\u00f3rej odbyli swoj\u0105 aplikacj\u0119. Dla os\u00f3b, kt\u00f3re s\u0105 uprawnione do przyst\u0105pienia do egzaminu bez konieczno\u015bci odbycia aplikacji radcowskiej, wniosek nale\u017cy z\u0142o\u017cy\u0107 do komisji egzaminacyjnej na obszarze w\u0142a\u015bciwo\u015bci rady okr\u0119gowej izby radc\u00f3w prawnych w\u0142a\u015bciwej ze wzgl\u0119du na ich miejsce zamieszkania, a w przypadku braku miejsca zamieszkania na terytorium Rzeczypospolitej Polskiej do wybranej komisji egzaminacyjnej.<br\/><br\/><strong>Dla aplikant\u00f3w adwokackich:<\/strong><br\/>Podobnie, na podstawie art. 78a ust. 2 ustawy \u2013 Prawo o adwokaturze, aplikanci adwokaccy sk\u0142adaj\u0105 wniosek o dopuszczenie do egzaminu adwokackiego do komisji egzaminacyjnej na obszarze w\u0142a\u015bciwo\u015bci okr\u0119gowej rady adwokackiej, w kt\u00f3rej odbyli aplikacj\u0119 adwokack\u0105. Osoby, kt\u00f3re maj\u0105 prawo przyst\u0105pi\u0107 do egzaminu adwokackiego bez odbycia aplikacji, powinny z\u0142o\u017cy\u0107 wniosek do komisji egzaminacyjnej na obszarze w\u0142a\u015bciwo\u015bci okr\u0119gowej rady adwokackiej w\u0142a\u015bciwej ze wzgl\u0119du na ich miejsce zamieszkania, a w przypadku braku miejsca zamieszkania na terytorium Rzeczypospolitej Polskiej do wybranej komisji egzaminacyjnej.<\/p> <\/div> <div class=\"schema-faq-section\" id=\"faq-question-1713186371408\"><strong class=\"schema-faq-question\">Jakie dokumenty s\u0105 potrzebne do z\u0142o\u017cenia wniosku o dopuszczenie do egzaminu?<\/strong> <p class=\"schema-faq-answer\">Do wniosku o dopuszczenie do egzaminu adwokackiego lub radcowskiego nale\u017cy do\u0142\u0105czy\u0107 szereg dokument\u00f3w potwierdzaj\u0105cych spe\u0142nienie wymog\u00f3w kwalifikacyjnych. Dla aplikant\u00f3w s\u0105 to: za\u015bwiadczenie o odbyciu aplikacji oraz orygina\u0142 dowodu uiszczenia op\u0142aty za egzamin. Z kolei osoby uprawnione do przyst\u0105pienia do egzaminy adwokackiego oraz radcowskiego bez odbycie aplikacji do\u0142\u0105czaj\u0105 do wniosku:<\/p><ul><li>kwestionariusz osobowy,<\/li><li>\u017cyciorys,<\/li><li>dokument za\u015bwiadczaj\u0105cy uzyskanie stopnia naukowego doktora nauk prawnych,<\/li><li>orygina\u0142 dowodu uiszczenia op\u0142aty za egzamin,<\/li><li>3 zdj\u0119cia zgodnie z wymaganiami obowi\u0105zuj\u0105cymi przy wydawaniu dowod\u00f3w osobistych,<\/li><li>kopi\u0119 dokumentu potwierdzaj\u0105cego uko\u0144czenie wy\u017cszych studi\u00f3w prawniczych w Rzeczypospolitej Polskiej i uzyskanie tytu\u0142u magistra lub zagranicznych studi\u00f3w prawniczych uznanych w Rzeczypospolitej Polskiej,<\/li><li>dokumenty za\u015bwiadczaj\u0105ce o zatrudnieniu na stanowiskach zwi\u0105zanych ze stosowaniem prawa w tym m.in. wymagaj\u0105cych wiedzy prawniczej do dokonywania czynno\u015bci bezpo\u015brednio zwi\u0105zanych ze \u015bwiadczeniem pomocy prawnej. Szczeg\u00f3\u0142owe informacje znajduj\u0105 si\u0119 w ustawie o radcach prawnych art. 36<sup>2<\/sup> ust. 4 punkty 5-7 oraz prawie o adwokaturze art. 78a ust. 4 punkty 5-7.<\/li><li>dokument za\u015bwiadczaj\u0105cy uzyskanie pozytywnego wyniku z egzaminu s\u0119dziowskiego, prokuratorskiego, notarialnego lub komorniczego,<\/li><li>dokumenty potwierdzaj\u0105ce zatrudnienie na stanowisku radcy Prokuratorii Generalnej Rzeczypospolitej Polskiej.<\/li><\/ul> <\/div> <\/div>\n\n\n\n<figure class=\"wp-block-image alignwide size-full is-style-default bordersd\"><a href=\"https:\/\/www.profinfo.pl\/sklep\/kodeks-postepowania-karnego-komentarz,517698.html?utm_source=blog&amp;utm_medium=baner&amp;utm_campaign=FAQ+Egzamin+adwokacki+i+radcowski+w+2024+roku.+Terminy%2C+op%C5%82aty%2C+zapisy+i+wnioski&amp;utm_content=Kodeks+post%C4%99powania+karnego.+Komentarz.+Tom+1+i+2\"><img decoding=\"async\" width=\"814\" height=\"245\" src=\"https:\/\/www.profinfo.pl\/blog\/wp-content\/uploads\/2024\/04\/kodeks-postepowania-karnego-komentarz-tom-1-i-2.png\" alt=\"Kodeks post\u0119powania karnego. Komentarz. Tom 1 i 2\" class=\"wp-image-3269\" title=\"\"><\/a><figcaption class=\"wp-element-caption\">&#8222;<a href=\"https:\/\/www.profinfo.pl\/sklep\/kodeks-postepowania-karnego-komentarz,517698.html?utm_source=blog&amp;utm_medium=link&amp;utm_campaign=FAQ+Egzamin+adwokacki+i+radcowski+w+2024+roku.+Terminy%2C+op%C5%82aty%2C+zapisy+i+wnioski&amp;utm_content=Kodeks+post%C4%99powania+karnego.+Komentarz.+Tom+1+i+2\">Kodeks post\u0119powania karnego. Komentarz. Tom 1 i 2<\/a>&#8221; pod redakcj\u0105 Dariusza \u015awieckiego<\/figcaption><\/figure>\n\n\n<div id=\"rank-math-faq\" class=\"rank-math-block\">\n<div class=\"rank-math-list \">\n<div id=\"faq-question-693bcb68124e7\" class=\"rank-math-list-item\">\n<h3 class=\"rank-math-question \">Jakie s\u0105 udogodnienia dla os\u00f3b niepe\u0142nosprawnych przyst\u0119puj\u0105cych do egzaminu adwokackiego lub radcowskiego?<\/h3>\n<div class=\"rank-math-answer \">\n\n<p>Osoby niepe\u0142nosprawne przyst\u0119puj\u0105ce do egzaminu adwokackiego lub radcowskiego mog\u0105 liczy\u0107 na szereg udogodnie\u0144 maj\u0105cych na celu wyr\u00f3wnanie szans podczas egzaminu. Zgodnie z Rozporz\u0105dzeniem Ministra Sprawiedliwo\u015bci z dnia 17 grudnia 2013 r. w sprawie przeprowadzania egzaminu adwokackiego (t.j. Dz. U. z 2016 r. poz. 112 z p\u00f3\u017an. zm.) oraz Rozporz\u0105dzeniem Ministra Sprawiedliwo\u015bci z dnia 17 grudnia 2013 r. w sprawie przeprowadzania egzaminu radcowskiego (t.j. Dz. U. z 2016 r. poz. 116 z p\u00f3\u017an. zm.) czas trwania ka\u017cdej cz\u0119\u015bci egzaminu dla osoby niepe\u0142nosprawnej zostaje wyd\u0142u\u017cony o po\u0142ow\u0119. Aby skorzysta\u0107 z tego udogodnienia, kandydat musi z\u0142o\u017cy\u0107 wraz z wnioskiem o dopuszczenie do egzaminu kopi\u0119 orzeczenia potwierdzaj\u0105cego niepe\u0142nosprawno\u015b\u0107 oraz za\u015bwiadczenie lekarskie stwierdzaj\u0105ce trudno\u015bci wynikaj\u0105ce z niepe\u0142nosprawno\u015bci w wykonywaniu czynno\u015bci technicznych, takich jak odczytywanie tekstu, zapisywanie rozwi\u0105za\u0144 zada\u0144, czy obs\u0142uga sprz\u0119tu komputerowego. Dodatkowo wymagane jest z\u0142o\u017cenie o\u015bwiadczenia o wyra\u017ceniu zgody na przetwarzanie danych osobowych zwi\u0105zanych z niepe\u0142nosprawno\u015bci\u0105.<\/p>\n\n<\/div>\n<\/div>\n<div id=\"faq-question-693bcb68124e8\" class=\"rank-math-list-item\">\n<h3 class=\"rank-math-question \">Jakie prawa przys\u0142uguj\u0105 matkom karmi\u0105cym podczas egzaminu adwokackiego?<\/h3>\n<div class=\"rank-math-answer \">\n\n<p>Matki karmi\u0105ce, przyst\u0119puj\u0105ce do egzaminu adwokackiego, maj\u0105 prawo do dodatkowych przerw na karmienie dziecka. Zdaj\u0105ca karmi\u0105ca jedno dziecko ma prawo do dw\u00f3ch p\u00f3\u0142godzinnych przerw ka\u017cdego dnia egzaminu. W przypadku karmienia wi\u0119cej ni\u017c jednego dziecka, przerwy te wyd\u0142u\u017caj\u0105 si\u0119 do 45 minut ka\u017cda. Przerwy na karmienie mog\u0105 by\u0107 udzielane \u0142\u0105cznie, na wniosek zdaj\u0105cej i nie s\u0105 wliczane do czasu trwania egzaminu. Aby skorzysta\u0107 z tego uprawnienia, kandydatka musi z\u0142o\u017cy\u0107 wraz z wnioskiem o dopuszczenie do egzaminu dodatkowy wniosek o przyznanie przerw na karmienie oraz pisemne o\u015bwiadczenie o karmieniu dziecka piersi\u0105. W przypadku, gdy por\u00f3d nast\u0105pi po z\u0142o\u017ceniu wniosku o dopuszczenie do egzaminu, matka karmi\u0105ca mo\u017ce z\u0142o\u017cy\u0107 wniosek, wraz z o\u015bwiadczeniem o karmieniu, o przerwy na karmienie najp\u00f3\u017aniej trzy dni przed rozpocz\u0119ciem egzaminu, aby m\u00f3c skorzysta\u0107 z przys\u0142uguj\u0105cego jej prawa.<\/p>\n\n<\/div>\n<\/div>\n<div id=\"faq-question-693bcb68124e9\" class=\"rank-math-list-item\">\n<h3 class=\"rank-math-question \">Jakie materia\u0142y i zasoby najlepiej wykorzysta\u0107 do przygotowa\u0144?<\/h3>\n<div class=\"rank-math-answer \">\n\n<p>Przygotowanie do egzaminu adwokackiego i radcowskiego wymaga gruntownej znajomo\u015bci prawa oraz umiej\u0119tno\u015bci praktycznego jego stosowania. Kandydaci powinni skupi\u0107 si\u0119 na aktualnych aktach prawnych, orzecznictwie oraz literaturze. Praktyczne \u0107wiczenia rozwi\u0105zywania zada\u0144 egzaminacyjnych czy analiza przypadk\u00f3w prawnych r\u00f3wnie\u017c b\u0119d\u0105 nieocenion\u0105 pomoc\u0105 w efektywnym przygotowaniu. W\u015br\u00f3d licznych dost\u0119pnych na rynku ksi\u0105\u017cek warto sprawdzi\u0107 bogat\u0105 ofert\u0119 ksi\u0119garni internetowej profinfo.pl. Znajdziesz tam mn\u00f3stwo przydatnych publikacji dost\u0119pnych np. w formie ebooka, dzi\u0119ki czemu b\u0119dziesz m\u00f3g\u0142 po nie si\u0119gn\u0105\u0107 o dowolnej porze i w ka\u017cdym miejscu bez konieczno\u015bci noszenia, cz\u0119sto ci\u0119\u017ckich ksi\u0105\u017cek. <\/p>\n\n<\/div>\n<\/div>\n<\/div>\n<\/div>","protected":false},"excerpt":{"rendered":"<p>Rok 2024 przynosi kolejn\u0105 szans\u0119 dla prawnik\u00f3w aspiruj\u0105cych do uzyskania uprawnie\u0144 adwokackich lub radcowskich, aby zrealizowa\u0107 swoje zawodowe cele i marzenia. Egzaminy adwokacki i radcowski stanowi\u0105 kluczowy etap w karierze ka\u017cdego prawnika, otwieraj\u0105c drzwi do \u015bwiata profesjonalnej praktyki prawniczej. To w\u0142a\u015bnie te egzaminy weryfikuj\u0105 wiedz\u0119, umiej\u0119tno\u015bci oraz gotowo\u015b\u0107 kandydat\u00f3w do reprezentowania klient\u00f3w przed s\u0105dami i &hellip; <\/p>\n<p><a href=\"https:\/\/www.profinfo.pl\/blog\/faq-egzamin-adwokacki-i-radcowski-terminy-oplaty-zapisy-i-wnioski\/\" class=\"more-link\">Czytaj wi\u0119cej<span class=\"screen-reader-text\"> &#8222;FAQ Egzamin adwokacki i radcowski w 2024 roku. Terminy, op\u0142aty, zapisy i wnioski&#8221;<\/span><\/a><\/p>\n","protected":false},"author":1,"featured_media":3266,"comment_status":"open","ping_status":"open","sticky":false,"template":"","format":"standard","meta":{"footnotes":""},"categories":[71],"tags":[],"class_list":["post-3263","post","type-post","status-publish","format-standard","has-post-thumbnail","hentry","category-porady"],"_links":{"self":[{"href":"https:\/\/www.profinfo.pl\/blog\/wp-json\/wp\/v2\/posts\/3263","targetHints":{"allow":["GET"]}}],"collection":[{"href":"https:\/\/www.profinfo.pl\/blog\/wp-json\/wp\/v2\/posts"}],"about":[{"href":"https:\/\/www.profinfo.pl\/blog\/wp-json\/wp\/v2\/types\/post"}],"author":[{"embeddable":true,"href":"https:\/\/www.profinfo.pl\/blog\/wp-json\/wp\/v2\/users\/1"}],"replies":[{"embeddable":true,"href":"https:\/\/www.profinfo.pl\/blog\/wp-json\/wp\/v2\/comments?post=3263"}],"version-history":[{"count":11,"href":"https:\/\/www.profinfo.pl\/blog\/wp-json\/wp\/v2\/posts\/3263\/revisions"}],"predecessor-version":[{"id":4256,"href":"https:\/\/www.profinfo.pl\/blog\/wp-json\/wp\/v2\/posts\/3263\/revisions\/4256"}],"wp:featuredmedia":[{"embeddable":true,"href":"https:\/\/www.profinfo.pl\/blog\/wp-json\/wp\/v2\/media\/3266"}],"wp:attachment":[{"href":"https:\/\/www.profinfo.pl\/blog\/wp-json\/wp\/v2\/media?parent=3263"}],"wp:term":[{"taxonomy":"category","embeddable":true,"href":"https:\/\/www.profinfo.pl\/blog\/wp-json\/wp\/v2\/categories?post=3263"},{"taxonomy":"post_tag","embeddable":true,"href":"https:\/\/www.profinfo.pl\/blog\/wp-json\/wp\/v2\/tags?post=3263"}],"curies":[{"name":"wp","href":"https:\/\/api.w.org\/{rel}","templated":true}]}}