{"id":3512,"date":"2024-08-21T13:25:07","date_gmt":"2024-08-21T11:25:07","guid":{"rendered":"https:\/\/www.profinfo.pl\/blog\/?p=3512"},"modified":"2024-09-10T13:44:15","modified_gmt":"2024-09-10T11:44:15","slug":"urlop-bezplatny-podstawa-prawna-zasady-udzielania-i-wykorzystywania","status":"publish","type":"post","link":"https:\/\/www.profinfo.pl\/blog\/urlop-bezplatny-podstawa-prawna-zasady-udzielania-i-wykorzystywania\/","title":{"rendered":"Urlop bezp\u0142atny. Podstawa prawna, zasady udzielania i wykorzystywania"},"content":{"rendered":"\n<p>Urlop bezp\u0142atny to jedno z rozwi\u0105za\u0144 umo\u017cliwiaj\u0105cych pracownikowi przerw\u0119 od obowi\u0105zk\u00f3w zawodowych nie przerywaj\u0105c formalnie stosunku pracy. Mo\u017ce by\u0107 on wykorzystywany w r\u00f3\u017cnych sytuacjach \u017cyciowych \u2013 od ch\u0119ci dalszego kszta\u0142cenia si\u0119, przez potrzeb\u0119 opieki nad bliskimi, a\u017c po konieczno\u015b\u0107 za\u0142atwienia spraw osobistych wymagaj\u0105cych d\u0142u\u017cszego czasu wolnego. Cho\u0107 urlop bezp\u0142atny daje pracownikowi czasow\u0105 wolno\u015b\u0107 od pracy, niesie ze sob\u0105 r\u00f3wnie\u017c pewne konsekwencje wymagaj\u0105ce szczeg\u00f3lnego rozwa\u017cenia. Decyzja o skorzystaniu z takiej przerwy nie jest bowiem pozbawiona skutk\u00f3w, zar\u00f3wno dla samego pracownika, jak i dla jego relacji z pracodawc\u0105, dlatego warto dowiedzie\u0107 si\u0119 wi\u0119cej na temat urlopu bezp\u0142atnego.<\/p>\n\n\n\n<!--more-->\n\n\n\n<h2 class=\"wp-block-heading\"><span class=\"ez-toc-section\" id=\"Co-o-urlopie-bezplatnym-mowi-Kodeks-Pracy\"><\/span>Co o urlopie bezp\u0142atnym m\u00f3wi Kodeks Pracy?<span class=\"ez-toc-section-end\"><\/span><\/h2>\n\n\n\n<p>Kodeks pracy, jako podstawowy akt prawny reguluj\u0105cy stosunki pracy w Polsce, zawiera przepisy dotycz\u0105ce r\u00f3\u017cnych form urlop\u00f3w, w tym r\u00f3wnie\u017c urlopu bezp\u0142atnego. Kluczowym przepisem jest tutaj art. 174 <a href=\"https:\/\/www.profinfo.pl\/kodeks-pracy-kp?utm_source=blog&amp;utm_medium=link&amp;utm_campaign=Urlop+bezp%C5%82atny.+Podstawa+prawna%2C+zasady+udzielania+i+wykorzystywania&amp;utm_content=Kodeksu+pracy\">Kodeksu pracy<\/a>, gdzie \u00a7 1. stanowi, \u017ce urlop bezp\u0142atny mo\u017ce by\u0107 udzielony wy\u0142\u0105cznie na pisemny wniosek pracownika. Nale\u017cy jednak zaznaczy\u0107, \u017ce mo\u017cliwo\u015b\u0107 udzielenia urlopu bezp\u0142atnego na wniosek pracownika nie wymaga szczeg\u00f3lnej regulacji ustawowej, poniewa\u017c wynika z autonomii woli stron. Pracodawca i pracownik mog\u0105 w drodze porozumienia czasowo zawiesi\u0107 obowi\u0105zki wynikaj\u0105ce z umowy o prac\u0119, co oznacza, \u017ce urlop bezp\u0142atny mo\u017ce by\u0107 r\u00f3wnie\u017c udzielony na wniosek <a href=\"https:\/\/www.profinfo.pl\/hasla-lex\/pracodawca,3223.html?utm_source=blog&amp;utm_medium=link&amp;utm_campaign=Urlop+bezp%C5%82atny.+Podstawa+prawna%2C+zasady+udzielania+i+wykorzystywania&amp;utm_content=pracodawcy\">pracodawcy<\/a>, pod warunkiem, \u017ce pracownik wyrazi na to zgod\u0119 na pi\u015bmie.<\/p>\n\n\n\n<figure class=\"wp-block-image alignwide size-full bordersd\"><a href=\"https:\/\/www.profinfo.pl\/sklep\/meritum-prawo-pracy-2024,504927.html?utm_source=blog&amp;utm_medium=baner&amp;utm_campaign=Urlop+bezp%C5%82atny.+Podstawa+prawna%2C+zasady+udzielania+i+wykorzystywania&amp;utm_content=Meritum+Prawo+Pracy+2024\"><img decoding=\"async\" width=\"813\" height=\"221\" src=\"https:\/\/www.profinfo.pl\/blog\/wp-content\/uploads\/2024\/08\/meritum-prawo-pracy-2024.png\" alt=\"Meritum Prawo Pracy 2024\" class=\"wp-image-3514\" title=\"\"><\/a><figcaption class=\"wp-element-caption\">Sprawd\u017a &#8222;<a href=\"https:\/\/www.profinfo.pl\/sklep\/meritum-prawo-pracy-2024,504927.html?utm_source=blog&amp;utm_medium=link&amp;utm_campaign=Urlop+bezp%C5%82atny.+Podstawa+prawna%2C+zasady+udzielania+i+wykorzystywania&amp;utm_content=Meritum+Prawo+Pracy+2024\">Meritum Prawo Pracy 2024<\/a>&#8221; pod  redakcj\u0105 Kazimierza Ja\u015bkowskiego<\/figcaption><\/figure>\n\n\n\n<p>Kodeks pracy nie precyzuje jednak, w jakich konkretnych sytuacjach pracownik mo\u017ce skorzysta\u0107 z urlopu bezp\u0142atnego. Tym samym, w praktyce, mo\u017ce by\u0107 on wykorzystywany w bardzo r\u00f3\u017cnych okoliczno\u015bciach, np. w celu opieki nad blisk\u0105 osob\u0105, podj\u0119cia dalszego kszta\u0142cenia, czy po prostu w przypadku, gdy pracownik potrzebuje d\u0142u\u017cszej przerwy od pracy. Obowi\u0105zek udzielenia urlopu bezp\u0142atnego przewiduje art. 205 \u00a7 4 (m\u0142odociani) oraz liczne przepisy szczeg\u00f3lne dotycz\u0105ce np.: pos\u0142\u00f3w, senator\u00f3w, pracownik\u00f3w powo\u0142anych do odbycia \u0107wicze\u0144 wojskowych lub skierowanych do pracy za granic\u0105.<\/p>\n\n\n\n<p>Dodatkowo art. 174<sup>1<\/sup> Kodeksu pracy umo\u017cliwia udzielenie <a href=\"https:\/\/www.profinfo.pl\/hasla-lex\/urlop-bezplatny-na-czas-pracy-u-innego-pracodawcy,5061.html?utm_source=blog&amp;utm_medium=link&amp;utm_campaign=Urlop+bezp%C5%82atny.+Podstawa+prawna%2C+zasady+udzielania+i+wykorzystywania&amp;utm_content=urlopu+bezp%C5%82atnego+w+celu+wykonywania+pracy+u+innego+pracodawcy\">urlopu bezp\u0142atnego w celu wykonywania pracy u innego pracodawcy<\/a>. W takim przypadku okres urlopu wlicza si\u0119 do sta\u017cu pracy, od kt\u00f3rego zale\u017c\u0105 uprawnienia pracownicze u dotychczasowego pracodawcy. Przyk\u0142adem mo\u017ce by\u0107 sytuacja, w kt\u00f3rej in\u017cynier w zak\u0142adzie produkcyjnym, z powodu chwilowego braku zam\u00f3wie\u0144, zostaje tymczasowo \u201ewynaj\u0119ty\u201d do innej, zaprzyja\u017anionej firmy. Pracodawca udziela mu urlopu bezp\u0142atnego na sze\u015b\u0107 miesi\u0119cy, umo\u017cliwiaj\u0105c prac\u0119 w innym przedsi\u0119biorstwie, ale jednocze\u015bnie zapewnia, \u017ce okres ten b\u0119dzie wliczony do sta\u017cu pracy w macierzystej firmie, pozwalaj\u0105c in\u017cynierowi wr\u00f3ci\u0107 do poprzedniego stanowiska bez utraty uprawnie\u0144.<\/p>\n\n\n\n<h2 class=\"wp-block-heading\"><span class=\"ez-toc-section\" id=\"Na-jakich-zasadach-pracodawca-udziela-zgode-na-urlop-bezplatny-i-czy-moze-go-nie-udzielic\"><\/span>Na jakich zasadach pracodawca udziela zgod\u0119 na urlop bezp\u0142atny i czy mo\u017ce go nie udzieli\u0107?<span class=\"ez-toc-section-end\"><\/span><\/h2>\n\n\n\n<p>Decyzja o udzieleniu urlopu bezp\u0142atnego zawsze le\u017cy po stronie pracodawcy. Chocia\u017c pracownik ma prawo wnioskowa\u0107 o taki urlop, pracodawca nie jest zobligowany do jego udzielenia. Pracodawca ma prawo odm\u00f3wi\u0107, je\u015bli uzna, \u017ce nieobecno\u015b\u0107 pracownika negatywnie wp\u0142ynie na funkcjonowanie firmy, szczeg\u00f3lnie je\u015bli pe\u0142ni on wa\u017cn\u0105 funkcj\u0119 w przedsi\u0119biorstwie.<\/p>\n\n\n\n<p>Zgodnie z Kodeksem pracy, wniosek o urlop bezp\u0142atny musi by\u0107 z\u0142o\u017cony na pi\u015bmie i zawiera\u0107 jasno okre\u015blony termin jego rozpocz\u0119cia i zako\u0144czenia. Nie ma obowi\u0105zku podawania przyczyny, dla kt\u00f3rej pracownik ubiega si\u0119 o taki urlop, cho\u0107 jej przedstawienie mo\u017ce pom\u00f3c w podj\u0119ciu decyzji przez pracodawc\u0119. Prawo nie przewiduje jednak automatycznego udzielenia urlopu bezp\u0142atnego, co oznacza, \u017ce pracodawca mo\u017ce odm\u00f3wi\u0107 bez podania przyczyny.<\/p>\n\n\n\n<p>Ponadto, zgodnie z Kodeksem pracy art. 174 \u00a7 3. <em>Przy udzielaniu urlopu bezp\u0142atnego, d\u0142u\u017cszego ni\u017c 3 miesi\u0105ce, strony mog\u0105 przewidzie\u0107 dopuszczalno\u015b\u0107 odwo\u0142ania pracownika z urlopu z wa\u017cnych przyczyn.<\/em><\/p>\n\n\n\n<h2 class=\"wp-block-heading\"><span class=\"ez-toc-section\" id=\"Na-jak-dlugo-mozna-wziac-urlop-bezplatny\"><\/span>Na jak d\u0142ugo mo\u017cna wzi\u0105\u0107 urlop bezp\u0142atny?<span class=\"ez-toc-section-end\"><\/span><\/h2>\n\n\n\n<p>Kodeks pracy nie narzuca limitu czasu, na jaki mo\u017ce zosta\u0107 udzielony urlop bezp\u0142atny. W praktyce oznacza to, \u017ce mo\u017ce on trwa\u0107 od kilku dni, przez miesi\u0105ce, a\u017c po lata, w zale\u017cno\u015bci od uzgodnie\u0144 mi\u0119dzy pracownikiem a pracodawc\u0105. D\u0142ugo\u015b\u0107 zale\u017cy przede wszystkim od indywidualnych potrzeb <a href=\"https:\/\/www.profinfo.pl\/hasla-lex\/pracownik,3235.html?utm_source=blog&amp;utm_medium=link&amp;utm_campaign=Urlop+bezp%C5%82atny.+Podstawa+prawna%2C+zasady+udzielania+i+wykorzystywania&amp;utm_content=pracownika\">pracownika<\/a> oraz mo\u017cliwo\u015bci organizacyjnych pracodawcy.<\/p>\n\n\n\n<figure class=\"wp-block-image alignwide size-full bordersd\"><a href=\"https:\/\/www.profinfo.pl\/sklep\/kodeks-pracy-wynagrodzenia-urlopy-i-czas-pracy-ochrona-zatrudnienia-i-swiadectwa-pracy-organizacje-pracodawcow-zwiazki-zawodowe-i-spory-zbiorowe,585760.html?utm_source=blog&amp;utm_medium=baner&amp;utm_campaign=Urlop+bezp%C5%82atny.+Podstawa+prawna%2C+zasady+udzielania+i+wykorzystywania&amp;utm_content=Kodeks+pracy.+Wynagrodzenia%2C+urlopy+i+czas+pracy\"><img decoding=\"async\" width=\"825\" height=\"323\" src=\"https:\/\/www.profinfo.pl\/blog\/wp-content\/uploads\/2024\/08\/kodeks-pracy.png\" alt=\"Kodeks pracy. Wynagrodzenia, urlopy i czas pracy. Ochrona zatrudnienia i \u015bwiadectwa pracy. Organizacje pracodawc\u00f3w, zwi\u0105zki zawodowe i spory zbiorowe. Pa\u0144stwowa Inspekcja Pracy. Bezpiecze\u0144stwo i higiena pracy, wypadki przy pracy, choroby zawodowe. Koszty s\u0105dowe i s\u0105downictwo pracy. Prawo pracy. Zbi\u00f3r przepis\u00f3w\" class=\"wp-image-3515\" title=\"\"><\/a><figcaption class=\"wp-element-caption\">&#8222;<a href=\"https:\/\/www.profinfo.pl\/sklep\/kodeks-pracy-wynagrodzenia-urlopy-i-czas-pracy-ochrona-zatrudnienia-i-swiadectwa-pracy-organizacje-pracodawcow-zwiazki-zawodowe-i-spory-zbiorowe,585760.html?utm_source=blog&amp;utm_medium=link&amp;utm_campaign=Urlop+bezp%C5%82atny.+Podstawa+prawna%2C+zasady+udzielania+i+wykorzystywania&amp;utm_content=Kodeks+pracy.+Wynagrodzenia%2C+urlopy+i+czas+pracy\">Kodeks pracy<\/a>&#8221; &#8211; Stan prawny: 10 sierpnia 2024 r.<\/figcaption><\/figure>\n\n\n\n<h2 class=\"wp-block-heading\"><span class=\"ez-toc-section\" id=\"Urlop-bezplatny-a-konsekwencje-dla-pracownika\"><\/span>Urlop bezp\u0142atny a konsekwencje dla pracownika<span class=\"ez-toc-section-end\"><\/span><\/h2>\n\n\n\n<p>Urlop bezp\u0142atny, mimo \u017ce daje pracownikowi mo\u017cliwo\u015b\u0107 za\u0142atwienia spraw osobistych lub odpoczynku, wi\u0105\u017ce si\u0119 z konsekwencjami finansowymi i prawnymi, kt\u00f3re nale\u017cy dok\u0142adnie przeanalizowa\u0107 przed podj\u0119ciem decyzji o jego wzi\u0119ciu, a s\u0105 to:<\/p>\n\n\n\n<ul class=\"wp-block-list\">\n<li><strong>Brak wynagrodzenia<\/strong><\/li>\n<\/ul>\n\n\n\n<p>Pracownik przebywaj\u0105cy na urlopie bezp\u0142atnym nie otrzymuje <a href=\"https:\/\/www.profinfo.pl\/hasla-lex\/wynagrodzenia,5549.html?utm_source=blog&amp;utm_medium=link&amp;utm_campaign=Urlop+bezp%C5%82atny.+Podstawa+prawna%2C+zasady+udzielania+i+wykorzystywania&amp;utm_content=wynagrodzenia\">wynagrodzenia<\/a>. Oznacza to, \u017ce w okresie trwania urlopu pracownik nie ma \u017cadnych dochod\u00f3w zwi\u0105zanych z wykonywan\u0105 prac\u0105, co mo\u017ce stanowi\u0107 istotne obci\u0105\u017cenie finansowe, zw\u0142aszcza je\u015bli urlop trwa d\u0142u\u017cej ni\u017c kilka dni.<\/p>\n\n\n\n<ul class=\"wp-block-list\">\n<li><strong>Utrata prawa do \u015bwiadcze\u0144 zdrowotnych po 30 dniach<\/strong><\/li>\n<\/ul>\n\n\n\n<p>D\u0142u\u017cszy urlop bezp\u0142atny wi\u0105\u017ce si\u0119 z utrat\u0105 prawa do \u015bwiadcze\u0144 z <a href=\"https:\/\/www.profinfo.pl\/hasla-lex\/ubezpieczenie-zdrowotne,4845.html?utm_source=blog&amp;utm_medium=link&amp;utm_campaign=Urlop+bezp%C5%82atny.+Podstawa+prawna%2C+zasady+udzielania+i+wykorzystywania&amp;utm_content=ubezpieczenia+zdrowotnego\">ubezpieczenia zdrowotnego<\/a>. Zgodnie z \u00a73 Art. 69 Ustawy z dnia 27 sierpnia 2004 r. o \u015bwiadczeniach opieki zdrowotnej finansowanych ze \u015brodk\u00f3w publicznych, <em>pracownik korzystaj\u0105cy z urlopu bezp\u0142atnego traci prawo do \u015bwiadcze\u0144 z ubezpieczenia zdrowotnego po up\u0142ywie 30 dni od dnia rozpocz\u0119cia urlopu<\/em>. Oznacza to, \u017ce po tym okresie pracownik nie b\u0119dzie mia\u0142 dost\u0119pu do opieki zdrowotnej finansowanej przez Narodowy Fundusz Zdrowia, chyba \u017ce zdecyduje si\u0119 na skorzystanie z dobrowolnego ubezpieczenia zdrowotnego, zgodnie z art. 68 ustawy z dnia 27 sierpnia 2004 r. o \u015bwiadczeniach opieki zdrowotnej finansowanych ze \u015brodk\u00f3w publicznych (t.j. Dz. U. z 2024 r. poz. 146).<\/p>\n\n\n\n<ul class=\"wp-block-list\">\n<li><strong>Brak zasi\u0142ku chorobowego<\/strong><\/li>\n<\/ul>\n\n\n\n<p>Zgodnie z art. 12 ust. 1 pkt 1 Ustawy z dnia 25 czerwca 1999 r. o \u015bwiadczeniach pieni\u0119\u017cnych z ubezpieczenia spo\u0142ecznego w razie choroby i macierzy\u0144stwa (t.j. Dz. U. z 2023 r. poz. 2780), <a href=\"https:\/\/www.profinfo.pl\/hasla-lex\/zasilek-chorobowy,5953.html?utm_source=blog&amp;utm_medium=link&amp;utm_campaign=Urlop+bezp%C5%82atny.+Podstawa+prawna%2C+zasady+udzielania+i+wykorzystywania&amp;utm_content=zasi%C5%82ek+chorobowy\">zasi\u0142ek chorobowy<\/a> nie przys\u0142uguje za okresy niezdolno\u015bci do pracy, kt\u00f3re przypadaj\u0105 w czasie urlopu bezp\u0142atnego.<\/p>\n\n\n\n<ul class=\"wp-block-list\">\n<li><strong>Okres urlopu bezp\u0142atnego nie wlicza si\u0119 do sta\u017cu pracy<\/strong><\/li>\n<\/ul>\n\n\n\n<p>Czas przebywania na urlopie bezp\u0142atnym co do zasady nie jest zaliczany do sta\u017cu pracy, od kt\u00f3rego zale\u017c\u0105 uprawnienia pracownicze, takie jak prawo do urlopu wypoczynkowego, d\u0142ugo\u015b\u0107 okresu wypowiedzenia czy prawo do emerytury. Oznacza to, \u017ce po powrocie do pracy pracownik b\u0119dzie mia\u0142 proporcjonalnie zmniejszony wymiar urlopu wypoczynkowego, a w jego sta\u017cu pracy pojawi si\u0119 luka. Wyj\u0105tkiem jest np. sytuacja przewidziana w art. 174<sup>1<\/sup> Kodeksu pracy, kiedy to za zgod\u0105 pracownika urlop bezp\u0142atny mo\u017ce zosta\u0107 udzielony w celu wykonywania pracy u innego pracodawcy, a okres tego urlopu wlicza si\u0119 do sta\u017cu pracy, od kt\u00f3rego zale\u017c\u0105 uprawnienia u dotychczasowego pracodawcy.<\/p>\n\n\n\n<h2 class=\"wp-block-heading\"><span class=\"ez-toc-section\" id=\"Chcesz-byc-zawsze-na-biezaco-Z-ksiegarnia-Profinfopl-to-mozliwe\"><\/span>Chcesz by\u0107 zawsze na bie\u017c\u0105co? Z ksi\u0119garni\u0105 Profinfo.pl to mo\u017cliwe<span class=\"ez-toc-section-end\"><\/span><\/h2>\n\n\n\n<p>Dla wszystkich wi\u0119c, kt\u00f3rzy chc\u0105c by\u0107 na bie\u017c\u0105co z najnowszymi przepisami dotycz\u0105cymi Kodeksu pracy, w tym szczeg\u00f3\u0142owymi regulacjami na temat urlopu bezp\u0142atnego, idealnym miejscem b\u0119dzie nasza ksi\u0119garnia. Jako wiod\u0105cy wydawca specjalistycznych publikacji prawniczych, ekonomicznych, biznesowych i akademickich oferujemy szeroki wyb\u00f3r literatury, kt\u00f3ra pomaga w codziennej pracy oraz rozwoju zawodowym.<\/p>\n","protected":false},"excerpt":{"rendered":"<p>Urlop bezp\u0142atny to jedno z rozwi\u0105za\u0144 umo\u017cliwiaj\u0105cych pracownikowi przerw\u0119 od obowi\u0105zk\u00f3w zawodowych nie przerywaj\u0105c formalnie stosunku pracy. Mo\u017ce by\u0107 on wykorzystywany w r\u00f3\u017cnych sytuacjach \u017cyciowych \u2013 od ch\u0119ci dalszego kszta\u0142cenia si\u0119, przez potrzeb\u0119 opieki nad bliskimi, a\u017c po konieczno\u015b\u0107 za\u0142atwienia spraw osobistych wymagaj\u0105cych d\u0142u\u017cszego czasu wolnego. Cho\u0107 urlop bezp\u0142atny daje pracownikowi czasow\u0105 wolno\u015b\u0107 od pracy, &hellip; <\/p>\n<p><a href=\"https:\/\/www.profinfo.pl\/blog\/urlop-bezplatny-podstawa-prawna-zasady-udzielania-i-wykorzystywania\/\" class=\"more-link\">Czytaj wi\u0119cej<span class=\"screen-reader-text\"> &#8222;Urlop bezp\u0142atny. Podstawa prawna, zasady udzielania i wykorzystywania&#8221;<\/span><\/a><\/p>\n","protected":false},"author":1,"featured_media":3518,"comment_status":"open","ping_status":"open","sticky":false,"template":"","format":"standard","meta":{"footnotes":""},"categories":[71],"tags":[113],"class_list":["post-3512","post","type-post","status-publish","format-standard","has-post-thumbnail","hentry","category-porady","tag-prawo-pracy-i-ubezpieczen-spolecznych"],"_links":{"self":[{"href":"https:\/\/www.profinfo.pl\/blog\/wp-json\/wp\/v2\/posts\/3512","targetHints":{"allow":["GET"]}}],"collection":[{"href":"https:\/\/www.profinfo.pl\/blog\/wp-json\/wp\/v2\/posts"}],"about":[{"href":"https:\/\/www.profinfo.pl\/blog\/wp-json\/wp\/v2\/types\/post"}],"author":[{"embeddable":true,"href":"https:\/\/www.profinfo.pl\/blog\/wp-json\/wp\/v2\/users\/1"}],"replies":[{"embeddable":true,"href":"https:\/\/www.profinfo.pl\/blog\/wp-json\/wp\/v2\/comments?post=3512"}],"version-history":[{"count":3,"href":"https:\/\/www.profinfo.pl\/blog\/wp-json\/wp\/v2\/posts\/3512\/revisions"}],"predecessor-version":[{"id":3517,"href":"https:\/\/www.profinfo.pl\/blog\/wp-json\/wp\/v2\/posts\/3512\/revisions\/3517"}],"wp:featuredmedia":[{"embeddable":true,"href":"https:\/\/www.profinfo.pl\/blog\/wp-json\/wp\/v2\/media\/3518"}],"wp:attachment":[{"href":"https:\/\/www.profinfo.pl\/blog\/wp-json\/wp\/v2\/media?parent=3512"}],"wp:term":[{"taxonomy":"category","embeddable":true,"href":"https:\/\/www.profinfo.pl\/blog\/wp-json\/wp\/v2\/categories?post=3512"},{"taxonomy":"post_tag","embeddable":true,"href":"https:\/\/www.profinfo.pl\/blog\/wp-json\/wp\/v2\/tags?post=3512"}],"curies":[{"name":"wp","href":"https:\/\/api.w.org\/{rel}","templated":true}]}}