{"id":3519,"date":"2024-09-11T13:00:19","date_gmt":"2024-09-11T11:00:19","guid":{"rendered":"https:\/\/www.profinfo.pl\/blog\/?p=3519"},"modified":"2025-12-12T08:59:33","modified_gmt":"2025-12-12T07:59:33","slug":"ustawa-o-ochronie-konkurencji-i-konsumentow-6-najczestszych-pytan-i-watpliwosci","status":"publish","type":"post","link":"https:\/\/www.profinfo.pl\/blog\/ustawa-o-ochronie-konkurencji-i-konsumentow-6-najczestszych-pytan-i-watpliwosci\/","title":{"rendered":"Ustawa o ochronie konkurencji i konsument\u00f3w \u2013 6 najcz\u0119stszych pyta\u0144 i w\u0105tpliwo\u015bci"},"content":{"rendered":"<div id=\"rank-math-faq\" class=\"rank-math-block\">\n<div class=\"rank-math-list \">\n<div id=\"faq-question-693bcb659a805\" class=\"rank-math-list-item\">\n<h3 class=\"rank-math-question \"><strong>Czy sp\u00f3\u0142ka matka mo\u017ce ponosi\u0107 odpowiedzialno\u015b\u0107 za naruszenie prawa konkurencji jakie dopu\u015bci\u0142a si\u0119 sp\u00f3\u0142ka od niej zale\u017cna (tzw. sp\u00f3\u0142ka c\u00f3rka)?<\/strong><\/h3>\n<div class=\"rank-math-answer \">\n\n<p>W nowym stanie prawnym przewidziano\u00a0 tak\u0105 mo\u017cliwo\u015b\u0107, maj\u0105c na celu jeszcze bardziej zniech\u0119ci\u0107 przedsi\u0119biorc\u00f3w do \u0142amania regu\u0142 antymonopolowych. Do przypisania wzmiankowanej odpowiedzialno\u015bci (oraz na\u0142o\u017cenia kary pieni\u0119\u017cnej) co do zasady wystarczy \u017ce Prezes UOKiK ustali, \u017ce sp\u00f3\u0142ka matka posiada co najmniej 90% udzia\u0142\u00f3w w kapitale sp\u00f3\u0142ki c\u00f3rki i tym samym wywiera na t\u0105 drug\u0105 decyduj\u0105cy wp\u0142yw.<\/p>\n\n<\/div>\n<\/div>\n<\/div>\n<\/div>\n\n\n<!--more-->\n\n\n\n<figure class=\"wp-block-image alignwide size-full bordersd\"><a href=\"https:\/\/www.profinfo.pl\/sklep\/ustawa-o-ochronie-konkurencji-i-konsumentow-komentarz,585193.html?utm_source=blog&amp;utm_medium=baner&amp;utm_campaign=Ustawa+o+ochronie+konkurencji+i+konsument%C3%B3w+%E2%80%93+6+najcz%C4%99stszych+pyta%C5%84+i+w%C4%85tpliwo%C5%9Bci&amp;utm_content=Ustawa+o+ochronie+konkurencji+i+konsument%C3%B3w.+Komentarz\"><img decoding=\"async\" width=\"818\" height=\"246\" src=\"https:\/\/www.profinfo.pl\/blog\/wp-content\/uploads\/2024\/09\/ustawa-o-ochronie-konkurencji-i-konsumentow-komentarz.png\" alt=\"Ustawa o ochronie konkurencji i konsument\u00f3w. Komentarz\" class=\"wp-image-3526\" title=\"\"><\/a><figcaption class=\"wp-element-caption\">Polecamy &#8222;<a href=\"https:\/\/www.profinfo.pl\/sklep\/ustawa-o-ochronie-konkurencji-i-konsumentow-komentarz,585193.html?utm_source=blog&amp;utm_medium=link&amp;utm_campaign=Ustawa+o+ochronie+konkurencji+i+konsument%C3%B3w+%E2%80%93+6+najcz%C4%99stszych+pyta%C5%84+i+w%C4%85tpliwo%C5%9Bci&amp;utm_content=Ustawa+o+ochronie+konkurencji+i+konsument%C3%B3w.+Komentarz\">Ustawa o ochronie konkurencji i konsument\u00f3w. Komentarz<\/a>&#8221; autorstwa Konrada Kohutek oraz Ma\u0142gorzaty Sieradzkiej<\/figcaption><\/figure>\n\n\n<div id=\"rank-math-faq\" class=\"rank-math-block\">\n<div class=\"rank-math-list \">\n<div id=\"faq-question-693bcb659a836\" class=\"rank-math-list-item\">\n<h3 class=\"rank-math-question \"><strong>Czy przedsi\u0119biorca ma prawo ochrony korespondencji z prawnikiem?<\/strong><\/h3>\n<div class=\"rank-math-answer \">\n\n<p>Obecnie obowi\u0105zuj\u0105ce przepisy przyznaj\u0105 przedsi\u0119biorcy uprawnienie do odmowy w trakcie kontroli wydania dokument\u00f3w zawieraj\u0105cych pisemn\u0105 komunikacj\u0119 mi\u0119dzy kontrolowanym a niezale\u017cnym od kontrolowanego prawnikiem wytworzon\u0105 w celu realizacji prawa kontrolowanego do uzyskania ochrony prawnej w zwi\u0105zku z przedmiotem post\u0119powania prowadzonego przez Prezesa UOKiK, w toku kt\u00f3rego jest przeprowadzana kontrola lub kt\u00f3re zosta\u0142y sporz\u0105dzone wy\u0142\u0105cznie w celu realizacji prawa kontrolowanego do uzyskania ochrony prawnej od tych os\u00f3b w zwi\u0105zku z przedmiotem post\u0119powania prowadzonego przez Prezesa UOKIK w toku kt\u00f3rego jest przeprowadzana kontrola.<\/p>\n\n<\/div>\n<\/div>\n<div id=\"faq-question-693bcb659a838\" class=\"rank-math-list-item\">\n<h3 class=\"rank-math-question \"><strong>Czy regu\u0142y sprzeda\u017cy internetowej sta\u0142y si\u0119 bardziej liberalne?<\/strong><\/h3>\n<div class=\"rank-math-answer \">\n\n<p>Nie ma w tym zakresie jednoznacznej odpowiedzi. Z jednej strony nowe rozwi\u0105zania pozwalaj\u0105 dostawcy zakaza\u0107 korzystania przez dystrybutora z platform handlowych (jak np. allegro, Amazon), z drugiej strony wyra\u017anie wyspecyfikowane zosta\u0142y konkretne zachowania ograniczaj\u0105ce online sales, kt\u00f3r\u0105 s\u0105 niedozwolone (jak np. zakaz korzystania przez dystrybutora z ca\u0142ego kana\u0142u reklamy internetowej, w tym zw\u0142aszcza z por\u00f3wnywarek cenowych lub z wyszukiwarek).<\/p>\n\n<\/div>\n<\/div>\n<div id=\"faq-question-693bcb659a839\" class=\"rank-math-list-item\">\n<h3 class=\"rank-math-question \"><strong>Czy Prezes UOKIK mo\u017ce wyst\u0105pi\u0107 do ka\u017cdego z \u017c\u0105daniem przekazania informacji i dokument\u00f3w?<\/strong><\/h3>\n<div class=\"rank-math-answer \">\n\n<p>Tak. \u017b\u0105danie mo\u017ce by\u0107 skierowane do ka\u017cdego, a zatem nie tylko do przedsi\u0119biorcy.<\/p>\n\n<\/div>\n<\/div>\n<div id=\"faq-question-693bcb659a83a\" class=\"rank-math-list-item\">\n<h3 class=\"rank-math-question \"><strong>Czy Prezes UOKiK ma obowi\u0105zek w spos\u00f3b szczeg\u00f3\u0142owy przedstawi\u0107 zarzuty przedsi\u0119biorcy wobec kt\u00f3rego wszczyna post\u0119powanie antymonopolowe?<\/strong><\/h3>\n<div class=\"rank-math-answer \">\n\n<p>W nowym stanie prawnym obowi\u0105zek taki jest ju\u017c niekwestionowany maj\u0105c wyra\u017an\u0105 podstaw\u0119 ustawow\u0105. Ma to na celu zwi\u0119kszy\u0107 skuteczno\u015b\u0107 przys\u0142uguj\u0105cego przedsi\u0119biorcy prawa do obrony.<\/p>\n\n<\/div>\n<\/div>\n<div id=\"faq-question-693bcb659a83b\" class=\"rank-math-list-item\">\n<h3 class=\"rank-math-question \"><strong>Czy przedsi\u0119biorca ma mo\u017cliwo\u015b\u0107 zaskar\u017cenia wydanej przez SOKIK zgody na przeszukanie?<\/strong><\/h3>\n<div class=\"rank-math-answer \">\n\n<p>W \u015bwietle nowych regulacji prawnych od zgody na przeszukanie wydanej przez s\u0105d przedsi\u0119biorca mo\u017ce wnie\u015b\u0107 odwo\u0142anie do s\u0105du.<\/p>\n\n<\/div>\n<\/div>\n<\/div>\n<\/div>\n\n\n<p><em>Od 2014 r. roku &#8211; w kt\u00f3rym opublikowane zosta\u0142o 2 wydanie komentarza do ustawy o ochronie konkurencji i konsument\u00f3w\u00a0 &#8211; dosz\u0142o do licznych zmian prawnych (w tym zw\u0142aszcza w drodze nowelizacji tej ustawy z 9.03.2023 r.). Wszystkie zosta\u0142y om\u00f3wione w najnowszym komentarzu <a href=\"https:\/\/www.profinfo.pl\/sklep\/ustawa-o-ochronie-konkurencji-i-konsumentow-komentarz,585193.html?utm_source=blog&amp;utm_medium=link&amp;utm_campaign=Ustawa+o+ochronie+konkurencji+i+konsument%C3%B3w+%E2%80%93+6+najcz%C4%99stszych+pyta%C5%84+i+w%C4%85tpliwo%C5%9Bci&amp;utm_content=https%3A%2F%2Fwww.profinfo.pl%2Fsklep%2Fustawa-o-ochronie-konkurencji-i-konsumentow-komentarz%2C585193.html\">https:\/\/www.profinfo.pl\/sklep\/ustawa-o-ochronie-konkurencji-i-konsumentow-komentarz,585193.html<\/a><\/em><\/p>\n\n\n\n<hr class=\"wp-block-separator has-alpha-channel-opacity\"\/>\n\n\n\n<div class=\"wp-block-media-text alignwide is-stacked-on-mobile is-vertically-aligned-top\" style=\"grid-template-columns:20% auto\"><figure class=\"wp-block-media-text__media\"><img decoding=\"async\" width=\"300\" height=\"375\" src=\"https:\/\/www.profinfo.pl\/blog\/wp-content\/uploads\/2024\/09\/korneluk-konrad.jpg\" alt=\"Konrad Kohutek\" class=\"wp-image-3521 size-full\" title=\"\"><\/figure><div class=\"wp-block-media-text__content\">\n<p class=\"has-small-font-size\"><strong>Konrad Kohutek<\/strong> \u2013 profesor nauk prawnych, profesor zwyczajny Krakowskiej Akademii im. Andrzeja Frycza Modrzewskiego, kierownik Katedry Publicznego Prawa\u00a0Konkurencji na Wydziale Prawa, Administracji i Stosunk\u00f3w Mi\u0119dzynarodowych tej uczelni; stypendysta Ministerstwa Nauki i Szkolnictwa Wy\u017cszego oraz Fundacji im. Alexandra von Humboldta; cz\u0142onek kolegium redakcyjnego internetowego Kwartalnika Antymonopolowego i Regulacyjnego; cz\u0142onek Stowarzyszenia Prawa Konkurencji. Jest autorem ponad 220 publikacji, w tym 5 monogra\ufb01i oraz kilkunastu komentarzy do ustaw krajowych i rozporz\u0105dze\u0144 unijnych \u2013 g\u0142\u00f3wnie z prawa konkurencji, ale tak\u017ce innych publicznoprawnych aspekt\u00f3w prawa gospodarczego (www.kohutek.pl).<\/p>\n<\/div><\/div>\n\n\n\n<div class=\"wp-block-media-text alignwide is-stacked-on-mobile is-vertically-aligned-top\" style=\"grid-template-columns:20% auto\"><figure class=\"wp-block-media-text__media\"><img decoding=\"async\" width=\"300\" height=\"451\" src=\"https:\/\/www.profinfo.pl\/blog\/wp-content\/uploads\/2024\/09\/sieradzka-malgorzata.jpg\" alt=\"Ma\u0142gorzata Sieradzka\" class=\"wp-image-3522 size-full\" title=\"\"><\/figure><div class=\"wp-block-media-text__content\">\n<p class=\"has-small-font-size\"><strong>Ma\u0142gorzata Sieradzka<\/strong> \u2013 doktor habilitowana nauk prawnych, profesor Uczelni \u0141azarskiego w Warszawie, kierownik Katedry Prawa Gospodarczego Publicznego, kierownik Instytutu Zam\u00f3wie\u0144 Publicznych oraz studi\u00f3w Podyplomowych Prawo Zam\u00f3wie\u0144 Publicznych na Wydziale Prawa i Administracji U\u0141a; wyk\u0142adowca w Krajowej Szkole S\u0105downictwa i Prokuratury; adwokat prowadz\u0105cy w\u0142asn\u0105 kancelari\u0119 adwokack\u0105, specjalizuj\u0105cy si\u0119 w prawie konkurencji, konsumenckim, zam\u00f3wie\u0144 publicznych oraz prawie budowlanym; cz\u0142onek Stowarzyszenia Prawa Konkurencji, cz\u0142onek CARS oraz Kolegium Redakcyjnego. Jest autork\u0105 ponad 250 publikacji, w tym 6 monografii naukowych, komentarzy, glos do orzecze\u0144 TSUE, S\u0105du Najwy\u017cszego, Krajowej Izby Odwo\u0142awczej oraz S\u0105du Ochrony Konkurencji i Konsument\u00f3w.<\/p>\n<\/div><\/div>\n\n\n\n<p><\/p>\n","protected":false},"excerpt":{"rendered":"","protected":false},"author":1,"featured_media":3524,"comment_status":"open","ping_status":"open","sticky":false,"template":"","format":"standard","meta":{"footnotes":""},"categories":[71],"tags":[112],"class_list":["post-3519","post","type-post","status-publish","format-standard","has-post-thumbnail","hentry","category-porady","tag-prawo-cywilne"],"_links":{"self":[{"href":"https:\/\/www.profinfo.pl\/blog\/wp-json\/wp\/v2\/posts\/3519","targetHints":{"allow":["GET"]}}],"collection":[{"href":"https:\/\/www.profinfo.pl\/blog\/wp-json\/wp\/v2\/posts"}],"about":[{"href":"https:\/\/www.profinfo.pl\/blog\/wp-json\/wp\/v2\/types\/post"}],"author":[{"embeddable":true,"href":"https:\/\/www.profinfo.pl\/blog\/wp-json\/wp\/v2\/users\/1"}],"replies":[{"embeddable":true,"href":"https:\/\/www.profinfo.pl\/blog\/wp-json\/wp\/v2\/comments?post=3519"}],"version-history":[{"count":7,"href":"https:\/\/www.profinfo.pl\/blog\/wp-json\/wp\/v2\/posts\/3519\/revisions"}],"predecessor-version":[{"id":4247,"href":"https:\/\/www.profinfo.pl\/blog\/wp-json\/wp\/v2\/posts\/3519\/revisions\/4247"}],"wp:featuredmedia":[{"embeddable":true,"href":"https:\/\/www.profinfo.pl\/blog\/wp-json\/wp\/v2\/media\/3524"}],"wp:attachment":[{"href":"https:\/\/www.profinfo.pl\/blog\/wp-json\/wp\/v2\/media?parent=3519"}],"wp:term":[{"taxonomy":"category","embeddable":true,"href":"https:\/\/www.profinfo.pl\/blog\/wp-json\/wp\/v2\/categories?post=3519"},{"taxonomy":"post_tag","embeddable":true,"href":"https:\/\/www.profinfo.pl\/blog\/wp-json\/wp\/v2\/tags?post=3519"}],"curies":[{"name":"wp","href":"https:\/\/api.w.org\/{rel}","templated":true}]}}