{"id":3573,"date":"2024-10-15T14:45:18","date_gmt":"2024-10-15T12:45:18","guid":{"rendered":"https:\/\/www.profinfo.pl\/blog\/?p=3573"},"modified":"2024-11-05T11:24:16","modified_gmt":"2024-11-05T10:24:16","slug":"co-uznaje-sie-za-wypadek-przy-pracy-co-i-kiedy-nalezy-zrobic-w-przypadku-takiego-wypadku","status":"publish","type":"post","link":"https:\/\/www.profinfo.pl\/blog\/co-uznaje-sie-za-wypadek-przy-pracy-co-i-kiedy-nalezy-zrobic-w-przypadku-takiego-wypadku\/","title":{"rendered":"Co uznaje si\u0119 za wypadek przy pracy? Co i kiedy nale\u017cy zrobi\u0107 w przypadku takiego wypadku?"},"content":{"rendered":"\n<p>Wypadki przy pracy mog\u0105 si\u0119 zdarzy\u0107 w ka\u017cdej bran\u017cy, niezale\u017cnie od rodzaju wykonywanej czynno\u015bci. Bez wzgl\u0119du na ich charakter wa\u017cna jest znajomo\u015b\u0107 przepis\u00f3w reguluj\u0105cych takie zdarzenia, poniewa\u017c pozwala zrozumie\u0107, jak post\u0119powa\u0107, aby chroni\u0107 swoje prawa i minimalizowa\u0107 konsekwencje zdarzenia. Kwestie te regulowane s\u0105 przez takie akty prawne jak:<\/p>\n\n\n\n<ul class=\"wp-block-list\">\n<li>ustawa z dnia 26 czerwca 1974 r. Kodeks pracy (Dz. U. z 2023 r. poz. 1465 z p\u00f3\u017an. zm.),<\/li>\n\n\n\n<li>ustawa z dnia 30 pa\u017adziernika 2002 r. o ubezpieczeniu spo\u0142ecznym z tytu\u0142u wypadk\u00f3w przy pracy i chor\u00f3b zawodowych (Dz. U. z 2022 r. poz. 2189 z p\u00f3\u017an. zm.),<\/li>\n\n\n\n<li>rozporz\u0105dzenie Rady Ministr\u00f3w z dnia 1 lipca 2009 r. w sprawie ustalania okoliczno\u015bci i przyczyn wypadk\u00f3w przy pracy (Dz. U. Nr 105, poz. 870).<\/li>\n<\/ul>\n\n\n\n<!--more-->\n\n\n\n<figure class=\"wp-block-image alignwide size-full bordersd\"><a href=\"https:\/\/www.profinfo.pl\/sklep\/ustawa-o-ubezpieczeniu-spolecznym-z-tytulu-wypadkow-przy-pracy-i-chorob-zawodowych-komentarz,521082.html?utm_source=blog&amp;utm_medium=baner&amp;utm_campaign=Co+uznaje+si%C4%99+za+wypadek+przy+pracy%3F+Co+i+kiedy+nale%C5%BCy+zrobi%C4%87+w+przypadku+takiego+wypadku%3F&amp;utm_content=Ustawa+o+ubezpieczeniu+spo%C5%82ecznym+z+tytu%C5%82u+wypadk%C3%B3w+przy+pracy+i+chor%C3%B3b+zawodowych.+Komentarz\"><img decoding=\"async\" width=\"819\" height=\"281\" src=\"https:\/\/www.profinfo.pl\/blog\/wp-content\/uploads\/2024\/10\/ustawa-o-ubezpieczeniu-spolecznym.png\" alt=\"Ustawa o ubezpieczeniu spo\u0142ecznym z tytu\u0142u wypadk\u00f3w przy pracy i chor\u00f3b zawodowych. Komentarz\" class=\"wp-image-3583\" title=\"\"><\/a><figcaption class=\"wp-element-caption\">Polecamy Pa\u0144stwu &#8222;<a href=\"https:\/\/www.profinfo.pl\/sklep\/ustawa-o-ubezpieczeniu-spolecznym-z-tytulu-wypadkow-przy-pracy-i-chorob-zawodowych-komentarz,521082.html?utm_source=blog&amp;utm_medium=link&amp;utm_campaign=Co+uznaje+si%C4%99+za+wypadek+przy+pracy%3F+Co+i+kiedy+nale%C5%BCy+zrobi%C4%87+w+przypadku+takiego+wypadku%3F&amp;utm_content=Ustawa+o+ubezpieczeniu+spo%C5%82ecznym+z+tytu%C5%82u+wypadk%C3%B3w+przy+pracy+i+chor%C3%B3b+zawodowych.+Komentarz\">Ustawa o ubezpieczeniu spo\u0142ecznym z tytu\u0142u wypadk\u00f3w przy pracy i chor\u00f3b zawodowych. Komentarz<\/a>&#8222;<\/figcaption><\/figure>\n\n\n\n<h2 class=\"wp-block-heading\"><span class=\"ez-toc-section\" id=\"Czym-dokladnie-jest-wypadek-przy-pracy\"><\/span>Czym dok\u0142adnie jest wypadek przy pracy?<span class=\"ez-toc-section-end\"><\/span><\/h2>\n\n\n\n<p>Wypadek przy pracy, zgodnie z polskim prawem, to nag\u0142e zdarzenie wywo\u0142ane przyczyn\u0105 zewn\u0119trzn\u0105, kt\u00f3re powoduje uraz lub \u015bmier\u0107 i ma miejsce w zwi\u0105zku z wykonywaniem pracy. Zwi\u0105zek ten zgodnie z art. 3 ust. 1 \u00a0ustawy z dnia 30 pa\u017adziernika 2002 r. o ubezpieczeniu spo\u0142ecznym z tytu\u0142u wypadk\u00f3w przy pracy i chor\u00f3b zawodowych (Dz. U. z 2022 r. poz. 2189 z p\u00f3\u017an. zm.) mo\u017ce mie\u0107 miejsce:<\/p>\n\n\n\n<ol class=\"wp-block-list\">\n<li><em>podczas lub w zwi\u0105zku z wykonywaniem przez pracownika zwyk\u0142ych czynno\u015bci lub polece\u0144 prze\u0142o\u017conych;<\/em><\/li>\n\n\n\n<li><em>podczas lub w zwi\u0105zku z wykonywaniem przez pracownika czynno\u015bci na rzecz pracodawcy, nawet bez polecenia;<\/em><\/li>\n\n\n\n<li><em>w czasie pozostawania pracownika w dyspozycji pracodawcy w drodze mi\u0119dzy siedzib\u0105 pracodawcy a miejscem wykonywania obowi\u0105zku wynikaj\u0105cego ze stosunku pracy.<\/em><\/li>\n<\/ol>\n\n\n\n<p>Ustawa precyzuje r\u00f3wnie\u017c, \u017ce na r\u00f3wni z wypadkiem przy pracy traktuje si\u0119 wypadek, kt\u00f3remu pracownik uleg\u0142:<\/p>\n\n\n\n<ol class=\"wp-block-list\">\n<li><em>w czasie podr\u00f3\u017cy s\u0142u\u017cbowej w okoliczno\u015bciach innych ni\u017c okre\u015blone w art.3 ust. 1, chyba \u017ce wypadek spowodowany zosta\u0142 post\u0119powaniem pracownika, kt\u00f3re nie pozostaje w zwi\u0105zku z wykonywaniem powierzonych mu zada\u0144;<\/em><\/li>\n\n\n\n<li><em>podczas szkolenia w zakresie powszechnej samoobrony;<\/em><\/li>\n\n\n\n<li><em>przy wykonywaniu zada\u0144 zleconych przez dzia\u0142aj\u0105ce u pracodawcy organizacje zwi\u0105zkowe.<\/em><\/li>\n<\/ol>\n\n\n\n<h2 class=\"wp-block-heading\"><span class=\"ez-toc-section\" id=\"Rodzaje-wypadkow-przy-pracy\"><\/span>Rodzaje wypadk\u00f3w przy pracy<span class=\"ez-toc-section-end\"><\/span><\/h2>\n\n\n\n<p>Wypadki przy pracy mog\u0105 mie\u0107 r\u00f3\u017cny charakter i w zale\u017cno\u015bci od ich skutk\u00f3w, prawo polskie klasyfikuje je na kilka kategorii:<\/p>\n\n\n\n<ul class=\"wp-block-list\">\n<li><a href=\"https:\/\/www.profinfo.pl\/hasla-lex\/smiertelny-wypadek-przy-pracy,4599.html?utm_source=blog&amp;utm_medium=link&amp;utm_campaign=Co+uznaje+si%C4%99+za+wypadek+przy+pracy%3F+Co+i+kiedy+nale%C5%BCy+zrobi%C4%87+w+przypadku+takiego+wypadku%3F&amp;utm_content=%C5%9Amiertelny+wypadek+przy+pracy\">\u015amiertelny wypadek przy pracy<\/a> jest to najpowa\u017cniejszy rodzaj wypadku, w kt\u00f3rym poszkodowany pracownik umiera na skutek odniesionych obra\u017ce\u0144. Zgodnie z przepisami, aby wypadek zosta\u0142 uznany za \u015bmiertelny, zgon musi nast\u0105pi\u0107 w okresie nieprzekraczaj\u0105cym 6 miesi\u0119cy od dnia wypadku. Tego rodzaju wypadek wymaga natychmiastowego zg\u0142oszenia do okr\u0119gowego inspektora pracy i prokuratury oraz szczeg\u00f3\u0142owego dochodzenia, kt\u00f3re ustala, czy przyczyn\u0105 zgonu by\u0142o zdarzenie zwi\u0105zane z prac\u0105.<\/li>\n\n\n\n<li><a href=\"https:\/\/www.profinfo.pl\/hasla-lex\/ciezki-wypadek-przy-pracy,379.html?utm_source=blog&amp;utm_medium=link&amp;utm_campaign=Co+uznaje+si%C4%99+za+wypadek+przy+pracy%3F+Co+i+kiedy+nale%C5%BCy+zrobi%C4%87+w+przypadku+takiego+wypadku%3F&amp;utm_content=Ci%C4%99%C5%BCki+wypadek+przy+pracy\">Ci\u0119\u017cki wypadek przy pracy<\/a> to zdarzenie, kt\u00f3re skutkuje powa\u017cnym uszkodzeniem cia\u0142a lub rozstrojem zdrowia, naruszaj\u0105cym podstawowe funkcje organizmu. Obejmuje takie urazy jak: utrata wzroku, s\u0142uchu, mowy, zdolno\u015bci rozrodczej, trwa\u0142e uszkodzenie cia\u0142a albo rozstr\u00f3j zdrowia, a tak\u017ce chorob\u0119 nieuleczaln\u0105 lub zagra\u017caj\u0105c\u0105 \u017cyciu. Do tej kategorii zalicza si\u0119 r\u00f3wnie\u017c trwa\u0142\u0105 chorob\u0119 psychiczn\u0105, ca\u0142kowit\u0105 lub cz\u0119\u015bciow\u0105 niezdolno\u015b\u0107 do wykonywania zawodu oraz trwa\u0142e, istotne zeszpecenie lub zniekszta\u0142cenie cia\u0142a.<\/li>\n\n\n\n<li><a href=\"https:\/\/www.profinfo.pl\/hasla-lex\/zbiorowy-wypadek-przy-pracy,6061.html?utm_source=blog&amp;utm_medium=link&amp;utm_campaign=Co+uznaje+si%C4%99+za+wypadek+przy+pracy%3F+Co+i+kiedy+nale%C5%BCy+zrobi%C4%87+w+przypadku+takiego+wypadku%3F&amp;utm_content=Zbiorowy+wypadek\">Zbiorowy wypadek<\/a> ma miejsce wtedy, gdy w wyniku jednego zdarzenia poszkodowane s\u0105 co najmniej dwie osoby. Przyk\u0142adem mo\u017ce by\u0107 awaria maszyny, kt\u00f3ra doprowadza do obra\u017ce\u0144 kilku pracownik\u00f3w jednocze\u015bnie.<\/li>\n<\/ul>\n\n\n\n<h2 class=\"wp-block-heading\"><span class=\"ez-toc-section\" id=\"Co-zrobic-w-przypadku-wypadku-przy-pracy\"><\/span>Co zrobi\u0107 w przypadku wypadku przy pracy?<span class=\"ez-toc-section-end\"><\/span><\/h2>\n\n\n\n<h3 class=\"wp-block-heading\">1. Zabezpieczenie miejsca zdarzenia<\/h3>\n\n\n\n<p>Pierwszym krokiem po wypadku jest zabezpieczenie miejsca zdarzenia. Ma to na celu unikni\u0119cie dalszych zagro\u017ce\u0144 dla innych pracownik\u00f3w lub os\u00f3b przebywaj\u0105cych w pobli\u017cu. Zabezpieczenie miejsca polega na wy\u0142\u0105czeniu uszkodzonych maszyn, oznakowaniu miejsca wypadku oraz upewnieniu si\u0119, \u017ce nikt nie wejdzie w stref\u0119 zagro\u017cenia. Wa\u017cne, aby nic nie zmienia\u0107 w miejscu wypadku do momentu przybycia odpowiednich s\u0142u\u017cb, chyba \u017ce dalsze dzia\u0142anie grozi\u0142oby kolejnymi urazami lub by\u0142o niezb\u0119dne do ratowania \u017cycia.<\/p>\n\n\n\n<h3 class=\"wp-block-heading\">2. Udzielenie pierwszej pomocy<\/h3>\n\n\n\n<p>Drugim, kluczowym krokiem, jest natychmiastowe udzielenie pierwszej pomocy poszkodowanemu. Je\u017celi uraz jest powa\u017cny, nale\u017cy jak najszybciej wezwa\u0107 pogotowie ratunkowe. <a href=\"https:\/\/www.profinfo.pl\/hasla-lex\/obowiazki-pracodawcy-w-zakresie-udzielania-pierwszej-pomocy,2205.html?utm_source=blog&amp;utm_medium=link&amp;utm_campaign=Co+uznaje+si%C4%99+za+wypadek+przy+pracy%3F+Co+i+kiedy+nale%C5%BCy+zrobi%C4%87+w+przypadku+takiego+wypadku%3F&amp;utm_content=Ka%C5%BCdy+pracodawca+ma+obowi%C4%85zek+zapewni%C4%87+w+zak%C5%82adzie+pracy+odpowiedni%C4%85+liczb%C4%99+os%C3%B3b+przeszkolonych+z+udzielania+pierwszej+pomocy\">Ka\u017cdy pracodawca ma obowi\u0105zek zapewni\u0107 w zak\u0142adzie pracy odpowiedni\u0105 liczb\u0119 os\u00f3b przeszkolonych z udzielania pierwszej pomocy<\/a>, a tak\u017ce dost\u0119p do odpowiedniego sprz\u0119tu medycznego, takiego jak apteczki pierwszej pomocy. W przypadku niewielkich uraz\u00f3w, pomoc mo\u017ce ograniczy\u0107 si\u0119 do opatrzenia rany.<\/p>\n\n\n\n<h3 class=\"wp-block-heading\">3. Zg\u0142oszenie wypadku<\/h3>\n\n\n\n<p>W przypadku ka\u017cdego wypadku przy pracy, pracodawca ma obowi\u0105zek &nbsp;niezw\u0142ocznie zg\u0142osi\u0107 zdarzenie. W zale\u017cno\u015bci od rodzaju wypadku, zg\u0142oszenie mo\u017ce obejmowa\u0107 r\u00f3\u017cne instytucje. W przypadku wypadk\u00f3w \u015bmiertelnych, ci\u0119\u017ckich lub zbiorowych, nale\u017cy natychmiast powiadomi\u0107 w\u0142a\u015bciwego okr\u0119gowego inspektora pracy oraz prokuratur\u0119. Zg\u0142oszenie powinno by\u0107 dokonane jak najszybciej po zaistnieniu wypadku, aby umo\u017cliwi\u0107 tym instytucjom podj\u0119cie niezb\u0119dnych dzia\u0142a\u0144. W przypadku l\u017cejszych wypadk\u00f3w, zg\u0142oszenie inspektorowi czy prokuratorowi &nbsp;nie jest wymagane, ale wci\u0105\u017c nale\u017cy udokumentowa\u0107 zdarzenie.<\/p>\n\n\n\n<h3 class=\"wp-block-heading\">4. Ustalenie okoliczno\u015bci i przyczyn wypadku<\/h3>\n\n\n\n<p>Po wypadku konieczne jest przeprowadzenie post\u0119powania powypadkowego, kt\u00f3re ma na celu ustalenie okoliczno\u015bci oraz przyczyn zdarzenia. Pracodawca powo\u0142uje specjalny zesp\u00f3\u0142, w kt\u00f3rego sk\u0142ad wchodzi pracownik s\u0142u\u017cby bezpiecze\u0144stwa i higieny pracy oraz spo\u0142eczny inspektor pracy. Celem zespo\u0142u zgodnie z \u00a7 7 ust. 1 Rozporz\u0105dzenia Rady Ministr\u00f3w z dnia 1 lipca 2009 r. w sprawie ustalania okoliczno\u015bci i przyczyn wypadk\u00f3w przy pracy (Dz. U. Nr 105, poz. 870) jest:<\/p>\n\n\n\n<ol class=\"wp-block-list\">\n<li><em>dokona\u0107 ogl\u0119dzin miejsca wypadku, stanu technicznego maszyn i innych urz\u0105dze\u0144 technicznych, stanu urz\u0105dze\u0144 ochronnych oraz zbada\u0107 warunki wykonywania pracy i inne okoliczno\u015bci, kt\u00f3re mog\u0142y mie\u0107 wp\u0142yw na powstanie wypadku;<\/em><\/li>\n\n\n\n<li><em>je\u017celi jest to konieczne, sporz\u0105dzi\u0107 szkic lub wykona\u0107 fotografi\u0119 miejsca wypadku;<\/em><\/li>\n\n\n\n<li><em>wys\u0142ucha\u0107 wyja\u015bnie\u0144 poszkodowanego, je\u017celi stan jego zdrowia na to pozwala;<\/em><\/li>\n\n\n\n<li><em>zebra\u0107 informacje dotycz\u0105ce wypadku od \u015bwiadk\u00f3w wypadku;<\/em><\/li>\n\n\n\n<li><em>zasi\u0119gn\u0105\u0107 opinii lekarza, a w razie potrzeby opinii innych specjalist\u00f3w, w zakresie niezb\u0119dnym do oceny rodzaju i skutk\u00f3w wypadku;<\/em><\/li>\n\n\n\n<li><em>zebra\u0107 inne dowody dotycz\u0105ce wypadku;<\/em><\/li>\n\n\n\n<li><em>dokona\u0107 prawnej kwalifikacji wypadku zgodnie z&nbsp;art. 3 ust. 1&nbsp;i&nbsp;2&nbsp;ustawy z dnia 30 pa\u017adziernika 2002 r. o ubezpieczeniu spo\u0142ecznym z tytu\u0142u wypadk\u00f3w przy pracy i chor\u00f3b zawodowych (Dz. U. Nr 199, poz. 1673, z p\u00f3\u017an. zm.<sup>2)<\/sup>), zwanej dalej &#8222;ustaw\u0105&#8221;;<\/em><\/li>\n\n\n\n<li><em>okre\u015bli\u0107 \u015brodki profilaktyczne oraz wnioski, w szczeg\u00f3lno\u015bci wynikaj\u0105ce z oceny ryzyka zawodowego na stanowisku pracy, na kt\u00f3rym wyst\u0105pi\u0142 wypadek.<\/em><\/li>\n<\/ol>\n\n\n\n<p>Wynikiem tego post\u0119powania jest sporz\u0105dzenie protoko\u0142u powypadkowego, kt\u00f3ry zawiera szczeg\u00f3\u0142owy opis zdarzenia, jego przyczyny oraz zalecenia dotycz\u0105ce zapobiegania podobnym wypadkom w przysz\u0142o\u015bci.<\/p>\n\n\n\n<p>Po wszystkim, protok\u00f3\u0142 musi by\u0107 przedstawiony poszkodowanemu <a href=\"https:\/\/www.profinfo.pl\/hasla-lex\/pracownik,3235.html?utm_source=blog&amp;utm_medium=link&amp;utm_campaign=Co+uznaje+si%C4%99+za+wypadek+przy+pracy%3F+Co+i+kiedy+nale%C5%BCy+zrobi%C4%87+w+przypadku+takiego+wypadku%3F&amp;utm_content=pracownikowi\">pracownikowi<\/a>, kt\u00f3ry ma prawo wnosi\u0107 uwagi, je\u015bli nie zgadza si\u0119 z jego tre\u015bci\u0105. Protok\u00f3\u0142 ten jest niezb\u0119dny do dalszego dochodzenia roszcze\u0144 przez pracownika oraz do ustalenia \u015bwiadcze\u0144 przys\u0142uguj\u0105cych mu po wypadku.<\/p>\n\n\n\n<h3 class=\"wp-block-heading\">5. Zg\u0142oszenie wypadku do ZUS<\/h3>\n\n\n\n<p>Po sporz\u0105dzeniu protoko\u0142u powypadkowego, pracodawca ma obowi\u0105zek zg\u0142oszenia wypadku do <a href=\"https:\/\/www.profinfo.pl\/hasla-lex\/zaklad-ubezpieczen-spolecznych,5751.html?utm_source=blog&amp;utm_medium=link&amp;utm_campaign=Co+uznaje+si%C4%99+za+wypadek+przy+pracy%3F+Co+i+kiedy+nale%C5%BCy+zrobi%C4%87+w+przypadku+takiego+wypadku%3F&amp;utm_content=Zak%C5%82adu+Ubezpiecze%C5%84+Spo%C5%82ecznych\">Zak\u0142adu Ubezpiecze\u0144 Spo\u0142ecznych<\/a>. Zg\u0142oszenie to jest konieczne, aby pracownik m\u00f3g\u0142 otrzyma\u0107 przys\u0142uguj\u0105ce mu \u015bwiadczenia. ZUS na podstawie zg\u0142oszenia oraz protoko\u0142u powypadkowego przeprowadza weryfikacj\u0119, na podstawie kt\u00f3rej decyduje o przyznaniu \u015bwiadcze\u0144.<\/p>\n\n\n\n<figure class=\"wp-block-image alignwide size-full bordersd\"><a href=\"https:\/\/www.profinfo.pl\/sklep\/prawo-cywilne-pytania-testowe-z-odpowiedziami-i-wyjasnieniami,587719.html?utm_source=blog&amp;utm_medium=baner&amp;utm_campaign=Co+uznaje+si%C4%99+za+wypadek+przy+pracy%3F+Co+i+kiedy+nale%C5%BCy+zrobi%C4%87+w+przypadku+takiego+wypadku%3F&amp;utm_content=Prawo+cywilne.+Pytania+testowe+z+odpowiedziami+i+wyja%C5%9Bnieniami\"><img decoding=\"async\" width=\"815\" height=\"308\" src=\"https:\/\/www.profinfo.pl\/blog\/wp-content\/uploads\/2024\/10\/prawo-cywilne.png\" alt=\"Prawo cywilne. Pytania testowe z odpowiedziami i wyja\u015bnieniami\" class=\"wp-image-3584\" title=\"\"><\/a><figcaption class=\"wp-element-caption\">&#8222;<a href=\"https:\/\/www.profinfo.pl\/sklep\/prawo-cywilne-pytania-testowe-z-odpowiedziami-i-wyjasnieniami,587719.html?utm_source=blog&amp;utm_medium=link&amp;utm_campaign=Co+uznaje+si%C4%99+za+wypadek+przy+pracy%3F+Co+i+kiedy+nale%C5%BCy+zrobi%C4%87+w+przypadku+takiego+wypadku%3F&amp;utm_content=Prawo+cywilne.+Pytania+testowe+z+odpowiedziami+i+wyja%C5%9Bnieniami\">Prawo cywilne. Pytania testowe z odpowiedziami i wyja\u015bnieniami<\/a>&#8222;<\/figcaption><\/figure>\n\n\n\n<h2 class=\"wp-block-heading\"><span class=\"ez-toc-section\" id=\"Jakie-swiadczenia-przysluguja-poszkodowanemu-pracownikowi\"><\/span>Jakie \u015bwiadczenia przys\u0142uguj\u0105 poszkodowanemu pracownikowi?<span class=\"ez-toc-section-end\"><\/span><\/h2>\n\n\n\n<p>Pracownik, kt\u00f3ry uleg\u0142 wypadkowi przy pracy, ma prawo do:<\/p>\n\n\n\n<ul class=\"wp-block-list\">\n<li><a href=\"https:\/\/www.profinfo.pl\/hasla-lex\/zasilek-chorobowy,5953.html?utm_source=blog&amp;utm_medium=link&amp;utm_campaign=Co+uznaje+si%C4%99+za+wypadek+przy+pracy%3F+Co+i+kiedy+nale%C5%BCy+zrobi%C4%87+w+przypadku+takiego+wypadku%3F&amp;utm_content=zasi%C5%82ku+chorobowego\">zasi\u0142ku chorobowego<\/a>,<\/li>\n\n\n\n<li>\u015bwiadczenia rehabilitacyjnego,<\/li>\n\n\n\n<li><a href=\"https:\/\/www.profinfo.pl\/hasla-lex\/zasilek-wyrownawczy,5967.html?utm_source=blog&amp;utm_medium=link&amp;utm_campaign=Co+uznaje+si%C4%99+za+wypadek+przy+pracy%3F+Co+i+kiedy+nale%C5%BCy+zrobi%C4%87+w+przypadku+takiego+wypadku%3F&amp;utm_content=zasi%C5%82ku+wyr%C3%B3wnawczego\">zasi\u0142ku wyr\u00f3wnawczego<\/a>,<\/li>\n\n\n\n<li>jednorazowego odszkodowania,<\/li>\n\n\n\n<li>renty z tytu\u0142u niezdolno\u015bci do pracy,<\/li>\n\n\n\n<li>renty szkoleniowej,<\/li>\n\n\n\n<li>dodatku piel\u0119gnacyjnego,<\/li>\n\n\n\n<li>pokrycia koszt\u00f3w leczenia z zakresu stomatologii i szczepie\u0144 ochronnych oraz zaopatrzenia w przedmioty ortopedyczne w zakresie okre\u015blonym ustaw\u0105.&nbsp;<\/li>\n<\/ul>\n\n\n\n<p>Znajomo\u015b\u0107 przepis\u00f3w dotycz\u0105cych wypadk\u00f3w przy pracy oraz ich konsekwencji jest kluczowa dla specjalist\u00f3w zajmuj\u0105cych si\u0119 prawem pracy, BHP czy zarz\u0105dzaniem personelem. Zrozumienie procedur, odpowiednie dokumentowanie zdarze\u0144 czy \u015bwiadczenia przys\u0142uguj\u0105ce pracownikom wymaga ci\u0105g\u0142ej aktualizacji wiedzy, szczeg\u00f3lnie w zmieniaj\u0105cym si\u0119 otoczeniu prawnym. Aby by\u0107 na bie\u017c\u0105co z najnowszymi zmianami i interpretacjami prawnymi, warto si\u0119ga\u0107 po specjalistyczne publikacje, znajduj\u0105ce si\u0119 w ksi\u0119garni Profinfo.pl. Znajdziesz tam szeroki wyb\u00f3r ksi\u0105\u017cek i komentarzy prawnych, kt\u00f3re pomog\u0105 w zg\u0142\u0119bianiu najwa\u017cniejszych aspekt\u00f3w prawnych zwi\u0105zanych z wypadkami przy pracy i nie tylko.<\/p>\n","protected":false},"excerpt":{"rendered":"<p>Wypadki przy pracy mog\u0105 si\u0119 zdarzy\u0107 w ka\u017cdej bran\u017cy, niezale\u017cnie od rodzaju wykonywanej czynno\u015bci. Bez wzgl\u0119du na ich charakter wa\u017cna jest znajomo\u015b\u0107 przepis\u00f3w reguluj\u0105cych takie zdarzenia, poniewa\u017c pozwala zrozumie\u0107, jak post\u0119powa\u0107, aby chroni\u0107 swoje prawa i minimalizowa\u0107 konsekwencje zdarzenia. Kwestie te regulowane s\u0105 przez takie akty prawne jak:<\/p>\n","protected":false},"author":1,"featured_media":3582,"comment_status":"open","ping_status":"open","sticky":false,"template":"","format":"standard","meta":{"footnotes":""},"categories":[71],"tags":[113],"class_list":["post-3573","post","type-post","status-publish","format-standard","has-post-thumbnail","hentry","category-porady","tag-prawo-pracy-i-ubezpieczen-spolecznych"],"_links":{"self":[{"href":"https:\/\/www.profinfo.pl\/blog\/wp-json\/wp\/v2\/posts\/3573","targetHints":{"allow":["GET"]}}],"collection":[{"href":"https:\/\/www.profinfo.pl\/blog\/wp-json\/wp\/v2\/posts"}],"about":[{"href":"https:\/\/www.profinfo.pl\/blog\/wp-json\/wp\/v2\/types\/post"}],"author":[{"embeddable":true,"href":"https:\/\/www.profinfo.pl\/blog\/wp-json\/wp\/v2\/users\/1"}],"replies":[{"embeddable":true,"href":"https:\/\/www.profinfo.pl\/blog\/wp-json\/wp\/v2\/comments?post=3573"}],"version-history":[{"count":3,"href":"https:\/\/www.profinfo.pl\/blog\/wp-json\/wp\/v2\/posts\/3573\/revisions"}],"predecessor-version":[{"id":3586,"href":"https:\/\/www.profinfo.pl\/blog\/wp-json\/wp\/v2\/posts\/3573\/revisions\/3586"}],"wp:featuredmedia":[{"embeddable":true,"href":"https:\/\/www.profinfo.pl\/blog\/wp-json\/wp\/v2\/media\/3582"}],"wp:attachment":[{"href":"https:\/\/www.profinfo.pl\/blog\/wp-json\/wp\/v2\/media?parent=3573"}],"wp:term":[{"taxonomy":"category","embeddable":true,"href":"https:\/\/www.profinfo.pl\/blog\/wp-json\/wp\/v2\/categories?post=3573"},{"taxonomy":"post_tag","embeddable":true,"href":"https:\/\/www.profinfo.pl\/blog\/wp-json\/wp\/v2\/tags?post=3573"}],"curies":[{"name":"wp","href":"https:\/\/api.w.org\/{rel}","templated":true}]}}