{"id":3628,"date":"2025-01-22T11:52:49","date_gmt":"2025-01-22T10:52:49","guid":{"rendered":"https:\/\/www.profinfo.pl\/blog\/?p=3628"},"modified":"2025-01-22T11:54:22","modified_gmt":"2025-01-22T10:54:22","slug":"zmiany-w-ustawie-o-rencie-socjalnej-co-zmienia-nowelizacja","status":"publish","type":"post","link":"https:\/\/www.profinfo.pl\/blog\/zmiany-w-ustawie-o-rencie-socjalnej-co-zmienia-nowelizacja\/","title":{"rendered":"Zmiany w ustawie o rencie socjalnej od 1 stycznia 2025 roku. Co zmienia nowelizacja?"},"content":{"rendered":"\n<p>Od 1 stycznia 2025 roku zacz\u0119\u0142y obowi\u0105zywa\u0107 przepisy wynikaj\u0105ce z Ustawy z dnia 27 wrze\u015bnia 2024 roku o zmianie ustawy o rencie socjalnej oraz niekt\u00f3rych innych ustaw (Dz.U.2024.1615). Jednym z g\u0142\u00f3wnych element\u00f3w tej nowelizacji jest wprowadzenie dodatku dope\u0142niaj\u0105cego, maj\u0105cego na celu popraw\u0119 sytuacji finansowej os\u00f3b ca\u0142kowicie niezdolnych do pracy i samodzielnej egzystencji.<\/p>\n\n\n\n<!--more-->\n\n\n\n<h2 class=\"wp-block-heading\"><span class=\"ez-toc-section\" id=\"Czym-jest-dodatek-dopelniajacy-i-komu-przysluguje\"><\/span>Czym jest dodatek dope\u0142niaj\u0105cy i komu przys\u0142uguje?<span class=\"ez-toc-section-end\"><\/span><\/h2>\n\n\n\n<p>Dodatek dope\u0142niaj\u0105cy, wprowadzony przez Ustaw\u0119 z dnia 27 wrze\u015bnia 2024 roku o zmianie ustawy o <a href=\"https:\/\/www.profinfo.pl\/hasla-lex\/renta-socjalna,3921.html?utm_source=blog&amp;utm_medium=link&amp;utm_campaign=Zmiany+w+ustawie+o+rencie+socjalnej+od+1+stycznia+2025+roku.+Co+zmienia+nowelizacja%3F&amp;utm_content=rencie+socjalnej\">rencie socjalnej<\/a> oraz niekt\u00f3rych innych ustaw, jest \u015bwiadczeniem skierowanym do os\u00f3b pobieraj\u0105cych rent\u0119 socjaln\u0105. Jego podstawowym celem jest wsparcie finansowe dla tych, kt\u00f3rzy s\u0105 niezdolni do pracy i jednocze\u015bnie wymagaj\u0105 opieki ze wzgl\u0119du na brak samodzielno\u015bci w codziennym funkcjonowaniu. \u015awiadczenie to wynosi 2520 z\u0142 miesi\u0119cznie.<\/p>\n\n\n\n<figure class=\"wp-block-image alignwide size-full bordersd\"><a href=\"https:\/\/www.profinfo.pl\/sklep\/ustawa-o-systemie-ubezpieczen-spolecznych-komentarz,492756.html?utm_source=blog&amp;utm_medium=baner&amp;utm_campaign=Zmiany+w+ustawie+o+rencie+socjalnej+od+1+stycznia+2025+roku.+Co+zmienia+nowelizacja%3F&amp;utm_content=Ustawa+o+systemie+ubezpiecze%C5%84+spo%C5%82ecznych.+Komentarz\"><img decoding=\"async\" width=\"803\" height=\"264\" src=\"https:\/\/www.profinfo.pl\/blog\/wp-content\/uploads\/2025\/01\/ustawa-o-systemie-ubezpieczen-spolecznych-komentarz-2.png\" alt=\"Ustawa o systemie ubezpiecze\u0144 spo\u0142ecznych. Komentarz\" class=\"wp-image-3631\" title=\"\"><\/a><figcaption class=\"wp-element-caption\">&#8222;<a href=\"https:\/\/www.profinfo.pl\/sklep\/ustawa-o-systemie-ubezpieczen-spolecznych-komentarz,492756.html?utm_source=blog&amp;utm_medium=link&amp;utm_campaign=Zmiany+w+ustawie+o+rencie+socjalnej+od+1+stycznia+2025+roku.+Co+zmienia+nowelizacja%3F&amp;utm_content=Ustawa+o+systemie+ubezpiecze%C5%84+spo%C5%82ecznych.+Komentarz\">Ustawa o systemie ubezpiecze\u0144 spo\u0142ecznych. Komentarz<\/a>&#8222;, opis publikacji aktualny na dzie\u0144: 2023-12-05<\/figcaption><\/figure>\n\n\n\n<p>Dodatek przys\u0142uguje osobom, kt\u00f3re spe\u0142niaj\u0105 dwa kluczowe kryteria: s\u0105 ca\u0142kowicie niezdolne do pracy i jednocze\u015bnie niezdolne do samodzielnej egzystencji. Te przes\u0142anki musz\u0105 zosta\u0107 potwierdzone stosownym orzeczeniem wydanym przez lekarza orzecznika <a href=\"https:\/\/www.profinfo.pl\/hasla-lex\/zaklad-ubezpieczen-spolecznych,5751.html?utm_source=blog&amp;utm_medium=link&amp;utm_campaign=Zmiany+w+ustawie+o+rencie+socjalnej+od+1+stycznia+2025+roku.+Co+zmienia+nowelizacja%3F&amp;utm_content=Zak%C5%82adu+Ubezpiecze%C5%84+Spo%C5%82ecznych\">Zak\u0142adu Ubezpiecze\u0144 Spo\u0142ecznych<\/a>. Wa\u017cnym aspektem nowych przepis\u00f3w jest to, \u017ce osoby posiadaj\u0105ce orzeczenie o ca\u0142kowitej niezdolno\u015bci do pracy i samodzielnej egzystencji na dzie\u0144 1 stycznia 2025 roku, nie musz\u0105 podejmowa\u0107 \u017cadnych dodatkowych krok\u00f3w. \u015awiadczenie zostanie im przyznane automatycznie.<\/p>\n\n\n\n<p>Dla os\u00f3b nieposiadaj\u0105cych orzeczenia niezdolno\u015bci do samodzielnej egzystencji, procedura przyznawania dodatku wymaga z\u0142o\u017cenia wniosku (dost\u0119pnego na stronie ZUS lub w plac\u00f3wce instytucji) oraz za\u015bwiadczenia o stanie zdrowia (na druku OL-9). Jest to rozwi\u0105zanie umo\u017cliwiaj\u0105ce dost\u0119p do wsparcia tak\u017ce tym, kt\u00f3rzy dotychczas nie byli obj\u0119ci pomoc\u0105 w pe\u0142nym zakresie.<\/p>\n\n\n\n<h2 class=\"wp-block-heading\"><span class=\"ez-toc-section\" id=\"Kiedy-i-jak-wyplacany-jest-dodatek\"><\/span>Kiedy i jak wyp\u0142acany jest dodatek?<span class=\"ez-toc-section-end\"><\/span><\/h2>\n\n\n\n<p>Dodatek dope\u0142niaj\u0105cy b\u0119dzie wyp\u0142acany od maja 2025 roku, z wyr\u00f3wnaniem za okres od<br>1 stycznia tego roku dla os\u00f3b, kt\u00f3re spe\u0142nia\u0142y warunki ju\u017c na pocz\u0105tku obowi\u0105zywania ustawy. \u015awiadczenie zostanie zintegrowane z wyp\u0142at\u0105 renty socjalnej, realizowan\u0105 w formie przelewu na rachunek bankowy lub za po\u015brednictwem operatora pocztowego. \u015arodki na ten cel pochodz\u0105 z Funduszu Solidarno\u015bciowego, a wyp\u0142aty b\u0119d\u0105 obj\u0119te coroczn\u0105 waloryzacj\u0105 od marca, zapewniaj\u0105c\u0105 dostosowanie wysoko\u015bci dodatku do aktualnych warunk\u00f3w ekonomicznych. Beneficjenci otrzymaj\u0105 szczeg\u00f3\u0142owe informacje o przyznaniu i wysoko\u015bci \u015bwiadczenia za po\u015brednictwem Zak\u0142adu Ubezpiecze\u0144 Spo\u0142ecznych.<\/p>\n\n\n\n<p>Nale\u017cy jednak pami\u0119ta\u0107, \u017ce dodatek nie przys\u0142uguje osobom tymczasowo aresztowanym lub odbywaj\u0105cym <a href=\"https:\/\/www.profinfo.pl\/hasla-lex\/kara-pozbawienia-wolnosci,1338.html?utm_source=blog&amp;utm_medium=link&amp;utm_campaign=Zmiany+w+ustawie+o+rencie+socjalnej+od+1+stycznia+2025+roku.+Co+zmienia+nowelizacja%3F&amp;utm_content=kar%C4%99+pozbawienia+wolno%C5%9Bci\">kar\u0119 pozbawienia wolno\u015bci<\/a>, z wyj\u0105tkiem os\u00f3b odbywaj\u0105cych kar\u0119 w systemie dozoru elektronicznego, kt\u00f3re mog\u0105 ubiega\u0107 si\u0119 o \u015bwiadczenie na takich samych zasadach jak inni beneficjenci.<\/p>\n\n\n\n<h2 class=\"wp-block-heading\"><span class=\"ez-toc-section\" id=\"Dodatek-dopelniajacy-a-inne-swiadczenia\"><\/span>Dodatek dope\u0142niaj\u0105cy a inne \u015bwiadczenia<span class=\"ez-toc-section-end\"><\/span><\/h2>\n\n\n\n<p>Nowe przepisy dotycz\u0105ce dodatku dope\u0142niaj\u0105cego i renty socjalnej wprowadzaj\u0105 zmiany w zasadach \u0142\u0105czenia tych \u015bwiadcze\u0144 z innymi formami wsparcia, takimi jak <a href=\"https:\/\/www.profinfo.pl\/hasla-lex\/renta-rodzinna,3920.html?utm_source=blog&amp;utm_medium=link&amp;utm_campaign=Zmiany+w+ustawie+o+rencie+socjalnej+od+1+stycznia+2025+roku.+Co+zmienia+nowelizacja%3F&amp;utm_content=renta+rodzinna\">renta rodzinna<\/a> czy \u015bwiadczenia specjalne dla rodzin funkcjonariuszy lub \u017co\u0142nierzy. Od 1 stycznia 2025 roku suma renty socjalnej oraz renty rodzinnej lub \u015bwiadczenia pieni\u0119\u017cnego przyznanego na zasadach okre\u015blonych w Ustawie z dnia 8 lutego 2023 r. o \u015bwiadczeniu pieni\u0119\u017cnym przys\u0142uguj\u0105cym cz\u0142onkom rodziny funkcjonariuszy lub \u017co\u0142nierzy zawodowych, kt\u00f3rych \u015bmier\u0107 nast\u0105pi\u0142a w zwi\u0105zku ze s\u0142u\u017cb\u0105 albo podj\u0119ciem poza s\u0142u\u017cb\u0105 czynno\u015bci ratowania \u017cycia lub zdrowia ludzkiego albo mienia (Dz. U. poz. 658) wyp\u0142acanych jednocze\u015bnie, nie mo\u017ce przekroczy\u0107 300% kwoty najni\u017cszej renty z tytu\u0142u ca\u0142kowitej niezdolno\u015bci do pracy, kt\u00f3ra wynosi obecnie 5342,88 z\u0142.\u00a0Oznacza to, \u017ce w przypadku przekroczenia tego limitu renta socjalna zostanie odpowiednio obni\u017cona, aby dostosowa\u0107 si\u0119 do tego progu. Mimo obni\u017cki, jej minimalna wysoko\u015b\u0107 musi wynosi\u0107 co najmniej 10% najni\u017cszej renty z tytu\u0142u ca\u0142kowitej niezdolno\u015bci do pracy, czyli 178,10 z\u0142.<\/p>\n\n\n\n<figure class=\"wp-block-pullquote alignwide has-border-color has-small-font-size\" style=\"border-color:#85bc20;border-style:dotted\"><blockquote><p><a href=\"https:\/\/www.profinfo.pl\/sklep\/zus-ubezpieczenia.html?utm_source=blog&amp;utm_medium=link&amp;utm_campaign=Zmiany+w+ustawie+o+rencie+socjalnej+od+1+stycznia+2025+roku.+Co+zmienia+nowelizacja%3F&amp;utm_content=ZUS%2C+ubezpieczenia\">ZUS, ubezpieczenia<\/a><\/p><cite>sprawd\u017a nowo\u015bci wydawnicze<\/cite><\/blockquote><\/figure>\n\n\n\n<p>Warto zaznaczy\u0107, \u017ce wcze\u015bniej obowi\u0105zuj\u0105ce przepisy ustala\u0142y maksymalny limit na poziomie 200% najni\u017cszej renty. Zmiana progu do 300% oznacza, \u017ce osoby otrzymuj\u0105ce obie renty lub \u015bwiadczenia pieni\u0119\u017cne przyznane na zasadach okre\u015blonych w Ustawie z dnia 8 lutego 2023 r. o \u015bwiadczeniu pieni\u0119\u017cnym przys\u0142uguj\u0105cym cz\u0142onkom rodziny <a href=\"https:\/\/www.profinfo.pl\/hasla-lex\/funkcjonariusz-publiczny-definicja,1068.html?utm_source=blog&amp;utm_medium=link&amp;utm_campaign=Zmiany+w+ustawie+o+rencie+socjalnej+od+1+stycznia+2025+roku.+Co+zmienia+nowelizacja%3F&amp;utm_content=funkcjonariuszy\">funkcjonariuszy<\/a> lub \u017co\u0142nierzy zawodowych, kt\u00f3rych \u015bmier\u0107 nast\u0105pi\u0142a w zwi\u0105zku ze s\u0142u\u017cb\u0105 albo podj\u0119ciem poza s\u0142u\u017cb\u0105 czynno\u015bci ratowania \u017cycia lub zdrowia ludzkiego albo mienia (Dz. U. poz. 658) mog\u0105 teraz liczy\u0107 na wy\u017csze \u0142\u0105czne \u015bwiadczenia. W przypadku os\u00f3b, kt\u00f3re wcze\u015bniej straci\u0142y prawo do renty socjalnej ze wzgl\u0119du na wysoko\u015b\u0107 renty rodzinnej, istnieje mo\u017cliwo\u015b\u0107 ponownego z\u0142o\u017cenia wniosku o ustalenie renty socjalnej, aby skorzysta\u0107 z korzystniejszych zasad obowi\u0105zuj\u0105cych od 2025 roku.<\/p>\n\n\n\n<p>Dodatek dope\u0142niaj\u0105cy r\u00f3wnie\u017c podlega ograniczeniom zwi\u0105zanym z wysoko\u015bci\u0105 sumy obu \u015bwiadcze\u0144. Je\u015bli \u0142\u0105czna kwota renty socjalnej i rodzinnej nie przekracza 300% najni\u017cszej renty, dodatek dope\u0142niaj\u0105cy zostanie wyp\u0142acony w pe\u0142nej wysoko\u015bci \u2013 2520 z\u0142 miesi\u0119cznie. Natomiast w przypadku, gdy suma obu rent przekroczy ten pr\u00f3g, dodatek zostanie proporcjonalnie obni\u017cony, zgodnie z zasadami stosowanymi przy redukcji renty socjalnej.<\/p>\n\n\n\n<h2 class=\"wp-block-heading\"><span class=\"ez-toc-section\" id=\"Dlaczego-warto-sledzic-zmiany-zachodzace-w-systemie-prawnym\"><\/span>Dlaczego warto \u015bledzi\u0107 zmiany zachodz\u0105ce w systemie prawnym?<span class=\"ez-toc-section-end\"><\/span><\/h2>\n\n\n\n<p>System prawny nieustannie si\u0119 zmienia, wp\u0142ywaj\u0105c na codzienne \u017cycie obywateli i dzia\u0142alno\u015b\u0107 specjalist\u00f3w z wielu dziedzin. Dla prawnik\u00f3w, ekonomist\u00f3w czy przedsi\u0119biorc\u00f3w aktualna wiedza o nowych przepisach, takich jak te wprowadzone nowelizacj\u0105 ustawy o rencie socjalnej, to nie tylko obowi\u0105zek, ale przede wszystkim przewaga. Zrozumienie, jak regulacje przek\u0142adaj\u0105 si\u0119 na praktyk\u0119, pozwala skutecznie dzia\u0142a\u0107 w obszarze doradztwa, zarz\u0105dzania czy planowania biznesowego. W naszej ksi\u0119garni znajdziesz wi\u0119c publikacje, kt\u00f3re nie tylko wyja\u015bniaj\u0105 skomplikowane zmiany w prawie, ale r\u00f3wnie\u017c pomagaj\u0105 rozwija\u0107 kompetencje niezb\u0119dne do podejmowania \u015bwiadomych decyzji. <strong>Si\u0119gnij po rzeteln\u0105 literatur\u0119 i wzmocnij swoj\u0105 pozycj\u0119 w zawodowej codzienno\u015bci.<\/strong><\/p>\n\n\n\n<p><a id=\"_msocom_1\"><\/a><\/p>\n\n\n\n<p><a id=\"_msocom_2\"><\/a><\/p>\n\n\n\n<p><a id=\"_msocom_3\"><\/a><\/p>\n\n\n\n<p><a id=\"_msocom_4\"><\/a><\/p>\n","protected":false},"excerpt":{"rendered":"<p>Od 1 stycznia 2025 roku zacz\u0119\u0142y obowi\u0105zywa\u0107 przepisy wynikaj\u0105ce z Ustawy z dnia 27 wrze\u015bnia 2024 roku o zmianie ustawy o rencie socjalnej oraz niekt\u00f3rych innych ustaw (Dz.U.2024.1615). Jednym z g\u0142\u00f3wnych element\u00f3w tej nowelizacji jest wprowadzenie dodatku dope\u0142niaj\u0105cego, maj\u0105cego na celu popraw\u0119 sytuacji finansowej os\u00f3b ca\u0142kowicie niezdolnych do pracy i samodzielnej egzystencji.<\/p>\n","protected":false},"author":1,"featured_media":3629,"comment_status":"open","ping_status":"open","sticky":false,"template":"","format":"standard","meta":{"footnotes":""},"categories":[70,71],"tags":[113],"class_list":["post-3628","post","type-post","status-publish","format-standard","has-post-thumbnail","hentry","category-aktualnosci","category-porady","tag-prawo-pracy-i-ubezpieczen-spolecznych"],"_links":{"self":[{"href":"https:\/\/www.profinfo.pl\/blog\/wp-json\/wp\/v2\/posts\/3628","targetHints":{"allow":["GET"]}}],"collection":[{"href":"https:\/\/www.profinfo.pl\/blog\/wp-json\/wp\/v2\/posts"}],"about":[{"href":"https:\/\/www.profinfo.pl\/blog\/wp-json\/wp\/v2\/types\/post"}],"author":[{"embeddable":true,"href":"https:\/\/www.profinfo.pl\/blog\/wp-json\/wp\/v2\/users\/1"}],"replies":[{"embeddable":true,"href":"https:\/\/www.profinfo.pl\/blog\/wp-json\/wp\/v2\/comments?post=3628"}],"version-history":[{"count":2,"href":"https:\/\/www.profinfo.pl\/blog\/wp-json\/wp\/v2\/posts\/3628\/revisions"}],"predecessor-version":[{"id":3633,"href":"https:\/\/www.profinfo.pl\/blog\/wp-json\/wp\/v2\/posts\/3628\/revisions\/3633"}],"wp:featuredmedia":[{"embeddable":true,"href":"https:\/\/www.profinfo.pl\/blog\/wp-json\/wp\/v2\/media\/3629"}],"wp:attachment":[{"href":"https:\/\/www.profinfo.pl\/blog\/wp-json\/wp\/v2\/media?parent=3628"}],"wp:term":[{"taxonomy":"category","embeddable":true,"href":"https:\/\/www.profinfo.pl\/blog\/wp-json\/wp\/v2\/categories?post=3628"},{"taxonomy":"post_tag","embeddable":true,"href":"https:\/\/www.profinfo.pl\/blog\/wp-json\/wp\/v2\/tags?post=3628"}],"curies":[{"name":"wp","href":"https:\/\/api.w.org\/{rel}","templated":true}]}}