{"id":3634,"date":"2024-12-17T09:10:59","date_gmt":"2024-12-17T08:10:59","guid":{"rendered":"https:\/\/www.profinfo.pl\/blog\/?p=3634"},"modified":"2025-01-31T14:30:15","modified_gmt":"2025-01-31T13:30:15","slug":"renta-wdowia-co-o-niej-wiemy","status":"publish","type":"post","link":"https:\/\/www.profinfo.pl\/blog\/renta-wdowia-co-o-niej-wiemy\/","title":{"rendered":"Renta wdowia. Co o niej wiemy na prze\u0142omie 2024 i 2025 roku?"},"content":{"rendered":"\n<p>1 stycznia 2025 roku w \u017cycie wesz\u0142a Ustawa z dnia 26 lipca 2024 r. o zmianie ustawy o emeryturach i rentach z Funduszu Ubezpiecze\u0144 Spo\u0142ecznych oraz niekt\u00f3rych innych ustaw (Dz. U. poz. 1243 z p\u00f3\u017an. zm.) wprowadzaj\u0105ca rent\u0119 wdowi\u0105. Umo\u017cliwia ona \u0142\u0105czenie cz\u0119\u015bci \u015bwiadcze\u0144, co stanowi odpowied\u017a na postulaty spo\u0142eczne o lepsze zabezpieczenie ekonomiczne dla os\u00f3b w wieku emerytalnym, kt\u00f3re utraci\u0142y ma\u0142\u017conka.<\/p>\n\n\n\n<!--more-->\n\n\n\n<h2 class=\"wp-block-heading\"><span class=\"ez-toc-section\" id=\"Czym-jest-renta-wdowia\"><\/span>Czym jest renta wdowia?<span class=\"ez-toc-section-end\"><\/span><\/h2>\n\n\n\n<p>Osobie uprawnionej do renty rodzinnej, o kt\u00f3rej mowa w art. 67 ust. 1 pkt 3, oraz do emerytury, emerytury rolniczej, emerytury z ubezpieczenia spo\u0142ecznego rolnik\u00f3w indywidualnych i cz\u0142onk\u00f3w ich rodzin, emerytury wojskowej, emerytury policyjnej, zasi\u0142ku przedemerytalnego, \u015bwiadczenia przedemerytalnego, <a href=\"https:\/\/www.profinfo.pl\/hasla-lex\/emerytury-pomostowe,825.html?utm_source=blog&amp;utm_medium=link&amp;utm_campaign=Renta+wdowia.+Co+o+niej+wiemy+na+prze%C5%82omie+2024+i+2025+roku%3F&amp;utm_content=emerytury+pomostowej\">emerytury pomostowej<\/a>, <a href=\"https:\/\/www.profinfo.pl\/hasla-lex\/nauczycielskie-swiadczenia-kompensacyjne,2050.html?utm_source=blog&amp;utm_medium=link&amp;utm_campaign=Renta+wdowia.+Co+o+niej+wiemy+na+prze%C5%82omie+2024+i+2025+roku%3F&amp;utm_content=nauczycielskiego+%C5%9Bwiadczenia+kompensacyjnego\">nauczycielskiego \u015bwiadczenia kompensacyjnego<\/a>, <a href=\"https:\/\/www.profinfo.pl\/hasla-lex\/renta-z-tytulu-niezdolnosci-do-pracy,3925.html?utm_source=blog&amp;utm_medium=link&amp;utm_campaign=Renta+wdowia.+Co+o+niej+wiemy+na+prze%C5%82omie+2024+i+2025+roku%3F&amp;utm_content=renty+z+tytu%C5%82u+niezdolno%C5%9Bci+do+pracy\">renty z tytu\u0142u niezdolno\u015bci do pracy<\/a>, w tym renty szkoleniowej, renty rolniczej z tytu\u0142u niezdolno\u015bci do pracy, renty rolniczej szkoleniowej, renty z ubezpieczenia spo\u0142ecznego rolnik\u00f3w indywidualnych i cz\u0142onk\u00f3w ich rodzin, wojskowej renty inwalidzkiej albo policyjnej renty inwalidzkiej (art. 95a u.e.r.f.u.s.).<\/p>\n\n\n\n<p>Dotychczas osoby uprawnione musia\u0142y dokonywa\u0107 wyboru mi\u0119dzy tymi dwoma \u015bwiadczeniami, co niejednokrotnie prowadzi\u0142o do istotnego pogorszenia ich sytuacji materialnej po \u015bmierci wsp\u00f3\u0142ma\u0142\u017conka. Wprowadzenie renty wdowiej zmienia t\u0119 sytuacj\u0119, umo\u017cliwiaj\u0105c pobieranie obu \u015bwiadcze\u0144 w zbiegu, cho\u0107 w okre\u015blonych proporcjach.<\/p>\n\n\n\n<figure class=\"wp-block-image alignwide size-full bordersd\"><a href=\"https:\/\/www.profinfo.pl\/sklep\/kodeks-pracy-wynagrodzenia-urlopy-i-czas-pracy-ochrona-zatrudnienia-i-swiadectwa-pracy-organizacje-pracodawcow-zwiazki-zawodowe-i-spory-zbiorowe,627742.html?utm_source=blog&amp;utm_medium=baner&amp;utm_campaign=Renta+wdowia.+Co+o+niej+wiemy+na+prze%C5%82omie+2024+i+2025+roku%3F&amp;utm_content=Prawo+pracy.+Zbi%C3%B3r+przepis%C3%B3w\"><img decoding=\"async\" width=\"1624\" height=\"494\" src=\"https:\/\/www.profinfo.pl\/blog\/wp-content\/uploads\/2024\/12\/kodeks-pracy.png\" alt=\"Prawo pracy. Zbi\u00f3r przepis\u00f3w\" class=\"wp-image-3651\" title=\"\"><\/a><figcaption class=\"wp-element-caption\">Polecamy &#8222;<a href=\"https:\/\/www.profinfo.pl\/sklep\/kodeks-pracy-wynagrodzenia-urlopy-i-czas-pracy-ochrona-zatrudnienia-i-swiadectwa-pracy-organizacje-pracodawcow-zwiazki-zawodowe-i-spory-zbiorowe,627742.html?utm_source=blog&amp;utm_medium=link&amp;utm_campaign=Renta+wdowia.+Co+o+niej+wiemy+na+prze%C5%82omie+2024+i+2025+roku%3F&amp;utm_content=Prawo+pracy.+Zbi%C3%B3r+przepis%C3%B3w\">Prawo pracy. Zbi\u00f3r przepis\u00f3w<\/a>&#8222;. Stan prawny: 2 stycznia 2025 roku<\/figcaption><\/figure>\n\n\n\n<p>\u015awiadczenie to ma na celu wsparcie os\u00f3b, kt\u00f3re po \u015bmierci ma\u0142\u017conka zmagaj\u0105 si\u0119 z obni\u017conym standardem \u017cycia. Renta wdowia pozwala zachowa\u0107 wi\u0119ksz\u0105 cz\u0119\u015b\u0107 dochod\u00f3w rodziny, eliminuj\u0105c konieczno\u015b\u0107 rezygnacji z jednego ze \u015bwiadcze\u0144. Jest to szczeg\u00f3lnie istotne dla os\u00f3b, kt\u00f3rych emerytura lub renta jest niska, a <a href=\"https:\/\/www.profinfo.pl\/hasla-lex\/renta-rodzinna,3920.html?utm_source=blog&amp;utm_medium=link&amp;utm_campaign=Renta+wdowia.+Co+o+niej+wiemy+na+prze%C5%82omie+2024+i+2025+roku%3F&amp;utm_content=renta+rodzinna\">renta rodzinna<\/a> stanowi\u0142a istotne wsparcie bud\u017cetu domowego. Wprowadzenie tego \u015bwiadczenia wype\u0142nia dotychczasow\u0105 luk\u0119 w systemie, zapewniaj\u0105c wi\u0119ksze bezpiecze\u0144stwo finansowe wdowom i wdowcom.<\/p>\n\n\n\n<h2 class=\"wp-block-heading\"><span class=\"ez-toc-section\" id=\"Dla-kogo-jest-przeznaczona-renta-wdowia\"><\/span>Dla kogo jest przeznaczona renta wdowia?<span class=\"ez-toc-section-end\"><\/span><\/h2>\n\n\n\n<p>\u015awiadczenie to jest skierowane do os\u00f3b, kt\u00f3re spe\u0142niaj\u0105 jasno okre\u015blone kryteria formalne. Pierwszym z nich jest osi\u0105gni\u0119cie wieku emerytalnego, kt\u00f3ry w Polsce wynosi 60 lat dla kobiet i 65 lat dla m\u0119\u017cczyzn. Warunek ten jest niezb\u0119dny, aby osoba mog\u0142a skorzysta\u0107 z po\u0142\u0105czenia \u015bwiadcze\u0144. Drugim wymogiem jest pozostawanie w zwi\u0105zku ma\u0142\u017ce\u0144skim do dnia \u015bmierci wsp\u00f3\u0142ma\u0142\u017conka. Oznacza to, \u017ce renta wdowia nie przys\u0142uguje osobom rozwiedzionym, pozostaj\u0105cym w separacji czy \u017cyj\u0105cym w nieformalnych zwi\u0105zkach.<\/p>\n\n\n\n<p>Kolejnym istotnym kryterium jest czas nabycia prawa do renty rodzinnej. Musi to nast\u0105pi\u0107 nie wcze\u015bniej ni\u017c pi\u0119\u0107 lat przed osi\u0105gni\u0119ciem wieku emerytalnego. W praktyce oznacza to, \u017ce renta wdowia obejmie kobiety, kt\u00f3re naby\u0142y prawo do renty rodzinnej po uko\u0144czeniu 55. roku \u017cycia, oraz m\u0119\u017cczyzn, kt\u00f3rzy uzyskali to prawo po uko\u0144czeniu 60. roku \u017cycia.<\/p>\n\n\n\n<p>Nowe regulacje przewiduj\u0105 mo\u017cliwo\u015b\u0107 wyboru pomi\u0119dzy dwiema opcjami wyp\u0142aty \u015bwiadcze\u0144. Osoba uprawniona mo\u017ce zdecydowa\u0107, czy chce otrzymywa\u0107 pe\u0142n\u0105 emerytur\u0119 powi\u0119kszon\u0105 o okre\u015blony procent renty rodzinnej po zmar\u0142ym ma\u0142\u017conku, czy te\u017c na odwr\u00f3t \u2013 pe\u0142n\u0105 rent\u0119 rodzinn\u0105 wraz z cz\u0119\u015bci\u0105 w\u0142asnego <a href=\"https:\/\/www.profinfo.pl\/temat\/swiadczenia-emerytalne.html?utm_source=blog&amp;utm_medium=link&amp;utm_campaign=Renta+wdowia.+Co+o+niej+wiemy+na+prze%C5%82omie+2024+i+2025+roku%3F&amp;utm_content=%C5%9Bwiadczenia+emerytalnego\">\u015bwiadczenia emerytalnego<\/a>. Procentowy udzia\u0142 \u015bwiadczenia pobieranego w niepe\u0142nym zakresie \/ cz\u0119\u015bciowo w okresie przej\u015bciowym, od 1 lipca 2025 r. do 31 grudnia 2026 r., wyniesie 15%, natomiast od 1 stycznia 2027 r. wzro\u015bnie do 25%.<\/p>\n\n\n\n<p>Wa\u017cne \u2013 w przypadku zawarcia nowego zwi\u0105zku ma\u0142\u017ce\u0144skiego przez osob\u0119 uprawnion\u0105, wyp\u0142ata \u015bwiadczenia zostanie zako\u0144czona w dniu poprzedzaj\u0105cym dat\u0119 zawarcia tego zwi\u0105zku.<\/p>\n\n\n\n<h2 class=\"wp-block-heading\"><span class=\"ez-toc-section\" id=\"Limit-renty-wdowiej-%E2%80%93-jak-jest-okreslony-i-co-obejmuje\"><\/span>Limit renty wdowiej \u2013 jak jest okre\u015blony i co obejmuje?<span class=\"ez-toc-section-end\"><\/span><\/h2>\n\n\n\n<p>Nowelizacja ustawy o emeryturach i rentach z <a href=\"https:\/\/www.profinfo.pl\/hasla-lex\/fundusz-ubezpieczen-spolecznych,1047.html?utm_source=blog&amp;utm_medium=link&amp;utm_campaign=Renta+wdowia.+Co+o+niej+wiemy+na+prze%C5%82omie+2024+i+2025+roku%3F&amp;utm_content=Funduszu+Ubezpiecze%C5%84+Spo%C5%82ecznych\">Funduszu Ubezpiecze\u0144 Spo\u0142ecznych<\/a> wprowadza istotne ograniczenie dotycz\u0105ce sumy \u015bwiadcze\u0144 wyp\u0142acanych w zbiegu w ramach renty wdowiej. Zgodnie z nowym art. 95a ust. 4 ustawy, \u0142\u0105czna wysoko\u015b\u0107 wyp\u0142acanych \u015bwiadcze\u0144 nie mo\u017ce przekracza\u0107 trzykrotno\u015bci kwoty najni\u017cszej emerytury, o kt\u00f3rej mowa w art. 85 ust. 2. Analogiczne przepisy wprowadzono tak\u017ce w ustawie o ubezpieczeniu spo\u0142ecznym rolnik\u00f3w (art. 33a).<\/p>\n\n\n\n<p>Ograniczenie to obejmuje nie tylko \u015bwiadczenia wyp\u0142acane przez <a href=\"https:\/\/www.profinfo.pl\/hasla-lex\/zaklad-ubezpieczen-spolecznych,5751.html?utm_source=blog&amp;utm_medium=link&amp;utm_campaign=Renta+wdowia.+Co+o+niej+wiemy+na+prze%C5%82omie+2024+i+2025+roku%3F&amp;utm_content=Zak%C5%82ad+Ubezpiecze%C5%84+Spo%C5%82ecznych\">Zak\u0142ad Ubezpiecze\u0144 Spo\u0142ecznych<\/a>, ale r\u00f3wnie\u017c inne \u015bwiadczenia emerytalno-rentowe. Do limitu wliczane s\u0105 m.in. \u015bwiadczenia wyp\u0142acane przez instytucje zagraniczne, dodatki o charakterze sta\u0142ym oraz \u015bwiadczenia wyp\u0142acane na podstawie odr\u0119bnych przepis\u00f3w. Taka regulacja ma na celu zachowanie r\u00f3wnowagi finansowej w systemie ubezpiecze\u0144 spo\u0142ecznych i zapobieganie nadmiernym wyp\u0142atom, kt\u00f3re mog\u0142yby obci\u0105\u017ca\u0107 bud\u017cet pa\u0144stwa.<\/p>\n\n\n\n<p>Ustawa informuje r\u00f3wnie\u017c, \u017ce <em>w przypadku przekroczenia kwoty trzykrotno\u015bci kwoty najni\u017cszej emerytury, o kt\u00f3rej mowa w art. 85 ust. 2, \u015bwiadczenia, o kt\u00f3rych mowa w ust. 1, ulegaj\u0105 pomniejszeniu o kwot\u0119 przekroczenia wed\u0142ug kolejno\u015bci:<\/em><\/p>\n\n\n\n<ol class=\"wp-block-list\">\n<li><em>\u015bwiadczenia finansowane z bud\u017cetu pa\u0144stwa:<\/em> \n<ul class=\"wp-block-list\">\n<li><em>\u015bwiadczenia z zaopatrzenia emerytalno-rentowego \u017co\u0142nierzy zawodowych,<\/em><\/li>\n\n\n\n<li><em>\u015bwiadczenia z zaopatrzenia emerytalno-rentowego funkcjonariuszy Policji, Urz\u0119du Ochrony Pa\u0144stwa, Agencji Bezpiecze\u0144stwa Wewn\u0119trznego, Agencji Wywiadu, S\u0142u\u017cby Kontrwywiadu Wojskowego, S\u0142u\u017cby Wywiadu Wojskowego, Centralnego Biura Antykorupcyjnego, Stra\u017cy Granicznej, Stra\u017cy Marsza\u0142kowskiej, Biura Ochrony Rz\u0105du, S\u0142u\u017cby Ochrony Pa\u0144stwa, Pa\u0144stwowej Stra\u017cy Po\u017carnej, S\u0142u\u017cby Celnej, S\u0142u\u017cby Celno-Skarbowej i S\u0142u\u017cby Wi\u0119ziennej,<\/em><\/li>\n\n\n\n<li><em>inne \u015bwiadczenia;<\/em> <\/li>\n<\/ul>\n<\/li>\n\n\n\n<li><em>\u015bwiadczenia finansowane z Funduszu Emerytalno-Rentowego Kasy Rolniczego Ubezpieczenia Spo\u0142ecznego;<\/em><\/li>\n\n\n\n<li><em>\u015bwiadczenia finansowane z Funduszu Pracy;<\/em><\/li>\n\n\n\n<li><em>\u015bwiadczenia finansowane z Funduszu Emerytur Pomostowych;<\/em><\/li>\n\n\n\n<li><em>\u015bwiadczenia finansowane z Fundu<\/em>szu.<\/li>\n<\/ol>\n\n\n\n<figure class=\"wp-block-pullquote alignwide has-border-color has-small-font-size\" style=\"border-color:#85bc20;border-style:dotted\"><blockquote><p><a href=\"https:\/\/www.profinfo.pl\/sklep\/zus-ubezpieczenia.html?utm_source=blog&amp;utm_medium=link&amp;utm_campaign=Renta+wdowia.+Co+o+niej+wiemy+na+prze%C5%82omie+2024+i+2025+roku%3F&amp;utm_content=ZUS%2C+Ubezpieczenia\">ZUS, Ubezpieczenia<\/a><\/p><cite>Sprawd\u017a najnowsze publikacje o tematyce ubezpiecze\u0144<\/cite><\/blockquote><\/figure>\n\n\n\n<h2 class=\"wp-block-heading\"><span class=\"ez-toc-section\" id=\"Procedura-ubiegania-sie-o-rente-wdowia\"><\/span>Procedura ubiegania si\u0119 o rent\u0119 wdowi\u0105<span class=\"ez-toc-section-end\"><\/span><\/h2>\n\n\n\n<p>Mo\u017cliwo\u015b\u0107 ubiegania si\u0119 o rent\u0119 wdowi\u0105 rozpocznie si\u0119 1 stycznia 2025 roku. Od tego dnia wnioski mo\u017cna b\u0119dzie sk\u0142ada\u0107 w kilku dogodnych formach:<\/p>\n\n\n\n<ul class=\"wp-block-list\">\n<li>Osobi\u015bcie w dowolnej jednostce organizacyjnej Zak\u0142adu Ubezpiecze\u0144 Spo\u0142ecznych (lub Kasy Rolniczego Ubezpieczenia Spo\u0142ecznego, je\u015bli dotyczy),<\/li>\n\n\n\n<li>Za po\u015brednictwem poczty, korzystaj\u0105c z us\u0142ug operatora krajowego lub zagranicznego,<\/li>\n\n\n\n<li>Przez elektroniczn\u0105 skrzynk\u0119 podawcz\u0105, z wykorzystaniem platformy KRUS-<a href=\"https:\/\/www.profinfo.pl\/hasla-lex\/epuap,831.html?utm_source=blog&amp;utm_medium=link&amp;utm_campaign=Renta+wdowia.+Co+o+niej+wiemy+na+prze%C5%82omie+2024+i+2025+roku%3F&amp;utm_content=ePUAP\">ePUAP<\/a>,<\/li>\n\n\n\n<li>W formie elektronicznej, przy u\u017cyciu kwalifikowanego podpisu elektronicznego lub podpisu zaufanego.<\/li>\n\n\n\n<li>Przez Platform\u0119 Us\u0142ug Elektronicznych (PUE)\/eZUS.<\/li>\n<\/ul>\n\n\n\n<p>Po\u0142\u0105czone \u015bwiadczenia b\u0119d\u0105 wyp\u0142acane od 1 lipca 2025 roku. Aby otrzymywa\u0107 rent\u0119 wdowi\u0105 od tej daty, wniosek nale\u017cy z\u0142o\u017cy\u0107 do 31 lipca 2025 roku.<\/p>\n\n\n\n<p>Je\u015bli warunki do \u0142\u0105cznej wyp\u0142aty \u015bwiadcze\u0144 zostan\u0105 spe\u0142nione po 31 lipca 2025 roku lub wniosek zostanie z\u0142o\u017cony po tej dacie, wyp\u0142ata \u015bwiadcze\u0144 rozpocznie si\u0119 od dnia spe\u0142nienia warunk\u00f3w, jednak nie wcze\u015bniej ni\u017c od miesi\u0105ca, w kt\u00f3rym wniosek zostanie z\u0142o\u017cony.<\/p>\n\n\n\n<p>Osoby zainteresowane mog\u0105 zapozna\u0107 si\u0119 z formularzami wniosk\u00f3w o rent\u0119 wdowi\u0105 ju\u017c teraz. Wzory dokument\u00f3w zosta\u0142y bowiem udost\u0119pnione na stronach internetowych ZUS i KRUS, a tak\u017ce we wszystkich jednostkach organizacyjnych tych instytucji.<\/p>\n","protected":false},"excerpt":{"rendered":"<p>1 stycznia 2025 roku w \u017cycie wesz\u0142a Ustawa z dnia 26 lipca 2024 r. o zmianie ustawy o emeryturach i rentach z Funduszu Ubezpiecze\u0144 Spo\u0142ecznych oraz niekt\u00f3rych innych ustaw (Dz. U. poz. 1243 z p\u00f3\u017an. zm.) wprowadzaj\u0105ca rent\u0119 wdowi\u0105. Umo\u017cliwia ona \u0142\u0105czenie cz\u0119\u015bci \u015bwiadcze\u0144, co stanowi odpowied\u017a na postulaty spo\u0142eczne o lepsze zabezpieczenie ekonomiczne dla &hellip; <\/p>\n<p><a href=\"https:\/\/www.profinfo.pl\/blog\/renta-wdowia-co-o-niej-wiemy\/\" class=\"more-link\">Czytaj wi\u0119cej<span class=\"screen-reader-text\"> &#8222;Renta wdowia. Co o niej wiemy na prze\u0142omie 2024 i 2025 roku?&#8221;<\/span><\/a><\/p>\n","protected":false},"author":1,"featured_media":3643,"comment_status":"open","ping_status":"open","sticky":false,"template":"","format":"standard","meta":{"footnotes":""},"categories":[71,70],"tags":[113],"class_list":["post-3634","post","type-post","status-publish","format-standard","has-post-thumbnail","hentry","category-porady","category-aktualnosci","tag-prawo-pracy-i-ubezpieczen-spolecznych"],"_links":{"self":[{"href":"https:\/\/www.profinfo.pl\/blog\/wp-json\/wp\/v2\/posts\/3634","targetHints":{"allow":["GET"]}}],"collection":[{"href":"https:\/\/www.profinfo.pl\/blog\/wp-json\/wp\/v2\/posts"}],"about":[{"href":"https:\/\/www.profinfo.pl\/blog\/wp-json\/wp\/v2\/types\/post"}],"author":[{"embeddable":true,"href":"https:\/\/www.profinfo.pl\/blog\/wp-json\/wp\/v2\/users\/1"}],"replies":[{"embeddable":true,"href":"https:\/\/www.profinfo.pl\/blog\/wp-json\/wp\/v2\/comments?post=3634"}],"version-history":[{"count":9,"href":"https:\/\/www.profinfo.pl\/blog\/wp-json\/wp\/v2\/posts\/3634\/revisions"}],"predecessor-version":[{"id":3653,"href":"https:\/\/www.profinfo.pl\/blog\/wp-json\/wp\/v2\/posts\/3634\/revisions\/3653"}],"wp:featuredmedia":[{"embeddable":true,"href":"https:\/\/www.profinfo.pl\/blog\/wp-json\/wp\/v2\/media\/3643"}],"wp:attachment":[{"href":"https:\/\/www.profinfo.pl\/blog\/wp-json\/wp\/v2\/media?parent=3634"}],"wp:term":[{"taxonomy":"category","embeddable":true,"href":"https:\/\/www.profinfo.pl\/blog\/wp-json\/wp\/v2\/categories?post=3634"},{"taxonomy":"post_tag","embeddable":true,"href":"https:\/\/www.profinfo.pl\/blog\/wp-json\/wp\/v2\/tags?post=3634"}],"curies":[{"name":"wp","href":"https:\/\/api.w.org\/{rel}","templated":true}]}}