{"id":3678,"date":"2025-03-28T09:14:32","date_gmt":"2025-03-28T08:14:32","guid":{"rendered":"https:\/\/www.profinfo.pl\/blog\/?p=3678"},"modified":"2025-09-08T13:12:01","modified_gmt":"2025-09-08T11:12:01","slug":"jakie-ksiazki-na-pierwszy-rok-prawa-wybrac","status":"publish","type":"post","link":"https:\/\/www.profinfo.pl\/blog\/jakie-ksiazki-na-pierwszy-rok-prawa-wybrac\/","title":{"rendered":"Jakie ksi\u0105\u017cki na pierwszy rok prawa wybra\u0107?"},"content":{"rendered":"\n<p>Pocz\u0105tkowy etap edukacji prawniczej bywa szczeg\u00f3lnie trudny, poniewa\u017c wymaga opanowania specyficznego j\u0119zyka prawniczego oraz zrozumienia nowych zagadnie\u0144, kt\u00f3re w przysz\u0142o\u015bci stan\u0105 si\u0119 podstaw\u0105 praktyki zawodowej. Aby u\u0142atwi\u0107 sobie start w doros\u0142e \u017cycie, warto od samego pocz\u0105tku si\u0119ga\u0107 po odpowiednio dobran\u0105 literatur\u0119, pomagaj\u0105c\u0105 uporz\u0105dkowa\u0107 wiedz\u0119 oraz oswoi\u0107 si\u0119 z dan\u0105 tematyk\u0105. Starannie dobrane ksi\u0105\u017cki prawnicze pozwalaj\u0105 studentom szybciej odnale\u017a\u0107 si\u0119 w nowej rzeczywisto\u015bci, skutecznie u\u0142atwiaj\u0105 nauk\u0119 i stanowi\u0105 wsparcie w trakcie ca\u0142ej edukacji. W\u0142a\u015bnie takie publikacje znajduj\u0105 si\u0119 w ofercie ksi\u0119garni internetowej Profinfo.pl, zapewniaj\u0105c studentom dost\u0119p do rzetelnych materia\u0142\u00f3w edukacyjnych przygotowanych przez ekspert\u00f3w. Sprawd\u017amy wi\u0119c, jakie pozycje powinny znale\u017a\u0107 si\u0119 w biblioteczce studenta pierwszego roku studi\u00f3w prawniczych.<\/p>\n\n\n\n<!--more-->\n\n\n\n<h2 class=\"wp-block-heading\">Zestawienie najwa\u017cniejszych publikacji dla student\u00f3w 1 roku prawa<\/h2>\n\n\n\n<div id=\"ez-toc-container\" class=\"ez-toc-v2_0_82_2 counter-hierarchy ez-toc-counter ez-toc-custom ez-toc-container-direction\">\n<div class=\"ez-toc-title-container\">\n<p class=\"ez-toc-title\" style=\"cursor:inherit\">Spis tre\u015bci<\/p>\n<span class=\"ez-toc-title-toggle\"><a href=\"#\" class=\"ez-toc-pull-right ez-toc-btn ez-toc-btn-xs ez-toc-btn-default ez-toc-toggle\" aria-label=\"Prze\u0142\u0105cznik Spisu Tre\u015bci\"><span class=\"ez-toc-js-icon-con\"><span class=\"\"><span class=\"eztoc-hide\" style=\"display:none;\">Toggle<\/span><span class=\"ez-toc-icon-toggle-span\"><svg style=\"fill: #676767;color:#676767\" xmlns=\"http:\/\/www.w3.org\/2000\/svg\" class=\"list-377408\" width=\"20px\" height=\"20px\" viewBox=\"0 0 24 24\" fill=\"none\"><path d=\"M6 6H4v2h2V6zm14 0H8v2h12V6zM4 11h2v2H4v-2zm16 0H8v2h12v-2zM4 16h2v2H4v-2zm16 0H8v2h12v-2z\" fill=\"currentColor\"><\/path><\/svg><svg style=\"fill: #676767;color:#676767\" class=\"arrow-unsorted-368013\" xmlns=\"http:\/\/www.w3.org\/2000\/svg\" width=\"10px\" height=\"10px\" viewBox=\"0 0 24 24\" version=\"1.2\" baseProfile=\"tiny\"><path d=\"M18.2 9.3l-6.2-6.3-6.2 6.3c-.2.2-.3.4-.3.7s.1.5.3.7c.2.2.4.3.7.3h11c.3 0 .5-.1.7-.3.2-.2.3-.5.3-.7s-.1-.5-.3-.7zM5.8 14.7l6.2 6.3 6.2-6.3c.2-.2.3-.5.3-.7s-.1-.5-.3-.7c-.2-.2-.4-.3-.7-.3h-11c-.3 0-.5.1-.7.3-.2.2-.3.5-.3.7s.1.5.3.7z\"\/><\/svg><\/span><\/span><\/span><\/a><\/span><\/div>\n<nav><ul class='ez-toc-list ez-toc-list-level-1 ' ><li class='ez-toc-page-1 ez-toc-heading-level-3'><a class=\"ez-toc-link ez-toc-heading-1\" href=\"https:\/\/www.profinfo.pl\/blog\/jakie-ksiazki-na-pierwszy-rok-prawa-wybrac\/#Wstep-do-prawoznawstwa\" >Wst\u0119p do prawoznawstwa<\/a><\/li><li class='ez-toc-page-1 ez-toc-heading-level-3'><a class=\"ez-toc-link ez-toc-heading-2\" href=\"https:\/\/www.profinfo.pl\/blog\/jakie-ksiazki-na-pierwszy-rok-prawa-wybrac\/#Logika-prawnicza\" >Logika prawnicza<\/a><\/li><li class='ez-toc-page-1 ez-toc-heading-level-3'><a class=\"ez-toc-link ez-toc-heading-3\" href=\"https:\/\/www.profinfo.pl\/blog\/jakie-ksiazki-na-pierwszy-rok-prawa-wybrac\/#Historia-panstwa-i-prawa-polskiego-966-1795\" >Historia pa\u0144stwa i prawa polskiego (966-1795)<\/a><\/li><li class='ez-toc-page-1 ez-toc-heading-level-3'><a class=\"ez-toc-link ez-toc-heading-4\" href=\"https:\/\/www.profinfo.pl\/blog\/jakie-ksiazki-na-pierwszy-rok-prawa-wybrac\/#Polskie-prawo-konstytucyjne\" >Polskie prawo konstytucyjne<\/a><\/li><li class='ez-toc-page-1 ez-toc-heading-level-3'><a class=\"ez-toc-link ez-toc-heading-5\" href=\"https:\/\/www.profinfo.pl\/blog\/jakie-ksiazki-na-pierwszy-rok-prawa-wybrac\/#Prawo-rzymskie\" >Prawo rzymskie<\/a><\/li><li class='ez-toc-page-1 ez-toc-heading-level-3'><a class=\"ez-toc-link ez-toc-heading-6\" href=\"https:\/\/www.profinfo.pl\/blog\/jakie-ksiazki-na-pierwszy-rok-prawa-wybrac\/#Powszechna-historia-panstwa-i-prawa\" >Powszechna historia pa\u0144stwa i prawa<\/a><\/li><\/ul><\/nav><\/div>\n<h3 class=\"wp-block-heading\"><span class=\"ez-toc-section\" id=\"Wstep-do-prawoznawstwa\"><\/span><a href=\"https:\/\/www.profinfo.pl\/sklep\/wstep-do-prawoznawstwa,138908.html?utm_source=blog&amp;utm_medium=link&amp;utm_campaign=Jakie+ksi%C4%85%C5%BCki+na+pierwszy+rok+prawa+wybra%C4%87%3F&amp;utm_content=Wst%C4%99p+do+prawoznawstwa\">Wst\u0119p do prawoznawstwa<\/a><span class=\"ez-toc-section-end\"><\/span><\/h3>\n\n\n<div class=\"wp-block-image is-style-default\">\n<figure class=\"alignleft size-full is-resized\"><a href=\"https:\/\/www.profinfo.pl\/sklep\/wstep-do-prawoznawstwa,138908.html?utm_source=blog&amp;utm_medium=baner&amp;utm_campaign=Jakie+ksi%C4%85%C5%BCki+na+pierwszy+rok+prawa+wybra%C4%87%3F&amp;utm_content=Wst%C4%99p+do+prawoznawstwa\"><img decoding=\"async\" width=\"800\" height=\"1128\" src=\"https:\/\/www.profinfo.pl\/blog\/wp-content\/uploads\/2025\/04\/978-83-8223-384-1_.jpg.webp\" alt=\"Wst\u0119p do prawoznawstwa\" class=\"wp-image-3679\" style=\"width:250px\" title=\"\"><\/a><\/figure>\n<\/div>\n\n\n<p>Ceniony podr\u0119cznik akademicki, kt\u00f3ry od lat stanowi nieocenion\u0105 pomoc dla student\u00f3w rozpoczynaj\u0105cych nauk\u0119 prawa. Autorzy \u2013 Agnieszka Bielska-Brodziak, Iwona Bogucka, J\u00f3zef Nowacki, Lidia Rodak, S\u0142awomir Tkacz, Zygmunt Tobor oraz Aleksandra Wentkowska \u2013 w przyst\u0119pny spos\u00f3b przedstawiaj\u0105 fundamentalne poj\u0119cia i zagadnienia zwi\u0105zane z naukami prawnymi. Publikacja obejmuje takie tematy jak: definicja i rodzaje przepis\u00f3w prawa, ich adresaci, fakty prawne oraz skutki prawne. Dodatkowo omawia procesy tworzenia i stosowania prawa, znaczenie wyk\u0142adni oraz argumentacji prawniczej w praktyce. W najnowszym, sz\u00f3stym wydaniu, autorzy rozszerzyli tre\u015bci dotycz\u0105ce m.in. adresat\u00f3w przepis\u00f3w, fakt\u00f3w prawnych, podzia\u0142u norm na zasady i regu\u0142y, a tak\u017ce doktryn pasywizmu i aktywizmu s\u0119dziowskiego. Zaktualizowano r\u00f3wnie\u017c informacje zwi\u0105zane z prawem europejskim oraz etyk\u0105 zawod\u00f3w prawniczych, wzbogacaj\u0105c ksi\u0105\u017ck\u0119 o nowe zako\u0144czenie. Dzi\u0119ki krytycznemu podej\u015bciu do omawianych temat\u00f3w publikacja nie tylko przekazuje wiedz\u0119 teoretyczn\u0105, ale tak\u017ce rozwija umiej\u0119tno\u015b\u0107 analizy i interpretacji zjawisk prawnych, co jest niezb\u0119dne w przysz\u0142ej praktyce zawodowej.<\/p>\n\n\n\n<p>\u015awietnym uzupe\u0142nieniem tej pozycji b\u0119dzie ksi\u0105\u017cka <em><a href=\"https:\/\/www.profinfo.pl\/sklep\/wstep-do-prawoznawstwa-testy-egzaminacyjne,22876.html?utm_source=blog&amp;utm_medium=link&amp;utm_campaign=Jakie+ksi%C4%85%C5%BCki+na+pierwszy+rok+prawa+wybra%C4%87%3F&amp;utm_content=Wst%C4%99p+do+prawoznawstwa.+Testy+egzaminacyjne\">Wst\u0119p do prawoznawstwa. Testy egzaminacyjne<\/a><\/em>, zawieraj\u0105ca ponad 500 pyta\u0144 testowych z odpowiedziami, dzi\u0119ki kt\u00f3rym szybko zweryfikujesz swoj\u0105 wiedz\u0119 przed egzaminem.<\/p>\n\n\n\n<h3 class=\"wp-block-heading\"><span class=\"ez-toc-section\" id=\"Logika-prawnicza\"><\/span><a href=\"https:\/\/www.profinfo.pl\/sklep\/logika-dla-prawnikow,576511.html?utm_source=blog&amp;utm_medium=link&amp;utm_campaign=Jakie+ksi%C4%85%C5%BCki+na+pierwszy+rok+prawa+wybra%C4%87%3F&amp;utm_content=Logika+dla+prawnik%C3%B3w\">Logika prawnicza<\/a><span class=\"ez-toc-section-end\"><\/span><\/h3>\n\n\n<div class=\"wp-block-image\">\n<figure class=\"alignleft size-full is-resized\"><a href=\"https:\/\/www.profinfo.pl\/sklep\/logika-dla-prawnikow,576511.html?utm_source=blog&amp;utm_medium=baner&amp;utm_campaign=Jakie+ksi%C4%85%C5%BCki+na+pierwszy+rok+prawa+wybra%C4%87%3F&amp;utm_content=Logika+dla+prawnik%C3%B3w\"><img decoding=\"async\" width=\"800\" height=\"1133\" src=\"https:\/\/www.profinfo.pl\/blog\/wp-content\/uploads\/2025\/04\/978-83-8358-899-5_.jpg.webp\" alt=\"Logika dla prawnik\u00f3w\" class=\"wp-image-3680\" style=\"width:250px\" title=\"\"><\/a><\/figure>\n<\/div>\n\n\n<p>Ksi\u0105\u017cka autorstwa S\u0142awomira Lewandowskiego, Hanny Machi\u0144skiej, Andrzeja Malinowskiego oraz Jacka Petzla, wprowadza student\u00f3w w \u015bwiat logicznego my\u015blenia, kt\u00f3re stanowi fundament efektywnej pracy ka\u017cdego prawnika. Publikacja ta w kompleksowy spos\u00f3b omawia zagadnienia zwi\u0105zane z poprawn\u0105 argumentacj\u0105, interpretacj\u0105 przepis\u00f3w oraz analiz\u0105 tekst\u00f3w prawnych. Umiej\u0119tno\u015bci logicznego wnioskowania oraz poprawnego formu\u0142owania definicji czy podzia\u0142\u00f3w logicznych s\u0105 niezb\u0119dne podczas przygotowywania pism procesowych, rozstrzygania problem\u00f3w prawnych, a tak\u017ce uczestnictwa w dyskusjach akademickich czy zawodowych. Podr\u0119cznik ten, wzbogacony o praktyczne przyk\u0142ady oraz zestaw pyta\u0144 testowych, skutecznie pomo\u017ce nie tylko zrozumie\u0107 istot\u0119 logiki prawniczej, ale tak\u017ce wdro\u017cy\u0107 zasady logicznego my\u015blenia do codziennej praktyki zawodowej. Dzi\u0119ki takiemu podej\u015bciu przyszli prawnicy ucz\u0105 si\u0119 precyzyjnego wyra\u017cania my\u015bli, co w przysz\u0142o\u015bci pozwoli im na unikni\u0119cie nieporozumie\u0144 oraz b\u0142\u0119d\u00f3w interpretacyjnych w trakcie stosowania prawa.<\/p>\n\n\n\n<h3 class=\"wp-block-heading\"><span class=\"ez-toc-section\" id=\"Historia-panstwa-i-prawa-polskiego-966-1795\"><\/span><a href=\"https:\/\/www.profinfo.pl\/sklep\/historia-panstwa-i-prawa-polskiego-966-1795,154972.html?utm_source=blog&amp;utm_medium=link&amp;utm_campaign=Jakie+ksi%C4%85%C5%BCki+na+pierwszy+rok+prawa+wybra%C4%87%3F&amp;utm_content=Historia+pa%C5%84stwa+i+prawa+polskiego+%28966-1795%29\">Historia pa\u0144stwa i prawa polskiego (966-1795)<\/a><span class=\"ez-toc-section-end\"><\/span><\/h3>\n\n\n<div class=\"wp-block-image\">\n<figure class=\"alignleft size-full is-resized\"><a href=\"https:\/\/www.profinfo.pl\/sklep\/historia-panstwa-i-prawa-polskiego-966-1795,154972.html?utm_source=blog&amp;utm_medium=baner&amp;utm_campaign=Jakie+ksi%C4%85%C5%BCki+na+pierwszy+rok+prawa+wybra%C4%87%3F&amp;utm_content=Historia+pa%C5%84stwa+i+prawa+polskiego+%28966-1795%29\"><img decoding=\"async\" width=\"800\" height=\"1076\" src=\"https:\/\/www.profinfo.pl\/blog\/wp-content\/uploads\/2025\/04\/978-83-8246-518-1_.jpg.webp\" alt=\"Historia pa\u0144stwa i prawa polskiego (966-1795)\" class=\"wp-image-3681\" style=\"width:250px\" title=\"\"><\/a><\/figure>\n<\/div>\n\n\n<p>Ksi\u0105\u017cka autorstwa Wac\u0142awa Uruszczaka to obszerne opracowanie przedstawiaj\u0105ce rozw\u00f3j ustroju oraz ewolucj\u0119 instytucji politycznych i prawnych Polski od momentu jej powstania w X wieku a\u017c do utraty niepodleg\u0142o\u015bci pod koniec XVIII wieku. Publikacja ukazuje, jak na przestrzeni wiek\u00f3w zmienia\u0142o si\u0119 terytorium kraju, struktury spo\u0142eczne, formy rz\u0105d\u00f3w oraz systemy prawne, dostarczaj\u0105c czytelnikowi pe\u0142nego obrazu kszta\u0142towania si\u0119 polskiej pa\u0144stwowo\u015bci. \u200b<\/p>\n\n\n\n<p>Ksi\u0105\u017cka wyr\u00f3\u017cnia si\u0119 nowatorskim podej\u015bciem do periodyzacji historii ustroju Polski, oferuj\u0105c \u015bwie\u017ce spojrzenie na najwa\u017cniejsze momenty w dziejach pa\u0144stwa. Autor analizuje wp\u0142yw zar\u00f3wno czynnik\u00f3w obiektywnych, jak i dzia\u0142a\u0144 konkretnych lider\u00f3w \u2013 ksi\u0105\u017c\u0105t, kr\u00f3l\u00f3w oraz przedstawicieli elit spo\u0142ecznych \u2013 na kszta\u0142towanie si\u0119 instytucji politycznych i prawnych. Dzi\u0119ki temu studenci zyskuj\u0105 nie tylko wiedz\u0119 o faktach historycznych, ale r\u00f3wnie\u017c zrozumienie mechanizm\u00f3w stoj\u0105cych za przemianami ustrojowymi. \u200bDu\u017cym atutem publikacji jest klarowny j\u0119zyk i przyst\u0119pna forma, umo\u017cliwiaj\u0105ca zrozumienie skomplikowanych proces\u00f3w historycznych, kt\u00f3re ukszta\u0142towa\u0142y wsp\u00f3\u0142czesn\u0105 Polsk\u0119.<\/p>\n\n\n\n<h3 class=\"wp-block-heading\"><span class=\"ez-toc-section\" id=\"Polskie-prawo-konstytucyjne\"><\/span><a href=\"https:\/\/www.profinfo.pl\/sklep\/polskie-prawo-konstytucyjne,687703.html?utm_source=blog&amp;utm_medium=link&amp;utm_campaign=Jakie+ksi%C4%85%C5%BCki+na+pierwszy+rok+prawa+wybra%C4%87%3F&amp;utm_content=Polskie+prawo+konstytucyjne\">Polskie prawo konstytucyjne<\/a><span class=\"ez-toc-section-end\"><\/span><\/h3>\n\n\n<div class=\"wp-block-image\">\n<figure class=\"alignleft size-full is-resized\"><a href=\"https:\/\/www.profinfo.pl\/sklep\/polskie-prawo-konstytucyjne,687703.html?utm_source=blog&amp;utm_medium=baner&amp;utm_campaign=Jakie+ksi%C4%85%C5%BCki+na+pierwszy+rok+prawa+wybra%C4%87%3F&amp;utm_content=Polskie+prawo+konstytucyjne\"><img decoding=\"async\" width=\"800\" height=\"1128\" src=\"https:\/\/www.profinfo.pl\/blog\/wp-content\/uploads\/2025\/03\/prawo-konstytucyjne.webp\" alt=\"Polskie prawo konstytucyjne\" class=\"wp-image-3930\" style=\"width:250px\" title=\"\" srcset=\"https:\/\/www.profinfo.pl\/blog\/wp-content\/uploads\/2025\/03\/prawo-konstytucyjne.webp 800w, https:\/\/www.profinfo.pl\/blog\/wp-content\/uploads\/2025\/03\/prawo-konstytucyjne-213x300.webp 213w, https:\/\/www.profinfo.pl\/blog\/wp-content\/uploads\/2025\/03\/prawo-konstytucyjne-726x1024.webp 726w, https:\/\/www.profinfo.pl\/blog\/wp-content\/uploads\/2025\/03\/prawo-konstytucyjne-768x1083.webp 768w\" sizes=\"(max-width: 959px) 688px, 768px\" \/><\/a><\/figure>\n<\/div>\n\n\n<p>Prawo konstytucyjne to jeden z filar\u00f3w systemu prawnego, a jego znajomo\u015b\u0107 jest kluczowa dla zrozumienia struktury pa\u0144stwa i praw obywateli. Wczesne zapoznanie si\u0119 z t\u0105 dziedzin\u0105 ju\u017c na pierwszym roku studi\u00f3w prawniczych jest wi\u0119c niezwykle wa\u017cne.<\/p>\n\n\n\n<p>Rekomendowany przez nas podr\u0119cznik <strong>\u201ePolskie prawo konstytucyjne\u201d<\/strong> stanowi szczeg\u00f3\u0142owe om\u00f3wienie Konstytucji Rzeczypospolitej Polskiej z 1997 roku oraz innych akt\u00f3w normatywnych reguluj\u0105cych wolno\u015bci i prawa jednostki, a tak\u017ce organizacj\u0119 i funkcjonowanie naczelnych organ\u00f3w pa\u0144stwowych. Publikacja przedstawia r\u00f3wnie\u017c zmiany w polskim prawie konstytucyjnym w latach 1918\u20131997 oraz analizuje wp\u0142yw cz\u0142onkostwa Polski w Unii Europejskiej na funkcjonowanie pa\u0144stwa. Si\u00f3dme wydanie uwzgl\u0119dnia transformacj\u0119 polityczn\u0105 po wyborach parlamentarnych z 2023 roku, w tym sytuacj\u0119 kohabitacji i wynikaj\u0105ce z niej kontrowersyjne decyzje. Ksi\u0105\u017cka, autorstwa pracownik\u00f3w (tak\u017ce emerytowanych) Katedry Prawa Konstytucyjnego Uniwersytetu \u0141\u00f3dzkiego, zdoby\u0142a drug\u0105 nagrod\u0119 w X edycji Konkursu na Najlepszy Podr\u0119cznik Akademicki U\u0141. Opracowanie jest przeznaczone dla student\u00f3w wydzia\u0142\u00f3w prawa, a tak\u017ce stanowi pomoc dydaktyczn\u0105 dla kierunk\u00f3w nieprawniczych, takich jak administracja, politologia, socjologia, europeistyka czy bezpiecze\u0144stwo narodowe.<\/p>\n\n\n\n<p>Dzi\u0119ki jasnemu j\u0119zykowi i starannie dobranym przyk\u0142adom studenci mog\u0105 \u0142atwiej zrozumie\u0107 skomplikowane kwestie ustrojowe oraz znaczenie Konstytucji w praktyce prawniczej.<\/p>\n\n\n\n<h3 class=\"wp-block-heading\"><span class=\"ez-toc-section\" id=\"Prawo-rzymskie\"><\/span><a href=\"https:\/\/www.profinfo.pl\/sklep\/prawo-rzymskie,152846.html?utm_source=blog&amp;utm_medium=link&amp;utm_campaign=Jakie+ksi%C4%85%C5%BCki+na+pierwszy+rok+prawa+wybra%C4%87%3F&amp;utm_content=Prawo+rzymskie\">Prawo rzymskie<\/a><span class=\"ez-toc-section-end\"><\/span><\/h3>\n\n\n<div class=\"wp-block-image\">\n<figure class=\"alignleft size-full is-resized\"><a href=\"https:\/\/www.profinfo.pl\/sklep\/prawo-rzymskie,152846.html?utm_source=blog&amp;utm_medium=baner&amp;utm_campaign=Jakie+ksi%C4%85%C5%BCki+na+pierwszy+rok+prawa+wybra%C4%87%3F&amp;utm_content=Prawo+rzymskie\"><img decoding=\"async\" width=\"800\" height=\"1077\" src=\"https:\/\/www.profinfo.pl\/blog\/wp-content\/uploads\/2025\/04\/978-83-8246-251-7_.jpg.webp\" alt=\"Prawo rzymskie\" class=\"wp-image-3683\" style=\"width:250px\" title=\"\"><\/a><\/figure>\n<\/div>\n\n\n<p>Znajomo\u015b\u0107 prawa rzymskiego stanowi fundament dla zrozumienia system\u00f3w prawnych, gdy\u017c wiele wsp\u00f3\u0142czesnych instytucji prawnych wywodzi si\u0119 bezpo\u015brednio z rozwi\u0105za\u0144 stosowanych w staro\u017cytnym Rzymie. Podr\u0119cznik autorstwa Kazimierza Kola\u0144czyka przedstawia ewolucj\u0119 rzymskiego prawa prywatnego, ukazuj\u0105c jego wp\u0142yw na kszta\u0142towanie si\u0119 europejskich tradycji prawnych. Autor analizuje rozw\u00f3j poszczeg\u00f3lnych instytucji prawnych w kontek\u015bcie historycznym, pozwalaj\u0105c studentom dostrzec, jak dawne rozwi\u0105zania prawne znajduj\u0105 odzwierciedlenie w dzisiejszych regulacjach. Dzi\u0119ki temu czytelnicy nie tylko zdobywaj\u0105 wiedz\u0119 teoretyczn\u0105, ale r\u00f3wnie\u017c ucz\u0105 si\u0119 dostrzega\u0107 uniwersalne zasady rz\u0105dz\u0105ce prawem. Publikacja ta, wzbogacona o liczne przyk\u0142ady i analizy, stanowi cenne \u017ar\u00f3d\u0142o wiedzy dla ka\u017cdego, kto pragnie zrozumie\u0107 korzenie wsp\u00f3\u0142czesnych system\u00f3w prawnych i mechanizmy ich funkcjonowania.<\/p>\n\n\n\n<h3 class=\"wp-block-heading\"><span class=\"ez-toc-section\" id=\"Powszechna-historia-panstwa-i-prawa\"><\/span><a href=\"https:\/\/www.profinfo.pl\/sklep\/powszechna-historia-panstwa-i-prawa,184683.html?utm_source=blog&amp;utm_medium=link&amp;utm_campaign=Jakie+ksi%C4%85%C5%BCki+na+pierwszy+rok+prawa+wybra%C4%87%3F&amp;utm_content=Powszechna+historia+pa%C5%84stwa+i+prawa\">Powszechna historia pa\u0144stwa i prawa<\/a><span class=\"ez-toc-section-end\"><\/span><\/h3>\n\n\n<div class=\"wp-block-image\">\n<figure class=\"alignleft size-large is-resized\"><a href=\"https:\/\/www.profinfo.pl\/sklep\/powszechna-historia-panstwa-i-prawa,184683.html?utm_source=blog&amp;utm_medium=baner&amp;utm_campaign=Jakie+ksi%C4%85%C5%BCki+na+pierwszy+rok+prawa+wybra%C4%87%3F&amp;utm_content=Powszechna+historia+pa%C5%84stwa+i+prawa\"><img decoding=\"async\" width=\"761\" height=\"1024\" src=\"https:\/\/www.profinfo.pl\/blog\/wp-content\/uploads\/2025\/03\/powszechna-historia-panstwa-i-prawa-761x1024.webp\" alt=\"Powszechna historia pa\u0144stwa i prawa\" class=\"wp-image-3933\" style=\"width:250px\" title=\"\" srcset=\"https:\/\/www.profinfo.pl\/blog\/wp-content\/uploads\/2025\/03\/powszechna-historia-panstwa-i-prawa-761x1024.webp 761w, https:\/\/www.profinfo.pl\/blog\/wp-content\/uploads\/2025\/03\/powszechna-historia-panstwa-i-prawa-223x300.webp 223w, https:\/\/www.profinfo.pl\/blog\/wp-content\/uploads\/2025\/03\/powszechna-historia-panstwa-i-prawa-768x1034.webp 768w, https:\/\/www.profinfo.pl\/blog\/wp-content\/uploads\/2025\/03\/powszechna-historia-panstwa-i-prawa.webp 800w\" sizes=\"(max-width: 479px) 90vw, (max-width: 599px) 432px, 536px\" \/><\/a><\/figure>\n<\/div>\n\n\n<p>Historia powszechna prawa zajmuje si\u0119 analiz\u0105 ewolucji system\u00f3w prawnych w r\u00f3\u017cnych cz\u0119\u015bciach \u015bwiata, ukazuj\u0105c, w jaki spos\u00f3b cywilizacje i kultury tworzy\u0142y regu\u0142y porz\u0105dkuj\u0105ce \u017cycie spo\u0142eczne na przestrzeni wiek\u00f3w. Jej znajomo\u015b\u0107 jest kluczowa dla zrozumienia wsp\u00f3\u0142czesnych porz\u0105dk\u00f3w prawnych, kt\u00f3re w du\u017cej mierze wyrastaj\u0105 z dawnych tradycji, takich jak prawo rzymskie, anglosaskie czy kanoniczne. Badania w tym obszarze pozwalaj\u0105 uchwyci\u0107, jak normy prawne dostosowywa\u0142y si\u0119 do przemian politycznych, spo\u0142ecznych i gospodarczych, kszta\u0142tuj\u0105c podstawy instytucji funkcjonuj\u0105cych do dzi\u015b. Dzi\u0119ki temu studenci mog\u0105 nie tylko lepiej pozna\u0107 genez\u0119 obowi\u0105zuj\u0105cych regulacji, lecz tak\u017ce zrozumie\u0107 wp\u0142yw wydarze\u0144 historycznych na rozw\u00f3j system\u00f3w prawnych w r\u00f3\u017cnych regionach \u015bwiata.<\/p>\n\n\n\n<p>W kontek\u015bcie powy\u017cszych zagadnie\u0144, fundamentalnym \u017ar\u00f3d\u0142em wiedzy jest rekomendowany podr\u0119cznik&nbsp;<strong>\u201ePowszechna historia pa\u0144stwa i prawa\u201d<\/strong>. Jest to dwunaste wydanie dzie\u0142a autorstwa prof. Micha\u0142a Sczanieckiego. Publikacja ta, b\u0119d\u0105ca owocem g\u0142\u0119bokiej wiedzy, erudycji i wieloletnich do\u015bwiadcze\u0144 dydaktycznych, w jasny i przyst\u0119pny spos\u00f3b przedstawia bogactwo materia\u0142u z dziej\u00f3w ustroj\u00f3w pa\u0144stwowych ca\u0142ego kr\u0119gu kultury prawnej. Jak podkre\u015bla prof. dr hab. Marek W\u0105sowicz we wst\u0119pie, jest to \u201eopus vitae prof. Sczanieckiego\u201d, kt\u00f3re mimo up\u0142ywu ponad p\u00f3\u0142wiecza zachowuje swoje wyj\u0105tkowe walory dydaktyczne i pozostaje podstawowym \u017ar\u00f3d\u0142em wiedzy o historii ustroj\u00f3w pa\u0144stwowych. Najnowsze wydanie zosta\u0142o uzupe\u0142nione o opis zmian ustrojowych, kt\u00f3re dokona\u0142y si\u0119 w mi\u0119dzyczasie w wybranych krajach Europy i Stanach Zjednoczonych. Dzie\u0142o jest adresowane zar\u00f3wno do student\u00f3w prawa, jak i do szerszego kr\u0119gu odbiorc\u00f3w, w tym prawnik\u00f3w zainteresowanych dziejami urz\u0105dze\u0144 ustrojowych cywilizacji europejskiej.<\/p>\n\n\n\n<figure class=\"wp-block-pullquote alignwide has-border-color has-small-font-size\" style=\"border-color:#85bc20;border-style:dashed\"><blockquote><p><a href=\"https:\/\/www.profinfo.pl\/sklep\/podreczniki-akademickie.html?utm_source=blog&amp;utm_medium=link&amp;utm_campaign=Jakie+ksi%C4%85%C5%BCki+na+pierwszy+rok+prawa+wybra%C4%87%3F&amp;utm_content=Wi%C4%99cej+podr%C4%99cznik%C3%B3w+akademickich+znajdziesz+w+Profinfo.pl\">Wi\u0119cej podr\u0119cznik\u00f3w akademickich znajdziesz w Profinfo.pl<\/a><\/p><cite>Polecamy<\/cite><\/blockquote><\/figure>\n\n\n\n<p>Odpowiednia literatura to klucz do sukcesu na pierwszym roku studi\u00f3w, a wymienione w artykule ksi\u0105\u017cki stanowi\u0105 solidn\u0105 podstaw\u0119 do nauki. Co wi\u0119cej, wskazane publikacje dost\u0119pne s\u0105 w r\u00f3\u017cnych formatach, pozwalaj\u0105c na ich wygodne dopasowanie do indywidualnych potrzeb.<\/p>\n","protected":false},"excerpt":{"rendered":"<p>Pocz\u0105tkowy etap edukacji prawniczej bywa szczeg\u00f3lnie trudny, poniewa\u017c wymaga opanowania specyficznego j\u0119zyka prawniczego oraz zrozumienia nowych zagadnie\u0144, kt\u00f3re w przysz\u0142o\u015bci stan\u0105 si\u0119 podstaw\u0105 praktyki zawodowej. Aby u\u0142atwi\u0107 sobie start w doros\u0142e \u017cycie, warto od samego pocz\u0105tku si\u0119ga\u0107 po odpowiednio dobran\u0105 literatur\u0119, pomagaj\u0105c\u0105 uporz\u0105dkowa\u0107 wiedz\u0119 oraz oswoi\u0107 si\u0119 z dan\u0105 tematyk\u0105. Starannie dobrane ksi\u0105\u017cki prawnicze pozwalaj\u0105 &hellip; <\/p>\n<p><a href=\"https:\/\/www.profinfo.pl\/blog\/jakie-ksiazki-na-pierwszy-rok-prawa-wybrac\/\" class=\"more-link\">Czytaj wi\u0119cej<span class=\"screen-reader-text\"> &#8222;Jakie ksi\u0105\u017cki na pierwszy rok prawa wybra\u0107?&#8221;<\/span><\/a><\/p>\n","protected":false},"author":1,"featured_media":3687,"comment_status":"open","ping_status":"open","sticky":false,"template":"","format":"standard","meta":{"footnotes":""},"categories":[71],"tags":[],"class_list":["post-3678","post","type-post","status-publish","format-standard","has-post-thumbnail","hentry","category-porady"],"_links":{"self":[{"href":"https:\/\/www.profinfo.pl\/blog\/wp-json\/wp\/v2\/posts\/3678","targetHints":{"allow":["GET"]}}],"collection":[{"href":"https:\/\/www.profinfo.pl\/blog\/wp-json\/wp\/v2\/posts"}],"about":[{"href":"https:\/\/www.profinfo.pl\/blog\/wp-json\/wp\/v2\/types\/post"}],"author":[{"embeddable":true,"href":"https:\/\/www.profinfo.pl\/blog\/wp-json\/wp\/v2\/users\/1"}],"replies":[{"embeddable":true,"href":"https:\/\/www.profinfo.pl\/blog\/wp-json\/wp\/v2\/comments?post=3678"}],"version-history":[{"count":7,"href":"https:\/\/www.profinfo.pl\/blog\/wp-json\/wp\/v2\/posts\/3678\/revisions"}],"predecessor-version":[{"id":3936,"href":"https:\/\/www.profinfo.pl\/blog\/wp-json\/wp\/v2\/posts\/3678\/revisions\/3936"}],"wp:featuredmedia":[{"embeddable":true,"href":"https:\/\/www.profinfo.pl\/blog\/wp-json\/wp\/v2\/media\/3687"}],"wp:attachment":[{"href":"https:\/\/www.profinfo.pl\/blog\/wp-json\/wp\/v2\/media?parent=3678"}],"wp:term":[{"taxonomy":"category","embeddable":true,"href":"https:\/\/www.profinfo.pl\/blog\/wp-json\/wp\/v2\/categories?post=3678"},{"taxonomy":"post_tag","embeddable":true,"href":"https:\/\/www.profinfo.pl\/blog\/wp-json\/wp\/v2\/tags?post=3678"}],"curies":[{"name":"wp","href":"https:\/\/api.w.org\/{rel}","templated":true}]}}