{"id":3809,"date":"2025-06-13T09:50:06","date_gmt":"2025-06-13T07:50:06","guid":{"rendered":"https:\/\/www.profinfo.pl\/blog\/?p=3809"},"modified":"2025-12-12T08:59:30","modified_gmt":"2025-12-12T07:59:30","slug":"faq-podatek-dochodowy-od-osob-fizycznych-15-najczestszych-pytan-i-odpowiedzi","status":"publish","type":"post","link":"https:\/\/www.profinfo.pl\/blog\/faq-podatek-dochodowy-od-osob-fizycznych-15-najczestszych-pytan-i-odpowiedzi\/","title":{"rendered":"FAQ Podatek dochodowy od os\u00f3b fizycznych. 15 najcz\u0119stszych pyta\u0144 i odpowiedzi"},"content":{"rendered":"<div id=\"rank-math-faq\" class=\"rank-math-block\">\n<div class=\"rank-math-list \">\n<div id=\"faq-question-693bcb6281101\" class=\"rank-math-list-item\">\n<h3 class=\"rank-math-question \">Czym jest podatek dochodowy od os\u00f3b fizycznych (PIT)?<\/h3>\n<div class=\"rank-math-answer \">\n\n<p>Podatek dochodowy od os\u00f3b fizycznych (PIT) jest podatkiem bezpo\u015brednim nak\u0142adanym na dochody os\u00f3b fizycznych osi\u0105gane na terytorium Polski oraz \u2013 w przypadku rezydent\u00f3w \u2013 tak\u017ce poza jej granicami. Podstaw\u0119 prawn\u0105 stanowi ustawa z dnia 26 lipca 1991 r. o podatku dochodowym od os\u00f3b fizycznych (Dz.U. 2025 poz. 163).<br \/>W praktyce termin \u201ePIT\u201d odnosi si\u0119 r\u00f3wnie\u017c do obowi\u0105zku sk\u0142adania przez podatnik\u00f3w okresowych deklaracji podatkowych, w kt\u00f3rych wykazuj\u0105 wysoko\u015b\u0107 uzyskanego dochodu, naliczonego podatku oraz zastosowanych odlicze\u0144 i ulg. Deklaracje te s\u0105 podstaw\u0105 do rozliczenia podatku dochodowego za dany rok podatkowy i stanowi\u0105 formalne rozliczenie z fiskusem.<\/p>\n\n<\/div>\n<\/div>\n<\/div>\n<\/div>\n\n\n<!--more-->\n\n\n\n<div class=\"schema-faq wp-block-yoast-faq-block\"><div class=\"schema-faq-section\" id=\"faq-question-1749798018369\"><strong class=\"schema-faq-question\">Kto jest podatnikiem PIT?<\/strong> <p class=\"schema-faq-answer\">Podatnikiem podatku dochodowego od os\u00f3b fizycznych jest ka\u017cda osoba fizyczna, kt\u00f3ra:<ul><li>posiada na terytorium Polski miejsce zamieszkania (rezydent podatkowy), podlegaj\u0105c nieograniczonemu obowi\u0105zkowi podatkowemu, co oznacza, \u017ce rozlicza i p\u0142aci podatek od wszystkich dochod\u00f3w, zar\u00f3wno krajowych, jak i zagranicznych;<\/li><li>nie posiada miejsca zamieszkania w Polsce, ale uzyskuje dochody z dzia\u0142alno\u015bci lub maj\u0105tku znajduj\u0105cego si\u0119 na terytorium Polski (nierezydent podatkowy), podlegaj\u0105c ograniczonemu obowi\u0105zkowi podatkowemu, czyli opodatkowaniu tylko tych dochod\u00f3w, kt\u00f3re powstaj\u0105 w Polsce.<\/li><\/ul>Miejsce zamieszkania osoby na terytorium RP oraz zasady ustalania rezydencji podatkowej reguluje art. 3 ustawy o podatku dochodowym od os\u00f3b fizycznych. Miejsce zamieszkania ustala si\u0119 przede wszystkim na podstawie centrum interes\u00f3w osobistych lub gospodarczych oraz na podstawie d\u0142ugo\u015bci pobytu na terytorium Polski przekraczaj\u0105cej 183 dni w roku podatkowym.<\/p> <\/div> <\/div>\n\n\n\n<figure class=\"wp-block-image alignwide size-full bordersd\"><a href=\"https:\/\/www.profinfo.pl\/sklep\/pit-komentarz-2025,634075.html?utm_source=blog&amp;utm_medium=baner&amp;utm_campaign=FAQ+Podatek+dochodowy+od+os%C3%B3b+fizycznych.+15+najcz%C4%99stszych+pyta%C5%84+i+odpowiedzi&amp;utm_content=PIT.+Komentarz+2025\"><img decoding=\"async\" width=\"894\" height=\"283\" src=\"https:\/\/www.profinfo.pl\/blog\/wp-content\/uploads\/2025\/06\/pit-komentarz-2025.png\" alt=\"PIT. Komentarz 2025\" class=\"wp-image-3837\" title=\"\" srcset=\"https:\/\/www.profinfo.pl\/blog\/wp-content\/uploads\/2025\/06\/pit-komentarz-2025.png 894w, https:\/\/www.profinfo.pl\/blog\/wp-content\/uploads\/2025\/06\/pit-komentarz-2025-300x95.png 300w, https:\/\/www.profinfo.pl\/blog\/wp-content\/uploads\/2025\/06\/pit-komentarz-2025-768x243.png 768w\" sizes=\"(max-width: 959px) 688px, 768px\" \/><\/a><figcaption class=\"wp-element-caption\">Polecamy &#8222;<a href=\"https:\/\/www.profinfo.pl\/sklep\/pit-komentarz-2025,634075.html?utm_source=blog&amp;utm_medium=link&amp;utm_campaign=FAQ+Podatek+dochodowy+od+os%C3%B3b+fizycznych.+15+najcz%C4%99stszych+pyta%C5%84+i+odpowiedzi&amp;utm_content=PIT.+Komentarz+2025\">PIT. Komentarz 2025<\/a>&#8222;<\/figcaption><\/figure>\n\n\n\n<div class=\"schema-faq wp-block-yoast-faq-block\"><div class=\"schema-faq-section\" id=\"faq-question-1749798047242\"><strong class=\"schema-faq-question\">Jakie s\u0105 podstawowe formy opodatkowania PIT?<\/strong> <p class=\"schema-faq-answer\">W polskim systemie podatkowym obowi\u0105zuj\u0105 nast\u0119puj\u0105ce podstawowe formy opodatkowania podatkiem dochodowym od os\u00f3b fizycznych:<ul><li><strong>Skala podatkowa (zasady og\u00f3lne)<\/strong> \u2013 stosowana do wi\u0119kszo\u015bci dochod\u00f3w os\u00f3b fizycznych, obejmuje dwa progi podatkowe: 12% dla dochod\u00f3w do 120 000 z\u0142 oraz 32% dla nadwy\u017cki ponad t\u0119 kwot\u0119. Ta forma umo\u017cliwia korzystanie z kwoty wolnej od podatku oraz z licznych ulg i odlicze\u0144.<\/li><li><strong>Podatek liniowy<\/strong> \u2013 sta\u0142a stawka podatku wynosz\u0105ca 19%, przeznaczony wy\u0142\u0105cznie dla przedsi\u0119biorc\u00f3w prowadz\u0105cych dzia\u0142alno\u015b\u0107 gospodarcz\u0105. Podatek liniowy nie pozwala na korzystanie z wi\u0119kszo\u015bci ulg podatkowych, w tym z kwoty wolnej oraz wsp\u00f3lnego rozliczenia z ma\u0142\u017conkiem.<\/li><li><strong>Rycza\u0142t od przychod\u00f3w ewidencjonowanych<\/strong> \u2013 uproszczona forma opodatkowania, gdzie podatek jest obliczany od przychodu, a nie od dochodu. Stawki podatkowe wynosz\u0105 od 2% do nawet 17%, gdy\u017c r\u00f3\u017cni\u0105 si\u0119 w zale\u017cno\u015bci od rodzaju dzia\u0142alno\u015bci.<\/li><\/ul><\/p> <\/div> <div class=\"schema-faq-section\" id=\"faq-question-1749798067762\"><strong class=\"schema-faq-question\">Co to jest kwota wolna od podatku?<\/strong> <p class=\"schema-faq-answer\">Kwota wolna od podatku to limit dochodu, do kt\u00f3rego nie jest naliczany podatek dochodowy. W 2025 roku kwota ta wynosi 30 000 z\u0142. Oznacza to, \u017ce je\u015bli doch\u00f3d podatnika w danym roku nie przekracza tej warto\u015bci, nie jest on zobowi\u0105zany do zap\u0142aty podatku dochodowego na zasadach og\u00f3lnych.<\/p> <\/div> <div class=\"schema-faq-section\" id=\"faq-question-1749798076253\"><strong class=\"schema-faq-question\">Jak rozliczy\u0107 podatek dochodowy przy umowie o prac\u0119?<\/strong> <p class=\"schema-faq-answer\">Podatek dochodowy przy umowie o prac\u0119 rozlicza si\u0119 w nast\u0119puj\u0105cy spos\u00f3b:<ul><li>Pracodawca, jako p\u0142atnik podatku, jest zobowi\u0105zany do obliczania, pobierania oraz odprowadzania zaliczek na podatek dochodowy od wynagrodzenia pracownika.<\/li><li>Zaliczki s\u0105 obliczane miesi\u0119cznie na podstawie wynagrodzenia brutto, pomniejszonego o obowi\u0105zkowe sk\u0142adki na ubezpieczenia spo\u0142eczne oraz zdrowotne, a tak\u017ce o koszty uzyskania przychodu i przys\u0142uguj\u0105ce pracownikowi ulgi.<\/li><li>Koszty uzyskania przychodu dla pracownik\u00f3w zatrudnionych w jednym miejscu wynosz\u0105 standardowo 250 z\u0142 miesi\u0119cznie.<\/li><li>Pracownik zobowi\u0105zany jest do z\u0142o\u017cenia rocznego zeznania podatkowego (najcz\u0119\u015bciej PIT-37) do 30 kwietnia roku nast\u0119puj\u0105cego po roku podatkowym, w kt\u00f3rym wykazuje si\u0119 dochody oraz uiszczone zaliczki na podatek.<\/li><li>Roczne rozliczenie uwzgl\u0119dnia odliczenia, ulgi i ewentualne korekty podatku.<\/li><\/ul><\/p> <\/div> <div class=\"schema-faq-section\" id=\"faq-question-1749798099135\"><strong class=\"schema-faq-question\">Czy mo\u017cliwe jest wsp\u00f3lne rozliczenie z ma\u0142\u017conkiem?<\/strong> <p class=\"schema-faq-answer\">Tak, ma\u0142\u017conkowie mog\u0105 skorzysta\u0107 z preferencyjnego opodatkowania dochod\u00f3w na zasadzie wsp\u00f3lnego rozliczenia. Zasady te zosta\u0142y okre\u015blone w art. 6 ust. 2 ustawy o podatku dochodowym od os\u00f3b fizycznych z dnia 26 lipca 1991 r. (Dz.U. 2025 poz. 163).<br\/>Warunki wsp\u00f3lnego rozliczenia obejmuj\u0105:<ul><li>Trwanie ma\u0142\u017ce\u0144stwa przez ca\u0142y rok podatkowy lub zawarcie ma\u0142\u017ce\u0144stwa w trakcie roku podatkowego i pozostawanie w zwi\u0105zku ma\u0142\u017ce\u0144skim do ko\u0144ca tego roku.<\/li><li>Brak rozdzielno\u015bci maj\u0105tkowej przez ca\u0142y rok podatkowy. Je\u015bli ma\u0142\u017conkowie ustanowili rozdzielno\u015b\u0107 maj\u0105tkow\u0105 w trakcie roku, nie mog\u0105 skorzysta\u0107 z tej preferencji.<\/li><li>Opodatkowanie dochod\u00f3w wed\u0142ug skali podatkowej. Ma\u0142\u017conkowie nie mog\u0105 korzysta\u0107 ze wsp\u00f3lnego rozliczenia, je\u015bli cho\u0107 jedno z nich op\u0142aca podatek liniowy, rycza\u0142t od przychod\u00f3w ewidencjonowanych lub kart\u0119 podatkow\u0105.<\/li><li>Z\u0142o\u017cenie wsp\u00f3lnego zeznania podatkowego (np. PIT-36) w terminie do 30 kwietnia roku nast\u0119puj\u0105cego po roku podatkowym.<\/li><\/ul><\/p> <\/div> <div class=\"schema-faq-section\" id=\"faq-question-1749798121552\"><strong class=\"schema-faq-question\">Jakie s\u0105 najpopularniejsze ulgi podatkowe w PIT?<\/strong> <p class=\"schema-faq-answer\">Do najcz\u0119\u015bciej stosowanych ulg podatkowych nale\u017c\u0105:<ul><li>ulga na dzieci, kt\u00f3ra pozwala odliczy\u0107 od podatku okre\u015blone kwoty za ka\u017cde dziecko, pod warunkiem wsp\u00f3lnego zamieszkania i wychowywania;<\/li><li>ulga rehabilitacyjna, przys\u0142uguj\u0105ca osobom niepe\u0142nosprawnym oraz ich opiekunom, obejmuj\u0105ca wydatki na cele rehabilitacyjne oraz u\u0142atwienia w codziennym funkcjonowaniu;<\/li><li>ulga internetowa, umo\u017cliwiaj\u0105ca odliczenie wydatk\u00f3w na dost\u0119p do internetu przez dwa kolejne lata, z okre\u015blonym limitem odliczenia;<\/li><li>ulga na darowizny, pozwalaj\u0105ca na odliczenie warto\u015bci przekazanych darowizn na cele charytatywne, kulturalne, edukacyjne czy ko\u015bcielne.<\/li><\/ul>Ponadto istniej\u0105 tak\u017ce inne ulgi, takie jak ulga na IKZE, odsetki od kredytu mieszkaniowego<a id=\"_ftnref1\" href=\"#_ftn1\"><sup>[1]<\/sup><\/a> czy ulga termomodernizacyjna, ka\u017cda z w\u0142asnymi warunkami i limitami.<\/p> <\/div> <div class=\"schema-faq-section\" id=\"faq-question-1749798183578\"><strong class=\"schema-faq-question\">Kiedy i jak nale\u017cy z\u0142o\u017cy\u0107 zeznanie PIT?<\/strong> <p class=\"schema-faq-answer\">Zeznanie podatkowe za dany rok podatkowy nale\u017cy z\u0142o\u017cy\u0107 do 30 kwietnia roku nast\u0119puj\u0105cego po roku, kt\u00f3rego dotyczy rozliczenie. Zeznanie mo\u017cna z\u0142o\u017cy\u0107:<ul><li>elektronicznie, korzystaj\u0105c us\u0142ugi Tw\u00f3j e-PIT lub system\u00f3w e-Deklaracje;<\/li><li>osobi\u015bcie w urz\u0119dzie skarbowym;<\/li><li>za po\u015brednictwem poczty, wysy\u0142aj\u0105c dokumenty listem poleconym.<\/li><\/ul><\/p> <\/div> <\/div>\n\n\n\n<figure class=\"wp-block-pullquote alignwide has-border-color has-small-font-size\" style=\"border-color:#85bc20;border-style:dotted\"><blockquote><p><a href=\"https:\/\/www.profinfo.pl\/hasla-lex\/podatek-dochodowy-od-osob-fizycznych,2816.html?utm_source=blog&amp;utm_medium=link&amp;utm_campaign=FAQ+Podatek+dochodowy+od+os%C3%B3b+fizycznych.+15+najcz%C4%99stszych+pyta%C5%84+i+odpowiedzi&amp;utm_content=Nasze+publikacje+dot.+podatku+PIT\">Nasze publikacje dot. podatku PIT<\/a><\/p><cite>Zapraszamy do zapoznania si\u0119 z ofert\u0105<\/cite><\/blockquote><\/figure>\n\n\n\n<div class=\"schema-faq wp-block-yoast-faq-block\"><div class=\"schema-faq-section\" id=\"faq-question-1749798204173\"><strong class=\"schema-faq-question\">Co zrobi\u0107 w przypadku b\u0142\u0119du w rozliczeniu PIT?<\/strong> <p class=\"schema-faq-answer\">W sytuacji wykrycia b\u0142\u0119du w z\u0142o\u017conym zeznaniu podatkowym podatnik ma prawo do z\u0142o\u017cenia korekty deklaracji. Korekta mo\u017ce dotyczy\u0107 zar\u00f3wno pomy\u0142ek w danych osobowych, jak i b\u0142\u0119d\u00f3w merytorycznych dotycz\u0105cych wysoko\u015bci przychod\u00f3w, koszt\u00f3w, ulg czy odlicze\u0144. Korekta powinna zosta\u0107 z\u0142o\u017cona w formie poprawionego zeznania podatkowego wraz z oznaczeniem, \u017ce jest to korekta.<\/p> <\/div> <div class=\"schema-faq-section\" id=\"faq-question-1749798213704\"><strong class=\"schema-faq-question\">Jakie dochody podlegaj\u0105 opodatkowaniu PIT?<\/strong> <p class=\"schema-faq-answer\">Opodatkowaniu podatkiem dochodowym od os\u00f3b fizycznych podlegaj\u0105 wszelkie dochody uzyskiwane przez osoby fizyczne, kt\u00f3re nie zosta\u0142y wy\u0142\u0105czone z opodatkowania przez ustaw\u0119. Do g\u0142\u00f3wnych \u017ar\u00f3de\u0142 dochod\u00f3w podlegaj\u0105cych PIT nale\u017c\u0105:<ul><li>dochody z pracy na podstawie umowy o prac\u0119, umowy zlecenia, umowy o dzie\u0142o oraz innych um\u00f3w o \u015bwiadczenie us\u0142ug;<\/li><li>dochody z dzia\u0142alno\u015bci gospodarczej prowadzonej przez osob\u0119 fizyczn\u0105;<br\/> &#8211; dochody z najmu, dzier\u017cawy i innych um\u00f3w o podobnym charakterze;<\/li><li>dochody z praw maj\u0105tkowych, takich jak prawa autorskie, prawa pokrewne, licencje;<\/li><li>dochody z kapita\u0142\u00f3w pieni\u0119\u017cnych, w tym odsetki, dywidendy, zyski kapita\u0142owe;<\/li><li>dochody z innych \u017ar\u00f3de\u0142, kt\u00f3re nie zosta\u0142y ustawowo wy\u0142\u0105czone z opodatkowania.<\/li><\/ul><\/p> <\/div> <div class=\"schema-faq-section\" id=\"faq-question-1749798236573\"><strong class=\"schema-faq-question\">Czy dochody zagraniczne trzeba uwzgl\u0119dnia\u0107 w polskim PIT?<\/strong> <p class=\"schema-faq-answer\">Osoby fizyczne maj\u0105ce miejsce zamieszkania podatkowego w Polsce (rezydenci podatkowi) s\u0105 zobowi\u0105zane do uwzgl\u0119dnienia w swoim polskim zeznaniu podatkowym wszystkich dochod\u00f3w uzyskanych zar\u00f3wno w Polsce, jak i za granic\u0105. W celu unikni\u0119cia podw\u00f3jnego opodatkowania, polskie prawo podatkowe przewiduje metody zwolnienia lub zaliczenia podatku zap\u0142aconego za granic\u0105.<br\/>Dochody zagraniczne mog\u0105 podlega\u0107 opodatkowaniu w Polsce wed\u0142ug metody wy\u0142\u0105czenia z progresj\u0105 albo metody odliczenia proporcjonalnego, w zale\u017cno\u015bci od tre\u015bci obowi\u0105zuj\u0105cych um\u00f3w o unikaniu podw\u00f3jnego opodatkowania mi\u0119dzy Polsk\u0105 a danym pa\u0144stwem.<\/p> <\/div> <div class=\"schema-faq-section\" id=\"faq-question-1749798247749\"><strong class=\"schema-faq-question\">Co to jest zaliczka na podatek PIT?<\/strong> <p class=\"schema-faq-answer\">Zaliczka na podatek dochodowy to kwota pieni\u0119dzy pobierana przez p\u0142atnika lub samodzielnie przez podatnika i odprowadzana do urz\u0119du skarbowego na poczet przysz\u0142ego rozliczenia rocznego podatku dochodowego. W praktyce oznacza to cz\u0119\u015bciow\u0105, bie\u017c\u0105c\u0105 zap\u0142at\u0119 podatku w trakcie roku podatkowego.<br\/>Zaliczki obliczane s\u0105 na podstawie uzyskiwanych dochod\u00f3w, uwzgl\u0119dniaj\u0105c obowi\u0105zuj\u0105ce stawki podatkowe oraz przys\u0142uguj\u0105ce odliczenia i ulgi. Ich celem jest roz\u0142o\u017cenie obci\u0105\u017cenia podatkowego na okres roku podatkowego, aby unikn\u0105\u0107 konieczno\u015bci jednorazowego uiszczania ca\u0142ej kwoty podatku po zako\u0144czeniu roku.<br\/>P\u0142atnik, taki jak pracodawca lub zleceniodawca, jest odpowiedzialny za pobieranie i odprowadzanie zaliczek od przychod\u00f3w uzyskanych przez podatnika. W przypadku os\u00f3b prowadz\u0105cych dzia\u0142alno\u015b\u0107 gospodarcz\u0105 zaliczki s\u0105 zwykle wp\u0142acane samodzielnie, zgodnie z okre\u015blonym harmonogramem.<\/p> <\/div> <\/div>\n\n\n\n<figure class=\"wp-block-image alignwide size-full bordersd\"><a href=\"https:\/\/www.profinfo.pl\/sklep\/meritum-podatki-2024,492837.html?utm_source=blog&amp;utm_medium=baner&amp;utm_campaign=FAQ+Podatek+dochodowy+od+os%C3%B3b+fizycznych.+15+najcz%C4%99stszych+pyta%C5%84+i+odpowiedzi&amp;utm_content=Meritum+Podatki+2024\"><img decoding=\"async\" width=\"871\" height=\"284\" src=\"https:\/\/www.profinfo.pl\/blog\/wp-content\/uploads\/2025\/06\/meritum-podatki-2024.png\" alt=\"Meritum Podatki 2024\" class=\"wp-image-3846\" title=\"\" srcset=\"https:\/\/www.profinfo.pl\/blog\/wp-content\/uploads\/2025\/06\/meritum-podatki-2024.png 871w, https:\/\/www.profinfo.pl\/blog\/wp-content\/uploads\/2025\/06\/meritum-podatki-2024-300x98.png 300w, https:\/\/www.profinfo.pl\/blog\/wp-content\/uploads\/2025\/06\/meritum-podatki-2024-768x250.png 768w\" sizes=\"(max-width: 959px) 688px, 768px\" \/><\/a><figcaption class=\"wp-element-caption\"><a href=\"https:\/\/www.profinfo.pl\/sklep\/meritum-podatki-2024,492837.html?utm_source=blog&amp;utm_medium=link&amp;utm_campaign=FAQ+Podatek+dochodowy+od+os%C3%B3b+fizycznych.+15+najcz%C4%99stszych+pyta%C5%84+i+odpowiedzi&amp;utm_content=Meritum+Podatki+2024\">Meritum Podatki 2024<\/a><\/figcaption><\/figure>\n\n\n\n<div class=\"schema-faq wp-block-yoast-faq-block\"><div class=\"schema-faq-section\" id=\"faq-question-1749798263622\"><strong class=\"schema-faq-question\">Jak rozliczy\u0107 przychody z najmu?<\/strong> <p class=\"schema-faq-answer\">Przychody z najmu mo\u017cna rozlicza\u0107 r\u00f3\u017cnymi metodami, a do wyboru s\u0105:<ul><li>Rycza\u0142t od przychod\u00f3w ewidencjonowanych \u2013 najem prywatny<\/li><\/ul>Podatek wynosi 8,5% od przychod\u00f3w do 100 000 z\u0142 rocznie, a od nadwy\u017cki ponad t\u0119 kwot\u0119 \u2013 12,5%. Ta forma jest stosowana przez osoby wynajmuj\u0105ce nieruchomo\u015bci prywatnie, bez prowadzenia dzia\u0142alno\u015bci gospodarczej.<br\/><br\/><ul><li>Rycza\u0142t od przychod\u00f3w ewidencjonowanych \u2013 najem w ramach dzia\u0142alno\u015bci gospodarczej<\/li><\/ul>Analogiczne stawki (8,5% i 12,5%) obowi\u0105zuj\u0105 tak\u017ce w przypadku najmu prowadzonego w ramach dzia\u0142alno\u015bci gospodarczej.<br\/><br\/><ul><li>Opodatkowanie na zasadach og\u00f3lnych (skala podatkowa 12% i 32%)<\/li><\/ul>Ta forma jest dost\u0119pna, je\u015bli najem jest prowadzony jako dzia\u0142alno\u015b\u0107 gospodarcza. W takim przypadku mo\u017cliwe jest odliczanie koszt\u00f3w i amortyzacji lokali, cho\u0107 z pewnymi ograniczeniami.<br\/><br\/><ul><li>Podatek liniowy (19%)<\/li><\/ul>Najem prowadzony w ramach dzia\u0142alno\u015bci gospodarczej mo\u017cna tak\u017ce rozlicza\u0107 podatkiem liniowym, je\u015bli podatnik wybierze tak\u0105 form\u0119 opodatkowania dzia\u0142alno\u015bci.<\/p> <\/div> <div class=\"schema-faq-section\" id=\"faq-question-1749798296023\"><strong class=\"schema-faq-question\">Czy studenci p\u0142ac\u0105 PIT?<\/strong> <p class=\"schema-faq-answer\">Studenci podlegaj\u0105 obowi\u0105zkowi podatkowemu na takich samych zasadach jak pozostali podatnicy, co oznacza, \u017ce musz\u0105 rozlicza\u0107 podatek dochodowy, je\u015bli uzyskuj\u0105 dochody podlegaj\u0105ce opodatkowaniu. Nie ma odr\u0119bnego zwolnienia dla student\u00f3w jako grupy, jednak osoby do 26 roku \u017cycia korzystaj\u0105 ze specjalnego zwolnienia podatkowego, kt\u00f3re obejmuje przychody z umowy o prac\u0119, umowy zlecenia (z pewnymi wyj\u0105tkami), praktyk i sta\u017cy oraz zasi\u0142k\u00f3w macierzy\u0144skich. Zwolnienie to obowi\u0105zuje do dnia uko\u0144czenia 26. roku \u017cycia i dotyczy przychodu nieprzekraczaj\u0105cego 85 528 z\u0142 w roku podatkowym.<\/p> <\/div> <div class=\"schema-faq-section\" id=\"faq-question-1749798301814\"><strong class=\"schema-faq-question\">Gdzie szuka\u0107 rzetelnych informacji i wsparcia w rozliczeniach PIT?<\/strong> <p class=\"schema-faq-answer\">Najbardziej wiarygodnym \u017ar\u00f3d\u0142em informacji na temat podatku dochodowego od os\u00f3b fizycznych s\u0105 oficjalne strony instytucji pa\u0144stwowych, przede wszystkim Ministerstwa Finans\u00f3w oraz urz\u0119d\u00f3w skarbowych. Oferuj\u0105 one aktualne interpretacje przepis\u00f3w, formularze oraz instrukcje dotycz\u0105ce rozlicze\u0144 podatkowych. Dodatkowo warto korzysta\u0107 z fachowych publikacji dost\u0119pnych w ksi\u0119garni Profinfo.pl.<\/p> <\/div> <\/div>\n\n\n\n<hr class=\"wp-block-separator has-alpha-channel-opacity\"\/>\n\n\n\n<p class=\"has-small-font-size\"><a id=\"_ftn1\" href=\"#_ftnref1\"><sup>[1]<\/sup><\/a> Ulga ta nie jest ju\u017c dost\u0119pna dla nowych kredytobiorc\u00f3w. Ulga obowi\u0105zuje na zasadzie praw nabytych, co oznacza, \u017ce osoby, kt\u00f3re naby\u0142y do niej prawo przed jej likwidacj\u0105 w 2007 roku, mog\u0105 nadal z niej korzysta\u0107.<\/p>\n\n\n\n<p><\/p>\n","protected":false},"excerpt":{"rendered":"","protected":false},"author":1,"featured_media":3830,"comment_status":"open","ping_status":"open","sticky":false,"template":"","format":"standard","meta":{"footnotes":""},"categories":[71],"tags":[117],"class_list":["post-3809","post","type-post","status-publish","format-standard","has-post-thumbnail","hentry","category-porady","tag-podatki-i-rachunkowosc"],"_links":{"self":[{"href":"https:\/\/www.profinfo.pl\/blog\/wp-json\/wp\/v2\/posts\/3809","targetHints":{"allow":["GET"]}}],"collection":[{"href":"https:\/\/www.profinfo.pl\/blog\/wp-json\/wp\/v2\/posts"}],"about":[{"href":"https:\/\/www.profinfo.pl\/blog\/wp-json\/wp\/v2\/types\/post"}],"author":[{"embeddable":true,"href":"https:\/\/www.profinfo.pl\/blog\/wp-json\/wp\/v2\/users\/1"}],"replies":[{"embeddable":true,"href":"https:\/\/www.profinfo.pl\/blog\/wp-json\/wp\/v2\/comments?post=3809"}],"version-history":[{"count":17,"href":"https:\/\/www.profinfo.pl\/blog\/wp-json\/wp\/v2\/posts\/3809\/revisions"}],"predecessor-version":[{"id":4238,"href":"https:\/\/www.profinfo.pl\/blog\/wp-json\/wp\/v2\/posts\/3809\/revisions\/4238"}],"wp:featuredmedia":[{"embeddable":true,"href":"https:\/\/www.profinfo.pl\/blog\/wp-json\/wp\/v2\/media\/3830"}],"wp:attachment":[{"href":"https:\/\/www.profinfo.pl\/blog\/wp-json\/wp\/v2\/media?parent=3809"}],"wp:term":[{"taxonomy":"category","embeddable":true,"href":"https:\/\/www.profinfo.pl\/blog\/wp-json\/wp\/v2\/categories?post=3809"},{"taxonomy":"post_tag","embeddable":true,"href":"https:\/\/www.profinfo.pl\/blog\/wp-json\/wp\/v2\/tags?post=3809"}],"curies":[{"name":"wp","href":"https:\/\/api.w.org\/{rel}","templated":true}]}}