{"id":3938,"date":"2025-09-08T14:20:17","date_gmt":"2025-09-08T12:20:17","guid":{"rendered":"https:\/\/www.profinfo.pl\/blog\/?p=3938"},"modified":"2025-09-08T14:23:06","modified_gmt":"2025-09-08T12:23:06","slug":"jakie-ksiazki-na-drugi-rok-prawa-wybrac","status":"publish","type":"post","link":"https:\/\/www.profinfo.pl\/blog\/jakie-ksiazki-na-drugi-rok-prawa-wybrac\/","title":{"rendered":"Jakie ksi\u0105\u017cki na drugi rok prawa wybra\u0107?"},"content":{"rendered":"\n<p>Drugi rok studi\u00f3w prawniczych wprowadza student\u00f3w w z\u0142o\u017cone i fundamentalne dziedziny prawa. Po opanowaniu podstawowych zagadnie\u0144 z zakresu wst\u0119pu do prawoznawstwa, historii prawa czy logiki prawniczej, studenci staj\u0105 przed wyzwaniem poznania specjalistycznych ga\u0142\u0119zi prawa, kt\u00f3re b\u0119d\u0105 stanowi\u0107 rdze\u0144 ich dalszej edukacji i przysz\u0142ej praktyki zawodowej. W\u0142a\u015bciwy dob\u00f3r literatury prawniczej jest niezb\u0119dny do gruntownego przyswojenia obszernego materia\u0142u oraz efektywnego przygotowania do egzamin\u00f3w i kolokwi\u00f3w.<\/p>\n\n\n\n<!--more-->\n\n\n\n<p>W ksi\u0119garni internetowej Profinfo.pl doskonale wiemy, jak wa\u017cne jest odpowiednie przygotowanie, dlatego stworzyli\u015bmy przegl\u0105d kluczowych publikacji, kt\u00f3re stanowi\u0105 cenne wsparcie w procesie nauki wybranych przedmiot\u00f3w realizowanych na drugim roku studi\u00f3w prawniczych, oferuj\u0105c kompleksowe uj\u0119cie omawianych zagadnie\u0144.<\/p>\n\n\n\n<div id=\"ez-toc-container\" class=\"ez-toc-v2_0_82_2 counter-hierarchy ez-toc-counter ez-toc-custom ez-toc-container-direction\">\n<div class=\"ez-toc-title-container\">\n<p class=\"ez-toc-title\" style=\"cursor:inherit\">Spis tre\u015bci<\/p>\n<span class=\"ez-toc-title-toggle\"><a href=\"#\" class=\"ez-toc-pull-right ez-toc-btn ez-toc-btn-xs ez-toc-btn-default ez-toc-toggle\" aria-label=\"Prze\u0142\u0105cznik Spisu Tre\u015bci\"><span class=\"ez-toc-js-icon-con\"><span class=\"\"><span class=\"eztoc-hide\" style=\"display:none;\">Toggle<\/span><span class=\"ez-toc-icon-toggle-span\"><svg style=\"fill: #676767;color:#676767\" xmlns=\"http:\/\/www.w3.org\/2000\/svg\" class=\"list-377408\" width=\"20px\" height=\"20px\" viewBox=\"0 0 24 24\" fill=\"none\"><path d=\"M6 6H4v2h2V6zm14 0H8v2h12V6zM4 11h2v2H4v-2zm16 0H8v2h12v-2zM4 16h2v2H4v-2zm16 0H8v2h12v-2z\" fill=\"currentColor\"><\/path><\/svg><svg style=\"fill: #676767;color:#676767\" class=\"arrow-unsorted-368013\" xmlns=\"http:\/\/www.w3.org\/2000\/svg\" width=\"10px\" height=\"10px\" viewBox=\"0 0 24 24\" version=\"1.2\" baseProfile=\"tiny\"><path d=\"M18.2 9.3l-6.2-6.3-6.2 6.3c-.2.2-.3.4-.3.7s.1.5.3.7c.2.2.4.3.7.3h11c.3 0 .5-.1.7-.3.2-.2.3-.5.3-.7s-.1-.5-.3-.7zM5.8 14.7l6.2 6.3 6.2-6.3c.2-.2.3-.5.3-.7s-.1-.5-.3-.7c-.2-.2-.4-.3-.7-.3h-11c-.3 0-.5.1-.7.3-.2.2-.3.5-.3.7s.1.5.3.7z\"\/><\/svg><\/span><\/span><\/span><\/a><\/span><\/div>\n<nav><ul class='ez-toc-list ez-toc-list-level-1 ' ><li class='ez-toc-page-1 ez-toc-heading-level-3'><a class=\"ez-toc-link ez-toc-heading-1\" href=\"https:\/\/www.profinfo.pl\/blog\/jakie-ksiazki-na-drugi-rok-prawa-wybrac\/#Prawo-administracyjne\" >Prawo administracyjne<\/a><\/li><li class='ez-toc-page-1 ez-toc-heading-level-3'><a class=\"ez-toc-link ez-toc-heading-2\" href=\"https:\/\/www.profinfo.pl\/blog\/jakie-ksiazki-na-drugi-rok-prawa-wybrac\/#Postepowanie-administracyjne-i-sadowoadministracyjne\" >Post\u0119powanie administracyjne i s\u0105dowoadministracyjne<\/a><\/li><li class='ez-toc-page-1 ez-toc-heading-level-3'><a class=\"ez-toc-link ez-toc-heading-3\" href=\"https:\/\/www.profinfo.pl\/blog\/jakie-ksiazki-na-drugi-rok-prawa-wybrac\/#Prawo-cywilne-%E2%80%93-czesc-ogolna\" >Prawo cywilne &#8211; cz\u0119\u015b\u0107 og\u00f3lna<\/a><\/li><li class='ez-toc-page-1 ez-toc-heading-level-3'><a class=\"ez-toc-link ez-toc-heading-4\" href=\"https:\/\/www.profinfo.pl\/blog\/jakie-ksiazki-na-drugi-rok-prawa-wybrac\/#Prawo-cywilne-%E2%80%93-prawo-rzeczowe\" >Prawo cywilne &#8211; prawo rzeczowe<\/a><\/li><li class='ez-toc-page-1 ez-toc-heading-level-3'><a class=\"ez-toc-link ez-toc-heading-5\" href=\"https:\/\/www.profinfo.pl\/blog\/jakie-ksiazki-na-drugi-rok-prawa-wybrac\/#Prawo-karne-%E2%80%93-czesc-ogolna\" >Prawo karne &#8211; cz\u0119\u015b\u0107 og\u00f3lna<\/a><\/li><li class='ez-toc-page-1 ez-toc-heading-level-3'><a class=\"ez-toc-link ez-toc-heading-6\" href=\"https:\/\/www.profinfo.pl\/blog\/jakie-ksiazki-na-drugi-rok-prawa-wybrac\/#Prawo-miedzynarodowe-publiczne-w-zarysie\" >Prawo mi\u0119dzynarodowe publiczne w zarysie<\/a><\/li><li class='ez-toc-page-1 ez-toc-heading-level-3'><a class=\"ez-toc-link ez-toc-heading-7\" href=\"https:\/\/www.profinfo.pl\/blog\/jakie-ksiazki-na-drugi-rok-prawa-wybrac\/#Prawo-finansowe\" >Prawo finansowe<\/a><\/li><li class='ez-toc-page-1 ez-toc-heading-level-3'><a class=\"ez-toc-link ez-toc-heading-8\" href=\"https:\/\/www.profinfo.pl\/blog\/jakie-ksiazki-na-drugi-rok-prawa-wybrac\/#Prawo-spadkowe\" >Prawo spadkowe<\/a><\/li><\/ul><\/nav><\/div>\n<h3 class=\"wp-block-heading\"><span class=\"ez-toc-section\" id=\"Prawo-administracyjne\"><\/span><a href=\"https:\/\/www.profinfo.pl\/sklep\/prawo-administracyjne,190707.html?utm_source=blog&amp;utm_medium=link&amp;utm_campaign=Jakie+ksi%C4%85%C5%BCki+na+drugi+rok+prawa+wybra%C4%87%3F&amp;utm_content=Prawo+administracyjne\">Prawo administracyjne<\/a><span class=\"ez-toc-section-end\"><\/span><\/h3>\n\n\n<div class=\"wp-block-image\">\n<figure class=\"alignleft size-large is-resized\"><a href=\"https:\/\/www.profinfo.pl\/sklep\/prawo-administracyjne,190707.html?utm_source=blog&amp;utm_medium=baner&amp;utm_campaign=Jakie+ksi%C4%85%C5%BCki+na+drugi+rok+prawa+wybra%C4%87%3F&amp;utm_content=Prawo+administracyjne\"><img decoding=\"async\" width=\"761\" height=\"1024\" src=\"https:\/\/www.profinfo.pl\/blog\/wp-content\/uploads\/2025\/09\/978-83-8286-317-8_.jpg-761x1024.webp\" alt=\"Prawo administracyjne\" class=\"wp-image-3940\" style=\"width:250px\" title=\"\" srcset=\"https:\/\/www.profinfo.pl\/blog\/wp-content\/uploads\/2025\/09\/978-83-8286-317-8_.jpg-761x1024.webp 761w, https:\/\/www.profinfo.pl\/blog\/wp-content\/uploads\/2025\/09\/978-83-8286-317-8_.jpg-223x300.webp 223w, https:\/\/www.profinfo.pl\/blog\/wp-content\/uploads\/2025\/09\/978-83-8286-317-8_.jpg-768x1033.webp 768w, https:\/\/www.profinfo.pl\/blog\/wp-content\/uploads\/2025\/09\/978-83-8286-317-8_.jpg.webp 800w\" sizes=\"(max-width: 479px) 90vw, (max-width: 599px) 432px, 536px\" \/><\/a><\/figure>\n<\/div>\n\n\n<p>Prawo administracyjne stanowi jedn\u0105 z najwa\u017cniejszych ga\u0142\u0119zi prawa publicznego, reguluj\u0105c\u0105 organizacj\u0119 i funkcjonowanie administracji publicznej oraz zasady jej relacji z obywatelami i innymi podmiotami. Jego znajomo\u015b\u0107 jest fundamentalna dla zrozumienia mechanizm\u00f3w funkcjonowania pa\u0144stwa.<\/p>\n\n\n\n<p>W celu gruntownego opanowania tej materii rekomendujemy podr\u0119cznik&nbsp;<strong>\u201ePrawo administracyjne\u201d<\/strong> autorstwa Jana Zimmermanna.<\/p>\n\n\n\n<p>Jest to cenione przez czytelnik\u00f3w opracowanie, bowiem doczeka\u0142 si\u0119 ju\u017c 10. wydania. Wolumen kompleksowo przedstawia systematyk\u0119 prawa administracyjnego, jego podstawowe zasady, instytucje oraz procesy. Publikacja omawia m.in. kluczowe definicje, \u017ar\u00f3d\u0142a i zasady prawa administracyjnego, zagadnienia zwi\u0105zane z podmiotami administracji publicznej, kwesti\u0119 form kontroli administracji publicznej jak i zagadnienia zwi\u0105zane z aksjologi\u0105 i etyk\u0105 administrowania.<\/p>\n\n\n\n<p>Autor zadba\u0142 o aktualno\u015b\u0107 tre\u015bci, uwzgl\u0119dniaj\u0105c najnowsze zmiany legislacyjne i orzecznictwo. Podr\u0119cznik charakteryzuje si\u0119 klarowno\u015bci\u0105 wywodu oraz precyzj\u0105 j\u0119zyka, co u\u0142atwia przyswajanie skomplikowanych zagadnie\u0144. Dzi\u0119ki niemu studenci zdob\u0119d\u0105 solidne podstawy teoretyczne niezb\u0119dne do analizy problem\u00f3w prawnoadministracyjnych.<\/p>\n\n\n\n<h3 class=\"wp-block-heading\"><span class=\"ez-toc-section\" id=\"Postepowanie-administracyjne-i-sadowoadministracyjne\"><\/span><a href=\"https:\/\/www.profinfo.pl\/sklep\/postepowanie-administracyjne-i-sadowoadministracyjne,585097.html?utm_source=blog&amp;utm_medium=link&amp;utm_campaign=Jakie+ksi%C4%85%C5%BCki+na+drugi+rok+prawa+wybra%C4%87%3F&amp;utm_content=Post%C4%99powanie+administracyjne+i+s%C4%85dowoadministracyjne\">Post\u0119powanie administracyjne i s\u0105dowoadministracyjne<\/a><span class=\"ez-toc-section-end\"><\/span><\/h3>\n\n\n<div class=\"wp-block-image\">\n<figure class=\"alignleft size-large is-resized\"><a href=\"https:\/\/www.profinfo.pl\/sklep\/postepowanie-administracyjne-i-sadowoadministracyjne,585097.html?utm_source=blog&amp;utm_medium=baner&amp;utm_campaign=Jakie+ksi%C4%85%C5%BCki+na+drugi+rok+prawa+wybra%C4%87%3F&amp;utm_content=Post%C4%99powanie+administracyjne+i+s%C4%85dowoadministracyjne\"><img decoding=\"async\" width=\"761\" height=\"1024\" src=\"https:\/\/www.profinfo.pl\/blog\/wp-content\/uploads\/2025\/09\/978-83-8358-864-3_.jpg-761x1024.webp\" alt=\"Post\u0119powanie administracyjne i s\u0105dowoadministracyjne\" class=\"wp-image-3942\" style=\"width:250px\" title=\"\" srcset=\"https:\/\/www.profinfo.pl\/blog\/wp-content\/uploads\/2025\/09\/978-83-8358-864-3_.jpg-761x1024.webp 761w, https:\/\/www.profinfo.pl\/blog\/wp-content\/uploads\/2025\/09\/978-83-8358-864-3_.jpg-223x300.webp 223w, https:\/\/www.profinfo.pl\/blog\/wp-content\/uploads\/2025\/09\/978-83-8358-864-3_.jpg-768x1034.webp 768w, https:\/\/www.profinfo.pl\/blog\/wp-content\/uploads\/2025\/09\/978-83-8358-864-3_.jpg.webp 800w\" sizes=\"(max-width: 479px) 90vw, (max-width: 599px) 432px, 536px\" \/><\/a><\/figure>\n<\/div>\n\n\n<p>Skuteczne stosowanie przepis\u00f3w prawa administracyjnego wymaga znajomo\u015bci procedur, w ramach kt\u00f3rych organy administracji dzia\u0142aj\u0105 oraz obywatel mo\u017ce dochodzi\u0107 swoich praw. Post\u0119powanie administracyjne i s\u0105dowoadministracyjne stanowi\u0105 zatem kluczowe uzupe\u0142nienie materialnego prawa administracyjnego.<\/p>\n\n\n\n<p>W opanowaniu tych zagadnie\u0144 pomocna b\u0119dzie publikacja&nbsp;Barbary Adamiak i Janusza Borkowskiego &#8211; <strong>\u201ePost\u0119powanie administracyjne i s\u0105dowoadministracyjne\u201d<\/strong>.<\/p>\n\n\n\n<p>Podr\u0119cznik kompleksowo prezentuje instytucje procesowe post\u0119powania administracyjnego, egzekucyjnego w administracji oraz s\u0105dowoadministracyjnego. Publikacja szczeg\u00f3\u0142owo omawia wyk\u0142adni\u0119 przepis\u00f3w prawa procesowego i ich wp\u0142yw na orzecznictwo. Przedstawia ca\u0142o\u015bciowe rozwi\u0105zania prawne, od praw jednostki w relacjach z administracj\u0105 publiczn\u0105, poprzez gwarancje ochrony s\u0105dowej, a\u017c po konstrukcj\u0119 przymusu pa\u0144stwowego. Dwudzieste pierwsze wydanie uwzgl\u0119dnia nowe rozwi\u0105zania dotycz\u0105ce m.in. rozszerzenia prawa do obrony, gwarancji udzia\u0142u os\u00f3b pozbawionych wolno\u015bci, przes\u0142anek skuteczno\u015bci ponaglenia oraz rozszerzenia prawa skargi do s\u0105du administracyjnego na opinie z Ordynacji podatkowej, a tak\u017ce zmiany w linii orzeczniczej. Ksi\u0105\u017cka jest rekomendowana jako podstawowy podr\u0119cznik dla student\u00f3w prawa i administracji.<\/p>\n\n\n\n<h3 class=\"wp-block-heading\"><span class=\"ez-toc-section\" id=\"Prawo-cywilne-%E2%80%93-czesc-ogolna\"><\/span><a href=\"https:\/\/www.profinfo.pl\/sklep\/prawo-cywilne-czesc-ogolna,642163.html?utm_source=blog&amp;utm_medium=link&amp;utm_campaign=Jakie+ksi%C4%85%C5%BCki+na+drugi+rok+prawa+wybra%C4%87%3F&amp;utm_content=Prawo+cywilne.+Cz%C4%99%C5%9B%C4%87+og%C3%B3lna\">Prawo cywilne &#8211; cz\u0119\u015b\u0107 og\u00f3lna<\/a><span class=\"ez-toc-section-end\"><\/span><\/h3>\n\n\n<div class=\"wp-block-image\">\n<figure class=\"alignleft size-large is-resized\"><a href=\"https:\/\/www.profinfo.pl\/sklep\/prawo-cywilne-czesc-ogolna,642163.html?utm_source=blog&amp;utm_medium=baner&amp;utm_campaign=Jakie+ksi%C4%85%C5%BCki+na+drugi+rok+prawa+wybra%C4%87%3F&amp;utm_content=Prawo+cywilne.+Cz%C4%99%C5%9B%C4%87+og%C3%B3lna\"><img decoding=\"async\" width=\"761\" height=\"1024\" src=\"https:\/\/www.profinfo.pl\/blog\/wp-content\/uploads\/2025\/09\/978-83-8390-398-9_.jpg-761x1024.webp\" alt=\"Prawo cywilne - cz\u0119\u015b\u0107 og\u00f3lna\" class=\"wp-image-3943\" style=\"width:250px\" title=\"\" srcset=\"https:\/\/www.profinfo.pl\/blog\/wp-content\/uploads\/2025\/09\/978-83-8390-398-9_.jpg-761x1024.webp 761w, https:\/\/www.profinfo.pl\/blog\/wp-content\/uploads\/2025\/09\/978-83-8390-398-9_.jpg-223x300.webp 223w, https:\/\/www.profinfo.pl\/blog\/wp-content\/uploads\/2025\/09\/978-83-8390-398-9_.jpg-768x1033.webp 768w, https:\/\/www.profinfo.pl\/blog\/wp-content\/uploads\/2025\/09\/978-83-8390-398-9_.jpg.webp 800w\" sizes=\"(max-width: 479px) 90vw, (max-width: 599px) 432px, 536px\" \/><\/a><\/figure>\n<\/div>\n\n\n<p>Prawo cywilne stanowi centraln\u0105 ga\u0142\u0105\u017a prawa prywatnego, reguluj\u0105c\u0105 stosunki maj\u0105tkowe i niemaj\u0105tkowe mi\u0119dzy r\u00f3wnorz\u0119dnymi podmiotami. Rozpoczynaj\u0105c nauk\u0119 prawa cywilnego, studenci najcz\u0119\u015bciej poznaj\u0105 jego cz\u0119\u015b\u0107 og\u00f3ln\u0105, kt\u00f3ra jest fundamentem dla wszystkich kolejnych dzia\u0142\u00f3w.<\/p>\n\n\n\n<p>Do nauki zagadnie\u0144 z tej dziedziny rekomendujemypublikacj\u0119<strong> \u201ePrawo cywilne \u2013 cz\u0119\u015b\u0107 og\u00f3lna\u201d<\/strong>.<\/p>\n\n\n\n<p>Podr\u0119cznik prezentuje fundamentalne zagadnienia prawa cywilnego z elementami prawa zobowi\u0105za\u0144. Opracowanie kompleksowo omawia kluczowe tematy, takie jak prawa podmiotowe, rodzaje o\u015bwiadcze\u0144, zasady zawierania um\u00f3w, znaczenie warunku lub terminu, wymogi formy czynno\u015bci prawnych, zdolno\u015b\u0107 do czynno\u015bci prawnych oraz instytucja przedstawicielstwa. Szczeg\u00f3ln\u0105 uwag\u0119 po\u015bwi\u0119cono wadom o\u015bwiadcze\u0144 woli oraz instytucji dawno\u015bci w prawie cywilnym. Dzia\u0142anie poszczeg\u00f3lnych instytucji zosta\u0142o zilustrowane konkretnymi stanami faktycznymi, z uwzgl\u0119dnieniem wp\u0142ywu prawa europejskiego na stosowanie przepis\u00f3w krajowych.<\/p>\n\n\n\n<p>Publikacja skierowana jest do student\u00f3w oraz praktyk\u00f3w prawa: adwokat\u00f3w, radc\u00f3w prawnych, s\u0119dzi\u00f3w i notariuszy.<\/p>\n\n\n\n<p>Autorzy dbaj\u0105 o systematyczno\u015b\u0107 wyk\u0142adu oraz klarowno\u015b\u0107 j\u0119zyka, co umo\u017cliwia czytelnikom zdobycie solidnych podstaw teoretycznych niezb\u0119dnych do dalszego studiowania prawa cywilnego.<\/p>\n\n\n\n<h3 class=\"wp-block-heading\"><span class=\"ez-toc-section\" id=\"Prawo-cywilne-%E2%80%93-prawo-rzeczowe\"><\/span><a href=\"https:\/\/www.profinfo.pl\/sklep\/prawo-rzeczowe,181706.html?utm_source=blog&amp;utm_medium=link&amp;utm_campaign=Jakie+ksi%C4%85%C5%BCki+na+drugi+rok+prawa+wybra%C4%87%3F&amp;utm_content=Prawo+rzeczowe\">Prawo cywilne &#8211; prawo rzeczowe<\/a><span class=\"ez-toc-section-end\"><\/span><\/h3>\n\n\n<div class=\"wp-block-image\">\n<figure class=\"alignleft size-large is-resized\"><a href=\"https:\/\/www.profinfo.pl\/sklep\/prawo-rzeczowe,181706.html?utm_source=blog&amp;utm_medium=baner&amp;utm_campaign=Jakie+ksi%C4%85%C5%BCki+na+drugi+rok+prawa+wybra%C4%87%3F&amp;utm_content=Prawo+rzeczowe\"><img decoding=\"async\" width=\"726\" height=\"1024\" src=\"https:\/\/www.profinfo.pl\/blog\/wp-content\/uploads\/2025\/09\/978-83-8286-201-0_.jpg-726x1024.webp\" alt=\"Prawo rzeczowe\" class=\"wp-image-3945\" style=\"width:250px\" title=\"\" srcset=\"https:\/\/www.profinfo.pl\/blog\/wp-content\/uploads\/2025\/09\/978-83-8286-201-0_.jpg-726x1024.webp 726w, https:\/\/www.profinfo.pl\/blog\/wp-content\/uploads\/2025\/09\/978-83-8286-201-0_.jpg-213x300.webp 213w, https:\/\/www.profinfo.pl\/blog\/wp-content\/uploads\/2025\/09\/978-83-8286-201-0_.jpg-768x1083.webp 768w, https:\/\/www.profinfo.pl\/blog\/wp-content\/uploads\/2025\/09\/978-83-8286-201-0_.jpg.webp 800w\" sizes=\"(max-width: 479px) 90vw, (max-width: 599px) 432px, 536px\" \/><\/a><\/figure>\n<\/div>\n\n\n<p>W ramach prawa cywilnego, prawo rzeczowe zajmuje si\u0119 regulacj\u0105 w\u0142adztwa nad rzeczami, okre\u015blaj\u0105c prawa i obowi\u0105zki podmiot\u00f3w w stosunku do przedmiot\u00f3w materialnych. Obejmuje ono m.in. prawo w\u0142asno\u015bci, u\u017cytkowanie wieczyste oraz ograniczone prawa rzeczowe.<\/p>\n\n\n\n<p>W celu zg\u0142\u0119bienia tej dziedziny prawa polecamy podr\u0119cznik&nbsp;<strong>\u201ePrawo rzeczowe\u201d<\/strong> \u2013 Jerzego Ignatowicza i Krzysztofa Stefaniuka.<\/p>\n\n\n\n<p>Pi\u0105te wydanie tej publikacji uwzgl\u0119dnia i szczeg\u00f3\u0142owo omawia istotne zmiany w wielu instytucjach prawnych. Dotycz\u0105 one m.in. u\u017cytkowania wieczystego, obrotu nieruchomo\u015bciami rolnymi, zasiedzenia, przew\u0142aszczenia na zabezpieczenie, ksi\u0105g wieczystych oraz zarz\u0105dzania mieniem pa\u0144stwowym. Publikacja zawiera zaktualizowan\u0105 literatur\u0119 i orzecznictwo, a jej przejrzysty uk\u0142ad, wzbogacony o piktogramy i numery boczne, u\u0142atwia szybkie odnajdywanie kluczowych fragment\u00f3w i poj\u0119\u0107. Opracowanie jest przeznaczone dla student\u00f3w prawa i administracji, aplikant\u00f3w zawod\u00f3w prawniczych, a tak\u017ce praktyk\u00f3w \u2013 s\u0119dzi\u00f3w, notariuszy i adwokat\u00f3w.<\/p>\n\n\n\n<p>Podr\u0119cznik stanowi kompleksowe \u017ar\u00f3d\u0142o wiedzy, umo\u017cliwiaj\u0105ce dog\u0142\u0119bne zrozumienie tej skomplikowanej dziedziny prawa.<\/p>\n\n\n\n<h3 class=\"wp-block-heading\"><span class=\"ez-toc-section\" id=\"Prawo-karne-%E2%80%93-czesc-ogolna\"><\/span><a href=\"https:\/\/www.profinfo.pl\/sklep\/prawo-karne-wyklad-czesci-ogolnej,666016.html?utm_source=blog&amp;utm_medium=link&amp;utm_campaign=Jakie+ksi%C4%85%C5%BCki+na+drugi+rok+prawa+wybra%C4%87%3F&amp;utm_content=Prawo+karne.+Wyk%C5%82ad+cz%C4%99%C5%9Bci+og%C3%B3lnej\">Prawo karne &#8211; cz\u0119\u015b\u0107 og\u00f3lna<\/a><span class=\"ez-toc-section-end\"><\/span><\/h3>\n\n\n<div class=\"wp-block-image\">\n<figure class=\"alignleft size-large is-resized\"><a href=\"https:\/\/www.profinfo.pl\/sklep\/prawo-karne-wyklad-czesci-ogolnej,666016.html?utm_source=blog&amp;utm_medium=baner&amp;utm_campaign=Jakie+ksi%C4%85%C5%BCki+na+drugi+rok+prawa+wybra%C4%87%3F&amp;utm_content=Prawo+karne.+Wyk%C5%82ad+cz%C4%99%C5%9Bci+og%C3%B3lnej\"><img decoding=\"async\" width=\"726\" height=\"1024\" src=\"https:\/\/www.profinfo.pl\/blog\/wp-content\/uploads\/2025\/09\/978-83-8390-456-6_.jpg-726x1024.webp\" alt=\"Prawo karne \u2013 cz\u0119\u015b\u0107 og\u00f3lna\" class=\"wp-image-3948\" style=\"width:250px\" title=\"\" srcset=\"https:\/\/www.profinfo.pl\/blog\/wp-content\/uploads\/2025\/09\/978-83-8390-456-6_.jpg-726x1024.webp 726w, https:\/\/www.profinfo.pl\/blog\/wp-content\/uploads\/2025\/09\/978-83-8390-456-6_.jpg-213x300.webp 213w, https:\/\/www.profinfo.pl\/blog\/wp-content\/uploads\/2025\/09\/978-83-8390-456-6_.jpg-768x1083.webp 768w, https:\/\/www.profinfo.pl\/blog\/wp-content\/uploads\/2025\/09\/978-83-8390-456-6_.jpg.webp 800w\" sizes=\"(max-width: 479px) 90vw, (max-width: 599px) 432px, 536px\" \/><\/a><\/figure>\n<\/div>\n\n\n<p>Prawo karne to ga\u0142\u0105\u017a prawa publicznego, kt\u00f3rej zadaniem jest ochrona najwa\u017cniejszych warto\u015bci spo\u0142ecznych poprzez ustanawianie odpowiedzialno\u015bci za czyny zabronione pod gro\u017ab\u0105 kary. Na drugim roku studenci poznaj\u0105 jego fundamentalne zasady w ramach cz\u0119\u015bci og\u00f3lnej.<\/p>\n\n\n\n<p>W tym zakresie rekomendujemy podr\u0119cznik&nbsp;<strong>\u201ePrawo karne \u2013 wyk\u0142ad cz\u0119\u015bci og\u00f3lnej\u201d<\/strong>.<\/p>\n\n\n\n<p>Niniejsze opracowanie w usystematyzowany i pog\u0142\u0119biony spos\u00f3b przedstawia wszystkie najwa\u017cniejsze zagadnienia cz\u0119\u015bci og\u00f3lnej polskiego prawa karnego. Opracowanie zawiera kluczowe wiadomo\u015bci z zakresu nauki o przepisie prawa karnego, przest\u0119pstwie oraz karze i innych \u015brodkach prawnokarnej reakcji. Pi\u0105te wydanie uwzgl\u0119dnia liczne nowelizacje Kodeksu karnego, w tym istotne zmiany dotycz\u0105ce kary pozbawienia wolno\u015bci, kary ograniczenia wolno\u015bci, kary grzywny, \u015brodk\u00f3w karnych i probacyjnych. Publikacja jest przeznaczona przede wszystkim dla student\u00f3w prawa i administracji, a tak\u017ce mo\u017ce by\u0107 przydatna dla aplikant\u00f3w (s\u0105dowych, prokuratorskich, adwokackich) oraz pracownik\u00f3w naukowych.<\/p>\n\n\n\n<p>Publikacja charakteryzuje si\u0119 aktualno\u015bci\u0105, uwzgl\u0119dniaj\u0105c najnowsze zmiany w Kodeksie karnym oraz istotne orzecznictwo S\u0105du Najwy\u017cszego. Dzi\u0119ki klarowno\u015bci wywodu podr\u0119cznik ten jest niezast\u0105pionym \u017ar\u00f3d\u0142em wiedzy dla os\u00f3b pragn\u0105cych solidnie opanowa\u0107 podstawy prawa karnego.<\/p>\n\n\n\n<h3 class=\"wp-block-heading\"><span class=\"ez-toc-section\" id=\"Prawo-miedzynarodowe-publiczne-w-zarysie\"><\/span><a href=\"https:\/\/www.profinfo.pl\/sklep\/prawo-miedzynarodowe-publiczne-w-zarysie,557283.html?utm_source=blog&amp;utm_medium=link&amp;utm_campaign=Jakie+ksi%C4%85%C5%BCki+na+drugi+rok+prawa+wybra%C4%87%3F&amp;utm_content=Prawo+mi%C4%99dzynarodowe+publiczne+w+zarysie\">Prawo mi\u0119dzynarodowe publiczne w zarysie<\/a><span class=\"ez-toc-section-end\"><\/span><\/h3>\n\n\n<div class=\"wp-block-image\">\n<figure class=\"alignleft size-large is-resized\"><a href=\"https:\/\/www.profinfo.pl\/sklep\/prawo-miedzynarodowe-publiczne-w-zarysie,557283.html?utm_source=blog&amp;utm_medium=baner&amp;utm_campaign=Jakie+ksi%C4%85%C5%BCki+na+drugi+rok+prawa+wybra%C4%87%3F&amp;utm_content=Prawo+mi%C4%99dzynarodowe+publiczne+w+zarysie\"><img decoding=\"async\" width=\"761\" height=\"1024\" src=\"https:\/\/www.profinfo.pl\/blog\/wp-content\/uploads\/2025\/09\/978-83-8358-595-6_.jpg-761x1024.webp\" alt=\"Prawo mi\u0119dzynarodowe publiczne w zarysie\" class=\"wp-image-3951\" style=\"width:250px\" title=\"\" srcset=\"https:\/\/www.profinfo.pl\/blog\/wp-content\/uploads\/2025\/09\/978-83-8358-595-6_.jpg-761x1024.webp 761w, https:\/\/www.profinfo.pl\/blog\/wp-content\/uploads\/2025\/09\/978-83-8358-595-6_.jpg-223x300.webp 223w, https:\/\/www.profinfo.pl\/blog\/wp-content\/uploads\/2025\/09\/978-83-8358-595-6_.jpg-768x1034.webp 768w, https:\/\/www.profinfo.pl\/blog\/wp-content\/uploads\/2025\/09\/978-83-8358-595-6_.jpg.webp 800w\" sizes=\"(max-width: 479px) 90vw, (max-width: 599px) 432px, 536px\" \/><\/a><\/figure>\n<\/div>\n\n\n<p>Prawo mi\u0119dzynarodowe publiczne reguluje stosunki mi\u0119dzy podmiotami prawa mi\u0119dzynarodowego, przede wszystkim pa\u0144stwami i organizacjami mi\u0119dzynarodowymi, stanowi\u0105c podstaw\u0119 globalnego porz\u0105dku prawnego. W obliczu wsp\u00f3\u0142czesnych wyzwa\u0144 jego znajomo\u015b\u0107 staje si\u0119 coraz bardziej istotna.<\/p>\n\n\n\n<p>Do studiowania&nbsp;tej ga\u0142\u0119zi prawa&nbsp;polecamy publikacj\u0119&nbsp;<strong>\u201ePrawo mi\u0119dzynarodowe publiczne w zarysie\u201d<\/strong>.<\/p>\n\n\n\n<p>\u201ePrawo mi\u0119dzynarodowe publiczne w zarysie\u201d to najstarszy polski podr\u0119cznik z tej dziedziny, wydawany od 47 lat, pierwotnie autorstwa prof. Wojciecha G\u00f3ralczyka, obecnie aktualizowany przez prof. Stefana Sawickiego i prof. Karola Karskiego.<\/p>\n\n\n\n<p>Dziewi\u0119tnaste wydanie zosta\u0142o zaktualizowane i uzupe\u0142nione o kluczowe kwestie, takie jak status i funkcjonowanie podmiot\u00f3w prawa mi\u0119dzynarodowego, problematyka mi\u0119dzynarodowego prawa karnego, a tak\u017ce rozwini\u0119cie zagadnie\u0144 dotycz\u0105cych odpowiedzialno\u015bci mi\u0119dzynarodowej, prawa dyplomatycznego i konsularnego oraz za\u0142atwiania spor\u00f3w mi\u0119dzynarodowych. Publikacja kompleksowo omawia tak\u017ce \u017ar\u00f3d\u0142a prawa mi\u0119dzynarodowego, terytorium, prawo morza, prawo lotnicze i kosmiczne oraz kwestie ludno\u015bci pa\u0144stwa. Opracowanie jest przeznaczone dla student\u00f3w wydzia\u0142\u00f3w prawa, stosunk\u00f3w mi\u0119dzynarodowych, administracji i zarz\u0105dzania, a tak\u017ce dla polityk\u00f3w i dziennikarzy zainteresowanych prawem mi\u0119dzynarodowym publicznym. Ksi\u0105\u017cka stanowi kompleksowe \u017ar\u00f3d\u0142o wiedzy o globalnym porz\u0105dku prawnym.<\/p>\n\n\n\n<p>Autorzy przedstawiaj\u0105 zagadnienia w spos\u00f3b syntetyczny, z jednoczesnym uwzgl\u0119dnieniem ich z\u0142o\u017cono\u015bci, co czyni ksi\u0105\u017ck\u0119 doskona\u0142ym narz\u0119dziem do szybkiego przyswojenia kluczowych informacji.<\/p>\n\n\n\n<h3 class=\"wp-block-heading\"><span class=\"ez-toc-section\" id=\"Prawo-finansowe\"><\/span><a href=\"https:\/\/www.profinfo.pl\/sklep\/prawo-finansow-publicznych-i-prawo-podatkowe,598366.html?utm_source=blog&amp;utm_medium=link&amp;utm_campaign=Jakie+ksi%C4%85%C5%BCki+na+drugi+rok+prawa+wybra%C4%87%3F&amp;utm_content=Prawo+finans%C3%B3w+publicznych+i+prawo+podatkowe\">Prawo finansowe<\/a><span class=\"ez-toc-section-end\"><\/span><\/h3>\n\n\n<div class=\"wp-block-image\">\n<figure class=\"alignleft size-large is-resized\"><a href=\"https:\/\/www.profinfo.pl\/sklep\/prawo-finansow-publicznych-i-prawo-podatkowe,598366.html?utm_source=blog&amp;utm_medium=baner&amp;utm_campaign=Jakie+ksi%C4%85%C5%BCki+na+drugi+rok+prawa+wybra%C4%87%3F&amp;utm_content=Prawo+finans%C3%B3w+publicznych+i+prawo+podatkowe\"><img decoding=\"async\" width=\"761\" height=\"1024\" src=\"https:\/\/www.profinfo.pl\/blog\/wp-content\/uploads\/2025\/09\/978-83-8358-957-2_.jpg-761x1024.webp\" alt=\"Prawo finans\u00f3w publicznych i prawo podatkowe\" class=\"wp-image-3953\" style=\"width:250px\" title=\"\" srcset=\"https:\/\/www.profinfo.pl\/blog\/wp-content\/uploads\/2025\/09\/978-83-8358-957-2_.jpg-761x1024.webp 761w, https:\/\/www.profinfo.pl\/blog\/wp-content\/uploads\/2025\/09\/978-83-8358-957-2_.jpg-223x300.webp 223w, https:\/\/www.profinfo.pl\/blog\/wp-content\/uploads\/2025\/09\/978-83-8358-957-2_.jpg-768x1033.webp 768w, https:\/\/www.profinfo.pl\/blog\/wp-content\/uploads\/2025\/09\/978-83-8358-957-2_.jpg.webp 800w\" sizes=\"(max-width: 479px) 90vw, (max-width: 599px) 432px, 536px\" \/><\/a><\/figure>\n<\/div>\n\n\n<p>Prawo finansowe to ga\u0142\u0105\u017a prawa publicznego, kt\u00f3ra reguluje gromadzenie i wydatkowanie \u015brodk\u00f3w publicznych oraz organizacj\u0119 systemu finansowego pa\u0144stwa. Jest to dziedzina o fundamentalnym znaczeniu dla funkcjonowania gospodarki i spo\u0142ecze\u0144stwa.<\/p>\n\n\n\n<p>W celu opanowania&nbsp;<strong>prawa finansowego<\/strong>&nbsp;rekomendujemy podr\u0119cznik \u201ePrawo finans\u00f3w publicznych i prawo podatkowe\u201d dost\u0119pny w naszej ofercie.<\/p>\n\n\n\n<p>W publikacji autorstwa pracownik\u00f3w Katedry Prawa Finansowego WPiA UW, om\u00f3wiono wsp\u00f3\u0142czesny polski system prawa finansowego. Ksi\u0105\u017cka przedstawia prawo finans\u00f3w publicznych, w tym bud\u017cet pa\u0144stwa, deficyt, d\u0142ug publiczny, finanse JST oraz finanse i polityki UE. Analizuje zasady, \u017ar\u00f3d\u0142a i wyk\u0142adni\u0119 prawa podatkowego, normatywne elementy konstrukcji podatk\u00f3w, sankcje oraz unikanie opodatkowania. Omawia og\u00f3lne i szczeg\u00f3\u0142owe prawo podatkowe (dochodowe, obrotowe, maj\u0105tkowe), a tak\u017ce publiczne prawo bankowe (NBP, EBC, dzia\u0142alno\u015b\u0107 i nadz\u00f3r bankowy, ochrona depozyt\u00f3w). Podr\u0119cznik nie tylko wyja\u015bnia instytucje i regulacje, ale tak\u017ce ocenia ich praktyczne funkcjonowanie. Jest przeznaczony dla student\u00f3w prawa, administracji, zarz\u0105dzania, s\u0142uchaczy studi\u00f3w podyplomowych oraz praktyk\u00f3w finansowych i podatkowych.<\/p>\n\n\n\n<h3 class=\"wp-block-heading\"><span class=\"ez-toc-section\" id=\"Prawo-spadkowe\"><\/span><a href=\"https:\/\/www.profinfo.pl\/sklep\/prawo-spadkowe-pytania-i-odpowiedzi,417064.html?utm_source=blog&amp;utm_medium=link&amp;utm_campaign=Jakie+ksi%C4%85%C5%BCki+na+drugi+rok+prawa+wybra%C4%87%3F&amp;utm_content=Prawo+spadkowe\">Prawo spadkowe<\/a><span class=\"ez-toc-section-end\"><\/span><\/h3>\n\n\n<div class=\"wp-block-image\">\n<figure class=\"alignleft size-large is-resized\"><a href=\"https:\/\/www.profinfo.pl\/sklep\/prawo-spadkowe-pytania-i-odpowiedzi,417064.html?utm_source=blog&amp;utm_medium=baner&amp;utm_campaign=Jakie+ksi%C4%85%C5%BCki+na+drugi+rok+prawa+wybra%C4%87%3F&amp;utm_content=Prawo+spadkowe\"><img decoding=\"async\" width=\"723\" height=\"1024\" src=\"https:\/\/www.profinfo.pl\/blog\/wp-content\/uploads\/2025\/09\/978-83-8328-668-6_.jpg-723x1024.webp\" alt=\"Prawo spadkowe. Pytania i odpowiedzi\" class=\"wp-image-3954\" style=\"width:250px\" title=\"\" srcset=\"https:\/\/www.profinfo.pl\/blog\/wp-content\/uploads\/2025\/09\/978-83-8328-668-6_.jpg-723x1024.webp 723w, https:\/\/www.profinfo.pl\/blog\/wp-content\/uploads\/2025\/09\/978-83-8328-668-6_.jpg-212x300.webp 212w, https:\/\/www.profinfo.pl\/blog\/wp-content\/uploads\/2025\/09\/978-83-8328-668-6_.jpg-768x1088.webp 768w, https:\/\/www.profinfo.pl\/blog\/wp-content\/uploads\/2025\/09\/978-83-8328-668-6_.jpg.webp 800w\" sizes=\"(max-width: 479px) 90vw, (max-width: 599px) 432px, 536px\" \/><\/a><\/figure>\n<\/div>\n\n\n<p>Prawo spadkowe, b\u0119d\u0105ce cz\u0119\u015bci\u0105 prawa cywilnego, reguluje zasady przej\u015bcia praw i obowi\u0105zk\u00f3w maj\u0105tkowych po \u015bmierci osoby fizycznej. Jest to dziedzina o du\u017cym znaczeniu praktycznym, dotykaj\u0105ca ka\u017cdej osoby.<\/p>\n\n\n\n<p>Dla student\u00f3w, kt\u00f3rzy na drugim roku studiuj\u0105&nbsp;<strong>prawo spadkowe<\/strong>, szczeg\u00f3lnie u\u017cyteczna b\u0119dzie publikacja&nbsp;<strong>\u201ePrawo spadkowe \u2013 pytania i odpowiedzi\u201d<\/strong>. Ksi\u0105\u017cka ta stanowi doskona\u0142e uzupe\u0142nienie tradycyjnych podr\u0119cznik\u00f3w, oferuj\u0105c przyst\u0119pne uj\u0119cie skomplikowanej materii w formie pyta\u0144 i wyczerpuj\u0105cych odpowiedzi. Publikacja obejmuje poj\u0119cie i sk\u0142ad spadku, dziedziczenie ustawowe i testamentowe (wraz z wymogami formalnymi testament\u00f3w i skutkami rozrz\u0105dze\u0144), sytuacj\u0119 prawn\u0105 spadkobiercy (potwierdzanie praw do spadku), wsp\u00f3lno\u015b\u0107 maj\u0105tku spadkowego, dzia\u0142 spadku oraz umowy dotycz\u0105ce spadku. Ksi\u0105\u017cka odnosi si\u0119 tak\u017ce do zarz\u0105du sukcesyjnego przedsi\u0119biorstwem osoby fizycznej, w tym relacji kompetencji zarz\u0105dcy z uprawnieniami wykonawcy testamentu. Liczne odniesienia do aktualnego orzecznictwa czyni\u0105 j\u0105 cenn\u0105 dla student\u00f3w, aplikant\u00f3w oraz praktyk\u00f3w prawa: s\u0119dzi\u00f3w, radc\u00f3w prawnych i adwokat\u00f3w.<\/p>\n\n\n\n<p>Forma pyta\u0144 i odpowiedzi u\u0142atwia utrwalenie wiedzy, weryfikacj\u0119 zrozumienia poszczeg\u00f3lnych instytucji oraz efektywne przygotowanie do egzamin\u00f3w.<\/p>\n\n\n\n<figure class=\"wp-block-pullquote alignwide has-border-color has-small-font-size\" style=\"border-color:#85bc20;border-style:dashed\"><blockquote><p><a href=\"https:\/\/www.profinfo.pl\/sklep\/podreczniki-akademickie.html?utm_source=blog&amp;utm_medium=link&amp;utm_campaign=Jakie+ksi%C4%85%C5%BCki+na+drugi+rok+prawa+wybra%C4%87%3F&amp;utm_content=Wi%C4%99cej+podr%C4%99cznik%C3%B3w+akademickich+znajdziesz+w+Profinfo.pl\">Wi\u0119cej podr\u0119cznik\u00f3w akademickich znajdziesz w Profinfo.pl<\/a><\/p><cite>Polecamy<\/cite><\/blockquote><\/figure>\n\n\n\n<h2 class=\"wp-block-heading\">Podsumowanie<\/h2>\n\n\n\n<p>Odpowiednia literatura to klucz do sukcesu na drugim roku studi\u00f3w prawniczych, a wymienione w artykule ksi\u0105\u017cki stanowi\u0105 solidn\u0105 podstaw\u0119 do nauki skomplikowanych i obszernych dziedzin prawa. Przej\u015bcie od og\u00f3lnych koncepcji do szczeg\u00f3\u0142owych regulacji wymaga precyzyjnych i aktualnych \u017ar\u00f3de\u0142 wiedzy, kt\u00f3re pomog\u0105 zrozumie\u0107 z\u0142o\u017cono\u015b\u0107 prawa administracyjnego, cywilnego czy karnego. Co wi\u0119cej, wskazane publikacje dost\u0119pne s\u0105 w r\u00f3\u017cnych formatach, pozwalaj\u0105c na ich wygodne dopasowanie do indywidualnych potrzeb, czy to w formie tradycyjnego podr\u0119cznika, czy e-booka, umo\u017cliwiaj\u0105cego dost\u0119p do wiedzy w ka\u017cdym miejscu i czasie.<\/p>\n","protected":false},"excerpt":{"rendered":"<p>Drugi rok studi\u00f3w prawniczych wprowadza student\u00f3w w z\u0142o\u017cone i fundamentalne dziedziny prawa. Po opanowaniu podstawowych zagadnie\u0144 z zakresu wst\u0119pu do prawoznawstwa, historii prawa czy logiki prawniczej, studenci staj\u0105 przed wyzwaniem poznania specjalistycznych ga\u0142\u0119zi prawa, kt\u00f3re b\u0119d\u0105 stanowi\u0107 rdze\u0144 ich dalszej edukacji i przysz\u0142ej praktyki zawodowej. W\u0142a\u015bciwy dob\u00f3r literatury prawniczej jest niezb\u0119dny do gruntownego przyswojenia obszernego &hellip; <\/p>\n<p><a href=\"https:\/\/www.profinfo.pl\/blog\/jakie-ksiazki-na-drugi-rok-prawa-wybrac\/\" class=\"more-link\">Czytaj wi\u0119cej<span class=\"screen-reader-text\"> &#8222;Jakie ksi\u0105\u017cki na drugi rok prawa wybra\u0107?&#8221;<\/span><\/a><\/p>\n","protected":false},"author":1,"featured_media":3984,"comment_status":"open","ping_status":"open","sticky":false,"template":"","format":"standard","meta":{"footnotes":""},"categories":[71],"tags":[],"class_list":["post-3938","post","type-post","status-publish","format-standard","has-post-thumbnail","hentry","category-porady"],"_links":{"self":[{"href":"https:\/\/www.profinfo.pl\/blog\/wp-json\/wp\/v2\/posts\/3938","targetHints":{"allow":["GET"]}}],"collection":[{"href":"https:\/\/www.profinfo.pl\/blog\/wp-json\/wp\/v2\/posts"}],"about":[{"href":"https:\/\/www.profinfo.pl\/blog\/wp-json\/wp\/v2\/types\/post"}],"author":[{"embeddable":true,"href":"https:\/\/www.profinfo.pl\/blog\/wp-json\/wp\/v2\/users\/1"}],"replies":[{"embeddable":true,"href":"https:\/\/www.profinfo.pl\/blog\/wp-json\/wp\/v2\/comments?post=3938"}],"version-history":[{"count":4,"href":"https:\/\/www.profinfo.pl\/blog\/wp-json\/wp\/v2\/posts\/3938\/revisions"}],"predecessor-version":[{"id":3982,"href":"https:\/\/www.profinfo.pl\/blog\/wp-json\/wp\/v2\/posts\/3938\/revisions\/3982"}],"wp:featuredmedia":[{"embeddable":true,"href":"https:\/\/www.profinfo.pl\/blog\/wp-json\/wp\/v2\/media\/3984"}],"wp:attachment":[{"href":"https:\/\/www.profinfo.pl\/blog\/wp-json\/wp\/v2\/media?parent=3938"}],"wp:term":[{"taxonomy":"category","embeddable":true,"href":"https:\/\/www.profinfo.pl\/blog\/wp-json\/wp\/v2\/categories?post=3938"},{"taxonomy":"post_tag","embeddable":true,"href":"https:\/\/www.profinfo.pl\/blog\/wp-json\/wp\/v2\/tags?post=3938"}],"curies":[{"name":"wp","href":"https:\/\/api.w.org\/{rel}","templated":true}]}}