{"id":3960,"date":"2025-09-08T14:20:59","date_gmt":"2025-09-08T12:20:59","guid":{"rendered":"https:\/\/www.profinfo.pl\/blog\/?p=3960"},"modified":"2025-09-08T14:22:48","modified_gmt":"2025-09-08T12:22:48","slug":"jakie-ksiazki-na-trzeci-rok-prawa-wybrac","status":"publish","type":"post","link":"https:\/\/www.profinfo.pl\/blog\/jakie-ksiazki-na-trzeci-rok-prawa-wybrac\/","title":{"rendered":"Jakie ksi\u0105\u017cki na trzeci rok prawa wybra\u0107?"},"content":{"rendered":"\n<p>Trzeci rok studi\u00f3w prawniczych stanowi kluczowy etap w procesie kszta\u0142cenia, bowiem jest to czas, w kt\u00f3rym wiedza staje si\u0119 coraz bardziej specjalistyczna, a student ma szans\u0119 zg\u0142\u0119bi\u0107 dziedziny, kt\u00f3re mog\u0105 sta\u0107 si\u0119 jego przysz\u0142\u0105 pasj\u0105 i drog\u0105 zawodow\u0105. To okres intensywnej nauki, w kt\u00f3rym teoria zaczyna coraz mocniej splata\u0107 si\u0119 z praktycznymi aspektami funkcjonowania prawa.<\/p>\n\n\n\n<!--more-->\n\n\n\n<p>W naszej ksi\u0119garni, \u015bwiadomi wyzwa\u0144 zwi\u0105zanych z tym etapem edukacji, przygotowali\u015bmy zestawienie rekomendowanych publikacji. Stanowi\u0105 one nieocenione wsparcie w opanowaniu obszernego materia\u0142u oraz efektywnym przygotowaniu do egzamin\u00f3w i kolokwi\u00f3w. Odpowiednio dobrany podr\u0119cznik pe\u0142ni funkcj\u0119 przewodnika w z\u0142o\u017conym \u015bwiecie przepis\u00f3w prawnych i orzecznictwa.<\/p>\n\n\n\n<div id=\"ez-toc-container\" class=\"ez-toc-v2_0_82_2 counter-hierarchy ez-toc-counter ez-toc-custom ez-toc-container-direction\">\n<div class=\"ez-toc-title-container\">\n<p class=\"ez-toc-title\" style=\"cursor:inherit\">Spis tre\u015bci<\/p>\n<span class=\"ez-toc-title-toggle\"><a href=\"#\" class=\"ez-toc-pull-right ez-toc-btn ez-toc-btn-xs ez-toc-btn-default ez-toc-toggle\" aria-label=\"Prze\u0142\u0105cznik Spisu Tre\u015bci\"><span class=\"ez-toc-js-icon-con\"><span class=\"\"><span class=\"eztoc-hide\" style=\"display:none;\">Toggle<\/span><span class=\"ez-toc-icon-toggle-span\"><svg style=\"fill: #676767;color:#676767\" xmlns=\"http:\/\/www.w3.org\/2000\/svg\" class=\"list-377408\" width=\"20px\" height=\"20px\" viewBox=\"0 0 24 24\" fill=\"none\"><path d=\"M6 6H4v2h2V6zm14 0H8v2h12V6zM4 11h2v2H4v-2zm16 0H8v2h12v-2zM4 16h2v2H4v-2zm16 0H8v2h12v-2z\" fill=\"currentColor\"><\/path><\/svg><svg style=\"fill: #676767;color:#676767\" class=\"arrow-unsorted-368013\" xmlns=\"http:\/\/www.w3.org\/2000\/svg\" width=\"10px\" height=\"10px\" viewBox=\"0 0 24 24\" version=\"1.2\" baseProfile=\"tiny\"><path d=\"M18.2 9.3l-6.2-6.3-6.2 6.3c-.2.2-.3.4-.3.7s.1.5.3.7c.2.2.4.3.7.3h11c.3 0 .5-.1.7-.3.2-.2.3-.5.3-.7s-.1-.5-.3-.7zM5.8 14.7l6.2 6.3 6.2-6.3c.2-.2.3-.5.3-.7s-.1-.5-.3-.7c-.2-.2-.4-.3-.7-.3h-11c-.3 0-.5.1-.7.3-.2.2-.3.5-.3.7s.1.5.3.7z\"\/><\/svg><\/span><\/span><\/span><\/a><\/span><\/div>\n<nav><ul class='ez-toc-list ez-toc-list-level-1 ' ><li class='ez-toc-page-1 ez-toc-heading-level-3'><a class=\"ez-toc-link ez-toc-heading-1\" href=\"https:\/\/www.profinfo.pl\/blog\/jakie-ksiazki-na-trzeci-rok-prawa-wybrac\/#Prawo-cywilne-%E2%80%93-zobowiazania\" >Prawo cywilne &#8211; zobowi\u0105zania<\/a><\/li><li class='ez-toc-page-1 ez-toc-heading-level-3'><a class=\"ez-toc-link ez-toc-heading-2\" href=\"https:\/\/www.profinfo.pl\/blog\/jakie-ksiazki-na-trzeci-rok-prawa-wybrac\/#Prawo-karne-%E2%80%93-czesc-szczegolowa\" >Prawo karne &#8211; cz\u0119\u015b\u0107 szczeg\u00f3\u0142owa<\/a><\/li><li class='ez-toc-page-1 ez-toc-heading-level-3'><a class=\"ez-toc-link ez-toc-heading-3\" href=\"https:\/\/www.profinfo.pl\/blog\/jakie-ksiazki-na-trzeci-rok-prawa-wybrac\/#Postepowanie-karne\" >Post\u0119powanie karne<\/a><\/li><li class='ez-toc-page-1 ez-toc-heading-level-3'><a class=\"ez-toc-link ez-toc-heading-4\" href=\"https:\/\/www.profinfo.pl\/blog\/jakie-ksiazki-na-trzeci-rok-prawa-wybrac\/#Postepowanie-cywilne\" >Post\u0119powanie cywilne<\/a><\/li><li class='ez-toc-page-1 ez-toc-heading-level-3'><a class=\"ez-toc-link ez-toc-heading-5\" href=\"https:\/\/www.profinfo.pl\/blog\/jakie-ksiazki-na-trzeci-rok-prawa-wybrac\/#Prawo-pracy\" >Prawo pracy<\/a><\/li><li class='ez-toc-page-1 ez-toc-heading-level-3'><a class=\"ez-toc-link ez-toc-heading-6\" href=\"https:\/\/www.profinfo.pl\/blog\/jakie-ksiazki-na-trzeci-rok-prawa-wybrac\/#Prawo-Unii-Europejskiej\" >Prawo Unii Europejskiej<\/a><\/li><li class='ez-toc-page-1 ez-toc-heading-level-3'><a class=\"ez-toc-link ez-toc-heading-7\" href=\"https:\/\/www.profinfo.pl\/blog\/jakie-ksiazki-na-trzeci-rok-prawa-wybrac\/#Etyka-zawodu-prawnika\" >Etyka zawodu prawnika<\/a><\/li><\/ul><\/nav><\/div>\n<h3 class=\"wp-block-heading\"><span class=\"ez-toc-section\" id=\"Prawo-cywilne-%E2%80%93-zobowiazania\"><\/span>Prawo cywilne &#8211; zobowi\u0105zania<span class=\"ez-toc-section-end\"><\/span><\/h3>\n\n\n\n<p>Po przyswojeniu zagadnie\u0144 cz\u0119\u015bci og\u00f3lnej prawa cywilnego oraz prawa rzeczowego, na trzecim roku studenci mierz\u0105 si\u0119 z prawem zobowi\u0105za\u0144. Jest to dziedzina reguluj\u0105ca wi\u0119kszo\u015b\u0107 stosunk\u00f3w prawnych w \u017cyciu codziennym oraz w obrocie gospodarczym, obejmuj\u0105c szerokie spektrum kontrakt\u00f3w.<\/p>\n\n\n\n<p>W celu dog\u0142\u0119bnego zrozumienia tej fundamentalnej materii, rekomendujemy dwutomowe opracowanie:<\/p>\n\n\n\n<ul class=\"wp-block-list\">\n<li><a href=\"https:\/\/www.profinfo.pl\/sklep\/zobowiazania-czesc-ogolna,509322.html?utm_source=blog&amp;utm_medium=link&amp;utm_campaign=Jakie+ksi%C4%85%C5%BCki+na+trzeci+rok+prawa+wybra%C4%87%3F&amp;utm_content=Zobowi%C4%85zania.+Cz%C4%99%C5%9B%C4%87+og%C3%B3lna\"><strong>\u201eZobowi\u0105zania \u2013 cz\u0119\u015b\u0107 og\u00f3lna\u201d<\/strong><\/a><\/li>\n\n\n\n<li><a href=\"https:\/\/www.profinfo.pl\/sklep\/zobowiazania-czesc-szczegolowa,430162.html?utm_source=blog&amp;utm_medium=link&amp;utm_campaign=Jakie+ksi%C4%85%C5%BCki+na+trzeci+rok+prawa+wybra%C4%87%3F&amp;utm_content=Zobowi%C4%85zania.+Cz%C4%99%C5%9B%C4%87+szczeg%C3%B3%C5%82owa\"><strong>\u201eZobowi\u0105zania \u2013 cz\u0119\u015b\u0107 szczeg\u00f3\u0142owa\u201d<\/strong><\/a><\/li>\n<\/ul>\n\n\n<div class=\"wp-block-image\">\n<figure class=\"alignleft size-large is-resized\"><a href=\"https:\/\/www.profinfo.pl\/sklep\/zobowiazania-czesc-ogolna,509322.html?utm_source=blog&amp;utm_medium=baner&amp;utm_campaign=Jakie+ksi%C4%85%C5%BCki+na+trzeci+rok+prawa+wybra%C4%87%3F&amp;utm_content=Zobowi%C4%85zania.+Cz%C4%99%C5%9B%C4%87+og%C3%B3lna\"><img decoding=\"async\" width=\"726\" height=\"1024\" src=\"https:\/\/www.profinfo.pl\/blog\/wp-content\/uploads\/2025\/09\/978-83-8358-494-2_.jpg-726x1024.webp\" alt=\"Zobowi\u0105zania. Cz\u0119\u015b\u0107 og\u00f3lna\" class=\"wp-image-3963\" style=\"width:250px\" title=\"\" srcset=\"https:\/\/www.profinfo.pl\/blog\/wp-content\/uploads\/2025\/09\/978-83-8358-494-2_.jpg-726x1024.webp 726w, https:\/\/www.profinfo.pl\/blog\/wp-content\/uploads\/2025\/09\/978-83-8358-494-2_.jpg-213x300.webp 213w, https:\/\/www.profinfo.pl\/blog\/wp-content\/uploads\/2025\/09\/978-83-8358-494-2_.jpg-768x1083.webp 768w, https:\/\/www.profinfo.pl\/blog\/wp-content\/uploads\/2025\/09\/978-83-8358-494-2_.jpg.webp 800w\" sizes=\"(max-width: 479px) 90vw, (max-width: 599px) 432px, 536px\" \/><\/a><\/figure>\n<\/div>\n\n\n<p>Kolejne wydanie cenionego podr\u0119cznika, <strong>\u201eZobowi\u0105zania &#8211; cz\u0119\u015b\u0107 og\u00f3lna\u201d,<\/strong> bazuje na systematyce prof. Witolda Czach\u00f3rskiego, oferuj\u0105c przyst\u0119pne i pog\u0142\u0119bione uj\u0119cie tematyki. Autorzy, wykorzystuj\u0105c swoje do\u015bwiadczenie dydaktyczne i praktyczne, omawiaj\u0105 zagadnienia takie jak \u017ar\u00f3d\u0142a prawa zobowi\u0105za\u0144, ich powstawanie, wykonanie i wyga\u015bni\u0119cie, rodzaje \u015bwiadcze\u0144 oraz kwestie dotycz\u0105ce um\u00f3w, d\u0142u\u017cnik\u00f3w i wierzycieli.<\/p>\n\n\n\n<p>Tre\u015b\u0107 podr\u0119cznika jest w pe\u0142ni aktualna, uwzgl\u0119dnia najnowsze orzecznictwo (w tym to budz\u0105ce spory w doktrynie) i pi\u015bmiennictwo, a wyw\u00f3d teoretyczny wzbogacono przyk\u0142adami z praktyki prawniczej. Jest to idealna pozycja dla student\u00f3w prawa kontynuuj\u0105cych nauk\u0119 prawa cywilnego oraz praktyk\u00f3w poszukuj\u0105cych rzetelnej pomocy w swojej pracy.<\/p>\n\n\n<div class=\"wp-block-image\">\n<figure class=\"alignleft size-large is-resized\"><a href=\"https:\/\/www.profinfo.pl\/sklep\/zobowiazania-czesc-szczegolowa,430162.html?utm_source=blog&amp;utm_medium=baner&amp;utm_campaign=Jakie+ksi%C4%85%C5%BCki+na+trzeci+rok+prawa+wybra%C4%87%3F&amp;utm_content=Zobowi%C4%85zania.+Cz%C4%99%C5%9B%C4%87+szczeg%C3%B3%C5%82owa\"><img decoding=\"async\" width=\"761\" height=\"1024\" src=\"https:\/\/www.profinfo.pl\/blog\/wp-content\/uploads\/2025\/09\/978-83-8328-803-1_.jpg-761x1024.webp\" alt=\"Zobowi\u0105zania. Cz\u0119\u015b\u0107 szczeg\u00f3\u0142owa\" class=\"wp-image-3964\" style=\"width:250px\" title=\"\" srcset=\"https:\/\/www.profinfo.pl\/blog\/wp-content\/uploads\/2025\/09\/978-83-8328-803-1_.jpg-761x1024.webp 761w, https:\/\/www.profinfo.pl\/blog\/wp-content\/uploads\/2025\/09\/978-83-8328-803-1_.jpg-223x300.webp 223w, https:\/\/www.profinfo.pl\/blog\/wp-content\/uploads\/2025\/09\/978-83-8328-803-1_.jpg-768x1033.webp 768w, https:\/\/www.profinfo.pl\/blog\/wp-content\/uploads\/2025\/09\/978-83-8328-803-1_.jpg.webp 800w\" sizes=\"(max-width: 479px) 90vw, (max-width: 599px) 432px, 536px\" \/><\/a><\/figure>\n<\/div>\n\n\n<p><strong>\u201eZobowi\u0105zania \u2013 cz\u0119\u015b\u0107 szczeg\u00f3\u0142owa\u201d<\/strong> stanowi kontynuacj\u0119 podr\u0119cznika z zakresu cz\u0119\u015bci og\u00f3lnej zobowi\u0105za\u0144. Szczeg\u00f3\u0142owo omawia kwestie zwi\u0105zane z tre\u015bci\u0105 i wykonywaniem um\u00f3w nazwanych, w tym tych zawieranych z udzia\u0142em konsument\u00f3w oraz mi\u0119dzy przedsi\u0119biorcami.<\/p>\n\n\n\n<p>Tre\u015b\u0107 ksi\u0105\u017cki jest w pe\u0142ni aktualna, uwzgl\u0119dniaj\u0105c najnowsze regulacje prawne, orzecznictwo i bogat\u0105 literatur\u0119. Oparta na wieloletnim do\u015bwiadczeniu dydaktycznym i praktyce autor\u00f3w, publikacja jest cennym \u017ar\u00f3d\u0142em wiedzy dla student\u00f3w prawa kontynuuj\u0105cych nauk\u0119 zobowi\u0105za\u0144, a tak\u017ce dla praktyk\u00f3w obrotu kontraktowego.<\/p>\n\n\n\n<h3 class=\"wp-block-heading\"><span class=\"ez-toc-section\" id=\"Prawo-karne-%E2%80%93-czesc-szczegolowa\"><\/span>Prawo karne &#8211; cz\u0119\u015b\u0107 szczeg\u00f3\u0142owa<span class=\"ez-toc-section-end\"><\/span><\/h3>\n\n\n\n<p>Po zaznajomieniu si\u0119 z cz\u0119\u015bci\u0105 og\u00f3ln\u0105 prawa karnego, na trzecim roku studi\u00f3w nast\u0119puje analiza cz\u0119\u015bci szczeg\u00f3\u0142owej. W ramach tego przedmiotu poznaje si\u0119 konkretne typy przest\u0119pstw \u2013 od tych przeciwko \u017cyciu i zdrowiu, przez przest\u0119pstwa przeciwko mieniu, a\u017c po te przeciwko wymiarowi sprawiedliwo\u015bci czy bezpiecze\u0144stwu w komunikacji. Zrozumienie poszczeg\u00f3lnych znamion przest\u0119pstw oraz ich kwalifikacji prawnej jest kluczowe w pracy ka\u017cdego przysz\u0142ego prawnika.<\/p>\n\n\n\n<p>W naszej ksi\u0119garni dost\u0119pne s\u0105 odpowiednie podr\u0119czniki i opracowania do prawa karnego \u2013 cz\u0119\u015bci szczeg\u00f3\u0142owej, kt\u00f3re w systematyczny spos\u00f3b przedstawiaj\u0105 typy czyn\u00f3w zabronionych zawartych w Kodeksie karnym oraz w innych ustawach karnych. Solidne opracowania do tej dziedziny szczeg\u00f3\u0142owo omawiaj\u0105 poszczeg\u00f3lne przest\u0119pstwa, analizuj\u0105c ich stron\u0119 przedmiotow\u0105 i podmiotow\u0105, a tak\u017ce uwzgl\u0119dniaj\u0105c aktualne orzecznictwo i pogl\u0105dy doktryny. Jest to materia obszerna i wymagaj\u0105ca precyzyjnej analizy, dlatego istotny jest wyb\u00f3r publikacji, kt\u00f3ra w przyst\u0119pny spos\u00f3b wyja\u015bnia wszelkie niuanse poszczeg\u00f3lnych typ\u00f3w czyn\u00f3w zabronionych. W\u0142a\u015bciwe opracowanie nie tylko wspiera w przygotowaniu do egzaminu, ale przede wszystkim wyposa\u017ca w praktyczn\u0105 wiedz\u0119 niezb\u0119dn\u0105 do prawid\u0142owej kwalifikacji prawnej przest\u0119pstw w przysz\u0142ej pracy zawodowej.<\/p>\n\n\n\n<h3 class=\"wp-block-heading\"><span class=\"ez-toc-section\" id=\"Postepowanie-karne\"><\/span><a href=\"https:\/\/www.profinfo.pl\/sklep\/proces-karny-bez-tajemnic-testy-zadania-kazusy-z-odpowiedziami,649801.html?utm_source=blog&amp;utm_medium=link&amp;utm_campaign=Jakie+ksi%C4%85%C5%BCki+na+trzeci+rok+prawa+wybra%C4%87%3F&amp;utm_content=Proces+karny+bez+tajemnic.+Testy%2C+zadania%2C+kazusy+z+odpowiedziami\">Post\u0119powanie karne<\/a><span class=\"ez-toc-section-end\"><\/span><\/h3>\n\n\n<div class=\"wp-block-image\">\n<figure class=\"alignleft size-large is-resized\"><a href=\"https:\/\/www.profinfo.pl\/sklep\/proces-karny-bez-tajemnic-testy-zadania-kazusy-z-odpowiedziami,649801.html?utm_source=blog&amp;utm_medium=baner&amp;utm_campaign=Jakie+ksi%C4%85%C5%BCki+na+trzeci+rok+prawa+wybra%C4%87%3F&amp;utm_content=Proces+karny+bez+tajemnic.+Testy%2C+zadania%2C+kazusy+z+odpowiedziami\"><img decoding=\"async\" width=\"726\" height=\"1024\" src=\"https:\/\/www.profinfo.pl\/blog\/wp-content\/uploads\/2025\/09\/978-83-8390-409-2_.jpg-726x1024.webp\" alt=\"Proces karny bez tajemnic. Testy, zadania, kazusy z odpowiedziami\" class=\"wp-image-3965\" style=\"width:250px\" title=\"\" srcset=\"https:\/\/www.profinfo.pl\/blog\/wp-content\/uploads\/2025\/09\/978-83-8390-409-2_.jpg-726x1024.webp 726w, https:\/\/www.profinfo.pl\/blog\/wp-content\/uploads\/2025\/09\/978-83-8390-409-2_.jpg-213x300.webp 213w, https:\/\/www.profinfo.pl\/blog\/wp-content\/uploads\/2025\/09\/978-83-8390-409-2_.jpg-768x1083.webp 768w, https:\/\/www.profinfo.pl\/blog\/wp-content\/uploads\/2025\/09\/978-83-8390-409-2_.jpg.webp 800w\" sizes=\"(max-width: 479px) 90vw, (max-width: 599px) 432px, 536px\" \/><\/a><\/figure>\n<\/div>\n\n\n<p>Sama znajomo\u015b\u0107 materialnego prawa karnego to za ma\u0142o. R\u00f3wnie istotne, a dla wielu nawet bardziej fascynuj\u0105ce, jest post\u0119powanie karne \u2013 czyli zesp\u00f3\u0142 norm reguluj\u0105cych proces wykrywania przest\u0119pstw, \u015bcigania sprawc\u00f3w oraz orzekania o ich winie i karze. Trzeci rok to cz\u0119sto moment, kiedy studenci mierz\u0105 si\u0119 z t\u0105 z\u0142o\u017con\u0105 i dynamiczn\u0105 dziedzin\u0105.<\/p>\n\n\n\n<p>W celu efektywnego przygotowania si\u0119 do egzaminu i zrozumienia praktycznych aspekt\u00f3w procesu karnego, rekomendujemy pozycj\u0119&nbsp;<strong>\u201eProces karny bez tajemnic \u2013 testy, zadania, kazusy z odpowiedziami\u201d<\/strong>. Jest to unikalne opracowanie&nbsp;pod redakcj\u0105 Paw\u0142a Czarneckiego, Sonii G\u0142ogowskiej i Andrzeja \u015awiat\u0142owskiego.<\/p>\n\n\n\n<p>Jest to kompleksowy podr\u0119cznik do nauki procedury karnej, stanowi\u0105cy nieocenion\u0105 pomoc w utrwalaniu materia\u0142u i rozwijaniu umiej\u0119tno\u015bci praktycznych. Opracowanie, podzielone na rozdzia\u0142y odpowiadaj\u0105ce Kodeksowi post\u0119powania karnego, zawiera bogaty zestaw narz\u0119dzi edukacyjnych.<\/p>\n\n\n\n<p>Publikacja zawiera r\u00f3\u017cnorodne zadania, kt\u00f3re pozwalaj\u0105 na wszechstronne sprawdzenie wiedzy i umiej\u0119tno\u015bci. Pytania testowe &#8211; pozwalaj\u0105 na szybk\u0105 ocen\u0119 znajomo\u015bci konkretnych przepis\u00f3w i detali. Pytania opisowe &#8211; wspieraj\u0105 zrozumienie zagadnie\u0144 przekrojowych i ucz\u0105 samodzielnego formu\u0142owania odpowiedzi. Z kolei kazusy rozwijaj\u0105 umiej\u0119tno\u015b\u0107 wyszukiwania przepis\u00f3w do konkretnych stan\u00f3w faktycznych, co jest kluczowe w pracy prawnika. Ka\u017cdy rozdzia\u0142 zawiera pytania wraz z odpowiedziami oraz wybrane orzeczenia, co dodatkowo ugruntowuje wiedz\u0119.<\/p>\n\n\n\n<p>Ksi\u0105\u017cka jest przeznaczona dla student\u00f3w i aplikant\u00f3w przygotowuj\u0105cych si\u0119 do egzamin\u00f3w. Stanowi r\u00f3wnie\u017c doskona\u0142e \u017ar\u00f3d\u0142o materia\u0142\u00f3w do \u0107wicze\u0144 dla nauczycieli akademickich.<\/p>\n\n\n\n<h3 class=\"wp-block-heading\"><span class=\"ez-toc-section\" id=\"Postepowanie-cywilne\"><\/span><a href=\"https:\/\/www.profinfo.pl\/sklep\/postepowanie-cywilne-zarys-wykladu,594856.html?utm_source=blog&amp;utm_medium=link&amp;utm_campaign=Jakie+ksi%C4%85%C5%BCki+na+trzeci+rok+prawa+wybra%C4%87%3F&amp;utm_content=Post%C4%99powanie+cywilne.+Zarys+wyk%C5%82adu\">Post\u0119powanie cywilne<\/a><span class=\"ez-toc-section-end\"><\/span><\/h3>\n\n\n<div class=\"wp-block-image\">\n<figure class=\"alignleft size-large is-resized\"><a href=\"https:\/\/www.profinfo.pl\/sklep\/postepowanie-cywilne-zarys-wykladu,594856.html?utm_source=blog&amp;utm_medium=baner&amp;utm_campaign=Jakie+ksi%C4%85%C5%BCki+na+trzeci+rok+prawa+wybra%C4%87%3F&amp;utm_content=Post%C4%99powanie+cywilne.+Zarys+wyk%C5%82adu\"><img decoding=\"async\" width=\"726\" height=\"1024\" src=\"https:\/\/www.profinfo.pl\/blog\/wp-content\/uploads\/2025\/09\/978-83-8358-887-2_.jpg-726x1024.webp\" alt=\"Post\u0119powanie cywilne. Zarys wyk\u0142adu\" class=\"wp-image-3968\" style=\"width:250px\" title=\"\" srcset=\"https:\/\/www.profinfo.pl\/blog\/wp-content\/uploads\/2025\/09\/978-83-8358-887-2_.jpg-726x1024.webp 726w, https:\/\/www.profinfo.pl\/blog\/wp-content\/uploads\/2025\/09\/978-83-8358-887-2_.jpg-213x300.webp 213w, https:\/\/www.profinfo.pl\/blog\/wp-content\/uploads\/2025\/09\/978-83-8358-887-2_.jpg-768x1083.webp 768w, https:\/\/www.profinfo.pl\/blog\/wp-content\/uploads\/2025\/09\/978-83-8358-887-2_.jpg.webp 800w\" sizes=\"(max-width: 479px) 90vw, (max-width: 599px) 432px, 536px\" \/><\/a><\/figure>\n<\/div>\n\n\n<p>Na trzecim roku studi\u00f3w prawniczych pojawia si\u0119 post\u0119powanie cywilne \u2013 czyli zbi\u00f3r regu\u0142 reguluj\u0105cych proces dochodzenia roszcze\u0144 cywilnoprawnych przed s\u0105dami. Jest to dziedzina, w kt\u00f3rej teoria spotyka si\u0119 z praktyk\u0105, a zrozumienie zasad procesowych jest kluczowe dla skutecznej ochrony praw i interes\u00f3w klient\u00f3w.<\/p>\n\n\n\n<p>W celu opanowania tej obszernej dziedziny rekomendujemy podr\u0119cznik&nbsp;<strong>\u201ePost\u0119powanie cywilne. Zarys wyk\u0142adu\u201d <\/strong>autorstwa Henryka Doleckiego i Tomasz Radkiewicza.<\/p>\n\n\n\n<p>Publikacja uwzgl\u0119dnia najnowszy stan prawny, w tym istotne zmiany z 2023 r., dotycz\u0105ce m.in. organizacji post\u0119powania, zaskar\u017cania orzecze\u0144 oraz przebiegu spraw gospodarczych, konsumenckich i spadkowych. Ksi\u0105\u017cka wyr\u00f3\u017cnia si\u0119 na tle innych bogactwem materia\u0142u dydaktycznego. Z my\u015bl\u0105 o studentach, autorzy zamie\u015bcili w niej schematy ilustruj\u0105ce kluczowe instytucje prawne oraz liczne odwo\u0142ania do orzecznictwa S\u0105du Najwy\u017cszego. Wyj\u0105tkowym elementem s\u0105 r\u00f3wnie\u017c rysunki Mateusza Rakowicza, kt\u00f3re w obrazowy spos\u00f3b przedstawiaj\u0105 omawiane zagadnienia.<\/p>\n\n\n\n<p>Podr\u0119cznik jest przeznaczony przede wszystkim dla student\u00f3w prawa, ale stanowi r\u00f3wnie\u017c cenne \u017ar\u00f3d\u0142o wiedzy dla s\u0142uchaczy szk\u00f3\u0142 biznesu i zarz\u0105dzania, a tak\u017ce aplikant\u00f3w przygotowuj\u0105cych si\u0119 do zawod\u00f3w prawniczych, takich jak s\u0119dzia, radca prawny czy adwokat.<\/p>\n\n\n\n<h3 class=\"wp-block-heading\"><span class=\"ez-toc-section\" id=\"Prawo-pracy\"><\/span><a href=\"https:\/\/www.profinfo.pl\/sklep\/prawo-pracy,550629.html?utm_source=blog&amp;utm_medium=link&amp;utm_campaign=Jakie+ksi%C4%85%C5%BCki+na+trzeci+rok+prawa+wybra%C4%87%3F&amp;utm_content=Prawo+pracy\">Prawo pracy<\/a><span class=\"ez-toc-section-end\"><\/span><\/h3>\n\n\n<div class=\"wp-block-image\">\n<figure class=\"alignleft size-large is-resized\"><a href=\"https:\/\/www.profinfo.pl\/sklep\/prawo-pracy,550629.html?utm_source=blog&amp;utm_medium=baner&amp;utm_campaign=Jakie+ksi%C4%85%C5%BCki+na+trzeci+rok+prawa+wybra%C4%87%3F&amp;utm_content=Prawo+pracy\"><img decoding=\"async\" width=\"726\" height=\"1024\" src=\"https:\/\/www.profinfo.pl\/blog\/wp-content\/uploads\/2025\/09\/978-83-8358-538-3_.jpg-726x1024.webp\" alt=\"Prawo pracy\" class=\"wp-image-3971\" style=\"width:250px\" title=\"\" srcset=\"https:\/\/www.profinfo.pl\/blog\/wp-content\/uploads\/2025\/09\/978-83-8358-538-3_.jpg-726x1024.webp 726w, https:\/\/www.profinfo.pl\/blog\/wp-content\/uploads\/2025\/09\/978-83-8358-538-3_.jpg-213x300.webp 213w, https:\/\/www.profinfo.pl\/blog\/wp-content\/uploads\/2025\/09\/978-83-8358-538-3_.jpg-768x1083.webp 768w, https:\/\/www.profinfo.pl\/blog\/wp-content\/uploads\/2025\/09\/978-83-8358-538-3_.jpg.webp 800w\" sizes=\"(max-width: 479px) 90vw, (max-width: 599px) 432px, 536px\" \/><\/a><\/figure>\n<\/div>\n\n\n<p>Wsp\u00f3\u0142czesny rynek pracy charakteryzuje si\u0119 z\u0142o\u017cono\u015bci\u0105 i dynamik\u0105, a jego regulacje prawne stanowi\u0105 odr\u0119bn\u0105, niezwykle wa\u017cn\u0105 dziedzin\u0119 \u2013 prawo pracy. Na trzecim roku studenci cz\u0119sto maj\u0105 okazj\u0119 zg\u0142\u0119bia\u0107 zasady dotycz\u0105ce stosunk\u00f3w pracy, praw i obowi\u0105zk\u00f3w pracodawc\u00f3w i pracownik\u00f3w, a tak\u017ce roli zwi\u0105zk\u00f3w zawodowych i innych instytucji zwi\u0105zanych z rynkiem pracy.<\/p>\n\n\n\n<p>Do nauki prawa pracy polecamy podr\u0119cznik <strong>\u201ePrawo pracy\u201d, stworzony <\/strong>pod redakcj\u0105 naukow\u0105 Krzysztofa W. Barana.<\/p>\n\n\n\n<p>Ksi\u0105\u017cka stanowi kompleksowe i przyst\u0119pne opracowanie prawa pracy, omawiaj\u0105ce wszystkie jego kluczowe instytucje. Publikacja jest podzielona na cztery g\u0142\u00f3wne dzia\u0142y: cz\u0119\u015b\u0107 og\u00f3ln\u0105, indywidualne prawo pracy, zbiorowe prawo zatrudnienia oraz procesowe prawo pracy. W podr\u0119czniku uwzgl\u0119dniono najnowsze zmiany prawne, co czyni go aktualnym i wiarygodnym \u017ar\u00f3d\u0142em wiedzy. W\u015br\u00f3d omawianych nowo\u015bci znajduj\u0105 si\u0119 kwestie dotycz\u0105ce: pracy zdalnej, r\u00f3wnowagi mi\u0119dzy \u017cyciem zawodowym a prywatnym, kontroli trze\u017awo\u015bci pracownik\u00f3w, ochrony sygnalist\u00f3w.<\/p>\n\n\n\n<p>Dzi\u0119ki licznym odwo\u0142aniom do orzecznictwa S\u0105du Najwy\u017cszego, ksi\u0105\u017cka \u0142\u0105czy teori\u0119 z praktyk\u0105. Jest to nieocenione narz\u0119dzie dydaktyczne dla student\u00f3w, ale tak\u017ce cenne \u017ar\u00f3d\u0142o informacji dla praktyk\u00f3w, pracodawc\u00f3w, zwi\u0105zkowc\u00f3w i s\u0119dzi\u00f3w.<\/p>\n\n\n\n<h3 class=\"wp-block-heading\"><span class=\"ez-toc-section\" id=\"Prawo-Unii-Europejskiej\"><\/span><a href=\"https:\/\/www.profinfo.pl\/sklep\/instytucje-i-prawo-unii-europejskiej,447661.html?utm_source=blog&amp;utm_medium=link&amp;utm_campaign=Jakie+ksi%C4%85%C5%BCki+na+trzeci+rok+prawa+wybra%C4%87%3F&amp;utm_content=Instytucje+i+prawo+Unii+Europejskiej\">Prawo Unii Europejskiej<\/a><span class=\"ez-toc-section-end\"><\/span><\/h3>\n\n\n<div class=\"wp-block-image\">\n<figure class=\"alignleft size-large is-resized\"><a href=\"https:\/\/www.profinfo.pl\/sklep\/instytucje-i-prawo-unii-europejskiej,447661.html?utm_source=blog&amp;utm_medium=baner&amp;utm_campaign=Jakie+ksi%C4%85%C5%BCki+na+trzeci+rok+prawa+wybra%C4%87%3F&amp;utm_content=Instytucje+i+prawo+Unii+Europejskiej\"><img decoding=\"async\" width=\"726\" height=\"1024\" src=\"https:\/\/www.profinfo.pl\/blog\/wp-content\/uploads\/2025\/09\/978-83-8328-852-9_.jpg-726x1024.webp\" alt=\"Instytucje i prawo Unii Europejskiej\" class=\"wp-image-3972\" style=\"width:250px\" title=\"\" srcset=\"https:\/\/www.profinfo.pl\/blog\/wp-content\/uploads\/2025\/09\/978-83-8328-852-9_.jpg-726x1024.webp 726w, https:\/\/www.profinfo.pl\/blog\/wp-content\/uploads\/2025\/09\/978-83-8328-852-9_.jpg-213x300.webp 213w, https:\/\/www.profinfo.pl\/blog\/wp-content\/uploads\/2025\/09\/978-83-8328-852-9_.jpg-768x1083.webp 768w, https:\/\/www.profinfo.pl\/blog\/wp-content\/uploads\/2025\/09\/978-83-8328-852-9_.jpg.webp 800w\" sizes=\"(max-width: 479px) 90vw, (max-width: 599px) 432px, 536px\" \/><\/a><\/figure>\n<\/div>\n\n\n<p>W obliczu przynale\u017cno\u015bci Polski do Unii Europejskiej, prawo UE sta\u0142o si\u0119 nieod\u0142\u0105cznym elementem polskiego systemu prawnego. Zrozumienie jego zasad, instytucji i wp\u0142ywu na prawo krajowe jest absolutnie niezb\u0119dne dla ka\u017cdego wsp\u00f3\u0142czesnego prawnika. Trzeci rok to cz\u0119sto moment, kiedy studenci mierz\u0105 si\u0119 z t\u0105 fascynuj\u0105c\u0105, ale i z\u0142o\u017con\u0105 dziedzin\u0105.<\/p>\n\n\n\n<p>W celu gruntownego opanowania prawa Unii Europejskiej rekomendujemy podr\u0119cznik <strong>\u201eInstytucje i prawo Unii Europejskiej\u201d.<\/strong><\/p>\n\n\n\n<p>Si\u00f3dme wydanie tego podr\u0119cznika to kompleksowe i przyst\u0119pne opracowanie charakteryzuj\u0105ce prawo UE. Publikacja omawia podstawowe zasady jego stanowienia i stosowania w prawie krajowym, a tak\u017ce dochodzenie roszcze\u0144 i ochron\u0119 prawn\u0105 w ramach Trybuna\u0142u Sprawiedliwo\u015bci UE.<\/p>\n\n\n\n<p>Podr\u0119cznik zosta\u0142 zaktualizowany o nowe akty unijnego prawa pochodnego, najnowsze praktyki proceduralne oraz orzecznictwo Trybuna\u0142u Sprawiedliwo\u015bci UE. Autorzy szczeg\u00f3ln\u0105 uwag\u0119 po\u015bwi\u0119cili orzeczeniom podkre\u015blaj\u0105cym obowi\u0105zek pa\u0144stw cz\u0142onkowskich w zakresie poszanowania warto\u015bci takich jak demokracja, praworz\u0105dno\u015b\u0107 i prawa podstawowe. Ksi\u0105\u017cka analizuje r\u00f3wnie\u017c najwa\u017cniejsze wyzwania i kierunki ewolucji UE, odnosz\u0105c si\u0119 do wsp\u00f3\u0142czesnych problem\u00f3w, m.in. agresji Rosji na Ukrain\u0119, zmian klimatycznych, pandemii COVID-19, nadchodz\u0105cej ery cyfrowej, niekontrolowanych migracji czy kwestii demograficznych. Publikacja jest przeznaczona dla student\u00f3w prawa, administracji, ekonomii, politologii, europeistyki i stosunk\u00f3w mi\u0119dzynarodowych. Stanowi tak\u017ce cenne \u017ar\u00f3d\u0142o wiedzy dla polityk\u00f3w i urz\u0119dnik\u00f3w, kt\u00f3rzy na co dzie\u0144 zajmuj\u0105 si\u0119 problematyk\u0105 funkcjonowania Unii Europejskiej.<\/p>\n\n\n\n<h3 class=\"wp-block-heading\"><span class=\"ez-toc-section\" id=\"Etyka-zawodu-prawnika\"><\/span>Etyka zawodu prawnika<span class=\"ez-toc-section-end\"><\/span><\/h3>\n\n\n\n<p>W procesie kszta\u0142cenia prawnika, obok wiedzy merytorycznej, niezwykle istotne jest ukszta\u0142towanie wra\u017cliwo\u015bci etycznej i zrozumienie roli, jak\u0105 warto\u015bci moralne odgrywaj\u0105 w praktyce prawniczej. Etyka zawodu prawnika to przedmiot, kt\u00f3ry przygotowuje do odpowiedzialnego i profesjonalnego wykonywania przysz\u0142ych obowi\u0105zk\u00f3w.<\/p>\n\n\n\n<p>W naszej ofercie dost\u0119pne s\u0105 publikacje po\u015bwi\u0119cone etyce zawodu prawnika, kt\u00f3re pomog\u0105 zrozumie\u0107 kodeksy etyczne obowi\u0105zuj\u0105ce w poszczeg\u00f3lnych zawodach prawniczych, zasady odpowiedzialno\u015bci dyscyplinarnej, a tak\u017ce dylematy moralne, z jakimi prawnicy spotykaj\u0105 si\u0119 w swojej codziennej pracy. Opracowania z tej dziedziny cz\u0119sto analizuj\u0105 konkretne kazusy, co pozwala na praktyczne zastosowanie zasad etycznych. Jest to nie tylko przedmiot egzaminacyjny, ale przede wszystkim kszta\u0142towanie postaw i warto\u015bci, kt\u00f3re s\u0105 fundamentalne dla wiarygodno\u015bci i autorytetu ca\u0142ego \u015brodowiska prawniczego. Po\u015bwi\u0119cenie uwagi tej dziedzinie jest kluczowe dla rozwoju kompetentnego i etycznego prawnika.&#8217;<\/p>\n\n\n\n<figure class=\"wp-block-pullquote alignwide has-border-color has-small-font-size\" style=\"border-color:#85bc20;border-style:dashed\"><blockquote><p><a href=\"https:\/\/www.profinfo.pl\/sklep\/podreczniki-akademickie.html?utm_source=blog&amp;utm_medium=link&amp;utm_campaign=Jakie+ksi%C4%85%C5%BCki+na+trzeci+rok+prawa+wybra%C4%87%3F&amp;utm_content=Wi%C4%99cej+podr%C4%99cznik%C3%B3w+akademickich+znajdziesz+w+Profinfo.pl\">Wi\u0119cej podr\u0119cznik\u00f3w akademickich znajdziesz w Profinfo.pl<\/a><\/p><cite>Polecamy<\/cite><\/blockquote><\/figure>\n\n\n\n<h2 class=\"wp-block-heading\">Podsumowanie<\/h2>\n\n\n\n<p>Trzeci rok studi\u00f3w prawniczych to czas pog\u0142\u0119biania wiedzy i rozpocz\u0119cia specjalizacji. Przedmioty takie jak prawo zobowi\u0105za\u0144, post\u0119powanie karne, post\u0119powanie cywilne, prawo pracy czy prawo Unii Europejskiej stanowi\u0105 filary dalszego rozwoju. Inwestycja w sprawdzone i aktualne podr\u0119czniki to najlepsza inwestycja w przysz\u0142o\u015b\u0107 zawodow\u0105. Nasza ksi\u0119garnia oferuje szeroki wyb\u00f3r publikacji, kt\u00f3re pomog\u0105 w sukcesywnym przej\u015bciu przez ten wymagaj\u0105cy, lecz niezwykle satysfakcjonuj\u0105cy etap edukacji.<\/p>\n\n\n\n<p>Zapraszamy do zapoznania si\u0119 z nasz\u0105 ofert\u0105 i skompletowania zestawu podr\u0119cznik\u00f3w na trzeci rok studi\u00f3w.<\/p>\n\n\n\n<p>\u017byczymy wytrwa\u0142o\u015bci i wielu sukces\u00f3w w nauce!<br><\/p>\n","protected":false},"excerpt":{"rendered":"<p>Trzeci rok studi\u00f3w prawniczych stanowi kluczowy etap w procesie kszta\u0142cenia, bowiem jest to czas, w kt\u00f3rym wiedza staje si\u0119 coraz bardziej specjalistyczna, a student ma szans\u0119 zg\u0142\u0119bi\u0107 dziedziny, kt\u00f3re mog\u0105 sta\u0107 si\u0119 jego przysz\u0142\u0105 pasj\u0105 i drog\u0105 zawodow\u0105. To okres intensywnej nauki, w kt\u00f3rym teoria zaczyna coraz mocniej splata\u0107 si\u0119 z praktycznymi aspektami funkcjonowania prawa.<\/p>\n","protected":false},"author":1,"featured_media":3986,"comment_status":"open","ping_status":"open","sticky":false,"template":"","format":"standard","meta":{"footnotes":""},"categories":[71],"tags":[],"class_list":["post-3960","post","type-post","status-publish","format-standard","has-post-thumbnail","hentry","category-porady"],"_links":{"self":[{"href":"https:\/\/www.profinfo.pl\/blog\/wp-json\/wp\/v2\/posts\/3960","targetHints":{"allow":["GET"]}}],"collection":[{"href":"https:\/\/www.profinfo.pl\/blog\/wp-json\/wp\/v2\/posts"}],"about":[{"href":"https:\/\/www.profinfo.pl\/blog\/wp-json\/wp\/v2\/types\/post"}],"author":[{"embeddable":true,"href":"https:\/\/www.profinfo.pl\/blog\/wp-json\/wp\/v2\/users\/1"}],"replies":[{"embeddable":true,"href":"https:\/\/www.profinfo.pl\/blog\/wp-json\/wp\/v2\/comments?post=3960"}],"version-history":[{"count":4,"href":"https:\/\/www.profinfo.pl\/blog\/wp-json\/wp\/v2\/posts\/3960\/revisions"}],"predecessor-version":[{"id":3983,"href":"https:\/\/www.profinfo.pl\/blog\/wp-json\/wp\/v2\/posts\/3960\/revisions\/3983"}],"wp:featuredmedia":[{"embeddable":true,"href":"https:\/\/www.profinfo.pl\/blog\/wp-json\/wp\/v2\/media\/3986"}],"wp:attachment":[{"href":"https:\/\/www.profinfo.pl\/blog\/wp-json\/wp\/v2\/media?parent=3960"}],"wp:term":[{"taxonomy":"category","embeddable":true,"href":"https:\/\/www.profinfo.pl\/blog\/wp-json\/wp\/v2\/categories?post=3960"},{"taxonomy":"post_tag","embeddable":true,"href":"https:\/\/www.profinfo.pl\/blog\/wp-json\/wp\/v2\/tags?post=3960"}],"curies":[{"name":"wp","href":"https:\/\/api.w.org\/{rel}","templated":true}]}}