{"id":4365,"date":"2026-01-08T10:39:21","date_gmt":"2026-01-08T09:39:21","guid":{"rendered":"https:\/\/www.profinfo.pl\/blog\/?p=4365"},"modified":"2026-03-12T09:28:25","modified_gmt":"2026-03-12T08:28:25","slug":"ksef-na-przelomie-2025-i-2026-co-wiemy-dzisiaj-pytania-i-odpowiedzi","status":"publish","type":"post","link":"https:\/\/www.profinfo.pl\/blog\/ksef-na-przelomie-2025-i-2026-co-wiemy-dzisiaj-pytania-i-odpowiedzi\/","title":{"rendered":"KSEF na prze\u0142omie 2025 i 2026. Co wiemy dzisiaj &#8211; pytania i odpowiedzi"},"content":{"rendered":"\n<p>Na \u0142amach naszego bloga kilkakrotnie omawiali\u015bmy podstawy funkcjonowania Krajowego Systemu e-Faktur. Dzisiaj, u progu 2026 roku, po wielu modyfikacjach systemu, wiemy jeszcze wi\u0119cej o tym, jak KSeF b\u0119dzie dzia\u0142a\u0142 w praktyce.<\/p>\n\n\n\n<p><strong>Prezydent RP zatwierdzi\u0142 27 sierpnia 2025 roku ustaw\u0119 wprowadzaj\u0105c\u0105 obowi\u0105zek korzystania z systemu, co nadaje ostateczny kszta\u0142t reformie cyfrowego fakturowania w Polsce, od kt\u00f3rej nie ma ju\u017c odwrotu.<\/strong><\/p>\n\n\n\n<p><strong>W tym artykule odpowiadamy na najwa\u017cniejsze pytania, kt\u00f3re nurtuj\u0105 przedsi\u0119biorc\u00f3w i ksi\u0119gowych przed wdro\u017ceniem obligatoryjnego KSeF w 2026 roku.<\/strong><\/p>\n\n\n\n<!--more-->\n\n\n\n<h2 class=\"wp-block-heading\"><span class=\"ez-toc-section\" id=\"Od-kiedy-KSeF-bedzie-obowiazkowy\"><\/span>Od kiedy KSeF b\u0119dzie obowi\u0105zkowy?<span class=\"ez-toc-section-end\"><\/span><\/h2>\n\n\n\n<p><strong>Obowi\u0105zek wystawiania faktur w <a href=\"https:\/\/www.profinfo.pl\/hasla-lex\/krajowy-system-e-faktur-ksef,7425.html?utm_source=blog&amp;utm_medium=link&amp;utm_campaign=KSEF+na+prze%C5%82omie+2025+i+2026.+Co+wiemy+dzisiaj+-+pytania+i+odpowiedzi&amp;utm_content=KSeF\" data-type=\"link\" data-id=\"https:\/\/www.profinfo.pl\/hasla-lex\/krajowy-system-e-faktur-ksef,7425.html?utm_source=blog&amp;utm_medium=link&amp;utm_campaign=KSEF+na+prze%C5%82omie+2025+i+2026.+Co+wiemy+dzisiaj+-+pytania+i+odpowiedzi&amp;utm_content=KSeF\">KSeF<\/a> wejdzie w \u017cycie etapami, co ma na celu sprawne dostosowanie przedsi\u0119biorc\u00f3w do nowych wymog\u00f3w<\/strong>. Kalendarium jego obowi\u0105zywania prezentuje si\u0119 nast\u0119puj\u0105co:<\/p>\n\n\n\n<figure class=\"wp-block-image alignwide size-large\"><img decoding=\"async\" width=\"1024\" height=\"359\" src=\"https:\/\/www.profinfo.pl\/blog\/wp-content\/uploads\/2026\/01\/od-kiedy-obowiazek-ksef-1024x359.png\" alt=\"\" class=\"wp-image-4372\" title=\"\" srcset=\"https:\/\/www.profinfo.pl\/blog\/wp-content\/uploads\/2026\/01\/od-kiedy-obowiazek-ksef-1024x359.png 1024w, https:\/\/www.profinfo.pl\/blog\/wp-content\/uploads\/2026\/01\/od-kiedy-obowiazek-ksef-300x105.png 300w, https:\/\/www.profinfo.pl\/blog\/wp-content\/uploads\/2026\/01\/od-kiedy-obowiazek-ksef-768x269.png 768w, https:\/\/www.profinfo.pl\/blog\/wp-content\/uploads\/2026\/01\/od-kiedy-obowiazek-ksef.png 1230w\" sizes=\"(max-width: 959px) 688px, 768px\" \/><\/figure>\n\n\n\n<p><strong>Warto jednak podkre\u015bli\u0107, \u017ce od 1 lutego 2026 roku wszyscy przedsi\u0119biorcy b\u0119d\u0105 musieli odbiera\u0107 faktury w KSeF, niezale\u017cnie od tego, kiedy wchodzi dla nich obowi\u0105zek ich wystawiania.<\/strong><\/p>\n\n\n\n<h2 class=\"wp-block-heading\"><span class=\"ez-toc-section\" id=\"Jakie-sa-najwazniejsze-zmiany-w-KSeF-20\"><\/span>Jakie s\u0105 najwa\u017cniejsze zmiany w KSeF 2.0?<span class=\"ez-toc-section-end\"><\/span><\/h2>\n\n\n\n<p>Produkcyjna wersja systemu KSeF 2.0 pozwalaj\u0105ca na wystawianie faktur w rzeczywistym obrocie gospodarczym, zostanie udost\u0119pniona 1 lutego 2026 r. Wprowadza ona szereg istotnych zmian w por\u00f3wnaniu do dotychczas dzia\u0142aj\u0105cego fakultatywnego KSeF 1.0.<\/p>\n\n\n\n<h3 class=\"wp-block-heading\">Nowa struktura logiczna faktury FA(3)<\/h3>\n\n\n\n<ul class=\"wp-block-list\">\n<li>Zast\u0119puje dotychczasow\u0105 struktur\u0119 FA(2) i jest dostosowana do nowych funkcjonalno\u015bci systemu, w tym mo\u017cliwo\u015bci dodawania za\u0142\u0105cznik\u00f3w.<\/li>\n<\/ul>\n\n\n\n<h3 class=\"wp-block-heading\">Tryby wystawiania faktur<\/h3>\n\n\n\n<ul class=\"wp-block-list\">\n<li>Wprowadzono tryby offline: offline24 (mo\u017cliwo\u015b\u0107 wystawienia faktury bez po\u0142\u0105czenia z KSeF z obowi\u0105zkiem przes\u0142ania jej do systemu w ci\u0105gu 24 godzin), tryb offline niedost\u0119pno\u015b\u0107 (podczas prac serwisowych) oraz tryb awaryjny (w przypadku awarii po stronie Ministerstwa Finans\u00f3w, z terminem 7 dni roboczych na przes\u0142anie faktury).<\/li>\n<\/ul>\n\n\n\n<h3 class=\"wp-block-heading\">Za\u0142\u0105czniki do faktur<\/h3>\n\n\n\n<ul class=\"wp-block-list\">\n<li>Przedsi\u0119biorcy b\u0119d\u0105 mogli do\u0142\u0105cza\u0107 za\u0142\u0105czniki do e-faktur po wcze\u015bniejszym zg\u0142oszeniu w e-Urz\u0119dzie Skarbowym i otrzymaniu potwierdzenia mailowego. Funkcja ta jest szczeg\u00f3lnie przydatna dla bran\u017c takich jak media, telekomunikacja czy dostawcy paliw.<\/li>\n<\/ul>\n\n\n\n<h3 class=\"wp-block-heading\">Kody QR<\/h3>\n\n\n\n<ul class=\"wp-block-list\">\n<li>Ka\u017cda faktura wystawiona w trybie online b\u0119dzie oznaczona kodem QR z numerem KSeF, umo\u017cliwiaj\u0105cym weryfikacj\u0119 autentyczno\u015bci dokumentu. Faktury w trybie offline b\u0119d\u0105 mia\u0142y dwa kody QR \u2013 jeden z napisem \u201eOFFLINE&#8221; i drugi z napisem \u201eCERTYFIKAT&#8221;.<\/li>\n<\/ul>\n\n\n\n<h3 class=\"wp-block-heading\">Nowe API REST<\/h3>\n\n\n\n<ul class=\"wp-block-list\">\n<li>Zamiast dotychczasowego protoko\u0142u SOAP wprowadzono architektur\u0119 REST zgodn\u0105 ze specyfikacj\u0105 OpenAPI, co u\u0142atwia integracj\u0119 z systemami ksi\u0119gowymi.<\/li>\n<\/ul>\n\n\n\n<h3 class=\"wp-block-heading\">Certyfikaty KSeF<\/h3>\n\n\n\n<ul class=\"wp-block-list\">\n<li>Nowy mechanizm uwierzytelniania, kt\u00f3ry od lutego 2026 roku zast\u0105pi dotychczasowe tokeny (tokeny b\u0119d\u0105 dzia\u0142a\u0107 r\u00f3wnolegle do ko\u0144ca 2026 roku). Certyfikaty mo\u017cna pobiera\u0107 ju\u017c od 1 listopada 2025 roku poprzez Modu\u0142 Certyfikat\u00f3w i Uprawnie\u0144 (MCU).<\/li>\n<\/ul>\n\n\n\n<h2 class=\"wp-block-heading\"><span class=\"ez-toc-section\" id=\"Czy-przewidziano-okresy-przejsciowe\"><\/span>Czy przewidziano okresy przej\u015bciowe?<span class=\"ez-toc-section-end\"><\/span><\/h2>\n\n\n\n<p>Na szcz\u0119\u015bcie tak, <strong>wprowadzono szereg u\u0142atwie\u0144 maj\u0105cych pom\u00f3c przedsi\u0119biorcom w&nbsp;p\u0142ynnym przej\u015bciu na nowy system.<\/strong><\/p>\n\n\n\n<figure class=\"wp-block-pullquote alignwide has-border-color has-small-font-size\" style=\"border-color:#85bc20;border-style:dashed\"><blockquote><p><a href=\"https:\/\/www.profinfo.pl\/hasla-lex\/krajowy-system-e-faktur-ksef,7425.html?utm_source=blog&amp;utm_medium=link&amp;utm_campaign=KSEF+na+prze%C5%82omie+2025+i+2026.+Co+wiemy+dzisiaj+-+pytania+i+odpowiedzi&amp;utm_content=Wi%C4%99cej+o+Krajowym+Systemie+e-Faktur+%28KSeF%29\">Wi\u0119cej o Krajowym Systemie e-Faktur (KSeF)<\/a><\/p><cite>w publikacjach z oferty Profinfo.pl<\/cite><\/blockquote><\/figure>\n\n\n\n<p><strong>Po pierwsze \u2013 rok 2026 b\u0119dzie okresem ochronnym<\/strong>. Oznacza to, \u017ce kary za b\u0142\u0119dy i niedostosowanie system\u00f3w zosta\u0142y zawieszone do ko\u0144ca 2026 roku. Dzi\u0119ki temu przedsi\u0119biorcy maj\u0105 czas na dopracowanie procedur bez obawy o sankcje.<\/p>\n\n\n\n<p><strong>Po drugie \u2013 do 31 grudnia 2026 roku mo\u017cliwe b\u0119dzie <a href=\"https:\/\/www.profinfo.pl\/hasla-lex\/faktury-vat,954.html?utm_source=blog&amp;utm_medium=link&amp;utm_campaign=KSEF+na+prze%C5%82omie+2025+i+2026.+Co+wiemy+dzisiaj+-+pytania+i+odpowiedzi&amp;utm_content=wystawianie+faktur\" data-type=\"link\" data-id=\"https:\/\/www.profinfo.pl\/hasla-lex\/faktury-vat,954.html?utm_source=blog&amp;utm_medium=link&amp;utm_campaign=KSEF+na+prze%C5%82omie+2025+i+2026.+Co+wiemy+dzisiaj+-+pytania+i+odpowiedzi&amp;utm_content=wystawianie+faktur\">wystawianie faktur<\/a> przy u\u017cyciu kas fiskalnych bez konieczno\u015bci ich przesy\u0142ania do KSeF.<\/strong> Od 2027 roku, je\u015bli do transakcji zaewidencjonowanej przy u\u017cyciu kasy fiskalnej online b\u0119dzie wystawiana faktura na rzecz podatnika, b\u0119dzie musia\u0142a ona trafi\u0107 do KSeF.<\/p>\n\n\n\n<p><strong>Po trzecie \u2013 do ko\u0144ca 2026 roku przedsi\u0119biorcy, kt\u00f3rych \u0142\u0105czna warto\u015b\u0107 sprzeda\u017cy na fakturach w danym miesi\u0105cu nie przekroczy 10 tysi\u0119cy z\u0142otych brutto, b\u0119d\u0105 mogli wystawia\u0107 faktury poza KSeF.<\/strong><\/p>\n\n\n\n<p><strong>Po czwarte &#8211; obowi\u0105zek podawania numeru KSeF przy przelewach zosta\u0142 przesuni\u0119ty na 2027 rok.<\/strong> Rozwi\u0105zanie to ma na celu przeciwdzia\u0142anie zatorom p\u0142atniczym.<\/p>\n\n\n\n<h2 class=\"wp-block-heading\"><span class=\"ez-toc-section\" id=\"Jak-przygotowac-firme-do-KSeF\"><\/span>Jak przygotowa\u0107 firm\u0119 do KSeF?<span class=\"ez-toc-section-end\"><\/span><\/h2>\n\n\n\n<p>Warto podkre\u015bli\u0107, \u017ce przygotowanie do obowi\u0105zkowego KSeF w przedsi\u0119biorstwie wymaga podj\u0119cia kilku kluczowych krok\u00f3w.<\/p>\n\n\n\n<p><strong>Kluczowa jest weryfikacja oprogramowania ksi\u0119gowego<\/strong>. <strong>Nale\u017cy upewni\u0107 si\u0119, \u017ce wykorzystywany w firmie program do fakturowania jest zintegrowany z KSeF 2.0 i obs\u0142uguje now\u0105 struktur\u0119 FA(3) oraz API REST.<\/strong><\/p>\n\n\n\n<p><strong>Testowanie na \u015brodowisku Demo to kolejne dzia\u0142anie<\/strong>, kt\u00f3re warto podj\u0105\u0107, aby solidnie przygotowa\u0107 si\u0119 na nadchodz\u0105ce zmiany. <strong><a href=\"https:\/\/www.profinfo.pl\/hasla-lex\/minister-finansow,1904.html?utm_source=blog&amp;utm_medium=link&amp;utm_campaign=KSEF+na+prze%C5%82omie+2025+i+2026.+Co+wiemy+dzisiaj+-+pytania+i+odpowiedzi&amp;utm_content=Ministerstwo+Finans%C3%B3w\" data-type=\"link\" data-id=\"https:\/\/www.profinfo.pl\/hasla-lex\/minister-finansow,1904.html?utm_source=blog&amp;utm_medium=link&amp;utm_campaign=KSEF+na+prze%C5%82omie+2025+i+2026.+Co+wiemy+dzisiaj+-+pytania+i+odpowiedzi&amp;utm_content=Ministerstwo+Finans%C3%B3w\">Ministerstwo Finans\u00f3w<\/a> udost\u0119pni\u0142o \u015brodowisko przedprodukcyjne (Demo), w kt\u00f3rym mo\u017cna przetestowa\u0107 wystawianie faktur bez skutk\u00f3w prawnych.<\/strong><\/p>\n\n\n\n<p>Nie mniej istotne jest nadanie uprawnie\u0144, co oznacza, \u017ce <strong>przedsi\u0119biorcy powinni nada\u0107 odpowiednie koncesje <a href=\"https:\/\/www.profinfo.pl\/hasla-lex\/pracownik,3235.html?utm_source=blog&amp;utm_medium=link&amp;utm_campaign=KSEF+na+prze%C5%82omie+2025+i+2026.+Co+wiemy+dzisiaj+-+pytania+i+odpowiedzi&amp;utm_content=pracownikom\" data-type=\"link\" data-id=\"https:\/\/www.profinfo.pl\/hasla-lex\/pracownik,3235.html?utm_source=blog&amp;utm_medium=link&amp;utm_campaign=KSEF+na+prze%C5%82omie+2025+i+2026.+Co+wiemy+dzisiaj+-+pytania+i+odpowiedzi&amp;utm_content=pracownikom\">pracownikom<\/a> lub <a href=\"https:\/\/www.profinfo.pl\/zawody\/biuro-rachunkowe,38.html?utm_source=blog&amp;utm_medium=link&amp;utm_campaign=KSEF+na+prze%C5%82omie+2025+i+2026.+Co+wiemy+dzisiaj+-+pytania+i+odpowiedzi&amp;utm_content=biurom+rachunkowym\" data-type=\"link\" data-id=\"https:\/\/www.profinfo.pl\/zawody\/biuro-rachunkowe,38.html?utm_source=blog&amp;utm_medium=link&amp;utm_campaign=KSEF+na+prze%C5%82omie+2025+i+2026.+Co+wiemy+dzisiaj+-+pytania+i+odpowiedzi&amp;utm_content=biurom+rachunkowym\">biurom rachunkowym<\/a> do wystawiania i odbierania faktur w systemie.<\/strong> Mo\u017cna to zrobi\u0107 poprzez Modu\u0142 Certyfikat\u00f3w i Uprawnie\u0144 (MCU) dost\u0119pny od 1 listopada 2025 roku.<\/p>\n\n\n\n<p><strong>Wnioskowanie o certyfikaty KSeF<\/strong>, to kolejny wa\u017cny krok, kt\u00f3ry przygotowuje firm\u0119 do wprowadzenia nowego systemu. <strong>Od listopada 2025 roku mo\u017cna sk\u0142ada\u0107 wnioski o certyfikaty wystawcy faktur, kt\u00f3re s\u0105 niezb\u0119dne do uwierzytelnienia si\u0119 w systemie oraz wystawiania e-faktur w trybach offline.<\/strong><\/p>\n\n\n\n<p><strong>Nale\u017cy tak\u017ce zadba\u0107 o szkolenie dla pracownik\u00f3w odpowiedzialnych za fakturowanie i ksi\u0119gowo\u015b\u0107. W tym zakresie polecamy skorzysta\u0107 z profesjonalnego szkolenia dost\u0119pnego w ofercie Profinfo.pl &#8211; <\/strong><a href=\"https:\/\/www.profinfo.pl\/sklep\/ksef-w-praktyce-biura-rachunkowego-szkolenie-on-line,704560.html\" target=\"_blank\" rel=\"noreferrer noopener\"><strong>KSeF w praktyce biura rachunkowego \u2013 szkolenie on-line<\/strong><\/a><strong>, kt\u00f3re kompleksowo przygotowuje do pracy z nowym systemem.<\/strong><\/p>\n\n\n\n<figure class=\"wp-block-image alignwide size-full bordersd\"><a href=\"https:\/\/www.profinfo.pl\/sklep\/ksef-w-praktyce-biura-rachunkowego-szkolenie-on-line,704560.html?utm_source=blog&amp;utm_medium=baner&amp;utm_campaign=KSEF+na+prze%C5%82omie+2025+i+2026.+Co+wiemy+dzisiaj+-+pytania+i+odpowiedzi&amp;utm_content=KSeF+w+praktyce+biura+rachunkowego+%E2%80%93+szkolenie+on-line\"><img decoding=\"async\" width=\"822\" height=\"250\" src=\"https:\/\/www.profinfo.pl\/blog\/wp-content\/uploads\/2026\/01\/ksef-w-praktyce-biura-tachunkowego.png\" alt=\"KSeF w praktyce biura rachunkowego + Szkolenie on-line\" class=\"wp-image-4376\" title=\"\" srcset=\"https:\/\/www.profinfo.pl\/blog\/wp-content\/uploads\/2026\/01\/ksef-w-praktyce-biura-tachunkowego.png 822w, https:\/\/www.profinfo.pl\/blog\/wp-content\/uploads\/2026\/01\/ksef-w-praktyce-biura-tachunkowego-300x91.png 300w, https:\/\/www.profinfo.pl\/blog\/wp-content\/uploads\/2026\/01\/ksef-w-praktyce-biura-tachunkowego-768x234.png 768w\" sizes=\"(max-width: 959px) 688px, 768px\" \/><\/a><figcaption class=\"wp-element-caption\">&#8222;<a href=\"https:\/\/www.profinfo.pl\/sklep\/ksef-w-praktyce-biura-rachunkowego-szkolenie-on-line,704560.html?utm_source=blog&amp;utm_medium=link&amp;utm_campaign=KSEF+na+prze%C5%82omie+2025+i+2026.+Co+wiemy+dzisiaj+-+pytania+i+odpowiedzi&amp;utm_content=KSeF+w+praktyce+biura+rachunkowego+%E2%80%93+szkolenie+on-line\" data-type=\"link\" data-id=\"https:\/\/www.profinfo.pl\/sklep\/ksef-w-praktyce-biura-rachunkowego-szkolenie-on-line,704560.html?utm_source=blog&amp;utm_medium=link&amp;utm_campaign=KSEF+na+prze%C5%82omie+2025+i+2026.+Co+wiemy+dzisiaj+-+pytania+i+odpowiedzi&amp;utm_content=KSeF+w+praktyce+biura+rachunkowego+%E2%80%93+szkolenie+on-line\">KSeF w praktyce biura rachunkowego<\/a>&#8221; autorstwa Ewy Soko\u0142owskiej<\/figcaption><\/figure>\n\n\n\n<h2 class=\"wp-block-heading\"><span class=\"ez-toc-section\" id=\"Jak-bedzie-wygladac-proces-wystawiania-faktur-w-KSeF\"><\/span>Jak b\u0119dzie wygl\u0105da\u0107 proces wystawiania faktur w KSeF?<span class=\"ez-toc-section-end\"><\/span><\/h2>\n\n\n\n<p><strong>Nowa, obowi\u0105zkowa wersja systemu posiada znaczne r\u00f3\u017cnice w procesie fakturowania, ni\u017c by\u0142o to przyj\u0119te w pierwszym wariancie KSeF (1.0).<\/strong><\/p>\n\n\n\n<p>W nowym modelu <strong>faktura nabiera mocy prawnej po otrzymaniu numeru KSeF<\/strong>. Do momentu nadania unikalnego numeru identyfikacyjnego przez system, dokument formalnie nie istnieje. Dopiero po zarejestrowaniu w KSeF faktura staje si\u0119 prawnie wi\u0105\u017c\u0105ca.<\/p>\n\n\n\n<p><strong>Kolejna modyfikacja, to jednolity format XML (FA(3)).<\/strong> Oznacza to, \u017ce wszystkie faktury musz\u0105 by\u0107 wystawiane w ustrukturyzowanym formacie XML zgodnym ze schematem FA(3), co eliminuje r\u00f3\u017cnice mi\u0119dzy firmami i umo\u017cliwia automatyzacj\u0119 ksi\u0119gowania.<\/p>\n\n\n\n<p><strong>KSeF w wariancie 2.0 umo\u017cliwia automatyczne udost\u0119pnianie nabywcy. Faktury B2B s\u0105 udost\u0119pniane wy\u0142\u0105cznie poprzez KSeF, a odbiorca pobiera je po zalogowaniu do systemu lub przez w\u0142asny program zintegrowany z KSeF.<\/strong><\/p>\n\n\n\n<p><strong>Brak mo\u017cliwo\u015bci anulowania to kolejna cecha wprowadzanego w \u017cycie systemu.<\/strong> Je\u015bli pojawi si\u0119 b\u0142\u0105d w wystawionej fakturze, jedynym rozwi\u0105zaniem b\u0119dzie wystawienie faktury koryguj\u0105cej, r\u00f3wnie\u017c przesy\u0142anej przez system.<\/p>\n\n\n\n<p><strong>Automatyczna archiwizacja &#8211; KSeF b\u0119dzie przechowywa\u0107 wszystkie dokumenty przez 10 lat<\/strong>, co zwalnia przedsi\u0119biorc\u00f3w z obowi\u0105zku samodzielnego archiwizowania faktur.<\/p>\n\n\n\n<p><strong>Wprowadzenie KSeF to koniec z er\u0105 wystawiania faktur \u201epo czasie\u201d.<\/strong> System automatycznie rejestruje dat\u0119 i godzin\u0119 przes\u0142ania faktury, co uniemo\u017cliwia wystawianie faktur z dat\u0105 wsteczn\u0105 (cho\u0107 w trybach offline data wystawienia odpowiada dacie wskazanej w polu P_1).<\/p>\n\n\n\n<p><strong>Ponadto ka\u017cda faktura przekazywana poza systemem<\/strong> (np. dla kontrahenta zagranicznego lub konsumenta) <strong>b\u0119dzie opatrzona kodem QR umo\u017cliwiaj\u0105cym jej weryfikacj\u0119.<\/strong><\/p>\n\n\n\n<h2 class=\"wp-block-heading\"><span class=\"ez-toc-section\" id=\"Kogo-obejmuje-obowiazek-korzystania-z-KSeF\"><\/span>Kogo obejmuje obowi\u0105zek korzystania z KSeF?<span class=\"ez-toc-section-end\"><\/span><\/h2>\n\n\n\n<p><strong>Obowi\u0105zek korzystania z KSeF dotyczy wszystkich przedsi\u0119biorc\u00f3w b\u0119d\u0105cych <a href=\"https:\/\/www.profinfo.pl\/hasla-lex\/podatnik-vat,2862.html?utm_source=blog&amp;utm_medium=link&amp;utm_campaign=KSEF+na+prze%C5%82omie+2025+i+2026.+Co+wiemy+dzisiaj+-+pytania+i+odpowiedzi&amp;utm_content=podatnikami+VAT\" data-type=\"link\" data-id=\"https:\/\/www.profinfo.pl\/hasla-lex\/podatnik-vat,2862.html?utm_source=blog&amp;utm_medium=link&amp;utm_campaign=KSEF+na+prze%C5%82omie+2025+i+2026.+Co+wiemy+dzisiaj+-+pytania+i+odpowiedzi&amp;utm_content=podatnikami+VAT\">podatnikami VAT<\/a> &#8211; czynnymi oraz zwolnionymi, kt\u00f3rzy wystawiaj\u0105 faktury w transakcjach B2B, niezale\u017cnie od formy prawnej prowadzonej dzia\u0142alno\u015bci. Ponadto obowi\u0105zek obejmuje r\u00f3wnie\u017c jednostki samorz\u0105du terytorialnego (JST).<\/strong><\/p>\n\n\n\n<p>Nowy Krajowy System e-Faktur przewiduje jednak pewne wy\u0142\u0105czenia. Mianowicie obowi\u0105zek korzystania z KSeF nie dotyczy faktur wystawianych na rzecz <a href=\"https:\/\/www.profinfo.pl\/hasla-lex\/konsument-definicja,1496.html?utm_source=blog&amp;utm_medium=link&amp;utm_campaign=KSEF+na+prze%C5%82omie+2025+i+2026.+Co+wiemy+dzisiaj+-+pytania+i+odpowiedzi&amp;utm_content=konsument%C3%B3w\" data-type=\"link\" data-id=\"https:\/\/www.profinfo.pl\/hasla-lex\/konsument-definicja,1496.html?utm_source=blog&amp;utm_medium=link&amp;utm_campaign=KSEF+na+prze%C5%82omie+2025+i+2026.+Co+wiemy+dzisiaj+-+pytania+i+odpowiedzi&amp;utm_content=konsument%C3%B3w\">konsument\u00f3w<\/a> (osoby fizyczne nieprowadz\u0105ce dzia\u0142alno\u015bci gospodarczej \u2013 transakcje B2C), gdzie fakturowanie przez KSeF pozostaje dobrowolne. Nie s\u0105 r\u00f3wnie\u017c obj\u0119ci obowi\u0105zkiem wszyscy podatnicy zagraniczni nieposiadaj\u0105cy siedziby dzia\u0142alno\u015bci gospodarczej ani sta\u0142ego miejsca prowadzenia dzia\u0142alno\u015bci na terytorium Polski (art. 106ga ust. 2 pkt 1 i 2 u.p.t.u.), a tak\u017ce podatnicy korzystaj\u0105cy z procedur szczeg\u00f3lnych (OSS, IOSS).<\/p>\n\n\n\n<p>(art. 106ga ust. 2 pkt 1&nbsp;i&nbsp;2&nbsp;u.p.t.u.):<\/p>\n\n\n\n<p>Obowi\u0105zek wstawiania w KSeF faktur nie dotyczy:<\/p>\n\n\n\n<ul class=\"wp-block-list\">\n<li>podatnika nieposiadaj\u0105cego siedziby dzia\u0142alno\u015bci gospodarczej ani sta\u0142ego miejsca prowadzenia dzia\u0142alno\u015bci gospodarczej na terytorium kraju,<\/li>\n\n\n\n<li>podatnika nieposiadaj\u0105cego siedziby <a href=\"https:\/\/www.profinfo.pl\/hasla-lex\/dzialalnosc-gospodarcza-definicja-podatkowa,704.html?utm_source=blog&amp;utm_medium=link&amp;utm_campaign=KSEF+na+prze%C5%82omie+2025+i+2026.+Co+wiemy+dzisiaj+-+pytania+i+odpowiedzi&amp;utm_content=dzia%C5%82alno%C5%9Bci+gospodarczej\" data-type=\"link\" data-id=\"https:\/\/www.profinfo.pl\/hasla-lex\/dzialalnosc-gospodarcza-definicja-podatkowa,704.html?utm_source=blog&amp;utm_medium=link&amp;utm_campaign=KSEF+na+prze%C5%82omie+2025+i+2026.+Co+wiemy+dzisiaj+-+pytania+i+odpowiedzi&amp;utm_content=dzia%C5%82alno%C5%9Bci+gospodarczej\">dzia\u0142alno\u015bci gospodarczej<\/a> na terytorium kraju, kt\u00f3ry posiada sta\u0142e miejsce prowadzenia dzia\u0142alno\u015bci gospodarczej na terytorium kraju, przy czym to sta\u0142e miejsce prowadzenia dzia\u0142alno\u015bci nie uczestniczy w dostawie towar\u00f3w lub \u015bwiadczeniu us\u0142ug, dla kt\u00f3rych wystawiono faktur\u0119.<\/li>\n<\/ul>\n\n\n\n<p class=\"has-text-align-center\">Faktury kosztowe otrzymywane od zagranicznych kontrahent\u00f3w (nieposiadaj\u0105cych siedziby ani sta\u0142ego miejsca prowadzenia dzia\u0142alno\u015bci w Polsce) s\u0105 dokumentowane poza KSeF, zgodnie z dotychczasowymi zasadami.<\/p>\n\n\n\n<figure class=\"wp-block-image alignwide size-full bordersd\"><a href=\"https:\/\/www.profinfo.pl\/sklep\/ksef-w-praktyce-kancelarii-prawnej,732610.html?utm_source=blog&amp;utm_medium=baner&amp;utm_campaign=KSEF+na+prze%C5%82omie+2025+i+2026.+Co+wiemy+dzisiaj+-+pytania+i+odpowiedzi&amp;utm_content=KSeF+w+praktyce+kancelarii+prawnej\"><img decoding=\"async\" width=\"823\" height=\"258\" src=\"https:\/\/www.profinfo.pl\/blog\/wp-content\/uploads\/2026\/01\/ksef-w-praktyce-kancelarii-prawnej.png\" alt=\"KSeF w praktyce kancelarii prawnej\" class=\"wp-image-4597\" title=\"\" srcset=\"https:\/\/www.profinfo.pl\/blog\/wp-content\/uploads\/2026\/01\/ksef-w-praktyce-kancelarii-prawnej.png 823w, https:\/\/www.profinfo.pl\/blog\/wp-content\/uploads\/2026\/01\/ksef-w-praktyce-kancelarii-prawnej-300x94.png 300w, https:\/\/www.profinfo.pl\/blog\/wp-content\/uploads\/2026\/01\/ksef-w-praktyce-kancelarii-prawnej-768x241.png 768w\" sizes=\"(max-width: 959px) 688px, 768px\" \/><\/a><figcaption class=\"wp-element-caption\">&#8222;<a href=\"https:\/\/www.profinfo.pl\/sklep\/ksef-w-praktyce-kancelarii-prawnej,732610.html?utm_source=blog&amp;utm_medium=link&amp;utm_campaign=KSEF+na+prze%C5%82omie+2025+i+2026.+Co+wiemy+dzisiaj+-+pytania+i+odpowiedzi&amp;utm_content=KSeF+w+praktyce+kancelarii+prawnej\">KSeF w praktyce kancelarii prawnej<\/a>&#8222;, autorka Agnieszka Weso\u0142owska<\/figcaption><\/figure>\n\n\n\n<h2 class=\"wp-block-heading\"><span class=\"ez-toc-section\" id=\"Podsumowanie\"><\/span>Podsumowanie<span class=\"ez-toc-section-end\"><\/span><\/h2>\n\n\n\n<p>Przed nami prze\u0142omowy okres w polskim systemie fakturowania. <strong>Kluczowe terminy, kt\u00f3re nale\u017cy zapami\u0119ta\u0107 to: 1 lutego 2026 roku dla najwi\u0119kszych firm, 1 kwietnia 2026 roku dla pozosta\u0142ych przedsi\u0119biorc\u00f3w oraz 1 stycznia 2027 roku dla najmniejszych podmiot\u00f3w. Ju\u017c od 1 listopada 2025 roku mo\u017cna sk\u0142ada\u0107 wnioski o certyfikaty KSeF i testowa\u0107 system na \u015brodowisku Demo.<\/strong><\/p>\n\n\n\n<p>Warto rozpocz\u0105\u0107 przygotowania jak najszybciej, aby unikn\u0105\u0107 problem\u00f3w organizacyjnych i w pe\u0142ni wykorzysta\u0107 korzy\u015bci p\u0142yn\u0105ce z cyfryzacji fakturowania \u2013 od automatyzacji proces\u00f3w ksi\u0119gowych, przez skr\u00f3cenie czasu zwrotu VAT (z 60 do 40 dni), po wi\u0119ksze bezpiecze\u0144stwo obrotu gospodarczego.<\/p>\n\n\n\n<p><strong>Je\u015bli chcesz pog\u0142\u0119bi\u0107 swoj\u0105 wiedz\u0119 na temat KSeF i pozna\u0107 system w praktyce, zapraszamy do udzia\u0142u w organizowanym przez nas szkoleniu on-line ju\u017c 28.11.2025 r.,<\/strong> a naj\u015bwie\u017csze informacje odnajdziesz zawsze na naszym blogu.<\/p>\n","protected":false},"excerpt":{"rendered":"<p>Na \u0142amach naszego bloga kilkakrotnie omawiali\u015bmy podstawy funkcjonowania Krajowego Systemu e-Faktur. Dzisiaj, u progu 2026 roku, po wielu modyfikacjach systemu, wiemy jeszcze wi\u0119cej o tym, jak KSeF b\u0119dzie dzia\u0142a\u0142 w praktyce. Prezydent RP zatwierdzi\u0142 27 sierpnia 2025 roku ustaw\u0119 wprowadzaj\u0105c\u0105 obowi\u0105zek korzystania z systemu, co nadaje ostateczny kszta\u0142t reformie cyfrowego fakturowania w Polsce, od kt\u00f3rej &hellip; <\/p>\n<p><a href=\"https:\/\/www.profinfo.pl\/blog\/ksef-na-przelomie-2025-i-2026-co-wiemy-dzisiaj-pytania-i-odpowiedzi\/\" class=\"more-link\">Czytaj wi\u0119cej<span class=\"screen-reader-text\"> &#8222;KSEF na prze\u0142omie 2025 i 2026. Co wiemy dzisiaj &#8211; pytania i odpowiedzi&#8221;<\/span><\/a><\/p>\n","protected":false},"author":1,"featured_media":4381,"comment_status":"open","ping_status":"open","sticky":false,"template":"","format":"standard","meta":{"footnotes":""},"categories":[71],"tags":[117],"class_list":["post-4365","post","type-post","status-publish","format-standard","has-post-thumbnail","hentry","category-porady","tag-podatki-i-rachunkowosc"],"_links":{"self":[{"href":"https:\/\/www.profinfo.pl\/blog\/wp-json\/wp\/v2\/posts\/4365","targetHints":{"allow":["GET"]}}],"collection":[{"href":"https:\/\/www.profinfo.pl\/blog\/wp-json\/wp\/v2\/posts"}],"about":[{"href":"https:\/\/www.profinfo.pl\/blog\/wp-json\/wp\/v2\/types\/post"}],"author":[{"embeddable":true,"href":"https:\/\/www.profinfo.pl\/blog\/wp-json\/wp\/v2\/users\/1"}],"replies":[{"embeddable":true,"href":"https:\/\/www.profinfo.pl\/blog\/wp-json\/wp\/v2\/comments?post=4365"}],"version-history":[{"count":5,"href":"https:\/\/www.profinfo.pl\/blog\/wp-json\/wp\/v2\/posts\/4365\/revisions"}],"predecessor-version":[{"id":4603,"href":"https:\/\/www.profinfo.pl\/blog\/wp-json\/wp\/v2\/posts\/4365\/revisions\/4603"}],"wp:featuredmedia":[{"embeddable":true,"href":"https:\/\/www.profinfo.pl\/blog\/wp-json\/wp\/v2\/media\/4381"}],"wp:attachment":[{"href":"https:\/\/www.profinfo.pl\/blog\/wp-json\/wp\/v2\/media?parent=4365"}],"wp:term":[{"taxonomy":"category","embeddable":true,"href":"https:\/\/www.profinfo.pl\/blog\/wp-json\/wp\/v2\/categories?post=4365"},{"taxonomy":"post_tag","embeddable":true,"href":"https:\/\/www.profinfo.pl\/blog\/wp-json\/wp\/v2\/tags?post=4365"}],"curies":[{"name":"wp","href":"https:\/\/api.w.org\/{rel}","templated":true}]}}