{"id":4549,"date":"2026-01-13T12:43:32","date_gmt":"2026-01-13T11:43:32","guid":{"rendered":"https:\/\/www.profinfo.pl\/blog\/?p=4549"},"modified":"2026-03-04T13:00:42","modified_gmt":"2026-03-04T12:00:42","slug":"najwazniejsze-zmiany-podatkowe-co-nowego-dla-firm-i-osob-prywatnych","status":"publish","type":"post","link":"https:\/\/www.profinfo.pl\/blog\/najwazniejsze-zmiany-podatkowe-co-nowego-dla-firm-i-osob-prywatnych\/","title":{"rendered":"Najwa\u017cniejsze zmiany podatkowe w 2026 roku. Co nowego dla firm i os\u00f3b prywatnych?"},"content":{"rendered":"\n<p>Nowy rok to zawsze dobry moment, aby zapozna\u0107 si\u0119 ze zmianami w prawie, kt\u00f3re b\u0119d\u0105 nas dotyczy\u0107, a jednym z obszar\u00f3w tego prawa, z kt\u00f3rym warto by\u0107 na bie\u017c\u0105co to bez w\u0105tpienia \u201epodatki\u201d.<\/p>\n\n\n\n<p>Dlatego w tym wpisie zajmiemy si\u0119 zmianami w polskim systemie podatkowym, kt\u00f3re w bie\u017c\u0105cym roku b\u0119d\u0105 odczuwalne zar\u00f3wno dla os\u00f3b prywatnych jak i przedsi\u0119biorc\u00f3w. Oto zestawienie najwa\u017cniejszych zmian podatkowych, kt\u00f3re wesz\u0142y w \u017cycie 1 stycznia 2026 roku oraz tych, kt\u00f3re czekaj\u0105 nas w najbli\u017cszych miesi\u0105cach.<\/p>\n\n\n\n<!--more-->\n\n\n\n<h2 class=\"wp-block-heading\">Zmiany, kt\u00f3re ju\u017c obowi\u0105zuj\u0105\u2026<\/h2>\n\n\n\n<div id=\"ez-toc-container\" class=\"ez-toc-v2_0_82_2 counter-hierarchy ez-toc-counter ez-toc-custom ez-toc-container-direction\">\n<div class=\"ez-toc-title-container\">\n<p class=\"ez-toc-title\" style=\"cursor:inherit\">Spis tre\u015bci<\/p>\n<span class=\"ez-toc-title-toggle\"><a href=\"#\" class=\"ez-toc-pull-right ez-toc-btn ez-toc-btn-xs ez-toc-btn-default ez-toc-toggle\" aria-label=\"Prze\u0142\u0105cznik Spisu Tre\u015bci\"><span class=\"ez-toc-js-icon-con\"><span class=\"\"><span class=\"eztoc-hide\" style=\"display:none;\">Toggle<\/span><span class=\"ez-toc-icon-toggle-span\"><svg style=\"fill: #676767;color:#676767\" xmlns=\"http:\/\/www.w3.org\/2000\/svg\" class=\"list-377408\" width=\"20px\" height=\"20px\" viewBox=\"0 0 24 24\" fill=\"none\"><path d=\"M6 6H4v2h2V6zm14 0H8v2h12V6zM4 11h2v2H4v-2zm16 0H8v2h12v-2zM4 16h2v2H4v-2zm16 0H8v2h12v-2z\" fill=\"currentColor\"><\/path><\/svg><svg style=\"fill: #676767;color:#676767\" class=\"arrow-unsorted-368013\" xmlns=\"http:\/\/www.w3.org\/2000\/svg\" width=\"10px\" height=\"10px\" viewBox=\"0 0 24 24\" version=\"1.2\" baseProfile=\"tiny\"><path d=\"M18.2 9.3l-6.2-6.3-6.2 6.3c-.2.2-.3.4-.3.7s.1.5.3.7c.2.2.4.3.7.3h11c.3 0 .5-.1.7-.3.2-.2.3-.5.3-.7s-.1-.5-.3-.7zM5.8 14.7l6.2 6.3 6.2-6.3c.2-.2.3-.5.3-.7s-.1-.5-.3-.7c-.2-.2-.4-.3-.7-.3h-11c-.3 0-.5.1-.7.3-.2.2-.3.5-.3.7s.1.5.3.7z\"\/><\/svg><\/span><\/span><\/span><\/a><\/span><\/div>\n<nav><ul class='ez-toc-list ez-toc-list-level-1 ' ><li class='ez-toc-page-1 ez-toc-heading-level-3'><a class=\"ez-toc-link ez-toc-heading-1\" href=\"https:\/\/www.profinfo.pl\/blog\/najwazniejsze-zmiany-podatkowe-co-nowego-dla-firm-i-osob-prywatnych\/#Wyzszy-limit-zwolnienia-podmiotowego-w-podatku-VAT\" >Wy\u017cszy limit zwolnienia podmiotowego w podatku VAT<\/a><\/li><li class='ez-toc-page-1 ez-toc-heading-level-3'><a class=\"ez-toc-link ez-toc-heading-2\" href=\"https:\/\/www.profinfo.pl\/blog\/najwazniejsze-zmiany-podatkowe-co-nowego-dla-firm-i-osob-prywatnych\/#Nowe-limity-podatkowe-dla-samochodow-firmowych\" >Nowe limity podatkowe dla samochod\u00f3w firmowych<\/a><\/li><li class='ez-toc-page-1 ez-toc-heading-level-3'><a class=\"ez-toc-link ez-toc-heading-3\" href=\"https:\/\/www.profinfo.pl\/blog\/najwazniejsze-zmiany-podatkowe-co-nowego-dla-firm-i-osob-prywatnych\/#Kasowa-metoda-rozliczania-przychodow-i-kosztow-bardziej-dostepna-dla-przedsiebiorcow\" >Kasowa metoda rozliczania przychod\u00f3w i koszt\u00f3w bardziej dost\u0119pna dla przedsi\u0119biorc\u00f3w<\/a><\/li><li class='ez-toc-page-1 ez-toc-heading-level-3'><a class=\"ez-toc-link ez-toc-heading-4\" href=\"https:\/\/www.profinfo.pl\/blog\/najwazniejsze-zmiany-podatkowe-co-nowego-dla-firm-i-osob-prywatnych\/#Obnizone-limity-podatkowe-i-rachunkowe-z-powodu-spadku-kursu-euro\" >Obni\u017cone limity podatkowe i rachunkowe z powodu spadku kursu euro<\/a><\/li><li class='ez-toc-page-1 ez-toc-heading-level-3'><a class=\"ez-toc-link ez-toc-heading-5\" href=\"https:\/\/www.profinfo.pl\/blog\/najwazniejsze-zmiany-podatkowe-co-nowego-dla-firm-i-osob-prywatnych\/#Krajowy-System-e-Faktur\" >Krajowy System e-Faktur<\/a><\/li><li class='ez-toc-page-1 ez-toc-heading-level-3'><a class=\"ez-toc-link ez-toc-heading-6\" href=\"https:\/\/www.profinfo.pl\/blog\/najwazniejsze-zmiany-podatkowe-co-nowego-dla-firm-i-osob-prywatnych\/#Sankcje-dotyczace-KSeF-oraz-JPK-VAT\" >Sankcje dotycz\u0105ce KSeF oraz JPK_VAT<\/a><\/li><\/ul><\/nav><\/div>\n<h3 class=\"wp-block-heading\"><span class=\"ez-toc-section\" id=\"Wyzszy-limit-zwolnienia-podmiotowego-w-podatku-VAT\"><\/span>Wy\u017cszy limit zwolnienia podmiotowego w podatku VAT<span class=\"ez-toc-section-end\"><\/span><\/h3>\n\n\n\n<p><strong>Najwa\u017cniejsza zmiana dla ma\u0142ych firm to bez w\u0105tpienia podniesienie limitu zwolnienia z&nbsp;VAT, z 200 tys. do 240 tys. rocznego przychodu.<\/strong><\/p>\n\n\n\n<p>Niniejsza modyfikacja obejmuje zasadniczo wszystkich podatnik\u00f3w, kt\u00f3rzy korzystaj\u0105 ze zwolnienia podmiotowego w naszym kraju, z wyj\u0105tkiem przedsi\u0119biorc\u00f3w, kt\u00f3rzy prowadz\u0105 dzia\u0142alno\u015b\u0107 wy\u0142\u0105czon\u0105 z tego zwolnienia na mocy art. 113 ust. 13 ustawy o VAT, takich jak us\u0142ugi doradcze czy prawnicze.<\/p>\n\n\n\n<p>Ustawienie wy\u017cszego limitu ma na celu u\u0142atwienie prowadzenia dzia\u0142alno\u015bci ma\u0142ym firmom, daj\u0105c im wi\u0119ksz\u0105 elastyczno\u015b\u0107 w zakresie rejestracji <a href=\"https:\/\/www.profinfo.pl\/hasla-lex\/podatek-od-towarow-i-uslug,2837.html?utm_source=blog&amp;utm_medium=link&amp;utm_campaign=Najwa%C5%BCniejsze+zmiany+podatkowe+w+2026+roku.+Co+nowego+dla+firm+i+os%C3%B3b+prywatnych%3F&amp;utm_content=VAT\" data-type=\"link\" data-id=\"https:\/\/www.profinfo.pl\/hasla-lex\/podatek-od-towarow-i-uslug,2837.html?utm_source=blog&amp;utm_medium=link&amp;utm_campaign=Najwa%C5%BCniejsze+zmiany+podatkowe+w+2026+roku.+Co+nowego+dla+firm+i+os%C3%B3b+prywatnych%3F&amp;utm_content=VAT\">VAT<\/a> i obci\u0105\u017ce\u0144 administracyjnych.<\/p>\n\n\n\n<figure class=\"wp-block-pullquote alignwide has-border-color has-medium-font-size\" style=\"border-color:#85bc20;border-style:dotted\"><blockquote><p><a href=\"https:\/\/www.profinfo.pl\/sklep\/podatki-finanse-i-rachunkowosc.html?utm_source=blog&amp;utm_medium=link&amp;utm_campaign=Najwa%C5%BCniejsze+zmiany+podatkowe+w+2026+roku.+Co+nowego+dla+firm+i+os%C3%B3b+prywatnych%3F&amp;utm_content=Podatki+i+rachunkowo%C5%9B%C4%87\" data-type=\"link\" data-id=\"https:\/\/www.profinfo.pl\/sklep\/podatki-finanse-i-rachunkowosc.html?utm_source=blog&amp;utm_medium=link&amp;utm_campaign=Najwa%C5%BCniejsze+zmiany+podatkowe+w+2026+roku.+Co+nowego+dla+firm+i+os%C3%B3b+prywatnych%3F&amp;utm_content=Podatki+i+rachunkowo%C5%9B%C4%87\">Podatki i rachunkowo\u015b\u0107<\/a><\/p><cite>Aktualne publikacje w ksi\u0119garni Profinfo.pl<\/cite><\/blockquote><\/figure>\n\n\n\n<p>Warto podkre\u015bli\u0107, \u017ce <strong>przepisy przej\u015bciowe przewiduj\u0105, i\u017c p<\/strong><strong>odatnicy, kt\u00f3rzy w 2025 roku przekroczyli stary limit 200 tys. z\u0142, ale zmie\u015bcili si\u0119 w nowym progu 240 tys. z\u0142, mog\u0105 od 1 stycznia 2026 roku wr\u00f3ci\u0107 do zwolnienia. Jednak rozliczenie 2025 roku przeprowadzi\u0107 trzeba zgodnie ze starymi regu\u0142ami<\/strong>, czyli je\u015bli w 2025 roku przekroczono 200 tys. z\u0142, nale\u017cy w tym roku rozlicza\u0107 VAT do ko\u0144ca grudnia.<\/p>\n\n\n\n<h3 class=\"wp-block-heading\"><span class=\"ez-toc-section\" id=\"Nowe-limity-podatkowe-dla-samochodow-firmowych\"><\/span>Nowe limity podatkowe dla samochod\u00f3w firmowych<span class=\"ez-toc-section-end\"><\/span><\/h3>\n\n\n\n<p>Kolejn\u0105 aktualizacj\u0105, kt\u00f3ra wesz\u0142a w \u017cycie od 1 stycznia 2026 roku jest<strong> zmiana limit\u00f3w warto\u015bci samochod\u00f3w, kt\u00f3re mo\u017cna rozliczy\u0107 w kosztach podatkowych (<a href=\"https:\/\/www.profinfo.pl\/hasla-lex\/podatek-dochodowy-od-osob-fizycznych,2816.html?utm_source=blog&amp;utm_medium=link&amp;utm_campaign=Najwa%C5%BCniejsze+zmiany+podatkowe+w+2026+roku.+Co+nowego+dla+firm+i+os%C3%B3b+prywatnych%3F&amp;utm_content=PIT\" data-type=\"link\" data-id=\"https:\/\/www.profinfo.pl\/hasla-lex\/podatek-dochodowy-od-osob-fizycznych,2816.html?utm_source=blog&amp;utm_medium=link&amp;utm_campaign=Najwa%C5%BCniejsze+zmiany+podatkowe+w+2026+roku.+Co+nowego+dla+firm+i+os%C3%B3b+prywatnych%3F&amp;utm_content=PIT\">PIT<\/a> i <a href=\"https:\/\/www.profinfo.pl\/hasla-lex\/podatek-dochodowy-od-osob-prawnych,2817.html?utm_source=blog&amp;utm_medium=link&amp;utm_campaign=Najwa%C5%BCniejsze+zmiany+podatkowe+w+2026+roku.+Co+nowego+dla+firm+i+os%C3%B3b+prywatnych%3F&amp;utm_content=CIT\" data-type=\"link\" data-id=\"https:\/\/www.profinfo.pl\/hasla-lex\/podatek-dochodowy-od-osob-prawnych,2817.html?utm_source=blog&amp;utm_medium=link&amp;utm_campaign=Najwa%C5%BCniejsze+zmiany+podatkowe+w+2026+roku.+Co+nowego+dla+firm+i+os%C3%B3b+prywatnych%3F&amp;utm_content=CIT\">CIT<\/a>). Zamiast jednego limitu 150 tys. z\u0142 (b\u0105d\u017a 225 tys. z\u0142 dla aut elektrycznych) pojawi\u0142 si\u0119 trzystopniowy system limit\u00f3w, mocno zwi\u0105zany z emisj\u0105 dwutlenku w\u0119gla<\/strong>:<\/p>\n\n\n\n<ul class=\"wp-block-list\">\n<li>225 tys. z\u0142 &#8211; samochody elektryczne i nap\u0119dzane wodorem (tzw. pojazdy zeroemisyjne);<\/li>\n\n\n\n<li>150 tys. z\u0142 \u2013 pojazdy niskoemisyjne, czyli takie o emisji poni\u017cej 50 g CO\u2082\/km (g\u0142\u00f3wnie hybrydy plug-in);<\/li>\n\n\n\n<li>100 tys. z\u0142 &#8211; pozosta\u0142e samochody (wi\u0119kszo\u015b\u0107 tradycyjnych aut spalinowych i hybryd konwencjonalnych).<\/li>\n<\/ul>\n\n\n\n<p>Niniejsze limity dotycz\u0105 zar\u00f3wno odpis\u00f3w amortyzacyjnych, jak i koszt\u00f3w leasingu operacyjnego, najmu oraz dzier\u017cawy. Warto tez wiedzie\u0107, \u017ce cz\u0119\u015b\u0107 warto\u015bci pojazdu ponad dany limit&nbsp;nie b\u0119dzie&nbsp;stanowi\u0142a kosztu uzyskania przychodu. Warto r\u00f3wnie\u017c zaznaczy\u0107, \u017ce <strong>nowe limity dotycz\u0105 samochod\u00f3w wprowadzonych do ewidencji od 1 stycznia 2026 roku<\/strong><strong>. Je\u015bli samoch\u00f3d by\u0142 w ewidencji przed t\u0105 dat\u0105, stosuj\u0105 si\u0119 do niego stare limity.<\/strong><\/p>\n\n\n\n<h3 class=\"wp-block-heading\"><span class=\"ez-toc-section\" id=\"Kasowa-metoda-rozliczania-przychodow-i-kosztow-bardziej-dostepna-dla-przedsiebiorcow\"><\/span>Kasowa metoda rozliczania przychod\u00f3w i koszt\u00f3w bardziej dost\u0119pna dla przedsi\u0119biorc\u00f3w<span class=\"ez-toc-section-end\"><\/span><\/h3>\n\n\n\n<p>Z pocz\u0105tkiem tego roku <a href=\"https:\/\/www.profinfo.pl\/hasla-lex\/przedsiebiorcy,3458.html?utm_source=blog&amp;utm_medium=link&amp;utm_campaign=Najwa%C5%BCniejsze+zmiany+podatkowe+w+2026+roku.+Co+nowego+dla+firm+i+os%C3%B3b+prywatnych%3F&amp;utm_content=przedsi%C4%99biorcy\" data-type=\"link\" data-id=\"https:\/\/www.profinfo.pl\/hasla-lex\/przedsiebiorcy,3458.html?utm_source=blog&amp;utm_medium=link&amp;utm_campaign=Najwa%C5%BCniejsze+zmiany+podatkowe+w+2026+roku.+Co+nowego+dla+firm+i+os%C3%B3b+prywatnych%3F&amp;utm_content=przedsi%C4%99biorcy\">przedsi\u0119biorcy<\/a> prowadz\u0105cy dzia\u0142alno\u015b\u0107 gospodarcz\u0105 otrzymali lepsze warunki na rozliczanie si\u0119 prostsz\u0105 metod\u0105. Mowa tu o kasowej metodzie rozliczania przychod\u00f3w i koszt\u00f3w (tzw. kasowy PIT), czyli sytuacji, w kt\u00f3rej firma rozlicza si\u0119 po faktycznie otrzymanych pieni\u0105dzach, a nie po wystawionych fakturach. <strong>Do tej pory limit przychod\u00f3w uprawniaj\u0105cy do stosowania kasowego PIT wynosi\u0142 1 mln z\u0142. Od stycznia bie\u017c\u0105cego roku pu\u0142ap ten wzr\u00f3s\u0142 do 2 mln z\u0142 przychod\u00f3w osi\u0105gni\u0119tych w poprzednim roku podatkowym.<\/strong><\/p>\n\n\n\n<p>Dobrze jednak wiedzie\u0107, \u017ce <strong>kasowy PIT pozostanie rozwi\u0105zaniem dobrowolnym, czyli przedsi\u0119biorca b\u0119dzie musia\u0142 z\u0142o\u017cy\u0107 stosowne o\u015bwiadczenie o wyborze tej w\u0142a\u015bnie metody.<\/strong><\/p>\n\n\n\n<h3 class=\"wp-block-heading\"><span class=\"ez-toc-section\" id=\"Obnizone-limity-podatkowe-i-rachunkowe-z-powodu-spadku-kursu-euro\"><\/span>Obni\u017cone limity podatkowe i rachunkowe z powodu spadku kursu euro<span class=\"ez-toc-section-end\"><\/span><\/h3>\n\n\n\n<p><strong>Z dniem pierwszego stycznia 2026 roku wesz\u0142y w \u017cycie nowe, ni\u017csze limity podatkowe oraz rachunkowe, kt\u00f3re wynikaj\u0105 z przeliczenia prog\u00f3w wyra\u017conych w euro, przy zastosowaniu ni\u017cszego \u015bredniego kursu euro z pocz\u0105tku pa\u017adziernika 2025 roku<\/strong> (4,2586 z\u0142).<\/p>\n\n\n\n<p>W\u015br\u00f3d kluczowych warto\u015bci obowi\u0105zuj\u0105cych w 2026 roku znajduj\u0105 si\u0119:<\/p>\n\n\n\n<ul class=\"wp-block-list\">\n<li>Ksi\u0119gi rachunkowe \u2013 10\u00a0646 500 z\u0142<\/li>\n\n\n\n<li>Status ma\u0142ego podatnika CIT\/PIT\/VAT: 8\u00a0517 000 z\u0142<\/li>\n\n\n\n<li>Jednorazowa amortyzacja dla ma\u0142ego podatnika: 213 000 z\u0142<\/li>\n\n\n\n<li>Kwartalny VAT a CIT EE: 17\u00a0034 000 z\u0142<\/li>\n\n\n\n<li>Opodatkowanie rycza\u0142tem: 8\u00a0517 000 z\u0142<\/li>\n\n\n\n<li>Kwartalne opodatkowanie rycza\u0142tem: 851 720 z\u0142.<\/li>\n<\/ul>\n\n\n\n<h2 class=\"wp-block-heading\">Zmiany, kt\u00f3re zaczn\u0105 obowi\u0105zywa\u0107 w trakcie 2026 roku\u2026<\/h2>\n\n\n\n<h3 class=\"wp-block-heading\"><span class=\"ez-toc-section\" id=\"Krajowy-System-e-Faktur\"><\/span>Krajowy System e-Faktur<span class=\"ez-toc-section-end\"><\/span><\/h3>\n\n\n\n<p><strong>Rok 2026 przynosi jedn\u0105 z najbardziej odczuwalnych dla przedsi\u0119biorc\u00f3w reform<\/strong>, o kt\u00f3rej pisali\u015bmy ju\u017c na \u0142amach naszego bloga, <strong>czyli obowi\u0105zek wystawiania faktur ustrukturyzowanych w <\/strong><a href=\"https:\/\/www.profinfo.pl\/blog\/ksef-na-przelomie-2025-i-2026-co-wiemy-dzisiaj-pytania-i-odpowiedzi\/\"><strong>Krajowym Systemie e-Faktur (KSeF).<\/strong><\/a> Wdro\u017cenie KSeF ma zachodzi\u0107 wg \u015bci\u015ble ustalonego planu, czyli:<\/p>\n\n\n\n<ul class=\"wp-block-list\">\n<li>od 1 lutego 2026 r. \u2013 obowi\u0105zek dotyczy przedsi\u0119biorc\u00f3w, kt\u00f3rych warto\u015b\u0107 sprzeda\u017cy wraz z kwot\u0105 podatku w 2024 r. przekroczy\u0142 200 mln z\u0142;<\/li>\n\n\n\n<li>od 1 kwietnia 2026 r. \u2013 obowi\u0105zek obejmuje wszystkie pozosta\u0142e przedsi\u0119biorstwa b\u0119d\u0105ce czynnymi podatnikami VAT;<\/li>\n\n\n\n<li>od 1 stycznia 2027 r. \u2013 obowi\u0105zek dla najmniejszych przedsi\u0119biorc\u00f3w, u kt\u00f3rych \u0142\u0105czna warto\u015b\u0107 sprzeda\u017cy miesi\u0119cznie nie przekracza 10 tys. z\u0142 brutto.<\/li>\n<\/ul>\n\n\n\n<p>Mo\u017cna zatem powiedzie\u0107, \u017ce <strong>w 2026 roku KSeF staje si\u0119 standardem w obrocie B2B, a przedsi\u0119biorstwa musz\u0105 dostosowa\u0107 systemy finansowo-ksi\u0119gowe, obieg dokument\u00f3w, procedury kontrolne i podatkowe do nowych wymog\u00f3w<\/strong>.<\/p>\n\n\n\n<figure class=\"wp-block-pullquote alignwide has-border-color has-medium-font-size\" style=\"border-color:#85bc20;border-style:dotted\"><blockquote><p><a href=\"https:\/\/www.profinfo.pl\/hasla-lex\/krajowy-system-e-faktur-ksef,7425.html?utm_source=blog&amp;utm_medium=link&amp;utm_campaign=Najwa%C5%BCniejsze+zmiany+podatkowe+w+2026+roku.+Co+nowego+dla+firm+i+os%C3%B3b+prywatnych%3F&amp;utm_content=Poznaj+lepiej+KSEF\" data-type=\"link\" data-id=\"https:\/\/www.profinfo.pl\/hasla-lex\/krajowy-system-e-faktur-ksef,7425.html?utm_source=blog&amp;utm_medium=link&amp;utm_campaign=Najwa%C5%BCniejsze+zmiany+podatkowe+w+2026+roku.+Co+nowego+dla+firm+i+os%C3%B3b+prywatnych%3F&amp;utm_content=Poznaj+lepiej+KSEF\">Poznaj lepiej KSEF<\/a><\/p><cite>sprawd\u017a publikacje w ksi\u0119garni Profinfo.pl<\/cite><\/blockquote><\/figure>\n\n\n\n<h3 class=\"wp-block-heading\"><span class=\"ez-toc-section\" id=\"Sankcje-dotyczace-KSeF-oraz-JPK-VAT\"><\/span>Sankcje dotycz\u0105ce KSeF oraz JPK_VAT<span class=\"ez-toc-section-end\"><\/span><\/h3>\n\n\n\n<p><strong>Wraz z powszechnym wdro\u017ceniem KSeF planowane s\u0105 r\u00f3wnie\u017c zmiany w rozporz\u0105dzeniu reguluj\u0105cym JPK_VAT.<\/strong><\/p>\n\n\n\n<p>Zgodnie z proponowanymi regulacjami:<\/p>\n\n\n\n<ul class=\"wp-block-list\">\n<li>w sytuacji, gdy w momencie sk\u0142adania JPK_VAT faktura nie posiada jeszcze numeru KSeF, a numer ten zostanie nadany p\u00f3\u017aniej, podatnik b\u0119dzie zobowi\u0105zany do dokonania korekty zapis\u00f3w w ewidencji;<\/li>\n\n\n\n<li>brak dokonania korekty w terminie 14 dni od otrzymania wezwania od organu podatkowego mo\u017ce skutkowa\u0107 na\u0142o\u017ceniem kary w wysoko\u015bci 500 z\u0142 za ka\u017cd\u0105 stwierdzon\u0105 nieprawid\u0142owo\u015b\u0107;<\/li>\n\n\n\n<li>dodatkowo pojawia si\u0119 ryzyko poniesienia odpowiedzialno\u015bci karno-skarbowej w przypadku przesy\u0142ania nieprawid\u0142owej lub nierzetelnej ewidencji.<\/li>\n<\/ul>\n\n\n\n<p>Podstaw\u0105 tych zmian jest Rozporz\u0105dzenie Ministra Finans\u00f3w i Gospodarki z dnia 12 grudnia 2025 r. w sprawie zmiany rozporz\u0105dzenia zmieniaj\u0105cego rozporz\u0105dzenie w sprawie szczeg\u00f3\u0142owego zakresu danych zawartych w deklaracjach podatkowych i w ewidencji w zakresie podatku od towar\u00f3w i us\u0142ug (Dz.U. z 2025 r., poz. 1800). Jego celem jest dostosowanie struktury&nbsp;JPK_VAT&nbsp;do wymog\u00f3w&nbsp;KSeF.<\/p>\n\n\n\n<h2 class=\"wp-block-heading\">Podatki 2026 \u2013 pe\u0142ny przegl\u0105d zmian podatkowych dla zainteresowanych<\/h2>\n\n\n\n<p>Wymienione na \u0142amach tego artyku\u0142y zmiany w prawie podatkowym, to zaledwie \u201ekropla w morzu\u201d aktualizacji czy nowo\u015bci, jakie czekaj\u0105 na podatnik\u00f3w w bie\u017c\u0105cym roku. <strong>Je\u017celi nale\u017cysz do grona os\u00f3b, kt\u00f3re s\u0105 \u017cywo zainteresowane omawian\u0105 problematyk\u0105, polecamy zwr\u00f3ci\u0107 uwag\u0119 na publikacj\u0119 <em><a href=\"https:\/\/www.profinfo.pl\/sklep\/meritum-podatki-2026,730762.html?utm_source=blog&amp;utm_medium=link&amp;utm_campaign=Najwa%C5%BCniejsze+zmiany+podatkowe+w+2026+roku.+Co+nowego+dla+firm+i+os%C3%B3b+prywatnych%3F&amp;utm_content=Meritum+Podatki+2026\" data-type=\"link\" data-id=\"https:\/\/www.profinfo.pl\/sklep\/meritum-podatki-2026,730762.html?utm_source=blog&amp;utm_medium=link&amp;utm_campaign=Najwa%C5%BCniejsze+zmiany+podatkowe+w+2026+roku.+Co+nowego+dla+firm+i+os%C3%B3b+prywatnych%3F&amp;utm_content=Meritum+Podatki+2026\">Meritum Podatki 2026<\/a><\/em><\/strong> <strong>znajduj\u0105c\u0105 si\u0119 w ofercie naszej internetowej ksi\u0119garni.<\/strong><\/p>\n\n\n\n<div class=\"wp-block-media-text alignwide is-stacked-on-mobile is-vertically-aligned-top\" style=\"grid-template-columns:20% auto\"><figure class=\"wp-block-media-text__media\"><a href=\"https:\/\/www.profinfo.pl\/sklep\/meritum-podatki-2026,730762.html?utm_source=blog&amp;utm_medium=baner&amp;utm_campaign=Najwa%C5%BCniejsze+zmiany+podatkowe+w+2026+roku.+Co+nowego+dla+firm+i+os%C3%B3b+prywatnych%3F&amp;utm_content=Meritum+Podatki+2026\"><img decoding=\"async\" width=\"277\" height=\"367\" src=\"https:\/\/www.profinfo.pl\/blog\/wp-content\/uploads\/2026\/03\/image.png\" alt=\"Meritum Podatki 2026\" class=\"wp-image-4552 size-full\" title=\"\" srcset=\"https:\/\/www.profinfo.pl\/blog\/wp-content\/uploads\/2026\/03\/image.png 277w, https:\/\/www.profinfo.pl\/blog\/wp-content\/uploads\/2026\/03\/image-226x300.png 226w\" sizes=\"(max-width: 479px) 90vw, (max-width: 599px) 432px, 536px\" \/><\/a><\/figure><div class=\"wp-block-media-text__content\">\n<p><strong><a href=\"https:\/\/www.profinfo.pl\/sklep\/meritum-podatki-2026,730762.html?utm_source=blog&amp;utm_medium=link&amp;utm_campaign=Najwa%C5%BCniejsze+zmiany+podatkowe+w+2026+roku.+Co+nowego+dla+firm+i+os%C3%B3b+prywatnych%3F&amp;utm_content=Meritum+Podatki+2026\" data-type=\"link\" data-id=\"https:\/\/www.profinfo.pl\/sklep\/meritum-podatki-2026,730762.html?utm_source=blog&amp;utm_medium=link&amp;utm_campaign=Najwa%C5%BCniejsze+zmiany+podatkowe+w+2026+roku.+Co+nowego+dla+firm+i+os%C3%B3b+prywatnych%3F&amp;utm_content=Meritum+Podatki+2026\">Meritum Podatki 2026<\/a><\/strong><\/p>\n\n\n\n<p>Niniejsza ksi\u0105\u017cka to swego rodzaju poradnik adresowany do ksi\u0119gowych, doradc\u00f3w podatkowych i przedsi\u0119biorc\u00f3w, kt\u00f3rzy chc\u0105 dzia\u0142a\u0107 zgodnie z najnowszymi przepisami. <strong>W publikacji znajduj\u0105 si\u0119 m.in.: om\u00f3wione zmiany, jakie w prawie podatkowym przynosi 2026 rok, przyk\u0142adowe rozwi\u0105zania mo\u017cliwych problem\u00f3w, czy wzory pism i dokument\u00f3w<\/strong>. Planowana data wydania i wysy\u0142ki to luty 2026r, ale ju\u017c teraz mo\u017cesz j\u0105 zakupi\u0107 w przedsprzeda\u017cy.<\/p>\n<\/div><\/div>\n\n\n\n<h2 class=\"wp-block-heading\">Podsumowanie<\/h2>\n\n\n\n<p>Mimo, i\u017c wprowadzone b\u0105d\u017a planowane zmiany mog\u0105 wydawa\u0107 si\u0119 skomplikowane, to wi\u0119kszo\u015b\u0107 z nich sprzyja ma\u0142ym firmom, bowiem wy\u017cszy limit VAT czy <a href=\"https:\/\/www.profinfo.pl\/blog\/kasowy-pit-od-2025-roku-czym-jest-kiedy-wchodzi-oraz-dla-kogo\/\" data-type=\"link\" data-id=\"https:\/\/www.profinfo.pl\/blog\/kasowy-pit-od-2025-roku-czym-jest-kiedy-wchodzi-oraz-dla-kogo\/\">kasowy PIT<\/a> to realne u\u0142atwienie dla przedsi\u0119biorc\u00f3w.<\/p>\n\n\n\n<p>Oczywi\u015bcie dla lepszego zrozumienia omawianych zmian warto si\u0119gn\u0105\u0107 po sprawdzone kompendium wiedzy b\u0105d\u017a skonsultowa\u0107 si\u0119 z doradc\u0105 podatkowym czy ksi\u0119gowym, szczeg\u00f3lnie je\u017celi Twoja sytuacja nie mie\u015bci si\u0119 w typowych schematach. Takie dzia\u0142anie mo\u017ce zaoszcz\u0119dzi\u0107 Ci czasu i b\u0142\u0119d\u00f3w w rozliczeniach.<\/p>\n","protected":false},"excerpt":{"rendered":"<p>Nowy rok to zawsze dobry moment, aby zapozna\u0107 si\u0119 ze zmianami w prawie, kt\u00f3re b\u0119d\u0105 nas dotyczy\u0107, a jednym z obszar\u00f3w tego prawa, z kt\u00f3rym warto by\u0107 na bie\u017c\u0105co to bez w\u0105tpienia \u201epodatki\u201d. Dlatego w tym wpisie zajmiemy si\u0119 zmianami w polskim systemie podatkowym, kt\u00f3re w bie\u017c\u0105cym roku b\u0119d\u0105 odczuwalne zar\u00f3wno dla os\u00f3b prywatnych jak &hellip; <\/p>\n<p><a href=\"https:\/\/www.profinfo.pl\/blog\/najwazniejsze-zmiany-podatkowe-co-nowego-dla-firm-i-osob-prywatnych\/\" class=\"more-link\">Czytaj wi\u0119cej<span class=\"screen-reader-text\"> &#8222;Najwa\u017cniejsze zmiany podatkowe w 2026 roku. Co nowego dla firm i os\u00f3b prywatnych?&#8221;<\/span><\/a><\/p>\n","protected":false},"author":1,"featured_media":4561,"comment_status":"open","ping_status":"open","sticky":false,"template":"","format":"standard","meta":{"footnotes":""},"categories":[70],"tags":[117],"class_list":["post-4549","post","type-post","status-publish","format-standard","has-post-thumbnail","hentry","category-aktualnosci","tag-podatki-i-rachunkowosc"],"_links":{"self":[{"href":"https:\/\/www.profinfo.pl\/blog\/wp-json\/wp\/v2\/posts\/4549","targetHints":{"allow":["GET"]}}],"collection":[{"href":"https:\/\/www.profinfo.pl\/blog\/wp-json\/wp\/v2\/posts"}],"about":[{"href":"https:\/\/www.profinfo.pl\/blog\/wp-json\/wp\/v2\/types\/post"}],"author":[{"embeddable":true,"href":"https:\/\/www.profinfo.pl\/blog\/wp-json\/wp\/v2\/users\/1"}],"replies":[{"embeddable":true,"href":"https:\/\/www.profinfo.pl\/blog\/wp-json\/wp\/v2\/comments?post=4549"}],"version-history":[{"count":7,"href":"https:\/\/www.profinfo.pl\/blog\/wp-json\/wp\/v2\/posts\/4549\/revisions"}],"predecessor-version":[{"id":4576,"href":"https:\/\/www.profinfo.pl\/blog\/wp-json\/wp\/v2\/posts\/4549\/revisions\/4576"}],"wp:featuredmedia":[{"embeddable":true,"href":"https:\/\/www.profinfo.pl\/blog\/wp-json\/wp\/v2\/media\/4561"}],"wp:attachment":[{"href":"https:\/\/www.profinfo.pl\/blog\/wp-json\/wp\/v2\/media?parent=4549"}],"wp:term":[{"taxonomy":"category","embeddable":true,"href":"https:\/\/www.profinfo.pl\/blog\/wp-json\/wp\/v2\/categories?post=4549"},{"taxonomy":"post_tag","embeddable":true,"href":"https:\/\/www.profinfo.pl\/blog\/wp-json\/wp\/v2\/tags?post=4549"}],"curies":[{"name":"wp","href":"https:\/\/api.w.org\/{rel}","templated":true}]}}