{"id":581,"date":"2019-04-11T11:32:59","date_gmt":"2019-04-11T09:32:59","guid":{"rendered":"https:\/\/www.profinfo.pl\/blog\/?p=581"},"modified":"2022-03-17T11:14:18","modified_gmt":"2022-03-17T10:14:18","slug":"kolejne-egzaminy-wstepne-na-aplikacje-radcowska-juz-28-wrzesnia-ich-koszt-bedzie-o-75-zl-wyzszy-niz-w-ubieglym-roku","status":"publish","type":"post","link":"https:\/\/www.profinfo.pl\/blog\/kolejne-egzaminy-wstepne-na-aplikacje-radcowska-juz-28-wrzesnia-ich-koszt-bedzie-o-75-zl-wyzszy-niz-w-ubieglym-roku\/","title":{"rendered":"Kolejne egzaminy wst\u0119pne na aplikacj\u0119 radcowsk\u0105 ju\u017c 28 wrze\u015bnia. Ich koszt b\u0119dzie o 75 z\u0142 wy\u017cszy ni\u017c w ubieg\u0142ym roku"},"content":{"rendered":"\n<p><strong>Poma\u0142u zbli\u017ca si\u0119 termin egzamin\u00f3w wst\u0119pnych na aplikacj\u0119 radcowsk\u0105.\nJu\u017c 28 wrze\u015bnia zasi\u0105d\u0105 do niego absolwenci szk\u00f3\u0142 prawniczych z ca\u0142ego kraju.\nNale\u017cy si\u0119 spodziewa\u0107, i\u017c we\u017amie w nim udzia\u0142 jeszcze mniej os\u00f3b, ni\u017c w roku\n2018. Tak wskazuje tendencja spowodowana m. in. brakiem zainteresowania\naplikacjami prawniczymi oraz wzrostem op\u0142at zar\u00f3wno za aplikacj\u0119, jak i za sam\negzamin.<\/strong><\/p>\n\n\n\n<!--more-->\n\n\n\n<div class=\"wp-block-buttons is-layout-flex wp-block-buttons-is-layout-flex\">\n<div class=\"wp-block-button has-custom-width wp-block-button__width-100 has-custom-font-size is-style-fill has-medium-font-size\"><a class=\"wp-block-button__link\" href=\"https:\/\/www.profinfo.pl\/oferta-dla-aplikantow\">Przygotuj si\u0119 do egzamin\u00f3w na aplikacj\u0119 radcowsk\u0105<\/a><\/div>\n<\/div>\n\n\n\n<h2 class=\"wp-block-heading\"><span class=\"ez-toc-section\" id=\"Termin-egzaminow-wstepnych-na-aplikacje-radcowska-zostal-wybrany\"><\/span><strong>Termin egzamin\u00f3w wst\u0119pnych na aplikacj\u0119 radcowsk\u0105 zosta\u0142 wybrany<\/strong><span class=\"ez-toc-section-end\"><\/span><\/h2>\n\n\n\n<p>Departament Zawod\u00f3w Prawniczych\ndzia\u0142aj\u0105cy przy Ministrze Sprawiedliwo\u015bci ju\u017c 30 pa\u017adziernika ubieg\u0142ego roku\npoda\u0142, i\u017c nast\u0119pne egzaminy na aplikacj\u0119 radcowsk\u0105 odb\u0119d\u0105 si\u0119 w sobot\u0119 28\nwrze\u015bnia 2019 roku. Od momentu og\u0142oszenia tego terminu ju\u017c pe\u0142n\u0105 par\u0105 ruszy\u0142y\nprzygotowania do egzamin\u00f3w wst\u0119pnych. Opr\u00f3cz egzaminu na aplikacj\u0119 radcowsk\u0105, w\ntym samym dniu odb\u0119d\u0105 si\u0119 r\u00f3wnie\u017c egzaminy wst\u0119pne na aplikacj\u0119 adwokack\u0105,\nnotarialn\u0105 oraz komornicz\u0105.<\/p>\n\n\n\n<p>Niestety, wraz z og\u0142oszeniem\nterminu kolejnych egzamin\u00f3w pojawi\u0142a si\u0119 r\u00f3wnie\u017c informacja o tym, \u017ce koszt\nzar\u00f3wno egzaminu wst\u0119pnego, jak i samej aplikacji wzro\u015bnie i to w spos\u00f3b\nniebagatelny. \u0141\u0105cznie absolwenci studi\u00f3w prawniczych pragn\u0105cych kontynuowa\u0107\nswoj\u0105 karier\u0119 prawnicz\u0105 i uko\u0144czy\u0107 aplikacj\u0119 radcowsk\u0105, b\u0119d\u0105 musieli zap\u0142aci\u0107\nnawet o kilkaset z\u0142otych wi\u0119cej, ni\u017c ich starsi koledzy i to mimo i\u017c w roku\n2018 koszty egzaminu i aplikacji r\u00f3wnie\u017c zosta\u0142y zwi\u0119kszone. Sk\u0105d takie tempo\nwzrostu koszt\u00f3w nauki?<\/p>\n\n\n\n<h2 class=\"wp-block-heading\"><span class=\"ez-toc-section\" id=\"Koszty-egzaminow-wstepnych-oraz-samej-aplikacji-radcowskiej-ciagle-rosna\"><\/span><strong>Koszty egzamin\u00f3w wst\u0119pnych oraz samej aplikacji radcowskiej ci\u0105gle rosn\u0105<\/strong><span class=\"ez-toc-section-end\"><\/span><\/h2>\n\n\n\n<p>Absolwenci studi\u00f3w prawniczych\nprzyst\u0119puj\u0105cy do egzamin\u00f3w na aplikacje w ubieg\u0142ym roku zmuszeni byli do\nuiszczenia op\u0142at wy\u017cszych ni\u017c w roku 2017. W przypadku aplikacji radcowskich\nby\u0142o to 5&nbsp;460 z\u0142 za rok szkoleniowy. Nieco mniej, bo 5&nbsp;250 z\u0142 p\u0142acili\naplikanci komorniczy. Najwy\u017csze op\u0142aty za rok szkoleniowy w ubieg\u0142ym roku\nwnosili aplikanci notarialni, by\u0142a to bowiem suma 5&nbsp;565 z\u0142.<\/p>\n\n\n\n<p>Je\u015bli chodzi o sam egzamin\nwst\u0119pny, to tutaj absolwenci studi\u00f3w prawniczych pragn\u0105cy dosta\u0107 si\u0119 na\naplikacj\u0119 radcowsk\u0105 zobowi\u0105zani byli do wniesienia op\u0142aty w wysoko\u015bci 1 050 z\u0142,\nczyli o 50 z\u0142 wy\u017cszej ni\u017c w roku 2017. W tym roku (2019), aplikant\u00f3w\nradcowskich czeka wydatek rz\u0119du 5&nbsp;850 z\u0142 za rok szkoleniowy, a za sam egzamin\n1&nbsp;125 z\u0142, czyli a\u017c o 75 z\u0142 wi\u0119cej ni\u017c mia\u0142o to miejsce ostatnio.<\/p>\n\n\n\n<p>Du\u017cy wp\u0142yw na koszty egzaminu\nwst\u0119pnego na aplikacj\u0119 radcowsk\u0105 oraz samej aplikacji ma przede wszystkim\nwzrost p\u0142acy minimalnej, nast\u0119puj\u0105cy w naszym kraju ju\u017c kolejny rok z rz\u0105du. W\ntym roku, od 1 stycznia 2019, p\u0142aca ta wzros\u0142a o 150 z\u0142 i wynosi obecnie\n2&nbsp;250 z\u0142.<\/p>\n\n\n\n<h2 class=\"wp-block-heading\"><span class=\"ez-toc-section\" id=\"Aplikanci-radcowscy-najliczniejsza-grupa-wsrod-wszystkich-aplikantow-prawniczych\"><\/span><strong>Aplikanci radcowscy najliczniejsz\u0105 grup\u0105 w\u015br\u00f3d wszystkich aplikant\u00f3w\nprawniczych<\/strong><span class=\"ez-toc-section-end\"><\/span><\/h2>\n\n\n\n<p>Wzrost op\u0142at za mo\u017cliwo\u015b\u0107\nprzyst\u0105pienia do egzaminu wst\u0119pnego na aplikacj\u0119 radcowsk\u0105 oraz za sam\u0105\naplikacj\u0119 mo\u017ce by\u0107 jedn\u0105 z przyczyn spadku zainteresowania t\u0105 \u015bcie\u017ck\u0105 kariery.\nZ ca\u0142\u0105 pewno\u015bci\u0105 czynnikiem zniech\u0119caj\u0105cym mo\u017ce by\u0107 r\u00f3wnie\u017c fakt stosunkowo\nniskiej zdawalno\u015bci egzaminu. W roku 2018 do egzaminu przeprowadzanego 29\nwrze\u015bnia przyst\u0105pi\u0142o niemal 7 tysi\u0119cy absolwent\u00f3w studi\u00f3w prawniczych z ca\u0142ego\nkraju, z czego zaledwie 3&nbsp;551 os\u00f3b osi\u0105gn\u0119\u0142o wynik pozytywny, co daje\noko\u0142o pi\u0119\u0107dziesi\u0119cioprocentow\u0105 zdawalno\u015b\u0107. W gronie tym znalaz\u0142o si\u0119 3&nbsp;674\nabsolwent\u00f3w pragn\u0105cych dosta\u0107 si\u0119 na aplikacj\u0119 radcowsk\u0105. Jest to zdecydowania\nnajliczniejsza grupa aplikant\u00f3w, gdy\u017c na aplikacj\u0119 adwokack\u0105 zda\u0142o jedynie\n1&nbsp;372 os\u00f3b, na notarialn\u0105 596 os\u00f3b, a na aplikacj\u0119 komornicz\u0105 tylko 179\nos\u00f3b.<\/p>\n\n\n\n<figure class=\"wp-block-pullquote\"><blockquote><p><a href=\"https:\/\/www.profinfo.pl\/temat\/aplikacja-radcowska.html\">Aplikacja radcowska w ksi\u0119garni Profinfo.pl<\/a><\/p><\/blockquote><\/figure>\n\n\n\n<p>Trudno ju\u017c teraz podejrzewa\u0107, jak\nwygl\u0105da\u0107 b\u0119d\u0105 wyniki kolejnych egzamin\u00f3w prawniczych. Wiadomym jest na pewno,\n\u017ce ich poziom powinien zbli\u017cony do ostatnich, a by\u0142 to poziom do\u015b\u0107 wysoki.\nPotwierdza to chocia\u017cby og\u0142oszony przez Ministerstwo Sprawiedliwo\u015bci przed\nubieg\u0142orocznymi egzaminami wykaz tytu\u0142\u00f3w akt\u00f3w prawnych na egzamin wst\u0119pny na\naplikacj\u0119 radcowsk\u0105. W\u015br\u00f3d nich znalaz\u0142y si\u0119 takie akty prawne jak:<\/p>\n\n\n\n<ul class=\"wp-block-list\"><li>ustawa z dnia 17 listopada 1964 r. Kodeks\npost\u0119powania cywilnego,<\/li><li>ustawa z dnia 23 maja 1991 r. o rozwi\u0105zywaniu\nspor\u00f3w zbiorowych,<\/li><li>ustawa z dnia 2 kwietnia 1997 r. Konstytucja\nRzeczypospolitej Polskiej,<\/li><li>ustawa z dnia 15 grudnia 2000 r. o\nsp\u00f3\u0142dzielniach mieszkaniowych,<\/li><li>ustawa z dnia 8 marca 2013 r. o terminach\nzap\u0142aty w transakcjach handlowych.<\/li><\/ul>\n\n\n\n<p>Z ca\u0142\u0105 pewno\u015bci\u0105 jednak i w tym\nroku aplikanci radcowscy powinni stanowi\u0107 najliczniejsz\u0105 grup\u0119 nowych\naplikant\u00f3w prawniczych.<\/p>\n","protected":false},"excerpt":{"rendered":"<p>Poma\u0142u zbli\u017ca si\u0119 termin egzamin\u00f3w wst\u0119pnych na aplikacj\u0119 radcowsk\u0105. Ju\u017c 28 wrze\u015bnia zasi\u0105d\u0105 do niego absolwenci szk\u00f3\u0142 prawniczych z ca\u0142ego kraju. Nale\u017cy si\u0119 spodziewa\u0107, i\u017c we\u017amie w nim udzia\u0142 jeszcze mniej os\u00f3b, ni\u017c w roku 2018. Tak wskazuje tendencja spowodowana m. in. brakiem zainteresowania aplikacjami prawniczymi oraz wzrostem op\u0142at zar\u00f3wno za aplikacj\u0119, jak i za &hellip; <\/p>\n<p><a href=\"https:\/\/www.profinfo.pl\/blog\/kolejne-egzaminy-wstepne-na-aplikacje-radcowska-juz-28-wrzesnia-ich-koszt-bedzie-o-75-zl-wyzszy-niz-w-ubieglym-roku\/\" class=\"more-link\">Czytaj wi\u0119cej<span class=\"screen-reader-text\"> &#8222;Kolejne egzaminy wst\u0119pne na aplikacj\u0119 radcowsk\u0105 ju\u017c 28 wrze\u015bnia. Ich koszt b\u0119dzie o 75 z\u0142 wy\u017cszy ni\u017c w ubieg\u0142ym roku&#8221;<\/span><\/a><\/p>\n","protected":false},"author":1,"featured_media":591,"comment_status":"open","ping_status":"open","sticky":false,"template":"","format":"standard","meta":{"footnotes":""},"categories":[71,70],"tags":[74],"class_list":["post-581","post","type-post","status-publish","format-standard","has-post-thumbnail","hentry","category-porady","category-aktualnosci","tag-aplikacja-radcowska"],"_links":{"self":[{"href":"https:\/\/www.profinfo.pl\/blog\/wp-json\/wp\/v2\/posts\/581","targetHints":{"allow":["GET"]}}],"collection":[{"href":"https:\/\/www.profinfo.pl\/blog\/wp-json\/wp\/v2\/posts"}],"about":[{"href":"https:\/\/www.profinfo.pl\/blog\/wp-json\/wp\/v2\/types\/post"}],"author":[{"embeddable":true,"href":"https:\/\/www.profinfo.pl\/blog\/wp-json\/wp\/v2\/users\/1"}],"replies":[{"embeddable":true,"href":"https:\/\/www.profinfo.pl\/blog\/wp-json\/wp\/v2\/comments?post=581"}],"version-history":[{"count":5,"href":"https:\/\/www.profinfo.pl\/blog\/wp-json\/wp\/v2\/posts\/581\/revisions"}],"predecessor-version":[{"id":1767,"href":"https:\/\/www.profinfo.pl\/blog\/wp-json\/wp\/v2\/posts\/581\/revisions\/1767"}],"wp:featuredmedia":[{"embeddable":true,"href":"https:\/\/www.profinfo.pl\/blog\/wp-json\/wp\/v2\/media\/591"}],"wp:attachment":[{"href":"https:\/\/www.profinfo.pl\/blog\/wp-json\/wp\/v2\/media?parent=581"}],"wp:term":[{"taxonomy":"category","embeddable":true,"href":"https:\/\/www.profinfo.pl\/blog\/wp-json\/wp\/v2\/categories?post=581"},{"taxonomy":"post_tag","embeddable":true,"href":"https:\/\/www.profinfo.pl\/blog\/wp-json\/wp\/v2\/tags?post=581"}],"curies":[{"name":"wp","href":"https:\/\/api.w.org\/{rel}","templated":true}]}}