{"id":607,"date":"2019-03-05T09:37:44","date_gmt":"2019-03-05T08:37:44","guid":{"rendered":"https:\/\/www.profinfo.pl\/blog\/?p=607"},"modified":"2022-03-17T11:15:33","modified_gmt":"2022-03-17T10:15:33","slug":"egzaminy-prawnicze","status":"publish","type":"post","link":"https:\/\/www.profinfo.pl\/blog\/egzaminy-prawnicze\/","title":{"rendered":"Aktualizacja: Egzaminy prawnicze 2020 czasowo odwo\u0142ane. Przyczyn\u0105 zagro\u017cenie epidemiologiczne"},"content":{"rendered":"\n<p><strong>Wbrew pierwotnym planom Ministerstwa Sprawiedliwo\u015bci oraz p\u00f3\u017aniejszym zapowiedziom Narodowej Rady Adwokackiej, egzaminy prawnicze 2020 nie odby\u0142y si\u0119 w przewidywanym terminie. Za przyczyn\u0105 tak wyj\u0105tkowej zmiany decyzji sta\u0142a troska o bezpiecze\u0144stwo ich uczestnik\u00f3w, kt\u00f3re w chwili og\u00f3lno\u015bwiatowego zagro\u017cenia epidemiologicznego mog\u0142oby zosta\u0107 powa\u017cnie nara\u017cone.<\/strong><\/p>\n\n\n\n<!--more-->\n\n\n\n<div class=\"wp-block-buttons is-content-justification-center is-layout-flex wp-container-core-buttons-is-layout-16018d1d wp-block-buttons-is-layout-flex\">\n<div class=\"wp-block-button has-custom-width wp-block-button__width-100 has-custom-font-size is-style-fill has-medium-font-size\"><a class=\"wp-block-button__link\" href=\"https:\/\/www.profinfo.pl\/oferta-dla-aplikantow\">Przygotuj si\u0119 do egzamin\u00f3w na aplikacj\u0119<\/a><\/div>\n<\/div>\n\n\n\n<h2 class=\"wp-block-heading\"><span class=\"ez-toc-section\" id=\"Pierwotne-zalozenia-odnosnie-do-egzaminow-prawniczych-2020\"><\/span>Pierwotne za\u0142o\u017cenia odno\u015bnie do egzamin\u00f3w prawniczych 2020<span class=\"ez-toc-section-end\"><\/span><\/h2>\n\n\n\n<p>Kiedy Ministerstwo\nSprawiedliwo\u015bci w porozumieniu z Naczeln\u0105 Rad\u0105 Adwokack\u0105 oraz z Krajow\u0105 Rad\u0105\nRadc\u00f3w Prawnych ustala\u0142o termin egzamin\u00f3w prawniczych, maj\u0105cych odby\u0107 si\u0119 w\n2020 roku, ewentualnego zagro\u017cenia koronawirusem nie by\u0142 w stanie nikt\nprzewidzie\u0107. <strong>O wyznaczeniu terminu egzamin\u00f3w adwokackich i radcowskich na\ndni 24-27 marca 2020 r. poinformowa\u0142 Departament Zawod\u00f3w Prawniczych<\/strong>.\nInformacja ta znalaz\u0142a si\u0119 na oficjalnej stronie Ministerstwa oraz w wielu\nserwisach prasowych. Jednak wraz z pojawieniem si\u0119 zagro\u017cenia\nepidemiologicznego, a nast\u0119pnie po odwo\u0142aniu przez premiera Mateusza Morawieckiego\nwszystkich imprez masowych w Polsce, pojawi\u0142y si\u0119 te\u017c w\u0105tpliwo\u015bci co do\nrzeczonych egzamin\u00f3w.<\/p>\n\n\n\n<h2 class=\"wp-block-heading\"><span class=\"ez-toc-section\" id=\"Uspokajajacy-komunikat-NRA\"><\/span>Uspokajaj\u0105cy komunikat NRA<span class=\"ez-toc-section-end\"><\/span><\/h2>\n\n\n\n<p>Tego samego dnia, kiedy premier\npoinformowa\u0142 o odwo\u0142aniu imprez masowych w Polsce, tj. 10 marca 2020, Naczelna\nRada Adwokacka wyda\u0142a komunikat, w kt\u00f3rym poinformowa\u0142a, i\u017c <em>pozostaje w\nsta\u0142ym kontakcie z Ministerstwem Sprawiedliwo\u015bci \u2013 organizatorem egzamin\u00f3w\nprawniczych<\/em>. Przewodnicz\u0105cy komisji egzaminacyjnej ds. egzaminu\nadwokackiego w 2020 r. poinformowa\u0142 r\u00f3wnie\u017c, \u017ce <em>obecnie brak jest podstaw do\nzamiany terminu egzaminu. Jednak nie mo\u017cna tego wykluczy\u0107, je\u015bli wzro\u015bnie\nzagro\u017cenie<\/em>. Jednocze\u015bnie Okr\u0119gowe Rady Adwokackie rozpocz\u0119\u0142y przygotowania\ndo podj\u0119cia dodatkowych dzia\u0142a\u0144 profilaktycznych, maj\u0105cych zminimalizowa\u0107\njakiekolwiek zagro\u017cenie.<\/p>\n\n\n\n<h2 class=\"wp-block-heading\"><span class=\"ez-toc-section\" id=\"Egzaminy-prawnicze-2020-jednak-odwolane\"><\/span>Egzaminy prawnicze 2020 jednak odwo\u0142ane<span class=\"ez-toc-section-end\"><\/span><\/h2>\n\n\n\n<p>Mimo uspokajaj\u0105cych komunikat\u00f3w\nNRA, ju\u017c dwa dni p\u00f3\u017aniej (12 marca) Ministerstwo Sprawiedliwo\u015bci poinformowa\u0142o,\n\u017ce <strong>z uwagi na panuj\u0105ce w ca\u0142ym kraju zagro\u017cenie koronawirusem, egzaminy\nprawnicze \u2013 pocz\u0105tkowo przewidziane na 24-27 marca 2020 \u2013 zostaj\u0105 odwo\u0142ane<\/strong>.<\/p>\n\n\n\n<p>Wraz z egzaminami prawniczymi,\nodwo\u0142ano r\u00f3wnie\u017c maj\u0105cy odby\u0107 si\u0119 w Krajowej Szkole S\u0105downictwa i Prokuratury w\nKrakowie 2 kwietnia 2020 r. konkurs na aplikacj\u0119 uzupe\u0142niaj\u0105c\u0105 s\u0119dziowsk\u0105. <strong>Nowe\nterminy egzamin\u00f3w adwokackich i radcowskich Ministerstwo Sprawiedliwo\u015bci \u2013 po\nkonsultacji z Naczeln\u0105 Rad\u0105 Adwokack\u0105 i Krajow\u0105 Rad\u0105 Radc\u00f3w Prawnych \u2013 og\u0142osi\nniezw\u0142ocznie po zmniejszeniu si\u0119 zagro\u017cenia epidemiologicznego<\/strong>.<\/p>\n\n\n\n<div style=\"height:100px\" aria-hidden=\"true\" class=\"wp-block-spacer\"><\/div>\n\n\n\n<h2 class=\"wp-block-heading\"><span class=\"ez-toc-section\" id=\"Archiwum-Egzaminy-prawnicze-2019\"><\/span>Archiwum: Egzaminy prawnicze 2019<span class=\"ez-toc-section-end\"><\/span><\/h2>\n\n\n\n<p> <strong>W dniach 26-29 marca tego roku na terenie ca\u0142ego kraju odby\u0142y si\u0119 egzaminy prawnicze. Wnioski o dopuszczenie do obu przeprowadzanych egzamin\u00f3w \u2013 adwokackiego i radcowskiego \u2013 z\u0142o\u017cy\u0142o \u0142\u0105cznie blisko 4 tys. kandydat\u00f3w do zawodu prawnika. Wyniki egzamin\u00f3w poznamy najprawdopodobniej pod koniec kwietnia.<\/strong> <\/p>\n\n\n\n<h2 class=\"wp-block-heading\"><span class=\"ez-toc-section\" id=\"Lokalizacja-i-sklad-komisji-egzaminacyjnych\"><\/span>Lokalizacja i sk\u0142ad komisji egzaminacyjnych<span class=\"ez-toc-section-end\"><\/span><\/h2>\n\n\n\n<p>Tegoroczne egzaminy prawnicze, na\nkt\u00f3re sk\u0142adaj\u0105 si\u0119 egzamin adwokacki oraz radcowski, odby\u0142y si\u0119 w dniach 26-29\nmarca. Ch\u0119\u0107 wzi\u0119cia udzia\u0142u w egzaminie adwokackim zg\u0142osi\u0142o \u0142\u0105cznie 1577 os\u00f3b,\nz czego a\u017c 1233 aplikant\u00f3w. Egzaminy te przeprowadzane by\u0142y przez 26 komisji\negzaminacyjnych powo\u0142anych w Bia\u0142ymstoku, Gda\u0144sku, Katowicach, Kielcach,\nKrakowie, Lublinie, \u0141odzi, Poznaniu, Rzeszowie, Szczecinie, Toruniu, Warszawie\noraz we Wroc\u0142awiu. W wi\u0119kszo\u015bci miast funkcjonowa\u0142y jedna lub dwie komisje i\ntylko w Warszawie powo\u0142ano ich a\u017c osiem.<\/p>\n\n\n\n<p>Je\u015bli chodzi o egzamin radcowski, to tu os\u00f3b ch\u0119tnych do udzia\u0142u zg\u0142osi\u0142o si\u0119 znacznie wi\u0119cej, bo a\u017c 2285, z czego zdecydowan\u0105 wi\u0119kszo\u015b\u0107 (1840 os\u00f3b) stanowili aplikanci. Ze wzgl\u0119du na wi\u0119ksz\u0105 liczb\u0119 kandydat\u00f3w, egzaminy radcowskie zorganizowane zosta\u0142y przez 38 komisji rozlokowanych w najwi\u0119kszych miastach Polski, w tym m. in. w Bia\u0142ymstoku, Bydgoszczy, Gda\u0144sku, Katowicach, Kielcach, Krakowie, Lublinie, \u0141odzi, Poznaniu, Rzeszowie, Warszawie, Wroc\u0142awiu i Zielonej G\u00f3rze. Zwyczajowo najwi\u0119cej komisji przeprowadzaj\u0105cej egzamin radcowski powsta\u0142o w Warszawie \u2013 w tym roku by\u0142o ich a\u017c dziesi\u0119\u0107.<\/p>\n\n\n\n<p>Sk\u0142ad ka\u017cdej komisji\negzaminacyjnej, zgodnie z prawem, tworzy osiem os\u00f3b wysuwanych na to stanowisko\nprzez odpowiednie organy. W\u015br\u00f3d nich znalaz\u0142o si\u0119 czterech przedstawicieli\nministra sprawiedliwo\u015bci (zwykle s\u0105 to s\u0119dziowie S\u0105du Najwy\u017cszego, s\u0105d\u00f3w\npowszechnych oraz s\u0105d\u00f3w administracyjnych) i czterech prawnik\u00f3w (adwokat\u00f3w lub\nradc\u00f3w prawnych) oddelegowanych przez Naczeln\u0105 Rad\u0119 Adwokack\u0105, a tak\u017ce przez\nKrajow\u0105 Rad\u0119 Radc\u00f3w Prawnych.<\/p>\n\n\n\n<h2 class=\"wp-block-heading\"><span class=\"ez-toc-section\" id=\"Przy-rozwiazywaniu-zadan-mozliwe-pewne-wsparcie\"><\/span>Przy rozwi\u0105zywaniu zada\u0144 mo\u017cliwe pewne wsparcie<span class=\"ez-toc-section-end\"><\/span><\/h2>\n\n\n\n<p>Podczas trwaj\u0105cych cztery dni\negzamin\u00f3w, kandydaci na adwokat\u00f3w i radc\u00f3w rozwi\u0105zywali zadania z prawa\nkarnego, prawa cywilnego, rodzinnego, gospodarczego, administracyjnego, a tak\u017ce\nz zasad wykonywania zawodu oraz zasad etyki. Uczestnicy egzaminu mieli sze\u015b\u0107\ngodzin na rozwi\u0105zanie zada\u0144 z prawa karnego, cywilnego i gospodarczego oraz\n\u0142\u0105cznie osiem godzin na zadania z prawa administracyjnego, zasad wykonywania\nzawodu lub etyki.<\/p>\n\n\n\n<p>Pytania egzaminacyjne przygotowane\nzosta\u0142y przez specjalne zespo\u0142y, w kt\u00f3rych sk\u0142ad weszli (podobnie jak w\nprzypadku komisji egzaminacyjnych) przedstawiciele ministra sprawiedliwo\u015bci,\nNaczelne Rady Adwokackiej (NRA) oraz Krajowej Rady Radc\u00f3w Prawnych (KRRP).\nEgzamin rozpocz\u0119\u0142o prawo karne. W ramach zadania uczestnicy egzaminu musieli\nnapisa\u0107 apelacj\u0119, kt\u00f3ra przynajmniej cz\u0119\u015bci z nich sprawi\u0142a pewne problemy, tym\nbardziej, \u017ce jedynymi pomocami dopuszczalnymi na egzaminie s\u0105 teksty akt\u00f3w\nprawnych wraz z komentarzami i orzecznictwami.<\/p>\n\n\n\n<p>Zadania egzaminacyjne, tak jak w\npoprzednich latach, mo\u017cna by\u0142o rozwi\u0105zywa\u0107 z wykorzystaniem w\u0142asnego,\nprywatnego sprz\u0119tu komputerowego lub w formie tradycyjnej. Zdecydowana\nwi\u0119kszo\u015b\u0107, bo blisko 99 proc zdaj\u0105cych, wybra\u0142o mo\u017cliwo\u015b\u0107 korzystania z\nkomputer\u00f3w osobistych, na kt\u00f3rych wcze\u015bniej zainstalowano specjalne aplikacje\negzaminacyjne. Stworzone przez Ministerstwo Sprawiedliwo\u015bci aplikacje posiadaj\u0105\nw\u0142asne edytory tekstu, umo\u017cliwiaj\u0105ce zapisywanie rozwi\u0105zania poszczeg\u00f3lnych\nzada\u0144. Jednocze\u015bnie aplikacje te blokuj\u0105 dost\u0119p do zasob\u00f3w pami\u0119ci wewn\u0119trznej\nkomputera i wstrzymuj\u0105 mo\u017cliwo\u015b\u0107 nawi\u0105zywania \u0142\u0105czno\u015bci z urz\u0105dzeniami\nzewn\u0119trznymi.<\/p>\n\n\n\n<h2 class=\"wp-block-heading\"><span class=\"ez-toc-section\" id=\"Zdawalnosc-egzaminow-prawniczych-w-latach-poprzednich\"><\/span><strong>Zdawalno\u015b\u0107 egzamin\u00f3w prawniczych w latach poprzednich<\/strong><span class=\"ez-toc-section-end\"><\/span><\/h2>\n\n\n\n<p>W ubieg\u0142ym roku do egzamin\u00f3w\nadwokackich przyst\u0105pi\u0142o 2181 os\u00f3b, za\u015b do egzamin\u00f3w radcowskich 2710. \u015arednia\nzdawalno\u015b\u0107 na egzaminie adwokackim wynios\u0142a 84 proc. Wyniki z egzaminu\nradcowskiego okaza\u0142y si\u0119 nieco s\u0142absze, poniewa\u017c w jego przypadku \u015brednia\nzdawalno\u015b\u0107 osi\u0105gn\u0119\u0142a poziom jedynie 79 proc.\n\nUbieg\u0142oroczne wyniki niewiele r\u00f3\u017cni\u0142y si\u0119 od\ntych, jakie uczestnicy egzamin\u00f3w prawniczych osi\u0105gn\u0119li w latach poprzednich. W\nroku 2017 \u015brednia zdawalno\u015b\u0107 egzaminu adwokackiego wynios\u0142a 83 proc., a\negzaminu radcowskiego 79 proc. W roku 2015 wyniki \u015bredniej zdawalno\u015bci kszta\u0142towa\u0142y\nsi\u0119 na poziomie 82 proc. \u2013 egzamin adwokacki, oraz 82,5 proc. \u2013 egzamin\nradcowski. Zdecydowanie najs\u0142abiej w ostatnich latach wypadli uczestnicy\negzaminu prawniczego z roku 2016, kiedy to \u015brednia zdawalno\u015b\u0107 egzaminu\nadwokackiego osi\u0105gn\u0119\u0142a poziom zaledwie 70 proc., a radcowskiego \u2013 77 proc.\n\n\n\n<\/p>\n\n\n\n<figure class=\"wp-block-pullquote\"><blockquote><p><a href=\"https:\/\/www.profinfo.pl\/temat\/egzamin-prawniczy.html\">Sprawd\u017a egzamin prawniczy w Profinfo.pl<\/a><\/p><\/blockquote><\/figure>\n","protected":false},"excerpt":{"rendered":"<p>Wbrew pierwotnym planom Ministerstwa Sprawiedliwo\u015bci oraz p\u00f3\u017aniejszym zapowiedziom Narodowej Rady Adwokackiej, egzaminy prawnicze 2020 nie odby\u0142y si\u0119 w przewidywanym terminie. Za przyczyn\u0105 tak wyj\u0105tkowej zmiany decyzji sta\u0142a troska o bezpiecze\u0144stwo ich uczestnik\u00f3w, kt\u00f3re w chwili og\u00f3lno\u015bwiatowego zagro\u017cenia epidemiologicznego mog\u0142oby zosta\u0107 powa\u017cnie nara\u017cone.<\/p>\n","protected":false},"author":1,"featured_media":608,"comment_status":"open","ping_status":"open","sticky":false,"template":"","format":"standard","meta":{"footnotes":""},"categories":[71,70],"tags":[78],"class_list":["post-607","post","type-post","status-publish","format-standard","has-post-thumbnail","hentry","category-porady","category-aktualnosci","tag-egzaminy-prawnicze"],"_links":{"self":[{"href":"https:\/\/www.profinfo.pl\/blog\/wp-json\/wp\/v2\/posts\/607","targetHints":{"allow":["GET"]}}],"collection":[{"href":"https:\/\/www.profinfo.pl\/blog\/wp-json\/wp\/v2\/posts"}],"about":[{"href":"https:\/\/www.profinfo.pl\/blog\/wp-json\/wp\/v2\/types\/post"}],"author":[{"embeddable":true,"href":"https:\/\/www.profinfo.pl\/blog\/wp-json\/wp\/v2\/users\/1"}],"replies":[{"embeddable":true,"href":"https:\/\/www.profinfo.pl\/blog\/wp-json\/wp\/v2\/comments?post=607"}],"version-history":[{"count":5,"href":"https:\/\/www.profinfo.pl\/blog\/wp-json\/wp\/v2\/posts\/607\/revisions"}],"predecessor-version":[{"id":1768,"href":"https:\/\/www.profinfo.pl\/blog\/wp-json\/wp\/v2\/posts\/607\/revisions\/1768"}],"wp:featuredmedia":[{"embeddable":true,"href":"https:\/\/www.profinfo.pl\/blog\/wp-json\/wp\/v2\/media\/608"}],"wp:attachment":[{"href":"https:\/\/www.profinfo.pl\/blog\/wp-json\/wp\/v2\/media?parent=607"}],"wp:term":[{"taxonomy":"category","embeddable":true,"href":"https:\/\/www.profinfo.pl\/blog\/wp-json\/wp\/v2\/categories?post=607"},{"taxonomy":"post_tag","embeddable":true,"href":"https:\/\/www.profinfo.pl\/blog\/wp-json\/wp\/v2\/tags?post=607"}],"curies":[{"name":"wp","href":"https:\/\/api.w.org\/{rel}","templated":true}]}}