{"id":662,"date":"2019-02-14T10:37:03","date_gmt":"2019-02-14T09:37:03","guid":{"rendered":"https:\/\/www.profinfo.pl\/blog\/?p=662"},"modified":"2024-01-03T09:20:16","modified_gmt":"2024-01-03T08:20:16","slug":"rok-2019-to-czas-nowej-ordynacji-podatkowej-czy-jej-przepisy-faktycznie-zrewolucjonizuja-polski-system-podatkowy","status":"publish","type":"post","link":"https:\/\/www.profinfo.pl\/blog\/rok-2019-to-czas-nowej-ordynacji-podatkowej-czy-jej-przepisy-faktycznie-zrewolucjonizuja-polski-system-podatkowy\/","title":{"rendered":"Rok 2019 to czas nowej Ordynacji podatkowej. Czy jej przepisy faktycznie zrewolucjonizuj\u0105 polski system podatkowy?"},"content":{"rendered":"\n<p><strong>Obowi\u0105zuj\u0105ca dotychczas Ordynacja podatkowa wielokrotnie przechodzi\u0142a\nju\u017c mniejsze i wi\u0119ksze zmiany. Wynika\u0142o to w g\u0142\u00f3wnej mierze z dynamicznego\nrozwoju gospodarki oraz ca\u0142ego spo\u0142ecze\u0144stwa. Poniewa\u017c wprowadzanie dalszych\npoprawek sta\u0142oby si\u0119 ju\u017c zwyczajnie nieefektywnie, postanowiono stworzy\u0107 now\u0105\nOrdynacj\u0119 podatkow\u0105, dostosowan\u0105 do dzisiejszych wymog\u00f3w i czekaj\u0105cych nas\nwyzwa\u0144. O jej skuteczno\u015bci przekonamy si\u0119 ju\u017c w obecnym, 2019 roku.<\/strong><\/p>\n\n\n\n<!--more-->\n\n\n\n<h2 class=\"wp-block-heading\">Co wiemy o starej Ordynacji podatkowej?<\/h2>\n\n\n\n<p>Ordynacj\u0105 podatkow\u0105 nazywamy\nspecjaln\u0105 ustaw\u0119 reguluj\u0105c\u0105 polskie prawo podatkowe oraz wszelkie zasady\npost\u0119powania podatkowego. Zadaniem ordynacji jest m. in. okre\u015blenie organ\u00f3w\npodatkowych wraz z ich w\u0142a\u015bciwo\u015bciami oraz zgromadzenie norm prawa karnego\nopisuj\u0105cych sankcje nak\u0142adane za \u0142amanie przepis\u00f3w Ordynacji. Przepisy te, o\nczym nale\u017cy pami\u0119ta\u0107, stosuje si\u0119 wobec spraw zwi\u0105zanych z podatkami, op\u0142atami\noraz nale\u017cno\u015bciami poszczeg\u00f3lnych podmiot\u00f3w wobec bud\u017cetu pa\u0144stwa, a tak\u017ce\nwobec w\u0142a\u015bciwych jednostek samorz\u0105du terytorialnego. Ordynacja podatkowa\ndotyczy r\u00f3wnie\u017c op\u0142at skarbowych, op\u0142at lokalnych i wszelkich innych spraw\nzwi\u0105zanych z prawem podatkowym.<\/p>\n\n\n\n<p>Problemy zwi\u0105zane z dotychczas\nobowi\u0105zuj\u0105c\u0105 Ordynacj\u0105 podatkow\u0105 by\u0142y doskonale znane zar\u00f3wno przedsi\u0119biorco,\nosobom fizycznym, jak i organom pa\u0144stwa. Ci\u0105g\u0142e poprawianie kolejnych jej\nprzepis\u00f3w i dostosowywanie ich do wymog\u00f3w dnia dzisiejszego przesta\u0142o by\u0107\nefektywne. Zaistnia\u0142a potrzeba uchwalenia nowej Ordynacji podatkowej, kt\u00f3ra\nb\u0119dzie sobie&nbsp; w stanie poradzi\u0107 z\noczekiwaniami i problemami zg\u0142aszanymi przez wszystkie zainteresowane strony.\nPrzyzna\u0142a to r\u00f3wnie\u017c Komisja Kodyfikacyjna Og\u00f3lnego Prawa Podatkowego, kt\u00f3ra\nzauwa\u017cy\u0142a, i\u017c maj\u0105ca ponad 20 lat dotychczasowa Ordynacja podatkowa (obowi\u0105zywa\u0142a\nod 29 sierpnia 1997 roku) przesz\u0142a ju\u017c ponad 100 nowelizacji, co \u015bwiadczy o jej\nniedostosowaniu do wymog\u00f3w stawianych wsp\u00f3\u0142cze\u015bnie aktom prawnym tego typu.\nMiejsce starego aktu zaj\u0119\u0142a nowa Ordynacja podatkowa zawieraj\u0105ca szereg zmian i\nw praktyce buduj\u0105ca od nowa zar\u00f3wno polski system podatkowy, jak i same\npost\u0119powania podatkowe.<\/p>\n\n\n\n<h2 class=\"wp-block-heading\">Jakie zmiany wprowadza Ordynacja podatkowa 2019?<\/h2>\n\n\n\n<p>Zmiany w nowej Ordynacji\npodatkowej s\u0105 niebagatelne. Polegaj\u0105 one m. in. na wprowadzeniu nowych\ninstytucji podatkowych, z kt\u00f3rych wi\u0119kszo\u015b\u0107 w og\u00f3le nie by\u0142a wcze\u015bniej znana\nnaszemu systemowi podatkowemu. Du\u017c\u0105 cz\u0119\u015b\u0107 sprawdzaj\u0105cych si\u0119 do tej pory zasad\npodatkowych dodatkowo jeszcze zmodyfikowano, aby nada\u0107 im koniecznej\naktualno\u015bci.<\/p>\n\n\n\n<p>W\u015br\u00f3d nowych rozwi\u0105za\u0144\nwprowadzanych przez Ordynacj\u0119 podatkow\u0105 2019 nale\u017cy z pewno\u015bci\u0105 wymieni\u0107:\nzasady og\u00f3lne prawa podatkowego, otwarty katalog praw i obowi\u0105zk\u00f3w podatnika,\nreprezentacj\u0119 w prawie podatkowym, przywr\u00f3cenie terminu meterialnoprawnego,\ninformacje i wsparcie dla podatnika, umorzenie podatku, korekt\u0119 deklaracji w\nramach post\u0119powania podatkowego, mediacj\u0119, umow\u0119 podatkow\u0105, \u015brodki zwalczania\nprzewlek\u0142o\u015bci post\u0119powania czy post\u0119powania uproszczone oraz dotycz\u0105ce bagatelnych\nkwot podatku. Oczywi\u015bcie pe\u0142na lista zmian i nowo\u015bci w Ordynacji podatkowej\njest znacznie d\u0142u\u017csza. W ca\u0142o\u015bci mo\u017cna jednak uj\u0105\u0107 je w 10 najwa\u017cniejszych\npunkt\u00f3w okre\u015blaj\u0105cych nasz system podatkowy na nowo. A punktami tymi s\u0105:<\/p>\n\n\n\n<ol class=\"wp-block-list\"><li>Mo\u017cliwo\u015b\u0107 wznowienia terminu na z\u0142o\u017cenie\ndeklaracji PIT, CIT, VAT i innych.<\/li><li>Szybciej nast\u0119puj\u0105cy moment przedawniania si\u0119\npodatk\u00f3w.<\/li><li>Niewszczynanie post\u0119powa\u0144 w przypadku zobowi\u0105za\u0144\nnieprzekraczaj\u0105cych 50 z\u0142.<\/li><li>Wprowadzenie post\u0119powania uproszczonego.<\/li><li>Mo\u017cliwo\u015b\u0107 zawarcia umowy podatkowej z urz\u0119dem\nskarbowym w sprawach spornych.<\/li><li>Mo\u017cliwo\u015b\u0107 wyst\u0105pienia o umorzenie nie tylko\nzaleg\u0142o\u015bci podatkowej, ale podatku w og\u00f3le.<\/li><li>Mo\u017cliwo\u015b\u0107 wykonywania korekty deklaracji po\nwszcz\u0119ciu post\u0119powania podatkowego.<\/li><li>Wprowadzenie zakazu orzekania na niekorzy\u015b\u0107\npodatnika.<\/li><li>Mo\u017cliwo\u015b\u0107 regulowania podatku (wraz z\nzaleg\u0142o\u015bciami, odsetkami i kosztami post\u0119powania podatkowego) za inne osoby.<\/li><li>Mo\u017cliwo\u015b\u0107\nrezygnacji z post\u0119powania odwo\u0142awczego na rzecz skargi do s\u0105du\nadministracyjnego.<\/li><\/ol>\n\n\n\n<p>Znowelizowane przepisy w ca\u0142o\u015bci maj\u0105\nwej\u015b\u0107 w \u017cycie 1 stycznia 2021 roku. Widoczne w wymienionych wy\u017cej punktach\nu\u0142atwienia i uproszczenia dla podatnik\u00f3w s\u0105 ewidentne. Niekt\u00f3rzy eksperci\nwskazuj\u0105 jednak, i\u017c g\u0142\u00f3wny nacisk w nowej Ordynacji podatkowej po\u0142o\u017cono nie na\nu\u0142atwienia dla podatnik\u00f3w, a na uszczelnienie systemu podatkowego, co miejscami\nmo\u017ce powodowa\u0107 efekt odwroty od zamierzonego i zamiast do uproszczenia,\ndoprowadzi\u0107 do przeregulowania sytemu podatkowego.<\/p>\n\n\n\n<h3 class=\"wp-block-heading\">Sprawd\u017a tak\u017ce:<\/h3>\n\n\n\n<ul class=\"wp-block-list\"><li><a href=\"https:\/\/www.profinfo.pl\/sklep\/prawo-podatkowe.html\">prawo podatkowe<\/a><\/li><li><a href=\"https:\/\/www.profinfo.pl\/sklep\/podatki-dochodowe.html\">podatki dochodowe<\/a><\/li><li><a href=\"https:\/\/www.profinfo.pl\/sklep\/postepowanie-podatkowe.html\">post\u0119powanie podatkowe<\/a><\/li><\/ul>\n","protected":false},"excerpt":{"rendered":"<p>Obowi\u0105zuj\u0105ca dotychczas Ordynacja podatkowa wielokrotnie przechodzi\u0142a ju\u017c mniejsze i wi\u0119ksze zmiany. Wynika\u0142o to w g\u0142\u00f3wnej mierze z dynamicznego rozwoju gospodarki oraz ca\u0142ego spo\u0142ecze\u0144stwa. Poniewa\u017c wprowadzanie dalszych poprawek sta\u0142oby si\u0119 ju\u017c zwyczajnie nieefektywnie, postanowiono stworzy\u0107 now\u0105 Ordynacj\u0119 podatkow\u0105, dostosowan\u0105 do dzisiejszych wymog\u00f3w i czekaj\u0105cych nas wyzwa\u0144. O jej skuteczno\u015bci przekonamy si\u0119 ju\u017c w obecnym, 2019 roku.<\/p>\n","protected":false},"author":1,"featured_media":670,"comment_status":"open","ping_status":"open","sticky":false,"template":"","format":"standard","meta":{"footnotes":""},"categories":[71,70],"tags":[117],"class_list":["post-662","post","type-post","status-publish","format-standard","has-post-thumbnail","hentry","category-porady","category-aktualnosci","tag-podatki-i-rachunkowosc"],"_links":{"self":[{"href":"https:\/\/www.profinfo.pl\/blog\/wp-json\/wp\/v2\/posts\/662","targetHints":{"allow":["GET"]}}],"collection":[{"href":"https:\/\/www.profinfo.pl\/blog\/wp-json\/wp\/v2\/posts"}],"about":[{"href":"https:\/\/www.profinfo.pl\/blog\/wp-json\/wp\/v2\/types\/post"}],"author":[{"embeddable":true,"href":"https:\/\/www.profinfo.pl\/blog\/wp-json\/wp\/v2\/users\/1"}],"replies":[{"embeddable":true,"href":"https:\/\/www.profinfo.pl\/blog\/wp-json\/wp\/v2\/comments?post=662"}],"version-history":[{"count":4,"href":"https:\/\/www.profinfo.pl\/blog\/wp-json\/wp\/v2\/posts\/662\/revisions"}],"predecessor-version":[{"id":675,"href":"https:\/\/www.profinfo.pl\/blog\/wp-json\/wp\/v2\/posts\/662\/revisions\/675"}],"wp:featuredmedia":[{"embeddable":true,"href":"https:\/\/www.profinfo.pl\/blog\/wp-json\/wp\/v2\/media\/670"}],"wp:attachment":[{"href":"https:\/\/www.profinfo.pl\/blog\/wp-json\/wp\/v2\/media?parent=662"}],"wp:term":[{"taxonomy":"category","embeddable":true,"href":"https:\/\/www.profinfo.pl\/blog\/wp-json\/wp\/v2\/categories?post=662"},{"taxonomy":"post_tag","embeddable":true,"href":"https:\/\/www.profinfo.pl\/blog\/wp-json\/wp\/v2\/tags?post=662"}],"curies":[{"name":"wp","href":"https:\/\/api.w.org\/{rel}","templated":true}]}}