{"id":664,"date":"2019-03-19T10:38:02","date_gmt":"2019-03-19T09:38:02","guid":{"rendered":"https:\/\/www.profinfo.pl\/blog\/?p=664"},"modified":"2021-12-13T15:17:10","modified_gmt":"2021-12-13T14:17:10","slug":"zmiany-w-ustawie-o-rachunkowosci-co-przyniosla-obowiazujaca-od-1-stycznia-nowelizacja","status":"publish","type":"post","link":"https:\/\/www.profinfo.pl\/blog\/zmiany-w-ustawie-o-rachunkowosci-co-przyniosla-obowiazujaca-od-1-stycznia-nowelizacja\/","title":{"rendered":"Zmiany w ustawie o rachunkowo\u015bci. Co przynios\u0142a obowi\u0105zuj\u0105ca od 1 stycznia nowelizacja?"},"content":{"rendered":"\n<p><strong>Wraz z pocz\u0105tkiem 2019 roku w \u017cycie wesz\u0142o szereg zmian w ustawie o\nrachunkowo\u015bci. W\u015br\u00f3d nowych przepis\u00f3w znajduj\u0105 si\u0119 m. in. dotycz\u0105ce zwi\u0119kszenia\nprog\u00f3w uprawniaj\u0105cych jednostki do stosowania uproszcze\u0144 w rachunkowo\u015bci.<\/strong><\/p>\n\n\n\n<!--more-->\n\n\n\n<h2 class=\"wp-block-heading\"><span class=\"ez-toc-section\" id=\"Droga-legislacyjna-ustawy-i-jej-ogolne-zamierzenia\"><\/span>Droga legislacyjna ustawy i jej og\u00f3lne zamierzenia<span class=\"ez-toc-section-end\"><\/span><\/h2>\n\n\n\n<p>Projekt ustawy o zmianie\nniekt\u00f3rych ustaw, w celu wprowadzenie konkretnych uproszcze\u0144 w prawie\npodatkowym i gospodarczym dla przedsi\u0119biorc\u00f3w, przyj\u0119ty zosta\u0142 przez polski\nrz\u0105d 25 wrze\u015bnia 2018 roku. Tego samego dnia projekt \u00f3w skierowany zosta\u0142 do\nSejmu. Kilka dni p\u00f3\u017aniej, 3 pa\u017adziernika 2018 roku, odby\u0142o si\u0119 pierwsze\nczytanie z\u0142o\u017conego w Sejmie projektu podczas trwaj\u0105cego w\u00f3wczas posiedzenia.\nJeszcze w tym samym miesi\u0105cu (22 pa\u017adziernika), sejmowa Komisja Nadzwyczajna do\nspraw deregulacji zarekomendowa\u0142a pos\u0142om przyj\u0119cie rzeczonej nowelizacji, kt\u00f3ra\nostatecznie przyj\u0119ta zosta\u0142a 9 listopada 2018 roku i wesz\u0142a w \u017cycie 1 stycznia\n2019 roku.<\/p>\n\n\n\n<p>G\u0142\u00f3wnym celem ustawy jest\nwprowadzenie szeregu u\u0142atwie\u0144 dla przedsi\u0119biorc\u00f3w, co stanowi kolejny krok w\npolityce rz\u0105du zmierzaj\u0105cego do uproszczenia zasad prowadzenia dzia\u0142alno\u015bci\ngospodarczej na wszystkich jej szczeblach i etapach. W przyj\u0119tej ustawie znajduj\u0105\nsi\u0119 m. in. przepisy prowadz\u0105ce do redukcji obci\u0105\u017ce\u0144 administracyjnych\nnak\u0142adanych do tej pory na przedsi\u0119biorc\u00f3w, a tak\u017ce zwi\u0119kszenia i rozszerzenia\nwprowadzonych ju\u017c wcze\u015bniej uprawnie\u0144 na znacznie szersz\u0105 kategori\u0105 podmiot\u00f3w.\nJednym z cel\u00f3w nowej ustawy jest r\u00f3wnie\u017c wyja\u015bnienie powsta\u0142ych w\u0105tpliwo\u015bci\nzwi\u0105zanych z interpretacj\u0105 przepis\u00f3w reguluj\u0105cych prowadzenie dzia\u0142alno\u015bci\ngospodarczej i wprowadzenie zwolnie\u0144 podatkowych dla okre\u015blonych grup\nprzedsi\u0119biorc\u00f3w. W nowych przepisach znajduj\u0105 si\u0119 tak\u017ce rozwi\u0105zania\nograniczaj\u0105ce ryzyko wynikaj\u0105ce z tytu\u0142u pewnych obci\u0105\u017ce\u0144 podatkowych i\nutrzymywania kontakt\u00f3w biznesowych z kontrahentami niewywi\u0105zuj\u0105cymi si\u0119 ze\nswoich obowi\u0105zk\u00f3w.<\/p>\n\n\n\n<h2 class=\"wp-block-heading\"><span class=\"ez-toc-section\" id=\"Zasieg-zmian-w-ustawie-o-rachunkowosci\"><\/span>Zasi\u0119g zmian w ustawie o rachunkowo\u015bci<span class=\"ez-toc-section-end\"><\/span><\/h2>\n\n\n\n<p>Jedn\u0105 ze zmienionych ustaw jest ustawa\no rachunkowo\u015bci. Do\u015b\u0107 szeroki zakres nowych rozwi\u0105za\u0144 wprowadzanych w ramach\nnowelizacji przewiduje m. in. wprowadzenie u\u0142atwie\u0144 skierowanych do jednostek\nmikro, kt\u00f3re w obecnej formie regulacji obejmuj\u0105 znacznie wi\u0119ksz\u0105 liczb\u0119 tych\u017ce\njednostek. Zwi\u0119kszenie zasi\u0119gu rzeczonych u\u0142atwie\u0144 jest efektem podniesienia\nprog\u00f3w warto\u015bciowych z obowi\u0105zuj\u0105cych 2 mln euro do warto\u015bci 3 mln euro.<\/p>\n\n\n\n<p>Nowe przepisy wp\u0142ywaj\u0105 r\u00f3wnie\u017c na\nzwi\u0119kszenie zakresu jednostek maj\u0105cych prawo korzysta\u0107 z uproszcze\u0144\nprzeznaczonych dla ma\u0142ych jednostek. Zakres ten zwi\u0119kszony zosta\u0142 za spraw\u0105\npodniesienia prog\u00f3w w tej kategorii jednostek z 17 mln z\u0142 na 25,5 mln z\u0142 je\u015bli\nchodzi o sum\u0119 aktyw\u00f3w bilansu, a tak\u017ce z 34 mln z\u0142 na 51 mln z\u0142 w przypadku\nwszystkich przychod\u00f3w netto osi\u0105ganych ze sprzeda\u017cy produkt\u00f3w i towar\u00f3w.<\/p>\n\n\n\n<figure class=\"wp-block-pullquote\"><blockquote><p>Sprawd\u017a nasze <a href=\"https:\/\/www.profinfo.pl\/sklep\/rachunkowosc.html\">publikacje o rachunkowo\u015bci<\/a><\/p><\/blockquote><\/figure>\n\n\n\n<p>Kolejne u\u0142atwienie stanowi\nzwi\u0119kszenie prog\u00f3w daj\u0105cych prawo poszczeg\u00f3lnym jednostkom do stosowania\nuproszcze\u0144 w ewidencji ksi\u0119gowej. Uproszczenie ewidencji ksi\u0119gowej dotyczy m.\nin. klasyfikacji um\u00f3w leasingu, stosowania uproszcze\u0144 podczas kalkulacji\nkoszt\u00f3w wytworzenia produktu, a tak\u017ce odst\u0119powania od ustalania aktyw\u00f3w i\ntworzenia niezb\u0119dnych rezerw wynikaj\u0105cych z odroczonego podatku dochodowego.<\/p>\n\n\n\n<h2 class=\"wp-block-heading\"><span class=\"ez-toc-section\" id=\"Dostosowywanie-ustawy-do-znowelizowanych-przepisow\"><\/span>Dostosowywanie ustawy do znowelizowanych przepis\u00f3w<span class=\"ez-toc-section-end\"><\/span><\/h2>\n\n\n\n<p>Wej\u015bcie w \u017cycie omawianej\nnowelizacji poskutkowa\u0142o m. in. zmian\u0105 w ustawie o rachunkowo\u015bci, a dok\u0142adniej\nart. 2 ust. 2 tej\u017ce ustawy. Zmiana ta polega na dodaniu po&nbsp; wyrazie \u201eobowi\u0105zani\u201d stwierdzenia \u201eo ile\nodr\u0119bne przepisy nie stanowi\u0105 inaczej\u201d. Dotyczy to os\u00f3b fizycznych, sp\u00f3\u0142ek\ncywilnych os\u00f3b fizycznych, sp\u00f3\u0142ek jawnych os\u00f3b fizycznych, a tak\u017ce sp\u00f3\u0142ek\npartnerskich, o ile wymienione podmioty skorzysta\u0142y z mo\u017cliwo\u015bci stosowania\nzasad okre\u015blonych przez ustaw\u0119 o rachunkowo\u015bci od pocz\u0105tku nowego roku\nobrotowego.<\/p>\n\n\n\n<p>Celem zmiany jest dostosowanie\nprzepisu ustawy o rachunkowo\u015bci do znowelizowanego przepisu ustawy o podatku\ndochodowym od os\u00f3b fizycznych (ast. 24a ust. 5 tej\u017ce ustawy), obejmuj\u0105cego\nobowi\u0105zek informowania przez wy\u017cej wymienione jednostki o prowadzeniu przez nie\nksi\u0105g rachunkowych.<\/p>\n","protected":false},"excerpt":{"rendered":"<p>Wraz z pocz\u0105tkiem 2019 roku w \u017cycie wesz\u0142o szereg zmian w ustawie o rachunkowo\u015bci. W\u015br\u00f3d nowych przepis\u00f3w znajduj\u0105 si\u0119 m. in. dotycz\u0105ce zwi\u0119kszenia prog\u00f3w uprawniaj\u0105cych jednostki do stosowania uproszcze\u0144 w rachunkowo\u015bci.<\/p>\n","protected":false},"author":1,"featured_media":666,"comment_status":"open","ping_status":"open","sticky":false,"template":"","format":"standard","meta":{"footnotes":""},"categories":[71,70],"tags":[],"class_list":["post-664","post","type-post","status-publish","format-standard","has-post-thumbnail","hentry","category-porady","category-aktualnosci"],"_links":{"self":[{"href":"https:\/\/www.profinfo.pl\/blog\/wp-json\/wp\/v2\/posts\/664","targetHints":{"allow":["GET"]}}],"collection":[{"href":"https:\/\/www.profinfo.pl\/blog\/wp-json\/wp\/v2\/posts"}],"about":[{"href":"https:\/\/www.profinfo.pl\/blog\/wp-json\/wp\/v2\/types\/post"}],"author":[{"embeddable":true,"href":"https:\/\/www.profinfo.pl\/blog\/wp-json\/wp\/v2\/users\/1"}],"replies":[{"embeddable":true,"href":"https:\/\/www.profinfo.pl\/blog\/wp-json\/wp\/v2\/comments?post=664"}],"version-history":[{"count":3,"href":"https:\/\/www.profinfo.pl\/blog\/wp-json\/wp\/v2\/posts\/664\/revisions"}],"predecessor-version":[{"id":672,"href":"https:\/\/www.profinfo.pl\/blog\/wp-json\/wp\/v2\/posts\/664\/revisions\/672"}],"wp:featuredmedia":[{"embeddable":true,"href":"https:\/\/www.profinfo.pl\/blog\/wp-json\/wp\/v2\/media\/666"}],"wp:attachment":[{"href":"https:\/\/www.profinfo.pl\/blog\/wp-json\/wp\/v2\/media?parent=664"}],"wp:term":[{"taxonomy":"category","embeddable":true,"href":"https:\/\/www.profinfo.pl\/blog\/wp-json\/wp\/v2\/categories?post=664"},{"taxonomy":"post_tag","embeddable":true,"href":"https:\/\/www.profinfo.pl\/blog\/wp-json\/wp\/v2\/tags?post=664"}],"curies":[{"name":"wp","href":"https:\/\/api.w.org\/{rel}","templated":true}]}}