{"id":681,"date":"2019-06-07T08:49:57","date_gmt":"2019-06-07T06:49:57","guid":{"rendered":"https:\/\/www.profinfo.pl\/blog\/?p=681"},"modified":"2024-01-03T09:11:58","modified_gmt":"2024-01-03T08:11:58","slug":"osoba-prawna-czym-jest-kiedy-powstaje-i-w-jaki-sposob-rozni-sie-od-osoby-fizycznej","status":"publish","type":"post","link":"https:\/\/www.profinfo.pl\/blog\/osoba-prawna-czym-jest-kiedy-powstaje-i-w-jaki-sposob-rozni-sie-od-osoby-fizycznej\/","title":{"rendered":"Osoba prawna. Czym jest, kiedy powstaje i w jaki spos\u00f3b r\u00f3\u017cni si\u0119 od osoby fizycznej?"},"content":{"rendered":"\n<p><strong>Poj\u0119cie osoby prawnej z ca\u0142\u0105 pewno\u015bci\u0105 nie nale\u017cy do oczywistych. Je\u015bli\nbowiem do os\u00f3b prawnych zaliczamy sp\u00f3\u0142ki akcyjne, przedsi\u0119biorstwa pa\u0144stwowe\nczy banki, to dlaczego nie s\u0105 nimi przedsi\u0119biorcy prowadz\u0105cy jednoosobow\u0105\ndzia\u0142alno\u015b\u0107 gospodarcz\u0105? W ko\u0144cu w ich przypadku okre\u015blenie \u201eosoba\u201d jest a\u017c\nnader adekwatne. Czym lub kim jest wi\u0119c tak w\u0142a\u015bciwie osoba prawna i jak bardzo\nr\u00f3\u017cni si\u0119 od osoby fizycznej?<\/strong><\/p>\n\n\n\n<!--more-->\n\n\n\n<h2 class=\"wp-block-heading\"><span class=\"ez-toc-section\" id=\"Czym-jest-osoba-prawna\"><\/span>Czym jest osoba prawna?<span class=\"ez-toc-section-end\"><\/span><\/h2>\n\n\n\n<p>Poj\u0119cie osoby prawnej definiowane\njest w polskim prawie przez Kodeks cywilny, kt\u00f3ry w art. 33 m\u00f3wi, i\u017c \u201eOsobami\nprawnymi s\u0105 Skarb Pa\u0144stwa i jednostki organizacyjne, kt\u00f3rym przepisy szczeg\u00f3lne\nprzyznaj\u0105 osobowo\u015b\u0107 prawn\u0105\u201d. Na przyk\u0142adzie tego artyku\u0142u widzimy, i\u017c Kodeks\ncywilny przyznaje Skarbowi Pa\u0144stwa status szczeg\u00f3lny, wymieniaj\u0105c go jako\njedyn\u0105 z nazwy osob\u0119 prawn\u0105, w poszukiwaniu pozosta\u0142ych odsy\u0142aj\u0105c do przepis\u00f3w\nszczeg\u00f3lnych. W istocie tych pozosta\u0142ych jednostek organizacyjnych, kt\u00f3rym wspominane\nprzepisy szczeg\u00f3lne przyznaj\u0105 osobowo\u015b\u0107 prawn\u0105, jest bardzo wiele, a ich ilo\u015b\u0107\nzwi\u0119ksza si\u0119 wskutek powstawania nowych akt\u00f3w prawnych.<\/p>\n\n\n\n<p>W\u015br\u00f3d najwa\u017cniejszych i\nnajcz\u0119\u015bciej spotykanych os\u00f3b prawnych nale\u017cy wymieni\u0107: sp\u00f3\u0142ki kapita\u0142owe (czyli\nsp\u00f3\u0142ki akcyjne oraz sp\u00f3\u0142ki z ograniczon\u0105 odpowiedzialno\u015bci\u0105), przedsi\u0119biorstwa\npa\u0144stwowe, jednostki samorz\u0105du terytorialnego (wojew\u00f3dztwa, powiaty, gminy),\nsp\u00f3\u0142dzielnie, Ko\u015bcio\u0142y (rozumiane jako zwi\u0105zki wyznaniowe w dojrza\u0142ej postaci),\nuczelnie, fundacje, partie polityczne, stowarzyszenia rejestrowe, zwi\u0105zki zawodowe\nczy samodzielne publiczne zak\u0142ady opieki zdrowotnej.<\/p>\n\n\n\n<h2 class=\"wp-block-heading\"><span class=\"ez-toc-section\" id=\"Kiedy-osoba-prawna-zyskuje-zdolnosc-prawna\"><\/span>Kiedy osoba prawna zyskuje zdolno\u015b\u0107 prawn\u0105?<span class=\"ez-toc-section-end\"><\/span><\/h2>\n\n\n\n<p>W przypadku os\u00f3b fizycznych,\nzdolno\u015b\u0107 prawna oznacza, i\u017c osoba ta posiada zdolno\u015b\u0107 do bycia podmiotem praw i\nobowi\u0105zk\u00f3w. Zdolno\u015b\u0107 t\u0119 osoba fizyczna uzyskuje w chwili narodzin. Kolejnym\nkrokiem jest dla niej zyskanie na kolejnych etapach \u017cycia najpierw\nograniczonej, a nast\u0119pnie pe\u0142nej zdolno\u015bci do czynno\u015bci prawnych, czyli\nmo\u017cliwo\u015bci zaci\u0105gania we w\u0142asnym imieniu zobowi\u0105za\u0144 oraz swobody w dysponowaniu\nswoimi prawami.<\/p>\n\n\n\n<p>W przypadku os\u00f3b prawnych jest podobnie.\nZdolno\u015b\u0107 prawna osoby prawnej powstaje w momencie, w kt\u00f3rym powstaje sama osoba\nprawna, a momentem tym mo\u017ce by\u0107 przyj\u0119cie aktu za\u0142o\u017cycielskiego, statutu lub\npodpisanie umowy za\u0142o\u017cenia. Uzyskanie zdolno\u015bci prawnej przez osob\u0119 prawn\u0105\noznacza, \u017ce staje si\u0119 ona podmiotem praw i obowi\u0105zk\u00f3w, a tak\u017ce mo\u017cliwym\nuczestnikiem obrotu prawnego. Nadal jednak nie mo\u017ce ona zaci\u0105ga\u0107 zobowi\u0105za\u0144 ani\nnabywa\u0107 praw we w\u0142asnym imieniu, dop\u00f3ki nie uzyska r\u00f3wnie\u017c zdolno\u015bci do\nczynno\u015bci prawnych. Posiadanie samej tylko zdolno\u015bci prawnej jest wi\u0119c\ncharakterystyczne dla sp\u00f3\u0142ki akcyjnej lub sp\u00f3\u0142ki z ograniczon\u0105\nodpowiedzialno\u015bci\u0105, kt\u00f3ra wyst\u0119puje ju\u017c w obrocie, jednak nadal nie mo\u017ce wyst\u0119powa\u0107\nwe w\u0142asnym imieniu, gdy\u017c jest sp\u00f3\u0142k\u0105 w organizacji.<\/p>\n\n\n\n<h2 class=\"wp-block-heading\"><span class=\"ez-toc-section\" id=\"Jak-osoba-prawna-zyskuje-zdolnosc-do-czynnosci-prawnych\"><\/span>Jak osoba prawna zyskuje zdolno\u015b\u0107 do czynno\u015bci prawnych?<span class=\"ez-toc-section-end\"><\/span><\/h2>\n\n\n\n<p>Dla os\u00f3b fizycznych momentem, w\nkt\u00f3rym automatycznie zyskuj\u0105 pe\u0142n\u0105 zdolno\u015b\u0107 do czynno\u015bci prawnych, jest dzie\u0144,\nw kt\u00f3rym osi\u0105gaj\u0105 pe\u0142noletno\u015b\u0107. Je\u015bli chodzi o osoby prawne, zyskanie zdolno\u015bci\ndo czynno\u015bci prawnych nast\u0119puje wraz z wpisem do w\u0142a\u015bciwego rejestru, takiego\njak np. Krajowy Rejestr S\u0105dowy. Zawsze jest to r\u00f3wnie\u017c pe\u0142na zdolno\u015b\u0107 do\nczynno\u015bci prawnych (w przypadku os\u00f3b prawnych nie ma rozr\u00f3\u017cnienia na pe\u0142n\u0105 i\nniepe\u0142n\u0105 zdolno\u015b\u0107 do czynno\u015bci prawnych).<\/p>\n\n\n\n<p>Prawo nie r\u00f3\u017cnicuje os\u00f3b prawnych\nna pe\u0142noletnie i niepe\u0142noletnie, wprowadza natomiast kategori\u0119 tzw. u\u0142omnych\nos\u00f3b prawnych, czyli os\u00f3b prawnych nieposiadaj\u0105cych osobowo\u015bci prawnej (osoby\nprawne bez zdolno\u015bci prawnej). Przyk\u0142adami takich os\u00f3b prawnych s\u0105: sp\u00f3\u0142ki\nosobowe, wsp\u00f3lnoty mieszkaniowe czy wspominane ju\u017c sp\u00f3\u0142ki z ograniczon\u0105\nodpowiedzialno\u015bci\u0105 oraz sp\u00f3\u0142ki akcyjne w organizacji.<\/p>\n\n\n\n<h2 class=\"wp-block-heading\"><span class=\"ez-toc-section\" id=\"Czy-osoba-fizyczna-moze-byc-rowniez-osoba-prawna\"><\/span>Czy osoba fizyczna mo\u017ce by\u0107 r\u00f3wnie\u017c osob\u0105 prawn\u0105?<span class=\"ez-toc-section-end\"><\/span><\/h2>\n\n\n\n<p>Wa\u017cny w zrozumieniu i\nrozr\u00f3\u017cnieniu poj\u0119\u0107 osoby fizycznej i osoby prawnej jest fakt, i\u017c jeden podmiot\nnie mo\u017ce by\u0107 jednocze\u015bnie osob\u0105 fizyczn\u0105 oraz osob\u0105 prawn\u0105. Co to oznacza?\nPrzede wszystkim wyklucza przyznanie statusu osoby prawnej jednoosobowej\ndzia\u0142alno\u015bci gospodarczej. Ka\u017cda osoba fizyczna, zak\u0142adaj\u0105ca tak\u0105 w\u0142a\u015bnie\ndzia\u0142alno\u015b\u0107 gospodarcz\u0105, posiada przede wszystkim status osoby fizycznej i z\ntego tytu\u0142u posiada r\u00f3wnie\u017c zdolno\u015b\u0107 do czynno\u015bci prawnych. Zgodnie z przepisami\nosoba taka we wszelkiego rodzaju stosunkach prawnych wyst\u0119puje zawsze jako\nosoba fizyczna znana z imienia i nazwiska. Oznacza to, \u017ce np. w akcie\nnotarialnym sporz\u0105dzonym na okoliczno\u015b\u0107 zakupu nieruchomo\u015bci przez\nprzedsi\u0119biorc\u0119 prowadz\u0105cego jednoosobow\u0105 dzia\u0142alno\u015b\u0107 gospodarcz\u0105 (nawet je\u015bli\njest to nieruchomo\u015b\u0107 kupiona na potrzeby wy\u0142\u0105cznie dzia\u0142alno\u015bci gospodarczej),\nw\u0142a\u015bciciel wyst\u0119powa\u0142 b\u0119dzie zawsze jako osoba fizyczna.<\/p>\n\n\n\n<h3 class=\"wp-block-heading\">Sprwd\u017a tak\u017ce:<\/h3>\n\n\n\n<ul class=\"wp-block-list\">\n<li><a href=\"https:\/\/www.profinfo.pl\/sklep\/przychody-osoby-prawnej-nietworzace-podstawy-opodatkowania-w-podatku-dochodowym,89071.html\">Przychody osoby prawnej nietworz\u0105ce podstawy opodatkowania w podatku dochodowym, Mateusz Tch\u00f3rzewski 2018<\/a><\/li>\n\n\n\n<li><a href=\"https:\/\/www.profinfo.pl\/hasla-lex\/podatek-dochodowy-od-osob-prawnych,2817.html\">Podatek dochodowy od os\u00f3b prawnych<\/a><\/li>\n<\/ul>\n","protected":false},"excerpt":{"rendered":"<p>Poj\u0119cie osoby prawnej z ca\u0142\u0105 pewno\u015bci\u0105 nie nale\u017cy do oczywistych. Je\u015bli bowiem do os\u00f3b prawnych zaliczamy sp\u00f3\u0142ki akcyjne, przedsi\u0119biorstwa pa\u0144stwowe czy banki, to dlaczego nie s\u0105 nimi przedsi\u0119biorcy prowadz\u0105cy jednoosobow\u0105 dzia\u0142alno\u015b\u0107 gospodarcz\u0105? W ko\u0144cu w ich przypadku okre\u015blenie \u201eosoba\u201d jest a\u017c nader adekwatne. Czym lub kim jest wi\u0119c tak w\u0142a\u015bciwie osoba prawna i jak bardzo &hellip; <\/p>\n<p><a href=\"https:\/\/www.profinfo.pl\/blog\/osoba-prawna-czym-jest-kiedy-powstaje-i-w-jaki-sposob-rozni-sie-od-osoby-fizycznej\/\" class=\"more-link\">Czytaj wi\u0119cej<span class=\"screen-reader-text\"> &#8222;Osoba prawna. Czym jest, kiedy powstaje i w jaki spos\u00f3b r\u00f3\u017cni si\u0119 od osoby fizycznej?&#8221;<\/span><\/a><\/p>\n","protected":false},"author":1,"featured_media":687,"comment_status":"open","ping_status":"open","sticky":false,"template":"","format":"standard","meta":{"footnotes":""},"categories":[71],"tags":[111,112],"class_list":["post-681","post","type-post","status-publish","format-standard","has-post-thumbnail","hentry","category-porady","tag-prawo","tag-prawo-cywilne"],"_links":{"self":[{"href":"https:\/\/www.profinfo.pl\/blog\/wp-json\/wp\/v2\/posts\/681","targetHints":{"allow":["GET"]}}],"collection":[{"href":"https:\/\/www.profinfo.pl\/blog\/wp-json\/wp\/v2\/posts"}],"about":[{"href":"https:\/\/www.profinfo.pl\/blog\/wp-json\/wp\/v2\/types\/post"}],"author":[{"embeddable":true,"href":"https:\/\/www.profinfo.pl\/blog\/wp-json\/wp\/v2\/users\/1"}],"replies":[{"embeddable":true,"href":"https:\/\/www.profinfo.pl\/blog\/wp-json\/wp\/v2\/comments?post=681"}],"version-history":[{"count":5,"href":"https:\/\/www.profinfo.pl\/blog\/wp-json\/wp\/v2\/posts\/681\/revisions"}],"predecessor-version":[{"id":3096,"href":"https:\/\/www.profinfo.pl\/blog\/wp-json\/wp\/v2\/posts\/681\/revisions\/3096"}],"wp:featuredmedia":[{"embeddable":true,"href":"https:\/\/www.profinfo.pl\/blog\/wp-json\/wp\/v2\/media\/687"}],"wp:attachment":[{"href":"https:\/\/www.profinfo.pl\/blog\/wp-json\/wp\/v2\/media?parent=681"}],"wp:term":[{"taxonomy":"category","embeddable":true,"href":"https:\/\/www.profinfo.pl\/blog\/wp-json\/wp\/v2\/categories?post=681"},{"taxonomy":"post_tag","embeddable":true,"href":"https:\/\/www.profinfo.pl\/blog\/wp-json\/wp\/v2\/tags?post=681"}],"curies":[{"name":"wp","href":"https:\/\/api.w.org\/{rel}","templated":true}]}}