{"id":903,"date":"2020-07-06T12:05:06","date_gmt":"2020-07-06T10:05:06","guid":{"rendered":"https:\/\/www.profinfo.pl\/blog\/?p=903"},"modified":"2020-07-20T15:03:11","modified_gmt":"2020-07-20T13:03:11","slug":"jak-przetrwac-kryzys-w-branzy-turystycznej-poradnik-prawny","status":"publish","type":"post","link":"https:\/\/www.profinfo.pl\/blog\/jak-przetrwac-kryzys-w-branzy-turystycznej-poradnik-prawny\/","title":{"rendered":"Jak przetrwa\u0107 kryzys w bran\u017cy turystycznej &#8211; poradnik prawny"},"content":{"rendered":"\n<p>Pog\u0142\u0119biaj\u0105cy si\u0119 kryzys gospodarczy w&nbsp; zwi\u0105zku z&nbsp; pandemi\u0105<br>COVID-19 dotkn\u0105\u0142 w&nbsp;zasadzie ka\u017cd\u0105 ga\u0142\u0105\u017a gospodarki. W&nbsp;wyniku na\u0142o\u017conych przez Pa\u0144stwo obostrze\u0144 i&nbsp;zakaz\u00f3w b\u0119d\u0105cych pochodn\u0105 rozprzestrzeniania si\u0119 wirusa SARS-CoV-2 przedsi\u0119biorstwa odczu\u0142y spadek p\u0142ynno\u015bci gospodarczej.<\/p>\n\n\n\n<!--more-->\n\n\n\n<p>Przedsi\u0119biorcy trac\u0105 pieni\u0105dze na ka\u017cdym z&nbsp;rynk\u00f3w, zar\u00f3wno pod wzgl\u0119dem sprzeda\u017cy krajowej, jak i&nbsp;zagranicznej . W&nbsp;celu przeciwdzia\u0142ania upadkom firm oraz ratowania sytuacji gospodarki ka\u017cde z&nbsp;pa\u0144stw wprowadza r\u00f3\u017cne formy wsparcia organizacyjnego i&nbsp;finansowego dla najbardziej stratnych firm .<\/p>\n\n\n\n<p>W&nbsp;Polsce w&nbsp;ramach \u0142agodzenia skutk\u00f3w kryzysu dnia 31.03.2020&nbsp;r. opublikowana zosta\u0142a tzw. Tarcza antykryzysowa. Zawiera ona wiele propozycji i&nbsp;instytucji skierowanych m.in. do firm o&nbsp;r\u00f3\u017cnej skali, kt\u00f3rych celem jest przede wszystkim ochrona miejsc pracy oraz zachowanie p\u0142ynno\u015bci finansowej. W&nbsp;opracowaniu opisali\u015bmy najkorzystniejsze mechanizmy z&nbsp;punktu widzenia \u015brednich i&nbsp;du\u017cych przedsi\u0119biorstw, ze szczeg\u00f3lnym uwzgl\u0119dnieniem przedsi\u0119biorstw z&nbsp;bran\u017cy turystyczno-hotelarskiej . Publikacja zawiera r\u00f3wnie\u017c regulacje prawne wprowadzone w&nbsp; ustawie o&nbsp; szczeg\u00f3lnych instrumentach wsparcia w&nbsp;zwi\u0105zku z&nbsp;rozprzestrzenianiem si\u0119 wirusa SARS-CoV-2 nazywanej potocznie Tarcz\u0105 2.0 .<\/p>\n\n\n\n<p><strong>Niniejszy tekst uwzgl\u0119dnia stan prawny obowi\u0105zuj\u0105cy na dzie\u0144 jego uko\u0144czenia, tj. 8.05.2020&nbsp;r.<\/strong><\/p>\n\n\n\n<hr class=\"wp-block-separator\"\/>\n\n\n\n<p><strong>Redakcja: Wojciech Kapica<\/strong><br><a href=\"https:\/\/www.profinfo.pl\/autorzy\/wojciech-kapica,26367.html?utm_source=blog.profinfo.pl&amp;utm_medium=link&amp;utm_campaign=WKPL_PROF_BOO_Jak-przetrwa\u0107-kryzys-w-bran\u017cy-turystycznej-poradnik prawny-07-20_LFM\/WKC0120002_IPF010&amp;utm_term=WKC0120002_IPF010\">Wojciech Kapica<\/a>, <a href=\"https:\/\/www.profinfo.pl\/autorzy\/piotr-kawiak,33829.html?utm_source=blog.profinfo.pl&amp;utm_medium=link&amp;utm_campaign=WKPL_PROF_BOO_Jak-przetrwa\u0107-kryzys-w-bran\u017cy-turystycznej-poradnik prawny-07-20_LFM\/WKC0120002_IPF010&amp;utm_term=WKC0120002_IPF010\">Piotr Kawiak<\/a>, <a href=\"https:\/\/www.profinfo.pl\/autorzy\/wojciech-stawnicki,33835.html?utm_source=blog.profinfo.pl&amp;utm_medium=link&amp;utm_campaign=WKPL_PROF_BOO_Jak-przetrwa\u0107-kryzys-w-bran\u017cy-turystycznej-poradnik prawny-07-20_LFM\/WKC0120002_IPF010&amp;utm_term=WKC0120002_IPF010\">Wojciech Stawnicki<\/a>, <a href=\"https:\/\/www.profinfo.pl\/autorzy\/pawel-stepniak,33832.html?utm_source=blog.profinfo.pl&amp;utm_medium=link&amp;utm_campaign=WKPL_PROF_BOO_Jak-przetrwa\u0107-kryzys-w-bran\u017cy-turystycznej-poradnik prawny-07-20_LFM\/WKC0120002_IPF010&amp;utm_term=WKC0120002_IPF010\">Pawe\u0142 St\u0119pniak<\/a><\/p>\n\n\n\n<div id=\"ez-toc-container\" class=\"ez-toc-v2_0_82_2 counter-hierarchy ez-toc-counter ez-toc-custom ez-toc-container-direction\">\n<div class=\"ez-toc-title-container\">\n<p class=\"ez-toc-title\" style=\"cursor:inherit\">Spis tre\u015bci<\/p>\n<span class=\"ez-toc-title-toggle\"><a href=\"#\" class=\"ez-toc-pull-right ez-toc-btn ez-toc-btn-xs ez-toc-btn-default ez-toc-toggle\" aria-label=\"Prze\u0142\u0105cznik Spisu Tre\u015bci\"><span class=\"ez-toc-js-icon-con\"><span class=\"\"><span class=\"eztoc-hide\" style=\"display:none;\">Toggle<\/span><span class=\"ez-toc-icon-toggle-span\"><svg style=\"fill: #676767;color:#676767\" xmlns=\"http:\/\/www.w3.org\/2000\/svg\" class=\"list-377408\" width=\"20px\" height=\"20px\" viewBox=\"0 0 24 24\" fill=\"none\"><path d=\"M6 6H4v2h2V6zm14 0H8v2h12V6zM4 11h2v2H4v-2zm16 0H8v2h12v-2zM4 16h2v2H4v-2zm16 0H8v2h12v-2z\" fill=\"currentColor\"><\/path><\/svg><svg style=\"fill: #676767;color:#676767\" class=\"arrow-unsorted-368013\" xmlns=\"http:\/\/www.w3.org\/2000\/svg\" width=\"10px\" height=\"10px\" viewBox=\"0 0 24 24\" version=\"1.2\" baseProfile=\"tiny\"><path d=\"M18.2 9.3l-6.2-6.3-6.2 6.3c-.2.2-.3.4-.3.7s.1.5.3.7c.2.2.4.3.7.3h11c.3 0 .5-.1.7-.3.2-.2.3-.5.3-.7s-.1-.5-.3-.7zM5.8 14.7l6.2 6.3 6.2-6.3c.2-.2.3-.5.3-.7s-.1-.5-.3-.7c-.2-.2-.4-.3-.7-.3h-11c-.3 0-.5.1-.7.3-.2.2-.3.5-.3.7s.1.5.3.7z\"\/><\/svg><\/span><\/span><\/span><\/a><\/span><\/div>\n<nav><ul class='ez-toc-list ez-toc-list-level-1 ' ><li class='ez-toc-page-1 ez-toc-heading-level-2'><a class=\"ez-toc-link ez-toc-heading-1\" href=\"https:\/\/www.profinfo.pl\/blog\/jak-przetrwac-kryzys-w-branzy-turystycznej-poradnik-prawny\/#Zagadnienia-sektorowe\" >Zagadnienia sektorowe<\/a><ul class='ez-toc-list-level-3' ><li class='ez-toc-heading-level-3'><a class=\"ez-toc-link ez-toc-heading-2\" href=\"https:\/\/www.profinfo.pl\/blog\/jak-przetrwac-kryzys-w-branzy-turystycznej-poradnik-prawny\/#Czasowe-ograniczenie-prowadzenia-dzialalnosci\" >Czasowe ograniczenie prowadzenia dzia\u0142alno\u015bci<\/a><\/li><li class='ez-toc-page-1 ez-toc-heading-level-3'><a class=\"ez-toc-link ez-toc-heading-3\" href=\"https:\/\/www.profinfo.pl\/blog\/jak-przetrwac-kryzys-w-branzy-turystycznej-poradnik-prawny\/#Czasowe-wygasniecie-umow-najmu\" >Czasowe wyga\u015bni\u0119cie um\u00f3w najmu<\/a><\/li><li class='ez-toc-page-1 ez-toc-heading-level-3'><a class=\"ez-toc-link ez-toc-heading-4\" href=\"https:\/\/www.profinfo.pl\/blog\/jak-przetrwac-kryzys-w-branzy-turystycznej-poradnik-prawny\/#Modyfikacja-prawa-odstapienia-podroznego\" >Modyfikacja prawa odst\u0105pienia podr\u00f3\u017cnego<\/a><\/li><li class='ez-toc-page-1 ez-toc-heading-level-3'><a class=\"ez-toc-link ez-toc-heading-5\" href=\"https:\/\/www.profinfo.pl\/blog\/jak-przetrwac-kryzys-w-branzy-turystycznej-poradnik-prawny\/#Mozliwosc-konwersji-swiadczenia-na-voucher\" >Mo\u017cliwo\u015b\u0107 konwersji \u015bwiadczenia na voucher<\/a><\/li><li class='ez-toc-page-1 ez-toc-heading-level-3'><a class=\"ez-toc-link ez-toc-heading-6\" href=\"https:\/\/www.profinfo.pl\/blog\/jak-przetrwac-kryzys-w-branzy-turystycznej-poradnik-prawny\/#Zmiana-dotyczaca-obiektow-hotelarskich-niewpisanych-do-rejestru\" >Zmiana dotycz\u0105ca obiekt\u00f3w hotelarskich niewpisanych do rejestru<\/a><\/li><li class='ez-toc-page-1 ez-toc-heading-level-3'><a class=\"ez-toc-link ez-toc-heading-7\" href=\"https:\/\/www.profinfo.pl\/blog\/jak-przetrwac-kryzys-w-branzy-turystycznej-poradnik-prawny\/#Obowiazek-powiadomienia-ZUS-o-zawarciu-umowy-o-dzielo\" >Obowi\u0105zek powiadomienia ZUS o&nbsp;zawarciu umowy o&nbsp;dzie\u0142o<\/a><\/li><li class='ez-toc-page-1 ez-toc-heading-level-3'><a class=\"ez-toc-link ez-toc-heading-8\" href=\"https:\/\/www.profinfo.pl\/blog\/jak-przetrwac-kryzys-w-branzy-turystycznej-poradnik-prawny\/#Zezwolenia-na-prace-lub-prace-sezonowa-dla-cudzoziemcow\" >Zezwolenia na prac\u0119 lub prac\u0119 sezonow\u0105 dla&nbsp;cudzoziemc\u00f3w<\/a><\/li><li class='ez-toc-page-1 ez-toc-heading-level-3'><a class=\"ez-toc-link ez-toc-heading-9\" href=\"https:\/\/www.profinfo.pl\/blog\/jak-przetrwac-kryzys-w-branzy-turystycznej-poradnik-prawny\/#Oplaty-abonamentowe\" >Op\u0142aty abonamentowe<\/a><\/li><li class='ez-toc-page-1 ez-toc-heading-level-3'><a class=\"ez-toc-link ez-toc-heading-10\" href=\"https:\/\/www.profinfo.pl\/blog\/jak-przetrwac-kryzys-w-branzy-turystycznej-poradnik-prawny\/#Ubezpieczenie-i-gwarancja-bankowa\" >Ubezpieczenie i&nbsp;gwarancja bankowa<\/a><\/li><\/ul><\/li><li class='ez-toc-page-1 ez-toc-heading-level-2'><a class=\"ez-toc-link ez-toc-heading-11\" href=\"https:\/\/www.profinfo.pl\/blog\/jak-przetrwac-kryzys-w-branzy-turystycznej-poradnik-prawny\/#Kwestie-pracownicze\" >Kwestie pracownicze<\/a><ul class='ez-toc-list-level-3' ><li class='ez-toc-heading-level-3'><a class=\"ez-toc-link ez-toc-heading-12\" href=\"https:\/\/www.profinfo.pl\/blog\/jak-przetrwac-kryzys-w-branzy-turystycznej-poradnik-prawny\/#Dofinansowanie-do-wynagrodzen-z-FGSP\" >Dofinansowanie do wynagrodze\u0144 z&nbsp;FG\u015aP<\/a><\/li><li class='ez-toc-page-1 ez-toc-heading-level-3'><a class=\"ez-toc-link ez-toc-heading-13\" href=\"https:\/\/www.profinfo.pl\/blog\/jak-przetrwac-kryzys-w-branzy-turystycznej-poradnik-prawny\/#Dofinansowanie-do-wynagrodzen-udzielane-przez-staroste\" >Dofinansowanie do wynagrodze\u0144 udzielane przez starost\u0119<\/a><\/li><li class='ez-toc-page-1 ez-toc-heading-level-3'><a class=\"ez-toc-link ez-toc-heading-14\" href=\"https:\/\/www.profinfo.pl\/blog\/jak-przetrwac-kryzys-w-branzy-turystycznej-poradnik-prawny\/#Swiadczenie-postojowe\" >\u015awiadczenie postojowe<\/a><\/li><li class='ez-toc-page-1 ez-toc-heading-level-3'><a class=\"ez-toc-link ez-toc-heading-15\" href=\"https:\/\/www.profinfo.pl\/blog\/jak-przetrwac-kryzys-w-branzy-turystycznej-poradnik-prawny\/#Szkolenia-BHP\" >Szkolenia BHP<\/a><\/li><li class='ez-toc-page-1 ez-toc-heading-level-3'><a class=\"ez-toc-link ez-toc-heading-16\" href=\"https:\/\/www.profinfo.pl\/blog\/jak-przetrwac-kryzys-w-branzy-turystycznej-poradnik-prawny\/#Zasilek-opiekunczy\" >Zasi\u0142ek opieku\u0144czy<\/a><\/li><li class='ez-toc-page-1 ez-toc-heading-level-3'><a class=\"ez-toc-link ez-toc-heading-17\" href=\"https:\/\/www.profinfo.pl\/blog\/jak-przetrwac-kryzys-w-branzy-turystycznej-poradnik-prawny\/#Odroczenie-platnosci-na-ZUS\" >Odroczenie p\u0142atno\u015bci na ZUS<\/a><\/li><li class='ez-toc-page-1 ez-toc-heading-level-3'><a class=\"ez-toc-link ez-toc-heading-18\" href=\"https:\/\/www.profinfo.pl\/blog\/jak-przetrwac-kryzys-w-branzy-turystycznej-poradnik-prawny\/#Zawieszenie-okresowych-badan-lekarskich\" >Zawieszenie okresowych bada\u0144 lekarskich<\/a><\/li><\/ul><\/li><li class='ez-toc-page-1 ez-toc-heading-level-2'><a class=\"ez-toc-link ez-toc-heading-19\" href=\"https:\/\/www.profinfo.pl\/blog\/jak-przetrwac-kryzys-w-branzy-turystycznej-poradnik-prawny\/#Wsparcie-kredytowe\" >Wsparcie kredytowe<\/a><ul class='ez-toc-list-level-3' ><li class='ez-toc-heading-level-3'><a class=\"ez-toc-link ez-toc-heading-20\" href=\"https:\/\/www.profinfo.pl\/blog\/jak-przetrwac-kryzys-w-branzy-turystycznej-poradnik-prawny\/#Poreczenia-i-gwarancje-Banku-Gospodarstwa-Krajowego\" >Por\u0119czenia i&nbsp;gwarancje Banku Gospodarstwa Krajowego<\/a><\/li><li class='ez-toc-page-1 ez-toc-heading-level-3'><a class=\"ez-toc-link ez-toc-heading-21\" href=\"https:\/\/www.profinfo.pl\/blog\/jak-przetrwac-kryzys-w-branzy-turystycznej-poradnik-prawny\/#Wsparcie-finansowe-od-Agencji-Rozwoju-Przemyslu\" >Wsparcie finansowe od Agencji Rozwoju Przemys\u0142u<\/a><\/li><li class='ez-toc-page-1 ez-toc-heading-level-3'><a class=\"ez-toc-link ez-toc-heading-22\" href=\"https:\/\/www.profinfo.pl\/blog\/jak-przetrwac-kryzys-w-branzy-turystycznej-poradnik-prawny\/#Wsparcie-od-Korporacji-Ubezpieczen-Kredytow-Eksportowych\" >Wsparcie od Korporacji Ubezpiecze\u0144 Kredyt\u00f3w Eksportowych<\/a><\/li><li class='ez-toc-page-1 ez-toc-heading-level-3'><a class=\"ez-toc-link ez-toc-heading-23\" href=\"https:\/\/www.profinfo.pl\/blog\/jak-przetrwac-kryzys-w-branzy-turystycznej-poradnik-prawny\/#Pomoc-finansowa-od-Polskiego-Funduszu-Rozwoju\" >Pomoc finansowa od Polskiego Funduszu Rozwoju<\/a><\/li><li class='ez-toc-page-1 ez-toc-heading-level-3'><a class=\"ez-toc-link ez-toc-heading-24\" href=\"https:\/\/www.profinfo.pl\/blog\/jak-przetrwac-kryzys-w-branzy-turystycznej-poradnik-prawny\/#Nowe-uprawnienia-przyslugujace-PFR-i-ARP\" >Nowe uprawnienia przys\u0142uguj\u0105ce PFR i&nbsp;ARP<\/a><\/li><li class='ez-toc-page-1 ez-toc-heading-level-3'><a class=\"ez-toc-link ez-toc-heading-25\" href=\"https:\/\/www.profinfo.pl\/blog\/jak-przetrwac-kryzys-w-branzy-turystycznej-poradnik-prawny\/#Mozliwosc-zmiany-warunkow-umow-przez-banki\" >Mo\u017cliwo\u015b\u0107 zmiany warunk\u00f3w um\u00f3w przez&nbsp;banki<\/a><\/li><\/ul><\/li><li class='ez-toc-page-1 ez-toc-heading-level-2'><a class=\"ez-toc-link ez-toc-heading-26\" href=\"https:\/\/www.profinfo.pl\/blog\/jak-przetrwac-kryzys-w-branzy-turystycznej-poradnik-prawny\/#Biezace-funkcjonowanie-przedsiebiorstwa\" >Bie\u017c\u0105ce funkcjonowanie przedsi\u0119biorstwa<\/a><ul class='ez-toc-list-level-3' ><li class='ez-toc-heading-level-3'><a class=\"ez-toc-link ez-toc-heading-27\" href=\"https:\/\/www.profinfo.pl\/blog\/jak-przetrwac-kryzys-w-branzy-turystycznej-poradnik-prawny\/#Posiedzenia-organow-spolek-w-trybie-zdalnym\" >Posiedzenia organ\u00f3w sp\u00f3\u0142ek w&nbsp;trybie zdalnym<\/a><\/li><li class='ez-toc-page-1 ez-toc-heading-level-3'><a class=\"ez-toc-link ez-toc-heading-28\" href=\"https:\/\/www.profinfo.pl\/blog\/jak-przetrwac-kryzys-w-branzy-turystycznej-poradnik-prawny\/#Modyfikacja-warunkow-skutecznosci-oswiadczenia-woli-czlonka-organu\" >Modyfikacja warunk\u00f3w skuteczno\u015bci o\u015bwiadczenia woli cz\u0142onka organu<\/a><\/li><li class='ez-toc-page-1 ez-toc-heading-level-3'><a class=\"ez-toc-link ez-toc-heading-29\" href=\"https:\/\/www.profinfo.pl\/blog\/jak-przetrwac-kryzys-w-branzy-turystycznej-poradnik-prawny\/#Upadlosc-przedsiebiorstwa\" >Upad\u0142o\u015b\u0107 przedsi\u0119biorstwa<\/a><\/li><li class='ez-toc-page-1 ez-toc-heading-level-3'><a class=\"ez-toc-link ez-toc-heading-30\" href=\"https:\/\/www.profinfo.pl\/blog\/jak-przetrwac-kryzys-w-branzy-turystycznej-poradnik-prawny\/#Przesuniecie-terminow-na-sporzadzenie-i-zatwierdzenie-sprawozdan-finansowych\" >Przesuni\u0119cie termin\u00f3w na sporz\u0105dzenie i&nbsp;zatwierdzenie sprawozda\u0144 finansowych<\/a><\/li><li class='ez-toc-page-1 ez-toc-heading-level-3'><a class=\"ez-toc-link ez-toc-heading-31\" href=\"https:\/\/www.profinfo.pl\/blog\/jak-przetrwac-kryzys-w-branzy-turystycznej-poradnik-prawny\/#Wydluzenie-w-zakresie-umow-najmu\" >Wyd\u0142u\u017cenie w&nbsp;zakresie um\u00f3w najmu<\/a><\/li><li class='ez-toc-page-1 ez-toc-heading-level-3'><a class=\"ez-toc-link ez-toc-heading-32\" href=\"https:\/\/www.profinfo.pl\/blog\/jak-przetrwac-kryzys-w-branzy-turystycznej-poradnik-prawny\/#Pozostale-zagadnienia\" >Pozosta\u0142e zagadnienia<\/a><\/li><\/ul><\/li><li class='ez-toc-page-1 ez-toc-heading-level-2'><a class=\"ez-toc-link ez-toc-heading-33\" href=\"https:\/\/www.profinfo.pl\/blog\/jak-przetrwac-kryzys-w-branzy-turystycznej-poradnik-prawny\/#Podatki\" >Podatki<\/a><ul class='ez-toc-list-level-3' ><li class='ez-toc-heading-level-3'><a class=\"ez-toc-link ez-toc-heading-34\" href=\"https:\/\/www.profinfo.pl\/blog\/jak-przetrwac-kryzys-w-branzy-turystycznej-poradnik-prawny\/#Mozliwosc-korekty-podatku-dochodowego-poprzez-odliczenie-straty\" >Mo\u017cliwo\u015b\u0107 korekty podatku dochodowego poprzez odliczenie straty<\/a><\/li><li class='ez-toc-page-1 ez-toc-heading-level-3'><a class=\"ez-toc-link ez-toc-heading-35\" href=\"https:\/\/www.profinfo.pl\/blog\/jak-przetrwac-kryzys-w-branzy-turystycznej-poradnik-prawny\/#Przesuniecie-uiszczenia-zaliczki-na-podatek-dochodowy\" >Przesuni\u0119cie uiszczenia zaliczki na podatek dochodowy<\/a><\/li><li class='ez-toc-page-1 ez-toc-heading-level-3'><a class=\"ez-toc-link ez-toc-heading-36\" href=\"https:\/\/www.profinfo.pl\/blog\/jak-przetrwac-kryzys-w-branzy-turystycznej-poradnik-prawny\/#Zmiany-w-podatku-dochodowym-od-osob-prawnych\" >Zmiany w&nbsp;podatku dochodowym od os\u00f3b prawnych<\/a><\/li><li class='ez-toc-page-1 ez-toc-heading-level-3'><a class=\"ez-toc-link ez-toc-heading-37\" href=\"https:\/\/www.profinfo.pl\/blog\/jak-przetrwac-kryzys-w-branzy-turystycznej-poradnik-prawny\/#Podatek-od-nieruchomosci\" >Podatek od nieruchomo\u015bci<\/a><\/li><li class='ez-toc-page-1 ez-toc-heading-level-3'><a class=\"ez-toc-link ez-toc-heading-38\" href=\"https:\/\/www.profinfo.pl\/blog\/jak-przetrwac-kryzys-w-branzy-turystycznej-poradnik-prawny\/#Zaniechanie-poboru-oplat-prolongacyjnych\" >Zaniechanie poboru op\u0142at prolongacyjnych<\/a><\/li><li class='ez-toc-page-1 ez-toc-heading-level-3'><a class=\"ez-toc-link ez-toc-heading-39\" href=\"https:\/\/www.profinfo.pl\/blog\/jak-przetrwac-kryzys-w-branzy-turystycznej-poradnik-prawny\/#Czynny-zal-oraz-interpretacje-podatkowe\" >Czynny \u017cal oraz interpretacje podatkowe<\/a><\/li><li class='ez-toc-page-1 ez-toc-heading-level-3'><a class=\"ez-toc-link ez-toc-heading-40\" href=\"https:\/\/www.profinfo.pl\/blog\/jak-przetrwac-kryzys-w-branzy-turystycznej-poradnik-prawny\/#Ceny-transferowe-oraz-nowa-matryca-stawek-VAT\" >Ceny transferowe oraz nowa matryca stawek&nbsp;VAT<\/a><\/li><li class='ez-toc-page-1 ez-toc-heading-level-3'><a class=\"ez-toc-link ez-toc-heading-41\" href=\"https:\/\/www.profinfo.pl\/blog\/jak-przetrwac-kryzys-w-branzy-turystycznej-poradnik-prawny\/#Elektroniczne-pisma-urzedowe\" >Elektroniczne pisma urz\u0119dowe<\/a><\/li><li class='ez-toc-page-1 ez-toc-heading-level-3'><a class=\"ez-toc-link ez-toc-heading-42\" href=\"https:\/\/www.profinfo.pl\/blog\/jak-przetrwac-kryzys-w-branzy-turystycznej-poradnik-prawny\/#Uzytkowanie-wieczyste\" >U\u017cytkowanie wieczyste<\/a><\/li><li class='ez-toc-page-1 ez-toc-heading-level-3'><a class=\"ez-toc-link ez-toc-heading-43\" href=\"https:\/\/www.profinfo.pl\/blog\/jak-przetrwac-kryzys-w-branzy-turystycznej-poradnik-prawny\/#Ceny-transferowe\" >Ceny transferowe<\/a><\/li><li class='ez-toc-page-1 ez-toc-heading-level-3'><a class=\"ez-toc-link ez-toc-heading-44\" href=\"https:\/\/www.profinfo.pl\/blog\/jak-przetrwac-kryzys-w-branzy-turystycznej-poradnik-prawny\/#Wlasciwosc-miejscowa-organow-Krajowej-Administracji-Skarbowej\" >W\u0142a\u015bciwo\u015b\u0107 miejscowa organ\u00f3w Krajowej Administracji Skarbowej<\/a><\/li><\/ul><\/li><li class='ez-toc-page-1 ez-toc-heading-level-2'><a class=\"ez-toc-link ez-toc-heading-45\" href=\"https:\/\/www.profinfo.pl\/blog\/jak-przetrwac-kryzys-w-branzy-turystycznej-poradnik-prawny\/#Prawo-umow\" >Prawo um\u00f3w<\/a><ul class='ez-toc-list-level-3' ><li class='ez-toc-heading-level-3'><a class=\"ez-toc-link ez-toc-heading-46\" href=\"https:\/\/www.profinfo.pl\/blog\/jak-przetrwac-kryzys-w-branzy-turystycznej-poradnik-prawny\/#Regulacje-dotyczace-umow-o-zamowienie-publiczne\" >Regulacje dotycz\u0105ce um\u00f3w o&nbsp;zam\u00f3wienie publiczne<\/a><\/li><\/ul><\/li><\/ul><\/nav><\/div>\n<h2 class=\"wp-block-heading\"><span class=\"ez-toc-section\" id=\"Zagadnienia-sektorowe\"><\/span>Zagadnienia sektorowe<span class=\"ez-toc-section-end\"><\/span><\/h2>\n\n\n\n<h3 class=\"wp-block-heading\"><span class=\"ez-toc-section\" id=\"Czasowe-ograniczenie-prowadzenia-dzialalnosci\"><\/span>Czasowe ograniczenie prowadzenia dzia\u0142alno\u015bci<span class=\"ez-toc-section-end\"><\/span><\/h3>\n\n\n\n<p>Zgodnie z&nbsp;\u00a7&nbsp;8 ust.&nbsp;1 pkt&nbsp;1&nbsp;r.o.n.z.e. ograniczeniu uleg\u0142o prowadzenie dzia\u0142alno\u015bci gospodarczej w&nbsp;ramach us\u0142ug gastronomicznych, rekreacyjnych i&nbsp;sportowych oraz hotelarskich.<\/p>\n\n\n\n<p>Jak wskazuje \u00a7&nbsp;9 ust.&nbsp;1 pkt&nbsp;1&nbsp;r.o.n.z.e., w&nbsp;zakresie obejmuj\u0105cym us\u0142ugi hotelarskie ograniczenie obejmuje zakaz prowadzenia dzia\u0142alno\u015bci z&nbsp;wyj\u0105tkiem realizacji us\u0142ug polegaj\u0105cych na zapewnieniu miejsca zakwaterowania dla os\u00f3b obj\u0119tych kwarantann\u0105, izolacj\u0105 lub wykonuj\u0105cych zaw\u00f3d medyczny . W&nbsp;odniesieniu do us\u0142ug gastronomicznych, zgodnie z&nbsp;\u00a7&nbsp;8 ust.&nbsp;1 pkt&nbsp;1 lit.&nbsp;a&nbsp;r.o.n.z.e., obostrzenie nie dotyczy potraw oferowanych na wynos.<\/p>\n\n\n\n<h3 class=\"wp-block-heading\"><span class=\"ez-toc-section\" id=\"Czasowe-wygasniecie-umow-najmu\"><\/span>Czasowe wyga\u015bni\u0119cie um\u00f3w najmu<span class=\"ez-toc-section-end\"><\/span><\/h3>\n\n\n\n<p>Na mocy \u00a7&nbsp;8 ust.&nbsp;2&nbsp;r.o.n.z.e . zosta\u0142a zakazana r\u00f3wnie\u017c dzia\u0142alno\u015b\u0107 gospodarcza na terenie obiekt\u00f3w handlowych powy\u017cej 2000&nbsp;m2 w&nbsp; zakresie nieobejmuj\u0105cym produkt\u00f3w \u017cywno\u015bciowych, medycznych i&nbsp;czysto\u015bci. Zwa\u017cywszy, \u017ce wiele biur podr\u00f3\u017cy posiada swoje lokale w&nbsp;tego typu obiektach, zrodzi\u0142o to problem w&nbsp;zakresie obejmuj\u0105cym umowy o&nbsp;korzystanie z&nbsp;powierzchni handlowej.<\/p>\n\n\n\n<p>W&nbsp;tym wzgl\u0119dzie art.&nbsp;15ze u.COVID-19 zawiera rozwi\u0105zanie polegaj\u0105ce na czasowym wyga\u015bni\u0119ciu wzajemnych zobowi\u0105za\u0144 p\u0142yn\u0105cych z&nbsp;umowy najmu, dzier\u017cawy lub innej umowy, na mocy kt\u00f3rej dosz\u0142o do oddania do u\u017cywania powierzchni handlowej w&nbsp;odniesieniu do obiekt\u00f3w powy\u017cej 2000 m2 powierzchni. Najemca powinien z\u0142o\u017cy\u0107 wynajmuj\u0105cemu bezwarunkow\u0105 i&nbsp;wi\u0105\u017c\u0105c\u0105 ofert\u0119 woli przed\u0142u\u017cenia obowi\u0105zywania umowy na dotychczasowych warunkach o&nbsp;okres obowi\u0105zywania zakazu przed\u0142u\u017cony o&nbsp;sze\u015b\u0107 miesi\u0119cy. Oferta taka powinna by\u0107 z\u0142o\u017cona w&nbsp;okresie trzech miesi\u0119cy od dnia zniesienia zakazu.<\/p>\n\n\n\n<p>W&nbsp;uzasadnieniu do projektu Tarczy1 wskazuje si\u0119, \u017ce regulacja ta obowi\u0105zuje od momentu og\u0142oszenia zakazu prowadzenia dzia\u0142alno\u015bci dla poszczeg\u00f3lnych sektor\u00f3w w&nbsp;obiektach powy\u017cej 2000 m2 powierzchni.<\/p>\n\n\n\n<figure class=\"wp-block-pullquote\"><blockquote><p><a href=\"https:\/\/www.profinfo.pl\/sklep\/jak-przetrwac-kryzys-poradnik-prawny-dla-srednich-i-duzych-przedsiebiorstw,133258.html?utm_source=blog.profinfo.pl&amp;utm_medium=baner&amp;utm_campaign=WKPL_PROF_BOO_Jak-przetrwa\u0107-kryzys-w bran\u017cy-turystycznej-poradnik-prawny-07-20_LFM\/WKC0120002_IPF010&amp;utm_term=WKC0120002_IPF010\"><img decoding=\"async\" width=\"600\" height=\"231\" class=\"wp-image-911\" style=\"width: 600px;\" src=\"https:\/\/www.profinfo.pl\/blog\/wp-content\/uploads\/2020\/07\/jak-przetrwac-kryzys.png\" alt=\"Jak przetrwa\u0107 kryzys? Poradnik prawny dla \u015brednich i du\u017cych przedsi\u0119biorstw\" title=\"\" srcset=\"https:\/\/www.profinfo.pl\/blog\/wp-content\/uploads\/2020\/07\/jak-przetrwac-kryzys.png 696w, https:\/\/www.profinfo.pl\/blog\/wp-content\/uploads\/2020\/07\/jak-przetrwac-kryzys-300x116.png 300w\" sizes=\"(max-width: 479px) 90vw, (max-width: 599px) 432px, 536px\" \/><\/a><\/p><cite>Sprawd\u017a &#8222;Jak przetrwa\u0107 kryzys? Poradnik prawny dla \u015brednich i du\u017cych przedsi\u0119biorstw&#8221;<\/cite><\/blockquote><\/figure>\n\n\n\n<h3 class=\"wp-block-heading\"><span class=\"ez-toc-section\" id=\"Modyfikacja-prawa-odstapienia-podroznego\"><\/span>Modyfikacja prawa odst\u0105pienia podr\u00f3\u017cnego<span class=\"ez-toc-section-end\"><\/span><\/h3>\n\n\n\n<p>Innym przepisem, skierowanym bezpo\u015brednio do przedsi\u0119biorc\u00f3w bran\u017cy turystycznej jest art.&nbsp;15k u.COVID-19 . Modyfikuje on zakres czasowy skuteczno\u015bci uprawnienia podr\u00f3\u017cnego do odst\u0105pienia od umowy o&nbsp;udzia\u0142 w&nbsp;imprezie turystycznej przed jej rozpocz\u0119ciem bez ponoszenia op\u0142aty z&nbsp;tego tytu\u0142u w&nbsp;przypadku wyst\u0105pienia nieuniknionych i&nbsp;nadzwyczajnych okoliczno\u015bci maj\u0105cych znacz\u0105cy wp\u0142yw na realizacj\u0119 tej\u017ce imprezy. Wyd\u0142u\u017ceniu o&nbsp;180 dni podlega termin, w&nbsp;kt\u00f3rym takie o\u015bwiadczenie stanie si\u0119 skuteczne, w&nbsp;przypadku gdy odst\u0105pienie lub rozwi\u0105zanie umowy pozostaje w&nbsp;bezpo\u015brednim zwi\u0105zku z&nbsp;epidemi\u0105 COVID-19. Poniewa\u017c modyfikacja odnosi si\u0119 do skuteczno\u015bci o\u015bwiadczenia o&nbsp;odst\u0105pieniu od umowy, zgodnie z&nbsp;brzmieniem art.&nbsp;47 ust.&nbsp;6 u.i.t. organizator turystyki dokonuje zwrotu w&nbsp;terminie 14 dni od up\u0142yni\u0119cia okresu 180 dni dla skuteczno\u015bci o\u015bwiadczenia . Mechanizm ten stosuje si\u0119 odpowiednio do odst\u0105pienia od umowy o&nbsp;udzia\u0142 w&nbsp;imprezie turystycznej przed wej\u015bciem w&nbsp;\u017cycie Tarczy, o&nbsp;ile termin na zwrot \u015brodk\u00f3w nie min\u0105\u0142 przed 13.03.2020r .<\/p>\n\n\n\n<h3 class=\"wp-block-heading\"><span class=\"ez-toc-section\" id=\"Mozliwosc-konwersji-swiadczenia-na-voucher\"><\/span>Mo\u017cliwo\u015b\u0107 konwersji \u015bwiadczenia na voucher<span class=\"ez-toc-section-end\"><\/span><\/h3>\n\n\n\n<p>Jednocze\u015bnie, na podstawie art.&nbsp;15k ust.&nbsp;2 u.COVID-19, organizator turystyki mo\u017ce zaproponowa\u0107 podr\u00f3\u017cnemu voucher, kt\u00f3ry umo\u017cliwi kupuj\u0105cemu jego realizacj\u0119 w&nbsp;ci\u0105gu roku od dnia, w&nbsp;kt\u00f3rym mia\u0142a odby\u0107 si\u0119 pierwotna impreza turystyczna poprzez udzia\u0142 w&nbsp;przysz\u0142ych imprezach turystycznych. W&nbsp;przypadku gdy kupuj\u0105cy wyrazi zgod\u0119 na tak\u0105 konwersj\u0119, odst\u0105pienie od umowy b\u0105d\u017a jej rozwi\u0105zanie staje si\u0119 nieskuteczne. Warto\u015b\u0107 takiego vouchera nie mo\u017ce by\u0107 ni\u017csza ni\u017c kwota wp\u0142acona na poczet realizacji dotychczasowej umowy o&nbsp;imprez\u0119 turystyczn\u0105, a&nbsp;kwota odpowiadaj\u0105ca wp\u0142acie na poczet realizacji pierwotnej umowy podlega ochronie na wypadek niewyp\u0142acalno\u015bci organizatora turystyki.<\/p>\n\n\n\n<p>Podobne uprawnienie uzyskali przedsi\u0119biorcy i&nbsp;rolnicy \u015bwiadcz\u0105cy us\u0142ugi hotelarskie (polegaj\u0105ce na og\u00f3lnodost\u0119pnym, kr\u00f3tkotrwa\u0142ym wynajmowaniu dom\u00f3w, mieszka\u0144, pokoi, miejsc noclegowych \u2013 tak\u017ce namiot\u00f3w i&nbsp;przyczep campingowych oraz \u015bwiadczeniu us\u0142ug z&nbsp;tym zwi\u0105zanych). Zgodnie z&nbsp;art.&nbsp;15zp ust.&nbsp;4 w&nbsp;zw. z&nbsp;ust.&nbsp;1 u.COVID-19 przedsi\u0119biorcy ci musz\u0105 zwr\u00f3ci\u0107 wp\u0142acone \u015brodki po up\u0142ywie 180 dni od odst\u0105pienia. Jak wskazuje si\u0119 w&nbsp;uzasadnieniu do Tarczy, odst\u0105pienie to musi by\u0107 rzeczywi\u015bcie zwi\u0105zane z&nbsp;wyst\u0105pieniem epidemii COVID-19 poprzez rzeczywisty zwi\u0105zek przyczynowo-skutkowy i&nbsp;nie mo\u017ce opiera\u0107 si\u0119 na osobistym prze\u015bwiadczeniu odst\u0119puj\u0105cego.<\/p>\n\n\n\n<p>Przedsi\u0119biorca mo\u017ce tak\u017ce skorzysta\u0107, za zgod\u0105 odst\u0119puj\u0105cego, z&nbsp;zamiany \u015bwiadczenia podlegaj\u0105cego zwrotowi na voucher odpowiadaj\u0105cy kwocie uiszczonej przez odst\u0119puj\u0105cego lub o&nbsp;wy\u017cszej warto\u015bci.<\/p>\n\n\n\n<p>Rozwi\u0105zanie to ma wspom\u00f3c przedsi\u0119biorc\u00f3w z&nbsp;bran\u017cy w&nbsp;utrzymaniu p\u0142ynno\u015bci finansowej.<\/p>\n\n\n\n<h3 class=\"wp-block-heading\"><span class=\"ez-toc-section\" id=\"Zmiana-dotyczaca-obiektow-hotelarskich-niewpisanych-do-rejestru\"><\/span>Zmiana dotycz\u0105ca obiekt\u00f3w hotelarskich niewpisanych do rejestru<span class=\"ez-toc-section-end\"><\/span><\/h3>\n\n\n\n<p>W&nbsp;zakresie bran\u017cy hotelarskiej zmianie uleg\u0142a ustawa o&nbsp;us\u0142ugach hotelarskich w&nbsp;zakresie dotycz\u0105cym obiekt\u00f3w, w&nbsp;kt\u00f3rych \u015bwiadczone s\u0105 us\u0142ugi hotelarskie bez uprzedniego zg\u0142oszenia do w\u0142a\u015bciwej ewidencji. Zgodnie z&nbsp;art.&nbsp;19 Tarczy wprowadzone zosta\u0142o wzgl\u0119dem takich obiekt\u00f3w domniemanie w&nbsp;zakresie niespe\u0142nienia wymog\u00f3w sanitarnych (tj . wymaga\u0144 mi\u0119dzy innymi sanitarnych czy przeciwpo\u017carowych).<\/p>\n\n\n\n<figure class=\"wp-block-image size-large\"><a href=\"https:\/\/www.profinfo.pl\/tarcza-antykryzysowa-publikacje?utm_source=blog.profinfo.pl&amp;utm_medium=baner&amp;utm_campaign=WKPL_PROF_BOO_Jak-przetrwa\u0107-kryzys-w-bran\u017cy-turystycznej-poradnik-prawny-07-20_LFM\/WKC0120002_IPF010&amp;utm_term=WKC0120002_IPF010\"><img decoding=\"async\" width=\"1024\" height=\"180\" src=\"https:\/\/www.profinfo.pl\/blog\/wp-content\/uploads\/2020\/06\/Tarcza-antykryzysowa-1024x180.jpg\" alt=\"Tarcza antykryzysowa\" class=\"wp-image-883\" title=\"\" srcset=\"https:\/\/www.profinfo.pl\/blog\/wp-content\/uploads\/2020\/06\/Tarcza-antykryzysowa-1024x180.jpg 1024w, https:\/\/www.profinfo.pl\/blog\/wp-content\/uploads\/2020\/06\/Tarcza-antykryzysowa-300x53.jpg 300w, https:\/\/www.profinfo.pl\/blog\/wp-content\/uploads\/2020\/06\/Tarcza-antykryzysowa-768x135.jpg 768w, https:\/\/www.profinfo.pl\/blog\/wp-content\/uploads\/2020\/06\/Tarcza-antykryzysowa.jpg 1140w\" sizes=\"(max-width: 959px) 688px, 768px\" \/><\/a><\/figure>\n\n\n\n<h3 class=\"wp-block-heading\"><span class=\"ez-toc-section\" id=\"Obowiazek-powiadomienia-ZUS-o-zawarciu-umowy-o-dzielo\"><\/span>Obowi\u0105zek powiadomienia ZUS o&nbsp;zawarciu umowy o&nbsp;dzie\u0142o<span class=\"ez-toc-section-end\"><\/span><\/h3>\n\n\n\n<p>Wa\u017cnym przepisem z&nbsp;uwagi na specyfik\u0119 bran\u017cy turystycznej i&nbsp;hotelarskiej jest art.&nbsp;22 Tarczy, kreuj\u0105cy nowy obowi\u0105zek po stronie przedsi\u0119biorcy zlecaj\u0105cego dzie\u0142o osobie, z&nbsp;kt\u00f3r\u0105 nie pozostaje on w&nbsp;stosunku pracy lub je\u017celi w&nbsp;ramach takiej umowy wykonuj\u0105cy dzie\u0142o nie wykonuje pracy na rzecz przedsi\u0119biorcy. Umowa taka podlega zg\u0142oszeniu w&nbsp;terminie 7 dni od zawarcia. Zgodnie z&nbsp;uzasadnieniem Tarczy celem zmiany jest umo\u017cliwienie Zak\u0142adowi Ubezpiecze\u0144 Spo\u0142ecznych weryfikacji obowi\u0105zku ubezpiecze\u0144 spo\u0142ecznych wzgl\u0119dem os\u00f3b wykonuj\u0105cych tego typu umowy.<\/p>\n\n\n\n<h3 class=\"wp-block-heading\"><span class=\"ez-toc-section\" id=\"Zezwolenia-na-prace-lub-prace-sezonowa-dla-cudzoziemcow\"><\/span>Zezwolenia na prac\u0119 lub prac\u0119 sezonow\u0105 dla&nbsp;cudzoziemc\u00f3w<span class=\"ez-toc-section-end\"><\/span><\/h3>\n\n\n\n<p>Specustawa koronawirusowa na podstawie art.&nbsp;15zzq wprowadza rozwi\u0105zania w&nbsp;zakresie zezwole\u0144 na prac\u0119 lub na prac\u0119 sezonow\u0105 (stosuje si\u0119 odpowiednio do decyzji o&nbsp;przed\u0142u\u017ceniu zezwole\u0144 w&nbsp;tym zakresie) wydawanych cudzoziemcom w&nbsp;rozumieniu ustawy o&nbsp;promocji zatrudnienia i&nbsp;instytucjach rynku pracy. Je\u017celi ostatni dzie\u0144 wa\u017cno\u015bci takiego pozwolenia przypada w&nbsp;okresie stanu zagro\u017cenia epidemicznego lub stanu epidemii og\u0142oszonego w&nbsp;zwi\u0105zku z&nbsp;epidemi\u0105 COVID-19, okres wa\u017cno\u015bci tego zezwolenia ulega z&nbsp;mocy prawa przed\u0142u\u017ceniu do up\u0142ywu 30. dnia nast\u0119puj\u0105cego po dniu odwo\u0142ania stanu zagro\u017cenia epidemiologicznego.<\/p>\n\n\n\n<h3 class=\"wp-block-heading\"><span class=\"ez-toc-section\" id=\"Oplaty-abonamentowe\"><\/span>Op\u0142aty abonamentowe<span class=\"ez-toc-section-end\"><\/span><\/h3>\n\n\n\n<p>W&nbsp;okresie obowi\u0105zywania stanu zagro\u017cenia epidemicznego lub stanu epidemii na mocy art.&nbsp;15l u.COVID-19 wstrzymane zosta\u0142o pobieranie wynagrodze\u0144 dla organizacji zbiorowego zarz\u0105dzania prawami autorskimi lub prawami pokrewnymi wynikaj\u0105cymi z&nbsp;umowy, kt\u00f3rej przedmiotem jest korzystanie z&nbsp; utwor\u00f3w lub przedmiot\u00f3w praw pokrewnych, jak te\u017c op\u0142at abonamentowych. Wstrzymanie nast\u0119puje z&nbsp;mocy prawa wzgl\u0119dem przedsi\u0119biorc\u00f3w \u015bwiadcz\u0105cych us\u0142ugi w&nbsp;miejscu umo\u017cliwiaj\u0105cym zapoznawanie si\u0119 przez klient\u00f3w z&nbsp;utworami, kt\u00f3rzy s\u0105 p\u0142atnikami wy\u017cej wymienionych wynagrodze\u0144 i&nbsp;ui\u015bcili niniejsze wynagrodzenia i&nbsp;op\u0142aty za okresy rozliczeniowe przypadaj\u0105ce do 8.03.2020&nbsp;r.<\/p>\n\n\n\n<h3 class=\"wp-block-heading\"><span class=\"ez-toc-section\" id=\"Ubezpieczenie-i-gwarancja-bankowa\"><\/span>Ubezpieczenie i&nbsp;gwarancja bankowa<span class=\"ez-toc-section-end\"><\/span><\/h3>\n\n\n\n<p>Istotn\u0105 z&nbsp; punktu widzenia szeroko poj\u0119tej bran\u017cy turystycznej zmian\u0105 s\u0105 wydane dwa rozporz\u0105dzenia: rozporz\u0105dzenie Ministra Finans\u00f3w z&nbsp;8.04.2020&nbsp;r. zmieniaj\u0105ce rozporz\u0105dzenie w&nbsp;sprawie minimalnej wysoko\u015bci sumy gwarancji bankowej i&nbsp;ubezpieczeniowej wymaganej w&nbsp;zwi\u0105zku z&nbsp;dzia\u0142alno\u015bci\u0105 wykonywan\u0105 przez organizator\u00f3w turystyki i&nbsp; przedsi\u0119biorc\u00f3w u\u0142atwiaj\u0105cych nabywanie powi\u0105zanych us\u0142ug turystycznych oraz rozporz\u0105dzenie Ministra Finans\u00f3w z&nbsp; 8.04.2020 r. zmieniaj\u0105ce rozporz\u0105dzenie w&nbsp; sprawie minimalnej wysoko\u015bci sumy ubezpieczenia na rzecz podr\u00f3\u017cnych zwi\u0105zanej z&nbsp;dzia\u0142alno\u015bci\u0105 wykonywan\u0105 przez organizator\u00f3w turystyki i&nbsp;przedsi\u0119biorc\u00f3w u\u0142atwiaj\u0105cych nabywanie powi\u0105zanych us\u0142ug turystycznych. Modyfikuj\u0105 one roczny przych\u00f3d deklarowany na okres kolejnych 12 miesi\u0119cy na potrzeby okre\u015blenia minimalnej wysoko\u015bci sumy gwarancji bankowej lub ubezpieczeniowej, jak te\u017c minimalnej wysoko\u015bci sumy ubezpieczenia wymaganych w&nbsp;zwi\u0105zku z&nbsp;dzia\u0142alno\u015bci\u0105 wykonywan\u0105 przez organizator\u00f3w turystyki i&nbsp;przedsi\u0119biorc\u00f3w u\u0142atwiaj\u0105cych nabywanie powi\u0105zanych us\u0142ug turystycznych. Zgodnie z&nbsp;tymi regulacjami roczny przych\u00f3d w&nbsp;rozumieniu przepis\u00f3w niniejszych rozporz\u0105dze\u0144 nie mo\u017ce by\u0107 ni\u017cszy ni\u017c 30% rocznego przychodu osi\u0105gni\u0119tego w&nbsp; roku 2019. Jednocze\u015bnie bez zmian pozostaje zar\u00f3wno minimalna wysoko\u015b\u0107 sumy gwarancji ubezpieczeniowej lub bankowej, jak i&nbsp;minimalna wysoko\u015b\u0107 ubezpieczenia.<\/p>\n\n\n\n<h2 class=\"wp-block-heading\"><span class=\"ez-toc-section\" id=\"Kwestie-pracownicze\"><\/span>Kwestie pracownicze<span class=\"ez-toc-section-end\"><\/span><\/h2>\n\n\n\n<p>Specustawa koronawirusowa zawiera rozwi\u0105zania, kt\u00f3rych celem jest wsparcie finansowe przedsi\u0119biorc\u00f3w b\u0119d\u0105cych pracodawcami w&nbsp;celu ochrony miejsc pracy.<\/p>\n\n\n\n<h3 class=\"wp-block-heading\"><span class=\"ez-toc-section\" id=\"Dofinansowanie-do-wynagrodzen-z-FGSP\"><\/span>Dofinansowanie do wynagrodze\u0144 z&nbsp;FG\u015aP<span class=\"ez-toc-section-end\"><\/span><\/h3>\n\n\n\n<p>Wsparcie z&nbsp;F\u015aGP przys\u0142uguje przedsi\u0119biorcy, kt\u00f3ry wyka\u017ce spadek obrot\u00f3w gospodarczych o:<\/p>\n\n\n\n<ol class=\"wp-block-list\"><li> minimum 15% w&nbsp;ci\u0105gu dowolnie wskazanych 2 kolejnych miesi\u0119cy kalendarzowych, przypadaj\u0105cych po 1.01.2020&nbsp;r . do dnia poprzedzaj\u0105cego z\u0142o\u017cenie wniosku, w&nbsp; por\u00f3wnaniu z&nbsp; analogicznym okresem roku ubieg\u0142ego, lub<\/li><li>minimum 25% w&nbsp;ci\u0105gu miesi\u0105ca kalendarzowego, przypadaj\u0105cego po 1.01.2020&nbsp;r . do dnia poprzedzaj\u0105cego z\u0142o\u017cenie wniosku w&nbsp;por\u00f3wnaniu z&nbsp;obrotami z&nbsp;miesi\u0105ca poprzedniego.<\/li><\/ol>\n\n\n\n<p>Za miesi\u0105c uwa\u017ca si\u0119 tak\u017ce 30 kolejno nast\u0119puj\u0105cych po sobie dni kalendarzowych, w&nbsp;przypadku gdy okres por\u00f3wnawczy rozpoczyna si\u0119 w&nbsp;trakcie trwania miesi\u0105ca kalendarzowego.<\/p>\n\n\n\n<p>Przedsi\u0119biorca sk\u0142ada w&nbsp;tym zakresie o\u015bwiadczenie pod rygorem odpowiedzialno\u015bci karnej. Przedsi\u0119biorca, kt\u00f3ry odnotuje spadki w&nbsp;takich lub wy\u017cszych warto\u015bciach, mo\u017ce ubiega\u0107 si\u0119 o&nbsp;dofinansowanie z&nbsp;FG\u015aP w&nbsp;ramach jednej z&nbsp;dw\u00f3ch procedur przewidzianych w&nbsp;art.&nbsp;15g u.COVID-19. Co istotne, wsparciem z&nbsp;tego tytu\u0142u obj\u0119te s\u0105 osoby nie tylko zatrudnione na podstawie umowy o&nbsp;prac\u0119, ale r\u00f3wnie\u017c te, wobec kt\u00f3rych podstaw\u0105 \u015bwiadczenia pracy jest umowa zlecenie lub inna umowa cywilnoprawna, wobec kt\u00f3rej stosuje si\u0119 przepisy o&nbsp;zleceniu.<\/p>\n\n\n\n<p>Przedsi\u0119biorca jest uprawniony do og\u0142oszenia przestoju ekonomicznego i&nbsp;obni\u017cenia wynagrodzenia pracownika do maksymalnie 50%&nbsp;pierwotnego wynagrodzenia. Wynagrodzenie takie nie mo\u017ce by\u0107 jednak ni\u017csze ni\u017c wynagrodzenie minimalne. W&nbsp;takim przypadku wsparcie z&nbsp;FG\u015aP wyniesie r\u00f3wnowarto\u015b\u0107 sumy po\u0142owy minimalnego wynagrodzenia za prac\u0119 pracownika obj\u0119tego przestojem (tj . oko\u0142o 1300 PLN). Alternatyw\u0105 dla przedsi\u0119biorc\u00f3w jest obni\u017cenie pracownikom czasu pracy do 20% (maksymalnie do po\u0142owy etatu) . W&nbsp;takim przypadku przedsi\u0119biorca b\u0119d\u0105cy pracodawc\u0105 mo\u017ce proporcjonalnie obni\u017cy\u0107 r\u00f3wnie\u017c wynagrodzenie. Fundusz Gwarantowanych \u015awiadcze\u0144 Pracowniczych natomiast sfinansuje obni\u017cone wynagrodzenie do po\u0142owy, nie wi\u0119cej jednak ni\u017c w&nbsp;wysoko\u015bci 40%&nbsp; przeci\u0119tnego, miesi\u0119cznego wynagrodzenia z&nbsp; poprzedniego kwarta\u0142u og\u0142aszanego przez Prezesa GUS.<\/p>\n\n\n\n<p>Dofinansowanie nie b\u0119dzie przys\u0142ugiwa\u0107 wzgl\u0119dem wynagrodze\u0144, kt\u00f3re w&nbsp;miesi\u0105cu poprzedzaj\u0105cym miesi\u0105c z\u0142o\u017cenia wniosku przekracza\u0142o 300% przeci\u0119tnego miesi\u0119cznego wynagrodzenia og\u0142aszanego przez Prezesa GUS. Aby przedsi\u0119biorca m\u00f3g\u0142 uzyska\u0107 ze strony pa\u0144stwa dofinansowanie, zobowi\u0105zany jest do zawarcia porozumienia z&nbsp;organizacjami zwi\u0105zkowymi, zak\u0142adow\u0105 organizacj\u0105 zwi\u0105zkow\u0105 albo (w&nbsp;przypadku ich braku) przedstawicielami pracownik\u00f3w wy\u0142onionymi w&nbsp;trybie przyj\u0119tym u&nbsp;danego pracodawcy.<\/p>\n\n\n\n<p>Co do zasady specustawa koronawirusowa nie przewiduje wyj\u0105tk\u00f3w od wy\u017cej wskazanego mechanizmu, z&nbsp; zastrze\u017ceniem mo\u017cliwo\u015bci zawarcia porozumienia z&nbsp;przedstawicielami pracownik\u00f3w wy\u0142onionymi uprzednio dla innych cel\u00f3w. Minimalnie w&nbsp;porozumieniu powinno znale\u017a\u0107 si\u0119:<\/p>\n\n\n\n<ol class=\"wp-block-list\"><li>okre\u015blenie grup pracownik\u00f3w obj\u0119tych przestojem lub obni\u017conym wymiarem czasu pracy,<\/li><li>obiektywne kryteria przypisania pracownik\u00f3w do tych grup,<\/li><li>okre\u015blenie okresu, przez jaki trwa\u0107 b\u0119dzie przest\u00f3j ekonomiczny lub obni\u017cony wymiar czasy pracy.<\/li><\/ol>\n\n\n\n<p>Porozumienie takie nale\u017cy dostarczy\u0107 okr\u0119gowemu inspektorowi pracy oraz za\u0142\u0105czy\u0107 do wniosku o&nbsp; dofinansowanie. Pracownicy obj\u0119ci dofinansowaniem uzyskaj\u0105 ochron\u0119 miejsc pracy na okres trwania finansowania. Ochrona dotyczy wypowiedzenia z&nbsp;przyczyn niele\u017c\u0105cych po stronie pracownik\u00f3w.<\/p>\n\n\n\n<p>Przedsi\u0119biorca ubiegaj\u0105cy si\u0119 o&nbsp;wsparcie nie mo\u017ce zalega\u0107 z&nbsp;\u015bwiadczeniami publicznymi, jak r\u00f3wnie\u017c nie mog\u0105 zachodzi\u0107 wzgl\u0119dem niego przes\u0142anki upad\u0142o\u015bci. Wniosek sk\u0142ada si\u0119 do wojew\u00f3dzkiego urz\u0119du pracy.<\/p>\n\n\n\n<h3 class=\"wp-block-heading\"><span class=\"ez-toc-section\" id=\"Dofinansowanie-do-wynagrodzen-udzielane-przez-staroste\"><\/span>Dofinansowanie do wynagrodze\u0144 udzielane przez starost\u0119<span class=\"ez-toc-section-end\"><\/span><\/h3>\n\n\n\n<p>Alternatywnym mechanizmem jest wsparcie udzielone przez starost\u0119 za po\u015brednictwem PUP, w\u0142a\u015bciwego ze wzgl\u0119du na miejsce wykonywania pracy przez pracownik\u00f3w pracy lub siedzib\u0119 pracodawcy. Starosta zgodnie z&nbsp;art.&nbsp;15zzb u.COVID-19 mo\u017ce udzieli\u0107 wsparcia w&nbsp;postaci dofinansowania cz\u0119\u015bci koszt\u00f3w wynagrodze\u0144 (oraz nale\u017cnych od tych wynagrodze\u0144 sk\u0142adek na ubezpieczenia spo\u0142eczne), je\u017celi przedsi\u0119biorca z&nbsp; sektora M\u015aP wyka\u017ce odpowiedni spadek obrot\u00f3w gospodarczych w&nbsp;ci\u0105gu dw\u00f3ch dowolnie wskazanych, kolejnych miesi\u0119cy kalendarzowych, przypadaj\u0105cych w&nbsp;okresie po 1.01.2020&nbsp;r. do dnia poprzedzaj\u0105cego z\u0142o\u017cenie wniosku w&nbsp;por\u00f3wnaniu do \u0142\u0105cznych obrot\u00f3w z&nbsp;analogicznego okresu w&nbsp;roku ubieg\u0142ym. Wysoko\u015b\u0107 dofinansowania uzale\u017cniona jest od wysoko\u015bci spadku i&nbsp;wynosi:<\/p>\n\n\n\n<ol class=\"wp-block-list\"><li> 50% wynagrodzenia minimalnego w&nbsp; przypadku spadku obrot\u00f3w o&nbsp;30% (wraz ze sk\u0142adkami dla ka\u017cdego z&nbsp;pracownik\u00f3w),<\/li><li>70% wynagrodzenia minimalnego w&nbsp;przypadku spadku obrot\u00f3w o&nbsp;50% (wraz ze sk\u0142adkami dla ka\u017cdego z&nbsp;pracownik\u00f3w),<\/li><li>90% wynagrodzenia minimalnego w&nbsp; przypadku spadku obrot\u00f3w o&nbsp;80% (wraz ze sk\u0142adkami dla ka\u017cdego z&nbsp;pracownik\u00f3w).<\/li><\/ol>\n\n\n\n<p>Dofinansowanie z&nbsp;tego tytu\u0142u przyznawane jest na okres 3 miesi\u0119cy i&nbsp;obj\u0119ci nim s\u0105 pracownicy zatrudnieni na podstawie umowy o&nbsp;prac\u0119, jak te\u017c zleceniobiorcy i&nbsp;inne osoby \u015bwiadcz\u0105ce prac\u0119 na podstawie umowy cywilnoprawnej, do kt\u00f3rej stosuje si\u0119 przepisy o&nbsp;zleceniu. Przedsi\u0119biorca b\u0119d\u0105cy pracodawc\u0105 zobowi\u0105zany jest do utrzymania zatrudnienia pracownik\u00f3w obj\u0119tych wsparciem przez okres otrzymania dofinansowania wyp\u0142aty dofinansowania. Przedsi\u0119biorca sk\u0142ada w&nbsp;tym zakresie o\u015bwiadczenie pod gro\u017ab\u0105 odpowiedzialno\u015bci karnej. Wniosek nale\u017cy z\u0142o\u017cy\u0107 do w\u0142a\u015bciwego PUP w&nbsp;terminie 14 dni od og\u0142oszenia naboru przez dyrektora .<\/p>\n\n\n\n<h3 class=\"wp-block-heading\"><span class=\"ez-toc-section\" id=\"Swiadczenie-postojowe\"><\/span>\u015awiadczenie postojowe<span class=\"ez-toc-section-end\"><\/span><\/h3>\n\n\n\n<p>Osobie zatrudnionej na podstawie umowy cywilnoprawnej (tj. zatrudnionej na podstawie umowy agencyjnej, umowy zlecenia, umowy o&nbsp;\u015bwiadczenie us\u0142ug lub umowy o&nbsp;dzie\u0142o) przys\u0142uguje \u015bwiadczenie postojowe w&nbsp;wysoko\u015bci 80% wynagrodzenia minimalnego, je\u017celi na skutek epidemii COVID-19 dosz\u0142o do przestoju u&nbsp;zleceniodawcy, kt\u00f3re mo\u017cna uzyska\u0107 maksymalnie do trzech razy.<\/p>\n\n\n\n<p>Aby zleceniobiorca by\u0142 uprawniony do skorzystania ze \u015bwiadczenia postojowego, umowa zlecenia powinna by\u0107 zawarta przed 1.04.2020&nbsp;r., a&nbsp;przych\u00f3d z&nbsp;umowy nie mo\u017ce przekracza\u0107 300% przeci\u0119tnego miesi\u0119cznego wynagrodzenia w&nbsp; poprzednim kwartale og\u0142aszanego przez Prezesa GUS. Wniosek nale\u017cy z\u0142o\u017cy\u0107 do ZUS za po\u015brednictwem przedsi\u0119biorcy b\u0119d\u0105cego zleceniodawc\u0105, kt\u00f3ry powinien za\u0142\u0105czy\u0107 o\u015bwiadczenie potwierdzaj\u0105ce niedoj\u015bcie do skutku lub ograniczenie wykonywania umowy na skutek przestoju spowodowanego aktualn\u0105 sytuacj\u0105 epidemiologiczn\u0105, z\u0142o\u017cone pod rygorem odpowiedzialno\u015bci karnej.<\/p>\n\n\n\n<h3 class=\"wp-block-heading\"><span class=\"ez-toc-section\" id=\"Szkolenia-BHP\"><\/span>Szkolenia BHP<span class=\"ez-toc-section-end\"><\/span><\/h3>\n\n\n\n<p>Zgodnie z&nbsp;dodanym art.&nbsp;12e u.COVID-19 w&nbsp;czasie stanu zagro\u017cenia epidemicznego albo stanu epidemii wst\u0119pne szkolenia w&nbsp;dziedzinie bezpiecze\u0144stwa i&nbsp;higieny pracy i&nbsp;s\u0142u\u017cby mog\u0105 zosta\u0107 przeprowadzone w&nbsp;ca\u0142o\u015bci za po\u015brednictwem \u015brodk\u00f3w komunikacji elektronicznej. Z&nbsp;powy\u017cszej mo\u017cliwo\u015bci nie mo\u017cna jednak skorzysta\u0107 w&nbsp;przypadku przeprowadzenia instrukta\u017cu stanowiskowego:<\/p>\n\n\n\n<ol class=\"wp-block-list\"><li>pracownika zatrudnionego na stanowisku robotniczym lub pracownika przenoszonego na takie stanowisko,<\/li><li>pracownika zatrudnionego na stanowisku, na kt\u00f3rym wyst\u0119puje nara\u017cenie na dzia\u0142anie czynnik\u00f3w niebezpiecznych,<\/li><li>ucznia odbywaj\u0105cego praktyczn\u0105 nauk\u0119 zawodu oraz studenta odbywaj\u0105cego praktyk\u0119 studenck\u0105.<\/li><\/ol>\n\n\n\n<p>Termin na przeprowadzenie okresowych szkole\u0144 w&nbsp;dziedzinie bezpiecze\u0144stwa i higieny pracy lub bezpiecze\u0144stwa i higieny s\u0142u\u017cby ulega przed\u0142u\u017ceniu do 60 dni od odwo\u0142ania stanu zagro\u017cenia epidemicznego albo stanu epidemii, w&nbsp;przypadku gdy termin na przeprowadzenie takiego badania up\u0142yn\u0105\u0142by w&nbsp;okresie obowi\u0105zywania ww.&nbsp;stan\u00f3w lub w&nbsp;okresie 30 dni od ich odwo\u0142ania.<\/p>\n\n\n\n<h3 class=\"wp-block-heading\"><span class=\"ez-toc-section\" id=\"Zasilek-opiekunczy\"><\/span>Zasi\u0142ek opieku\u0144czy<span class=\"ez-toc-section-end\"><\/span><\/h3>\n\n\n\n<p>Opiekun sprawuj\u0105cy opiek\u0119 nad dzieckiem do 8. roku \u017cycia, o&nbsp;ile ubezpieczony jest z&nbsp;tytu\u0142u ubezpieczenia chorobowego, mo\u017ce uzyska\u0107 zasi\u0142ek opieku\u0144czy na okres 14 dni. Warunkiem dla skorzystania z&nbsp;zasi\u0142ku jest osobiste sprawowanie opieki z&nbsp;powodu zamkni\u0119cia \u017c\u0142obka, klubu dzieci\u0119cego, przedszkola, szko\u0142y lub innej plac\u00f3wki, do kt\u00f3rej ucz\u0119szcza dziecko, albo z&nbsp;powodu niemo\u017cno\u015bci sprawowania opieki przez niani\u0119 lub dziennego opiekuna.<\/p>\n\n\n\n<p>W&nbsp;przypadku gdy dziecko legitymuje si\u0119 orzeczeniem o&nbsp;niepe\u0142nosprawno\u015bci w&nbsp;stopniu umiarkowanym lub znacznym, zasi\u0142ek przys\u0142uguje do osi\u0105gni\u0119cia przez dziecko 18. roku \u017cycia, w&nbsp;wymiarze 14&nbsp;dni. Zasi\u0142ek przys\u0142uguje r\u00f3wnie\u017c ubezpieczonym w&nbsp;ramach ubezpieczenia spo\u0142ecznego rolnik\u00f3w.<\/p>\n\n\n\n<h3 class=\"wp-block-heading\"><span class=\"ez-toc-section\" id=\"Odroczenie-platnosci-na-ZUS\"><\/span>Odroczenie p\u0142atno\u015bci na ZUS<span class=\"ez-toc-section-end\"><\/span><\/h3>\n\n\n\n<p>Na podstawie przepis\u00f3w wprowadzonych na mocy Tarczy przedsi\u0119biorcy uzyskali r\u00f3wnie\u017c mo\u017cliwo\u015b\u0107 odroczenia lub roz\u0142o\u017cenia na raty p\u0142atno\u015bci sk\u0142adek na ubezpieczenia spo\u0142eczne wzgl\u0119dem ZUS. Zak\u0142ad Ubezpiecze\u0144 Spo\u0142ecznych z&nbsp;tego tytu\u0142u nie b\u0119dzie pobiera\u0142 op\u0142aty prolongacyjnej.<\/p>\n\n\n\n<h3 class=\"wp-block-heading\"><span class=\"ez-toc-section\" id=\"Zawieszenie-okresowych-badan-lekarskich\"><\/span>Zawieszenie okresowych bada\u0144 lekarskich<span class=\"ez-toc-section-end\"><\/span><\/h3>\n\n\n\n<p>W\u00a0czasie epidemii lub stanu zagro\u017cenia epidemicznego zawieszeniu podlega obowi\u0105zek przeprowadzenia przez przedsi\u0119biorc\u0119 b\u0119d\u0105cego pracodawc\u0105 okresowych bada\u0144 lekarskich. Badanie wst\u0119pne, w\u00a0przypadku gdy nie ma mo\u017cliwo\u015bci wykonania go przez lekarza uprawnionego, mo\u017ce przeprowadzi\u0107 lekarz innej specjalizacji. Takie badanie ma charakter okresowy i\u00a0wygasa w\u00a0terminie 30 dni, licz\u0105c od dnia odwo\u0142ania ww. stan\u00f3w. Orzeczenia lekarskie wydane w\u00a0ramach bada\u0144 wst\u0119pnych, okresowych i\u00a0kontrolnych, kt\u00f3re utraci\u0142y wa\u017cno\u015b\u0107 po 7.03.2020\u00a0r., pozostaj\u0105 wa\u017cne przez okres nie d\u0142u\u017cszy ni\u017c 60 dni po odwo\u0142aniu stanu zagro\u017cenia epidemicznego lub epidemii. Wyj\u0105tkowo okres ten zosta\u0142 wyd\u0142u\u017cony do 90 dni w\u00a0przypadku niekt\u00f3rych zawod\u00f3w, kt\u00f3rych wykonywanie jest warunkowane uzyskaniem odr\u0119bnego orzeczenia lekarskiego albo psychologicznego okre\u015blonego w\u00a0innych przepisach ni\u017c <a href=\"https:\/\/www.profinfo.pl\/kodeks-pracy-kp?utm_source=blog.profinfo.pl&amp;utm_medium=link&amp;utm_campaign=WKPL_PROF_BOO_Jak-przetrwa\u0107-kryzys-w-bran\u017cy-turystycznej-poradnik prawny-07-20_LFM\/WKC0120002_IPF010&amp;utm_term=WKC0120002_IPF010\">Kodeks pracy<\/a>.<\/p>\n\n\n\n<h2 class=\"wp-block-heading\"><span class=\"ez-toc-section\" id=\"Wsparcie-kredytowe\"><\/span>Wsparcie kredytowe<span class=\"ez-toc-section-end\"><\/span><\/h2>\n\n\n\n<p>Ustawodawca przewidzia\u0142 r\u00f3wnie\u017c wiele mechanizm\u00f3w maj\u0105cych wesprze\u0107 p\u0142ynno\u015b\u0107 przedsi\u0119biorc\u00f3w oraz odci\u0105\u017cy\u0107 ich koszty sta\u0142e w&nbsp;postaci wsparcia w&nbsp;sp\u0142acie zobowi\u0105za\u0144. Du\u017c\u0105 rol\u0119 w&nbsp;tym wzgl\u0119dzie odgrywaj\u0105 BGK, PFR oraz ARP.<\/p>\n\n\n\n<h3 class=\"wp-block-heading\"><span class=\"ez-toc-section\" id=\"Poreczenia-i-gwarancje-Banku-Gospodarstwa-Krajowego\"><\/span>Por\u0119czenia i&nbsp;gwarancje Banku Gospodarstwa Krajowego<span class=\"ez-toc-section-end\"><\/span><\/h3>\n\n\n\n<p>Bank Gospodarstwa Krajowego mo\u017ce wspiera\u0107 kredytobiorc\u00f3w z&nbsp;sektora M\u015aP gwarancj\u0105 <em>de minimis<\/em> do wysoko\u015bci 80% warto\u015bci kredytu. Jednocze\u015bnie do 39 miesi\u0119cy wyd\u0142u\u017cony zosta\u0142 okres gwarancji dla kredytu obrotowego.<\/p>\n\n\n\n<p>Wzgl\u0119dem \u015brednich i&nbsp;du\u017cych przedsi\u0119biorstw BGK mo\u017ce udziela\u0107 we w\u0142asnym imieniu i&nbsp;na w\u0142asny rachunek por\u0119cze\u0144 i&nbsp;gwarancji sp\u0142aty kredyt\u00f3w zgodnie z&nbsp;art.&nbsp;15zzzd u.COVID-19. Na ten cel utworzony zosta\u0142 Fundusz Gwarancji P\u0142ynno\u015bciowych . Zabezpieczenie w&nbsp;ramach tego mechanizmu nie mo\u017ce przekracza\u0107 80% kwoty kredytu, kt\u00f3rego maksymalna wysoko\u015b\u0107 to 250 mln PLN. Kwota gwarancji wynie\u015b\u0107 ma od 3,5 do 200 mln PLN. Okres gwarancji wynie\u015b\u0107 ma do 27 miesi\u0119cy, nie d\u0142u\u017cej jednak ni\u017c okres sp\u0142aty kredytu przed\u0142u\u017cony o&nbsp;3 miesi\u0105ce. Program obejmuje kredyty obrotowe nowe lub odnowione zaci\u0105gni\u0119te po terminie 1.03.2020&nbsp;r . Z&nbsp;gwarancji mog\u0105 skorzysta\u0107 firmy, kt\u00f3re nie znajdowa\u0142y si\u0119 w&nbsp;trudnej sytuacji finansowej na dzie\u0144 31.12.2019&nbsp;r., a&nbsp;na dzie\u0144 1.02.2020&nbsp;r . nie mia\u0142y zaleg\u0142o\u015bci publicznoprawnych, jak te\u017c wzgl\u0119dem banku kredytuj\u0105cego.<\/p>\n\n\n\n<p>Bank Gospodarstwa Krajowego oferuje r\u00f3wnie\u017c system dop\u0142at do oprocentowania kredyt\u00f3w obrotowych dla przedsi\u0119biorc\u00f3w dotkni\u0119tych skutkami epidemii. Zak\u0142adany okres obj\u0119cia dop\u0142atami wynosi 12 miesi\u0119cy.<\/p>\n\n\n\n<p>Na szczeg\u00f3lny instrument wsparcia w&nbsp; ramach BGK mog\u0105 liczy\u0107 przedsi\u0119biorstwa z&nbsp;bran\u017cy turystycznej. Firmy turystyczne dotkni\u0119te skutkami zwi\u0105zanymi z&nbsp;pandemi\u0105 COVID-19 mog\u0105 skorzysta\u0107 z&nbsp;korzystniejszych warunk\u00f3w po\u017cyczek z&nbsp;projektu Przedsi\u0119biorcza Polska Wschodnia \u2013 Turystyka. U\u0142atwienia w&nbsp;ramach sp\u0142aty po\u017cyczek obejmuj\u0105 mi\u0119dzy innymi mo\u017cliwo\u015b\u0107 przed\u0142u\u017cenia o&nbsp;dodatkowe 6&nbsp;miesi\u0119cy standardowej karencji w&nbsp;sp\u0142acie albo 6-miesi\u0119czne wakacje kredytowe. Dodatkowo przedsi\u0119biorcy ci mog\u0105 liczy\u0107 na obni\u017cenie oprocentowania po\u017cyczek o&nbsp;po\u0142ow\u0119 zar\u00f3wno dla nowych, jak i&nbsp;pozosta\u0142ych po\u017cyczek (w&nbsp;drugim przypadku odbywa si\u0119 to na wniosek przedsi\u0119biorcy). Po\u017cyczka nie wymaga wk\u0142adu w\u0142asnego i&nbsp;mo\u017ce w&nbsp;ca\u0142o\u015bci zosta\u0107 przeznaczona na pokrycie dzia\u0142alno\u015bci bie\u017c\u0105cej.<\/p>\n\n\n\n<h3 class=\"wp-block-heading\"><span class=\"ez-toc-section\" id=\"Wsparcie-finansowe-od-Agencji-Rozwoju-Przemyslu\"><\/span>Wsparcie finansowe od Agencji Rozwoju Przemys\u0142u<span class=\"ez-toc-section-end\"><\/span><\/h3>\n\n\n\n<p>Wsparcie finansowe oferuje r\u00f3wnie\u017c ARP, kt\u00f3ra zosta\u0142a wyposa\u017cona w&nbsp;odpowiednie instrumenty prawne w&nbsp;ramach Tarczy 2.0. Zgodnie z&nbsp;brzmieniem art.&nbsp;6 Tarczy 2.0 przez wsparcie oferowane w&nbsp;ramach ARP nale\u017cy rozumie\u0107 mi\u0119dzy innymi po\u017cyczki, gwarancje, por\u0119czenia i&nbsp;inne instrumenty, kt\u00f3rych przedmiotem jest finansowanie dzia\u0142alno\u015bci gospodarczej, z&nbsp;wyj\u0105tkiem tych, kt\u00f3re s\u0105 zastrze\u017cone dla podmiot\u00f3w wykonuj\u0105cych dzia\u0142alno\u015b\u0107 bankow\u0105 oraz ubezpieczeniow\u0105. Zgodnie z&nbsp; brzmieniem Traczy 2.0 celem oferowanego wsparcia jest zapewnienie beneficjentowi p\u0142ynno\u015bci finansowej na okres trwania stanu zagro\u017cenia epidemicznego lub stanu epidemii oraz 12 miesi\u0119cy po jego odwo\u0142aniu.<\/p>\n\n\n\n<p>Na mocy wy\u017cej przytoczonych przepis\u00f3w wsparcie w&nbsp;ramach ARP jest wyp\u0142acane w&nbsp;spos\u00f3b sukcesywny, poprzez wyp\u0142at\u0119 poszczeg\u00f3lnych transz. Jednocze\u015bnie ARP wraz z&nbsp;przedsi\u0119biorc\u0105 otrzymuj\u0105cym wsparcie okre\u015blaj\u0105 cel, na kt\u00f3ry ma i\u015b\u0107 kwota finansowania . Zgodnie z&nbsp;regulacjami Tarczy 2.0 wniosek o&nbsp;udzielenie wsparcia do ARP jest rozpatrywany w&nbsp;terminie 14 dni od dnia z\u0142o\u017cenia, jednak Tarcza 2.0 zastrzega, \u017ce termin ten ma charakter instrukcyjny.<\/p>\n\n\n\n<p>W&nbsp; ramach oferty zwi\u0105zanej z&nbsp; przeciwdzia\u0142aniem wirusowi COVID-19 wyr\u00f3\u017cni\u0107 mo\u017cna mi\u0119dzy innymi po\u017cyczk\u0119 obrotow\u0105 na finansowanie deficytu w&nbsp;kapitale obrotowym, skierowan\u0105 do sektora M\u015aP o&nbsp;obrotach powy\u017cej 4 mln PLN, posiadaj\u0105cych dodatni wynik za 2019&nbsp;r. (tj. posiadaj\u0105cych pozytywn\u0105 EBITDA oraz wynik netto) oraz prowadz\u0105cych pe\u0142n\u0105 ksi\u0119gowo\u015b\u0107. Wysoko\u015b\u0107 po\u017cyczki wynosi od 800 tys. do 5 mln PLN, za\u015b okres finansowania wynosi do 6 lat z&nbsp;maksymalnie 15-miesi\u0119cznym okresem karencji w&nbsp;sp\u0142acie.<br>Po\u017cyczka udzielana jest jednorazowo lub w&nbsp;transzach. W&nbsp;ramach zabezpieczenia ARP mo\u017ce za\u017c\u0105da\u0107 mi\u0119dzy innymi weksla w\u0142asnego in blanco wraz z&nbsp;deklaracj\u0105 wekslow\u0105, o\u015bwiadczenia o&nbsp;poddaniu si\u0119 egzekucji w&nbsp;rozumieniu Kodeksu post\u0119powania cywilnego czy por\u0119czenia g\u0142\u00f3wnych udzia\u0142owc\u00f3w po\u017cyczkobiorcy.<\/p>\n\n\n\n<p>Agencja Rozwoju Przemys\u0142u oferuje przedsi\u0119biorcom mo\u017cliwo\u015b\u0107 zawarcia umowy po\u017cyczki obrotowej, kt\u00f3rej celem jest sfinansowanie wyp\u0142aty wynagrodze\u0144 pracownik\u00f3w w&nbsp; sektorze M\u015aP z&nbsp; potwierdzonym deficytem p\u0142ynno\u015bci bie\u017c\u0105cej. Zgodnie z&nbsp;informacjami zawartymi na stronie internetowej ARP14 po\u017cyczka jest przekazywana bezpo\u015brednio na rachunki pracownicze jako wyp\u0142ata wynagrodzenia, z&nbsp;mo\u017cliwo\u015bci\u0105 wyp\u0142aty na rachunek bie\u017c\u0105cy przedsi\u0119biorcy. Okres finansowania wynosi do 2 lat z&nbsp;okresem karencji do 12 miesi\u0119cy. Po\u017cyczka przyznawana jest w&nbsp;oparciu o&nbsp;weryfikacj\u0119 luki p\u0142ynno\u015bciowej na podstawie potwierdzenia deficytu \u015brodk\u00f3w na wyp\u0142at\u0119 wynagrodze\u0144.<\/p>\n\n\n\n<p>Agencja Rozwoju Przemys\u0142u oferuje r\u00f3wnie\u017c pomoc w\u00a0zakresie refinansowania leasingu operacyjnego dla pojazd\u00f3w powy\u017cej 3,5 t, kieruj\u0105c ofert\u0119 do M\u015aP o\u00a0obrotach powy\u017cej 4 mln PLN i\u00a0posiadaj\u0105cych dodatnie zyski za 2019\u00a0r. (tj. pozytywn\u0105 EBITDA oraz wynik netto). Agencja Rozwoju Przemys\u0142u zapewnia karencj\u0119 w\u00a0sp\u0142acie do 12 miesi\u0119cy. Maksymalna kwota wsparcia w\u00a0ramach tego mechanizmu wynosi 5 mln PLN dla klienta, za\u015b maksymalny okres sp\u0142aty to 6 lat. Zabezpieczeniem umowy mo\u017ce by\u0107 weksel w\u0142asny in blanco wraz z\u00a0deklaracj\u0105 wekslow\u0105, o\u015bwiadczenie o\u00a0poddaniu si\u0119 egzekucji w\u00a0rozumieniu przepis\u00f3w <a href=\"https:\/\/www.profinfo.pl\/kodeks-postepowania-cywilnego-kpc?utm_source=blog.profinfo.pl&amp;utm_medium=link&amp;utm_campaign=WKPL_PROF_BOO_Jak-przetrwa\u0107-kryzys-w-bran\u017cy-turystycznej-poradnik prawny-07-20_LFM\/WKC0120002_IPF010&amp;utm_term=WKC0120002_IPF010\">Kodeksu post\u0119powania cywilnego<\/a> oraz por\u0119czenie g\u0142\u00f3wnych udzia\u0142owc\u00f3w leasingobiorcy.<\/p>\n\n\n\n<p>Zgodnie z&nbsp;informacjami zawartymi na stronie ARP przedsi\u0119biorca ubiegaj\u0105cy si\u0119 o&nbsp;wsparcie w&nbsp;ramach wy\u017cej opisanych instrument\u00f3w musi sporz\u0105dzi\u0107 i&nbsp;dostarczy\u0107 mi\u0119dzy innymi plan wp\u0142yw\u00f3w i&nbsp;wydatk\u00f3w w&nbsp;ci\u0105gu najbli\u017cszych 12 miesi\u0119cy, tj. dokument, w&nbsp;kt\u00f3rym przedstawi szczeg\u00f3\u0142owo przewidywane ograniczenie dzia\u0142alno\u015bci spowodowane epidemi\u0105, pokazuj\u0105cy spadek sprzeda\u017cy towar\u00f3w lub us\u0142ug. W&nbsp; ramach planu przedsi\u0119biorca musi sporz\u0105dzi\u0107 rachunek zysk\u00f3w i&nbsp;strat za 2 miesi\u0105ce roku bie\u017c\u0105cego oraz analogiczny okres w&nbsp;roku ubieg\u0142ym dla cel\u00f3w por\u00f3wnawczych. Plan powinien przedstawia\u0107 r\u00f3wnie\u017c dzia\u0142ania maj\u0105ce na celu ustabilizowanie sytuacji ekonomicznej oraz prezentowa\u0107 przep\u0142ywy finansowe, z&nbsp;uwzgl\u0119dnieniem tych przewidywanych.<\/p>\n\n\n\n<h3 class=\"wp-block-heading\"><span class=\"ez-toc-section\" id=\"Wsparcie-od-Korporacji-Ubezpieczen-Kredytow-Eksportowych\"><\/span>Wsparcie od Korporacji Ubezpiecze\u0144 Kredyt\u00f3w Eksportowych<span class=\"ez-toc-section-end\"><\/span><\/h3>\n\n\n\n<p>Rozszerzony w&nbsp;art.&nbsp;8 Tarczy zosta\u0142 r\u00f3wnie\u017c katalog instrument\u00f3w i&nbsp;przypadk\u00f3w, w&nbsp;kt\u00f3rych ubezpieczenia udzieli\u0107 mo\u017ce KUKE. Rozszerzenie obejmuje ubezpieczenie wzgl\u0119dem m.in. inwestycji bezpo\u015brednich za granic\u0105 oraz um\u00f3w przedsi\u0119biorc\u00f3w zale\u017cnych. W&nbsp;ramach ubezpiecze\u0144 KUKE mo\u017ce udzieli\u0107 wsparcia ubezpieczeniowego wzgl\u0119dem kredyt\u00f3w bankowych, po\u017cyczek czy leasing\u00f3w.<\/p>\n\n\n\n<p>Uelastycznieniu uleg\u0142y r\u00f3wnie\u017c wymogi konieczne dla uzyskania ubezpieczenia. W&nbsp;uzasadnieniu Tarczy wskazuje si\u0119, i\u017c celem regulacji jest mi\u0119dzy innymi wsparcie kredyt\u00f3w inwestycyjnych udzielonych bran\u017cy hotelarskiej na zagraniczne inwestycje.<\/p>\n\n\n\n<h3 class=\"wp-block-heading\"><span class=\"ez-toc-section\" id=\"Pomoc-finansowa-od-Polskiego-Funduszu-Rozwoju\"><\/span>Pomoc finansowa od Polskiego Funduszu Rozwoju<span class=\"ez-toc-section-end\"><\/span><\/h3>\n\n\n\n<p>Mo\u017cliwo\u015b\u0107 udzielania wsparcia przedsi\u0119biorcom w&nbsp;zwi\u0105zku z&nbsp;problemami wynik\u0142ymi z&nbsp;aktualnej sytuacji epidemiologicznej uzyska\u0142 tak\u017ce PFR na podstawie ustawy o&nbsp;systemie instytucji rozwoju. Mo\u017ce on udziela\u0107 wsparcia finansowego w&nbsp;formie po\u017cyczek, gwarancji lub por\u0119cze\u0144. Wsparcie ze strony PFR mo\u017ce polega\u0107 tak\u017ce na nabyciu pakietu udzia\u0142\u00f3w lub akcji we wspieranym przedsi\u0119biorstwie. Pomoc finansowa z&nbsp;tego tytu\u0142u zaadresowana jest zar\u00f3wno do sektora M\u015aP, jak i&nbsp;du\u017cych przedsi\u0119biorstw.<\/p>\n\n\n\n<p>Warunkiem uzyskania wsparcia jest spe\u0142nienie poni\u017cszych przes\u0142anek:<\/p>\n\n\n\n<ol class=\"wp-block-list\"><li>posiadanie rezydencji podatkowej na terenie Rzeczypospolitej Polskiej,<\/li><li>brak trwaj\u0105cego post\u0119powania upad\u0142o\u015bciowego, likwidacyjnego lub restrukturyzacyjnego,<\/li><li>prowadzenie dzia\u0142alno\u015bci w&nbsp;dniu 31.12.2019&nbsp;r .,<\/li><li>brak zaleg\u0142o\u015bci z&nbsp; p\u0142atno\u015bciami z&nbsp; tytu\u0142u danin publicznych i&nbsp;sk\u0142adek na ubezpieczenia spo\u0142eczne.<\/li><\/ol>\n\n\n\n<p>Finansowanie wzgl\u0119dem du\u017cych przedsi\u0119biorc\u00f3w mo\u017ce przybra\u0107 jedn\u0105 z&nbsp;trzech postaci:<\/p>\n\n\n\n<ol class=\"wp-block-list\"><li>po\u017cyczki lub obligacji na okres 2 lat z&nbsp;mo\u017cliwo\u015bci\u0105 przed\u0142u\u017cenia o&nbsp;dodatkowy rok, do warto\u015bci 1 mld z\u0142,<\/li><li>po\u017cyczki na okres 3 lat, kt\u00f3rej nie trzeba b\u0119dzie sp\u0142aci\u0107 w&nbsp;ca\u0142o\u015bci w&nbsp;zale\u017cno\u015bci od dolegliwo\u015bci poniesionych strat finansowych oraz utrzymania zatrudnienia przez beneficjenta, nie wi\u0119cej jednak ni\u017c w&nbsp;kwocie 750 000 000 z\u0142 dla jednego podmiotu lub<\/li><li>obejmowania udzia\u0142\u00f3w lub akcji w&nbsp;sp\u00f3\u0142ce o&nbsp;warto\u015bci maksymalnej 1 mld z\u0142 w&nbsp;przypadku jednego podmiotu, na warunkach rynkowych b\u0105d\u017a zasadach pomocy publicznej.<\/li><\/ol>\n\n\n\n<p>Sektor M\u015aP mo\u017ce liczy\u0107 na wsparcie w&nbsp;postaci subwencji na:<\/p>\n\n\n\n<ol class=\"wp-block-list\"><li>pokrycie koszt\u00f3w prowadzonej dzia\u0142alno\u015bci gospodarczej (opr\u00f3cz nabycia innego przedsi\u0119biorcy),<\/li><li>przedterminow\u0105 sp\u0142at\u0119 do 25% kapita\u0142u kredytu,<\/li><li>rozliczenia z&nbsp;podmiotami powi\u0105zanymi (z&nbsp;wyj\u0105tkiem wyp\u0142at na rzecz w\u0142a\u015bciciela przedsi\u0119biorstwa i&nbsp;jego podmiot\u00f3w powi\u0105zanych).<\/li><\/ol>\n\n\n\n<p>Jednocze\u015bnie Tarcza 2.0 wprowadzi\u0142a instrumenty zabezpieczaj\u0105ce \u015brodki przyznane w&nbsp;ramach PFR. Zgodnie z&nbsp;art.&nbsp;21a ust 2a\u20132d u.s.i.r., wprowadzonym w&nbsp;ramach Tarczy 2.0, \u015brodki te nie podlegaj\u0105 egzekucji s\u0105dowej ani administracyjnej, chyba \u017ce egzekucja nast\u0105pi\u0142a w&nbsp;zwi\u0105zku z&nbsp;naruszeniem zasad, na kt\u00f3rych udzielone zosta\u0142o wsparcie. Dodatkowo przedsi\u0119biorca musi, celem uzyskania wsparcia, z\u0142o\u017cy\u0107 odpowiednie o\u015bwiadczenia pod rygorem odpowiedzialno\u015bci karnej .<\/p>\n\n\n\n<h3 class=\"wp-block-heading\"><span class=\"ez-toc-section\" id=\"Nowe-uprawnienia-przyslugujace-PFR-i-ARP\"><\/span>Nowe uprawnienia przys\u0142uguj\u0105ce PFR i&nbsp;ARP<span class=\"ez-toc-section-end\"><\/span><\/h3>\n\n\n\n<p>Tarcza 2.0 wprowadzi\u0142a nowe uprawnienia na rzecz PFR i&nbsp;ARP. Zgodnie z&nbsp;art.&nbsp;26 Tarczy 2.0 instytucje te mog\u0105 bezp\u0142atnie otrzyma\u0107 informacje zawarte na koncie ubezpieczonego i&nbsp; p\u0142atnika sk\u0142adek w&nbsp; rozumieniu przepis\u00f3w o&nbsp; ubezpieczeniach spo\u0142ecznych. Celem takiego mechanizmu jest realizacja zada\u0144 pomocowych dotycz\u0105cych zapobiegania lub zwalczania ekonomicznych i&nbsp;gospodarczych skutk\u00f3w epidemii.<\/p>\n\n\n\n<h3 class=\"wp-block-heading\"><span class=\"ez-toc-section\" id=\"Mozliwosc-zmiany-warunkow-umow-przez-banki\"><\/span>Mo\u017cliwo\u015b\u0107 zmiany warunk\u00f3w um\u00f3w przez&nbsp;banki<span class=\"ez-toc-section-end\"><\/span><\/h3>\n\n\n\n<p>W&nbsp; zakresie udzielonych kredyt\u00f3w i&nbsp; po\u017cyczek mo\u017cliwo\u015b\u0107 zmiany umowy wzgl\u0119dem przedsi\u0119biorcy (w&nbsp;Tarczy 1.0 uprawnienie to by\u0142o ograniczone do sektora M\u015aP, aktualnie obj\u0119ci nim s\u0105 wszyscy przedsi\u0119biorcy) na podstawie art.&nbsp;31f u.COVID-19 (przede wszystkim poprzez zmian\u0119 okre\u015blonych warunk\u00f3w lub terminu sp\u0142aty kredytu) uzyska\u0142y banki, o&nbsp;ile kredyt udzielony zosta\u0142 przed 8.03.2020&nbsp;r., a&nbsp;zmiana uzasadniona jest ocen\u0105 sytuacji finansowej i&nbsp;gospodarczej kredytobiorcy dokonan\u0105 przez bank nie wcze\u015bniej ni\u017c 30.09.2019&nbsp;r. Zmiana taka nie mo\u017ce powodowa\u0107 pogorszenia sytuacji finansowej i&nbsp;gospodarczej kredytobiorcy.<\/p>\n\n\n\n<h2 class=\"wp-block-heading\"><span class=\"ez-toc-section\" id=\"Biezace-funkcjonowanie-przedsiebiorstwa\"><\/span>Bie\u017c\u0105ce funkcjonowanie przedsi\u0119biorstwa<span class=\"ez-toc-section-end\"><\/span><\/h2>\n\n\n\n<p>Tarcza zawiera wiele rozwi\u0105za\u0144 skierowanych do sp\u00f3\u0142ek handlowych obejmuj\u0105cych ich bie\u017c\u0105c\u0105 dzia\u0142alno\u015b\u0107.<\/p>\n\n\n\n<h3 class=\"wp-block-heading\"><span class=\"ez-toc-section\" id=\"Posiedzenia-organow-spolek-w-trybie-zdalnym\"><\/span>Posiedzenia organ\u00f3w sp\u00f3\u0142ek w&nbsp;trybie zdalnym<span class=\"ez-toc-section-end\"><\/span><\/h3>\n\n\n\n<p>Znowelizowany zosta\u0142 <a href=\"https:\/\/www.profinfo.pl\/kodeks-spolek-handlowych-ksh?utm_source=blog.profinfo.pl&amp;utm_medium=link&amp;utm_campaign=WKPL_PROF_BOO_Jak-przetrwa\u0107-kryzys-w-bran\u017cy-turystycznej-poradnik prawny-07-20_LFM\/WKC0120002_IPF010&amp;utm_term=WKC0120002_IPF010\">Kodeks sp\u00f3\u0142ek handlowych<\/a> poprzez dopuszczenie mo\u017cliwo\u015bci odbywania zgromadze\u0144 wsp\u00f3lnik\u00f3w i\u00a0akcjonariuszy w\u00a0sp\u00f3\u0142kach kapita\u0142owych w\u00a0formie elektronicznej \u2013 dotychczas istnia\u0142a taka mo\u017cliwo\u015b\u0107, o\u00a0ile zosta\u0142o to zastrze\u017cone w\u00a0umowie sp\u00f3\u0142ki. W\u00a0takiej formule mo\u017cliwe jest r\u00f3wnie\u017c tak\u017ce oddanie g\u0142osu. Uregulowana zosta\u0142a r\u00f3wnie\u017c kwestia odbywania posiedze\u0144 organ\u00f3w sp\u00f3\u0142ek kapita\u0142owych, tj. zarz\u0105du i\u00a0rady nadzorczej, w\u00a0formie elektronicznej. <\/p>\n\n\n\n<p>Dodatkowo Tarcza 2.0 wprowadzi\u0142a mo\u017cliwo\u015b\u0107 podj\u0119cia uchwa\u0142y przez rad\u0119 nadzorcz\u0105 w&nbsp;trybie pisemnym lub przy wykorzystaniu \u015brodk\u00f3w bezpo\u015bredniego porozumiewania si\u0119 na odleg\u0142o\u015b\u0107 tak\u017ce w&nbsp;sprawach, dla kt\u00f3rych statut sp\u00f3\u0142ki przewiduje g\u0142osowanie tajne, o&nbsp;ile \u017caden z&nbsp;cz\u0142onk\u00f3w rady nadzorczej nie zg\u0142osi sprzeciwu.<\/p>\n\n\n\n<p>Artyku\u0142 29 pkt&nbsp;3 Tarczy 2.0, nowelizuj\u0105cy Kodeks sp\u00f3\u0142ek handlowych, umo\u017cliwia sporz\u0105dzanie zapisu na akcje w&nbsp;postaci elektronicznej. W&nbsp;celu weryfikacji to\u017csamo\u015bci subskrybenta konieczne jest opatrzenie kwalifikowanym podpisem elektronicznym, podpisem zaufanym albo podpisem osobistym.<\/p>\n\n\n\n<h3 class=\"wp-block-heading\"><span class=\"ez-toc-section\" id=\"Modyfikacja-warunkow-skutecznosci-oswiadczenia-woli-czlonka-organu\"><\/span>Modyfikacja warunk\u00f3w skuteczno\u015bci o\u015bwiadczenia woli cz\u0142onka organu<span class=\"ez-toc-section-end\"><\/span><\/h3>\n\n\n\n<p>Modyfikacja obejmuje r\u00f3wnie\u017c skuteczno\u015b\u0107 o\u015bwiadczenia woli cz\u0142onka organu osoby prawnej. Zgodnie z&nbsp;art.&nbsp;15zzzr u.COVID-19 dla skuteczno\u015bci takiego o\u015bwiadczenia wystarczaj\u0105ce jest z\u0142o\u017cenie go w&nbsp;formie dokumentowej, bez konieczno\u015bci opatrywania go podpisem elektronicznym, osobistym lub kwalifikowanym podpisem elektronicznym bez wzgl\u0119du na odmienne postanowienie ustawy.<\/p>\n\n\n\n<h3 class=\"wp-block-heading\"><span class=\"ez-toc-section\" id=\"Upadlosc-przedsiebiorstwa\"><\/span>Upad\u0142o\u015b\u0107 przedsi\u0119biorstwa<span class=\"ez-toc-section-end\"><\/span><\/h3>\n\n\n\n<p>Zgodnie z&nbsp; brzmieniem dodanego art.&nbsp; 15zzra u.COVID-19, je\u017celi podstawa do og\u0142oszenia upad\u0142o\u015bci d\u0142u\u017cnika powsta\u0142a w&nbsp;okresie obowi\u0105zywania stanu zagro\u017cenia epidemicznego albo stanu epidemii og\u0142oszonego z&nbsp;powodu COVID-19, a&nbsp;stan niewyp\u0142acalno\u015bci powsta\u0142 z&nbsp;powodu COVID-19, to 30-dniowy termin na og\u0142oszenie upad\u0142o\u015bci przewidziany przepisami Prawa upad\u0142o\u015bciowego nie rozpoczyna si\u0119, a&nbsp;rozpocz\u0119ty ulega przerwaniu. Po tym okresie termin biegnie na nowo.<\/p>\n\n\n\n<p>Wprowadzono tak\u017ce domniemanie, zgodnie z&nbsp; kt\u00f3rym powstanie stanu niewyp\u0142acalno\u015bci w&nbsp;okresie obowi\u0105zywania stanu zagro\u017cenia epidemicznego lub stanu epidemii oznacza, \u017ce powsta\u0142 on z&nbsp;powodu nast\u0119pstw ekonomicznych zwi\u0105zanych z&nbsp;wyst\u0105pieniem COVID-19.<\/p>\n\n\n\n<p>Z\u0142o\u017cenie przez d\u0142u\u017cnika wniosku o\u00a0og\u0142oszenie upad\u0142o\u015bci w\u00a0czasie trwania stanu epidemii lub stanu zagro\u017cenia epidemicznego og\u0142oszonego z\u00a0powodu COVID-19 powoduje, \u017ce terminy, dla kt\u00f3rych obliczania znaczenie ma dzie\u0144 zg\u0142oszenia wniosku o\u00a0og\u0142oszenie upad\u0142o\u015bci, wyd\u0142u\u017ca si\u0119 o\u00a0liczb\u0119 dni pomi\u0119dzy dniem zg\u0142oszenia wniosku o\u00a0 og\u0142oszenie upad\u0142o\u015bci a\u00a0 ostatnim dniem, w\u00a0 kt\u00f3rym wniosek ten powinien zosta\u0107 z\u0142o\u017cony zgodnie z\u00a0brzmieniem przepis\u00f3w <a href=\"https:\/\/www.profinfo.pl\/sklep\/prawo-upadlosciowe.html?utm_source=blog.profinfo.pl&amp;utm_medium=link&amp;utm_campaign=WKPL_PROF_BOO_Jak-przetrwa\u0107-kryzys-w-bran\u017cy-turystycznej-poradnik prawny-07-20_LFM\/WKC0120002_IPF010&amp;utm_term=WKC0120002_IPF010\">Prawa upad\u0142o\u015bciowego<\/a> bez uwzgl\u0119dniania powy\u017cszych regulacji.<\/p>\n\n\n\n<h3 class=\"wp-block-heading\"><span class=\"ez-toc-section\" id=\"Przesuniecie-terminow-na-sporzadzenie-i-zatwierdzenie-sprawozdan-finansowych\"><\/span>Przesuni\u0119cie termin\u00f3w na sporz\u0105dzenie i&nbsp;zatwierdzenie sprawozda\u0144 finansowych<span class=\"ez-toc-section-end\"><\/span><\/h3>\n\n\n\n<p>Minister Finans\u00f3w uzyska\u0142 uprawnienie do przesuni\u0119cia termin\u00f3w na sporz\u0105dzenie i&nbsp;zatwierdzenie sprawozda\u0144 finansowych. Zgodnie z&nbsp;rozporz\u0105dzeniem wydanym w&nbsp;tej sprawie terminy te ulegaj\u0105 przesuni\u0119ciu o&nbsp;okres 3 miesi\u0119cy, w&nbsp;odniesieniu do podmiot\u00f3w nadzorowanych przez KNF \u2013 o&nbsp;2 miesi\u0105ce.<\/p>\n\n\n\n<p>Na mocy przepis\u00f3w Tarczy przed\u0142u\u017ceniu do 13.07.2020&nbsp;r . ulega tak\u017ce termin zg\u0142oszenia do Centralnego Rejestru Beneficjent\u00f3w. Zmianie ulega tak\u017ce termin na zawarcie umowy o&nbsp;prowadzenie Pracowniczych Plan\u00f3w Kapita\u0142owych wzgl\u0119dem przedsi\u0119biorc\u00f3w zatrudniaj\u0105cych od 50 do 249 os\u00f3b.<\/p>\n\n\n\n<h3 class=\"wp-block-heading\"><span class=\"ez-toc-section\" id=\"Wydluzenie-w-zakresie-umow-najmu\"><\/span>Wyd\u0142u\u017cenie w&nbsp;zakresie um\u00f3w najmu<span class=\"ez-toc-section-end\"><\/span><\/h3>\n\n\n\n<p>Tarcza w&nbsp;art.&nbsp;31s oraz 31t u.COVID-19 modyfikuje r\u00f3wnie\u017c zawarte umowy najmu. Terminowa umowa najmu, kt\u00f3ra mia\u0142a wygasn\u0105\u0107 przed 30.06.2020 r., mo\u017ce zosta\u0107 przed\u0142u\u017cona do tego okresu na podstawie o\u015bwiadczenia woli najmuj\u0105cego, z\u0142o\u017conego przed up\u0142ywem pierwotnego terminu na dotychczasowych warunkach, o&nbsp;ile najemca nie zalega z&nbsp;czynszem lub innymi op\u0142atami z&nbsp;tytu\u0142u u\u017cytkowania lokalu i&nbsp;u\u017cywa lokalu zgodnie z&nbsp;umow\u0105 i&nbsp;jego przeznaczeniem.<\/p>\n\n\n\n<p>Jednocze\u015bnie wypowiedzenie umowy najmu lub stawki czynszu przez wynajmuj\u0105cego b\u0119dzie skuteczne najwcze\u015bniej na dzie\u0144 30&nbsp;czerwca, o&nbsp;ile najemca nie naruszy\u0142 warunk\u00f3w zawartej umowy lub przepis\u00f3w dotycz\u0105cych u\u017cytkowania lokalu, a&nbsp; budynek, w&nbsp;kt\u00f3rym znajduje si\u0119 lokal, nie wymaga pilnej rozbi\u00f3rki b\u0105d\u017a remontu.<\/p>\n\n\n\n<h3 class=\"wp-block-heading\"><span class=\"ez-toc-section\" id=\"Pozostale-zagadnienia\"><\/span>Pozosta\u0142e zagadnienia<span class=\"ez-toc-section-end\"><\/span><\/h3>\n\n\n\n<p>Ustawa wprowadza modyfikacj\u0119 w&nbsp;ramach odpowiedzialno\u015bci wobec piastun\u00f3w organ\u00f3w, kt\u00f3rzy nie wyst\u0105pili z&nbsp;roszczeniem z&nbsp;tytu\u0142u niewykonania lub nienale\u017cytego wykonania umowy o&nbsp;zam\u00f3wienie publiczne z&nbsp;powod\u00f3w zwi\u0105zanych z&nbsp;wirusem SARS-CoV-2. Tego rodzaju dzia\u0142anie nie b\u0119dzie stanowi\u0107 przest\u0119pstwa ani tworzy\u0107 odpowiedzialno\u015bci za szkod\u0119 wyrz\u0105dzon\u0105 sp\u00f3\u0142ce.<\/p>\n\n\n\n<p>Zawieszeniu uleg\u0142y terminy przewidziane przepisami prawa administracyjnego, jak r\u00f3wnie\u017c terminy procesowe oraz terminy s\u0105dowe. Wyd\u0142u\u017ceniu do 180 dni podlega termin na obowi\u0105zkowe przerejestrowanie zakupionego pojazdu samochodowego.<\/p>\n\n\n\n<h2 class=\"wp-block-heading\"><span class=\"ez-toc-section\" id=\"Podatki\"><\/span>Podatki<span class=\"ez-toc-section-end\"><\/span><\/h2>\n\n\n\n<h3 class=\"wp-block-heading\"><span class=\"ez-toc-section\" id=\"Mozliwosc-korekty-podatku-dochodowego-poprzez-odliczenie-straty\"><\/span>Mo\u017cliwo\u015b\u0107 korekty podatku dochodowego poprzez odliczenie straty<span class=\"ez-toc-section-end\"><\/span><\/h3>\n\n\n\n<p>Szczeg\u00f3lne rozwi\u0105zanie przewidziane zosta\u0142o w&nbsp;art.&nbsp;38f u.p.d.o.p. w&nbsp;zakresie przedsi\u0119biorc\u00f3w, kt\u00f3rzy w&nbsp;roku 2020 ponie\u015bli strat\u0119 oraz uzyskali \u0142\u0105czne przychody z&nbsp;pozarolniczej dzia\u0142alno\u015bci gospodarczej ni\u017csze o&nbsp;co najmniej 50% w&nbsp;por\u00f3wnaniu z&nbsp;\u0142\u0105cznymi przychodami uzyskanymi rok wcze\u015bniej.<\/p>\n\n\n\n<p>Spe\u0142niaj\u0105cy takie warunki b\u0119d\u0105 mogli dokona\u0107, w&nbsp;formie korekty zeznania podatkowego, obni\u017cenia osi\u0105gni\u0119tego dochodu lub przychodu osi\u0105gni\u0119tego w&nbsp;2019&nbsp;r. o&nbsp;wysoko\u015b\u0107 straty. Obni\u017cenie nie mo\u017ce jednak przekracza\u0107 kwoty 5 mln PLN. Rozwi\u0105zanie to dotyczy podatku CIT i&nbsp;PIT.<\/p>\n\n\n\n<h3 class=\"wp-block-heading\"><span class=\"ez-toc-section\" id=\"Przesuniecie-uiszczenia-zaliczki-na-podatek-dochodowy\"><\/span>Przesuni\u0119cie uiszczenia zaliczki na podatek dochodowy<span class=\"ez-toc-section-end\"><\/span><\/h3>\n\n\n\n<p>Wzgl\u0119dem przedsi\u0119biorc\u00f3w znajduj\u0105cych si\u0119 w&nbsp;trudnej sytuacji gospodarczej, zwi\u0105zanej z&nbsp;nast\u0119pstwami aktualnej sytuacji epidemiologicznej, w&nbsp;art.&nbsp;52o u.p.d.o.f. ustanawia si\u0119 mo\u017cliwo\u015b\u0107 przesuni\u0119cia zaliczki na poczet podatku dochodowego odprowadzanego na rzecz pracownik\u00f3w za miesi\u0105ce marzec i&nbsp;kwiecie\u0144 do 1.06.2020&nbsp;r.<\/p>\n\n\n\n<h3 class=\"wp-block-heading\"><span class=\"ez-toc-section\" id=\"Zmiany-w-podatku-dochodowym-od-osob-prawnych\"><\/span>Zmiany w&nbsp;podatku dochodowym od os\u00f3b prawnych<span class=\"ez-toc-section-end\"><\/span><\/h3>\n\n\n\n<p>Zgodnie z&nbsp;art.&nbsp;20 Tarczy 2.0 podatkowa grupa kapita\u0142owa, kt\u00f3ra ponios\u0142a w&nbsp;2020&nbsp;r. negatywne konsekwencje ekonomiczne z&nbsp;powodu COVID-19, b\u0119dzie uwa\u017cana za podatnika nawet w&nbsp;przypadku, gdy nie spe\u0142ni warunku posiadania braku zaleg\u0142o\u015bci we wp\u0142atach podatk\u00f3w stanowi\u0105cych doch\u00f3d bud\u017cetu pa\u0144stwa lub warunku rentowno\u015bci. Takie rozwi\u0105zanie znajduje zastosowanie jedynie w&nbsp;przypadku roku podatkowego, kt\u00f3ry rozpocz\u0105\u0142 si\u0119 przed 1.01.2020&nbsp;r ., a&nbsp;zako\u0144czy si\u0119 po 31.12.2019&nbsp;r., lub rozpocz\u0105\u0142 si\u0119 po 31.12.2019&nbsp;r., a&nbsp;przed 1.01.2021&nbsp;r.<\/p>\n\n\n\n<h3 class=\"wp-block-heading\"><span class=\"ez-toc-section\" id=\"Podatek-od-nieruchomosci\"><\/span> Podatek od nieruchomo\u015bci<span class=\"ez-toc-section-end\"><\/span><\/h3>\n\n\n\n<p>Rada gminy mo\u017ce zwolni\u0107, na podstawie art.&nbsp;15p u.COVID-19, w&nbsp;drodze uchwa\u0142y, z&nbsp;p\u0142atno\u015bci tego podatku wskazane grupy przedsi\u0119biorc\u00f3w, o&nbsp;ile podatek dotyczy nieruchomo\u015bci zwi\u0105zanej z&nbsp;prowadzeniem dzia\u0142alno\u015bci gospodarczej . Rada gminy mo\u017ce r\u00f3wnie\u017c przed\u0142u\u017cy\u0107 termin p\u0142atno\u015bci podatku do 30.09.2020&nbsp;r., zgodnie z&nbsp;art.&nbsp;15q u.COVID-19.<\/p>\n\n\n\n<p>Termin p\u0142atno\u015bci podatku od przychodu z&nbsp;budynku za okres marzec\u2013maj 2020&nbsp;r. zosta\u0142 odroczony do 20.07.2020&nbsp;r., w&nbsp;przypadku gdy podatnik poni\u00f3s\u0142 negatywne konsekwencje ekonomiczne. Zgodnie z&nbsp;art.&nbsp;52p u.p.d.o.f. takie rozwi\u0105zanie przys\u0142uguje w&nbsp;przypadku osi\u0105gni\u0119cia w&nbsp;danym miesi\u0105cu przychod\u00f3w ni\u017cszych o&nbsp;co najmniej 50% w&nbsp;stosunku do analogicznego miesi\u0105ca poprzedniego roku podatkowego.<\/p>\n\n\n\n<h3 class=\"wp-block-heading\"><span class=\"ez-toc-section\" id=\"Zaniechanie-poboru-oplat-prolongacyjnych\"><\/span>Zaniechanie poboru op\u0142at prolongacyjnych<span class=\"ez-toc-section-end\"><\/span><\/h3>\n\n\n\n<p>Organ podatkowy nie b\u0119dzie pobiera\u0142 op\u0142aty prolongacyjnej z&nbsp;tytu\u0142u roz\u0142o\u017cenia na raty lub odroczenia p\u0142atno\u015bci podatku od wniosku z\u0142o\u017conego w&nbsp;okresie obowi\u0105zywania stanu zagro\u017cenia epidemicznego lub stanu epidemii. <\/p>\n\n\n\n<p>Minister Finans\u00f3w mo\u017ce, w&nbsp;drodze rozporz\u0105dzenia, zaniecha\u0107 w&nbsp;ca\u0142o\u015bci lub w&nbsp;cz\u0119\u015bci poboru odsetek za zw\u0142ok\u0119 od zaleg\u0142o\u015bci podatkowych. W&nbsp;taki sam spos\u00f3b, zgodnie z&nbsp;art.&nbsp;15zzk u.COVID-19, Rada Ministr\u00f3w mo\u017ce zawiesi\u0107 tocz\u0105ce si\u0119 post\u0119powania egzekucyjne w&nbsp;administracji.<\/p>\n\n\n\n<h3 class=\"wp-block-heading\"><span class=\"ez-toc-section\" id=\"Czynny-zal-oraz-interpretacje-podatkowe\"><\/span>Czynny \u017cal oraz interpretacje podatkowe<span class=\"ez-toc-section-end\"><\/span><\/h3>\n\n\n\n<p>Zawiadomienie o&nbsp;czynnym \u017calu, w&nbsp;rozumieniu post\u0119powania karnoskarbowego, mo\u017cna z\u0142o\u017cy\u0107 w&nbsp;formie elektronicznej, co wprowadza art.&nbsp;26 Tarczy.<\/p>\n\n\n\n<p>Wyd\u0142u\u017ceniu o&nbsp;3 miesi\u0105ce uleg\u0142 termin na wydanie indywidualnej interpretacji podatkowej w&nbsp;zakresie obejmuj\u0105cym wnioski z\u0142o\u017cone i&nbsp;nierozpatrzone do 31.03.2020&nbsp;r . Przed\u0142u\u017cenie nie dotyczy interpretacji og\u00f3lnych wydawanych na wniosek.<\/p>\n\n\n\n<h3 class=\"wp-block-heading\"><span class=\"ez-toc-section\" id=\"Ceny-transferowe-oraz-nowa-matryca-stawek-VAT\"><\/span>Ceny transferowe oraz nowa matryca stawek&nbsp;VAT<span class=\"ez-toc-section-end\"><\/span><\/h3>\n\n\n\n<p>Do 30.09.2020&nbsp;r. wyd\u0142u\u017cono w&nbsp;art.&nbsp;31z u.COVID-19 termin na z\u0142o\u017cenie informacji o&nbsp; cenach transferowych wzgl\u0119dem podmiot\u00f3w, kt\u00f3rych rok obrotowy lub podatkowy rozpocz\u0105\u0142 si\u0119 po 31.12.2018&nbsp;r., a&nbsp;zako\u0144czy\u0142 przed 31.12.2019&nbsp;r.<\/p>\n\n\n\n<p>Przesuni\u0119ciu do 1.07.2020&nbsp;r. uleg\u0142 termin wej\u015bcia w&nbsp;\u017cycie nowej matrycy stawek VAT zgodnie z&nbsp;brzmieniem art.&nbsp;58 Tarczy. Wi\u0105\u017c\u0105ca Informacja Stawkowa (WIS) wydana przed tym terminem wi\u0105\u017ce organy podatkowe. W&nbsp;tym samym czasie podatnicy podatku od towar\u00f3w i&nbsp;us\u0142ug z\u0142o\u017c\u0105 po raz pierwszy nowe wersje deklaracji podatkowych JPK_VAT.<\/p>\n\n\n\n<h3 class=\"wp-block-heading\"><span class=\"ez-toc-section\" id=\"Elektroniczne-pisma-urzedowe\"><\/span>Elektroniczne pisma urz\u0119dowe<span class=\"ez-toc-section-end\"><\/span><\/h3>\n\n\n\n<p>W&nbsp;oparciu o&nbsp;przepisy Tarczy rozszerzeniu uleg\u0142 wykaz pism urz\u0119dowych, kt\u00f3re mog\u0105 by\u0107 dostarczane w&nbsp;formie dokumentu elektronicznego, opatrzonego kwalifikowanym podpisem. Je\u017celi strona nie wnios\u0142a o&nbsp;dor\u0119czenie pisma w&nbsp;taki spos\u00f3b lub nie zgodzi\u0142a si\u0119 na elektroniczn\u0105 form\u0119 komunikacji \u2013 pismo takie zostanie wydrukowane i&nbsp; dor\u0119czone stronie. Tarcza rozlu\u017ania wymogi dotycz\u0105ce paragon\u00f3w \u2013 za zgod\u0105 nabywcy paragon mo\u017ce zosta\u0107 dostarczony w&nbsp;formie elektronicznej.<\/p>\n\n\n\n<h3 class=\"wp-block-heading\"><span class=\"ez-toc-section\" id=\"Uzytkowanie-wieczyste\"><\/span>U\u017cytkowanie wieczyste<span class=\"ez-toc-section-end\"><\/span><\/h3>\n\n\n\n<p>Zmianie na mocy nowych przepis\u00f3w uleg\u0142 termin, w&nbsp;kt\u00f3rym nale\u017cy wnie\u015b\u0107 op\u0142at\u0119 roczn\u0105 z&nbsp; tytu\u0142u u\u017cytkowania wieczystego. Zosta\u0142a ona przesuni\u0119ta na 30.06.2020&nbsp;r. Podobnej zmianie uleg\u0142 termin na wniesienie op\u0142aty przekszta\u0142ceniowej przez dawnych u\u017cytkownik\u00f3w wieczystych.<\/p>\n\n\n\n<p>Jednocze\u015bnie starosta uzyska\u0142 prawo do umorzenia, bez zgody wojewody, w&nbsp;ca\u0142o\u015bci lub w&nbsp;cz\u0119\u015bci nale\u017cno\u015bci pieni\u0119\u017cnych z&nbsp;tytu\u0142u oddania nieruchomo\u015bci w&nbsp;najem, dzier\u017caw\u0119 lub u\u017cytkowanie. Starosta, bez zgody wojewody, mo\u017ce r\u00f3wnie\u017c odst\u0105pi\u0107 od dochodzenia nale\u017cno\u015bci z&nbsp; tego tytu\u0142u wzgl\u0119dem podmiotu, kt\u00f3rego p\u0142ynno\u015b\u0107 finansowa uleg\u0142a zaburzeniu.<\/p>\n\n\n\n<h3 class=\"wp-block-heading\"><span class=\"ez-toc-section\" id=\"Ceny-transferowe\"><\/span>Ceny transferowe<span class=\"ez-toc-section-end\"><\/span><\/h3>\n\n\n\n<p>Zgodnie z&nbsp;art.&nbsp;31z u.COVID-19 dla podmiot\u00f3w, kt\u00f3rych rok podatkowy rozpocz\u0105\u0142 si\u0119 po 31.12.2018&nbsp;r., a&nbsp;zako\u0144czy\u0142 przed 31.12.2019&nbsp;r., nast\u0105pi\u0142o przed\u0142u\u017cenie terminu:<\/p>\n\n\n\n<ol class=\"wp-block-list\"><li>do 30.09.2020 r \u2013 na sk\u0142adanie informacji o&nbsp;cenach transferowych, o&nbsp;kt\u00f3rym mowa w&nbsp;art.&nbsp;23zf ust.&nbsp;1 u.p.d.o.f. i&nbsp;art.&nbsp;11t ust.&nbsp;1 u.p.d.o.p.;<\/li><li>do 30.09.2020&nbsp;r. \u2013 na sk\u0142adanie o\u015bwiadczenia o&nbsp;sporz\u0105dzeniu lokalnej dokumentacji cen transferowych, o&nbsp; kt\u00f3rym mowa w&nbsp;art.&nbsp;23y ust.&nbsp;1 u.p.d.o.f. i&nbsp;art.&nbsp;11m ust.&nbsp;1 u.p.d.o.p.;<\/li><li>do 31.12.2020 r. \u2013 na do\u0142\u0105czenie do lokalnej dokumentacji cen transferowych grupowej dokumentacji cen transferowych, o&nbsp;kt\u00f3rym mowa w&nbsp;art.&nbsp;23zb ust.&nbsp;1 u.p.d.o.f. i&nbsp;art.&nbsp;11p ust.&nbsp;1 u.p.d.o.p.<\/li><\/ol>\n\n\n\n<h3 class=\"wp-block-heading\"><span class=\"ez-toc-section\" id=\"Wlasciwosc-miejscowa-organow-Krajowej-Administracji-Skarbowej\"><\/span>W\u0142a\u015bciwo\u015b\u0107 miejscowa organ\u00f3w Krajowej Administracji Skarbowej<span class=\"ez-toc-section-end\"><\/span><\/h3>\n\n\n\n<p>Zgodnie z&nbsp; art.&nbsp; 56 Tarczy 2.0 Minister Finans\u00f3w mo\u017ce okre\u015bli\u0107, w&nbsp;drodze rozporz\u0105dzenia, niekt\u00f3re zadania Krajowej Administracji Skarbowej. Zadania te mog\u0105 by\u0107 wykonane przez organy Krajowej Administracji Skarbowej niezale\u017cnie od terytorialnego zasi\u0119gu ich dzia\u0142ania.<\/p>\n\n\n\n<h2 class=\"wp-block-heading\"><span class=\"ez-toc-section\" id=\"Prawo-umow\"><\/span>Prawo um\u00f3w<span class=\"ez-toc-section-end\"><\/span><\/h2>\n\n\n\n<h3 class=\"wp-block-heading\"><span class=\"ez-toc-section\" id=\"Regulacje-dotyczace-umow-o-zamowienie-publiczne\"><\/span>Regulacje dotycz\u0105ce um\u00f3w o&nbsp;zam\u00f3wienie publiczne<span class=\"ez-toc-section-end\"><\/span><\/h3>\n\n\n\n<p>Tarcza reguluje kwesti\u0119 um\u00f3w jedynie szcz\u0105tkowo, odnosz\u0105c si\u0119 wy\u0142\u0105cznie do tych zawartych w&nbsp;oparciu o&nbsp;przepisy Prawa zam\u00f3wie\u0144 publicznych. Zgodnie z&nbsp; brzmieniem art.&nbsp; 15r u.COVID-19 strony umowy w&nbsp;sprawie zam\u00f3wienia publicznego niezw\u0142ocznie informuj\u0105 siebie nawzajem o&nbsp; wp\u0142ywie okoliczno\u015bci zwi\u0105zanych z epidemi\u0105 COVID-19 na nale\u017cyte wykonanie umowy, za\u0142\u0105czaj\u0105c odpowiednie dowody. Przedstawiaj\u0105 tak\u017ce wp\u0142yw wirusa SARS-CoV-2 na ewentualne naliczenie kar umownych, dostarczaj\u0105c odpowiednie dokumenty po\u015bwiadczaj\u0105ce ten wp\u0142yw. Zamawiaj\u0105cy uzyska\u0142 prawo do zmiany warunk\u00f3w wykonania umowy, mi\u0119dzy innymi w&nbsp;zakresie:<\/p>\n\n\n\n<ol class=\"wp-block-list\"><li>zmiany terminu wykonania zawartej umowy w&nbsp; ca\u0142o\u015bci lub cz\u0119\u015bci,<\/li><li>czasowego zawieszenia wykonywania zawartej umowy,<\/li><li>zmiany sposobu wykonywania dostaw,<\/li><li>zmiany zakresu \u015bwiadczenia wykonawcy i&nbsp; proporcjonaln\u0105 zmian\u0119 wynagrodzenia.<\/li><\/ol>\n\n\n\n<p>Wzrost wynagrodzenia przy ka\u017cdej kolejnej zmianie nie mo\u017ce przekroczy\u0107 50% pierwotnego wynagrodzenia.<\/p>\n\n\n\n<p>Uregulowana zosta\u0142a tak\u017ce kwestia odpowiedzialno\u015bci piastun\u00f3w organ\u00f3w na wypadek niedochodzenia roszczenia z&nbsp;tytu\u0142u nienale\u017cytego wykonania zobowi\u0105zania z&nbsp;tytu\u0142u zam\u00f3wienia publicznego, je\u017celi nienale\u017cyte wykonanie nast\u0105pi\u0142o na skutek okoliczno\u015bci zwi\u0105zanych z&nbsp;COVID-19. W&nbsp;takim przypadku piastun organu nie b\u0119dzie ponosi\u0142 odpowiedzialno\u015bci karno-gospodarczej. Dzia\u0142alno\u015b\u0107 taka nie zostanie uznana r\u00f3wnie\u017c za dzia\u0142anie na szkod\u0119 sp\u00f3\u0142ki.<\/p>\n","protected":false},"excerpt":{"rendered":"<p>Pog\u0142\u0119biaj\u0105cy si\u0119 kryzys gospodarczy w&nbsp; zwi\u0105zku z&nbsp; pandemi\u0105COVID-19 dotkn\u0105\u0142 w&nbsp;zasadzie ka\u017cd\u0105 ga\u0142\u0105\u017a gospodarki. W&nbsp;wyniku na\u0142o\u017conych przez Pa\u0144stwo obostrze\u0144 i&nbsp;zakaz\u00f3w b\u0119d\u0105cych pochodn\u0105 rozprzestrzeniania si\u0119 wirusa SARS-CoV-2 przedsi\u0119biorstwa odczu\u0142y spadek p\u0142ynno\u015bci gospodarczej.<\/p>\n","protected":false},"author":1,"featured_media":916,"comment_status":"open","ping_status":"open","sticky":false,"template":"","format":"standard","meta":{"footnotes":""},"categories":[71],"tags":[],"class_list":["post-903","post","type-post","status-publish","format-standard","has-post-thumbnail","hentry","category-porady"],"_links":{"self":[{"href":"https:\/\/www.profinfo.pl\/blog\/wp-json\/wp\/v2\/posts\/903","targetHints":{"allow":["GET"]}}],"collection":[{"href":"https:\/\/www.profinfo.pl\/blog\/wp-json\/wp\/v2\/posts"}],"about":[{"href":"https:\/\/www.profinfo.pl\/blog\/wp-json\/wp\/v2\/types\/post"}],"author":[{"embeddable":true,"href":"https:\/\/www.profinfo.pl\/blog\/wp-json\/wp\/v2\/users\/1"}],"replies":[{"embeddable":true,"href":"https:\/\/www.profinfo.pl\/blog\/wp-json\/wp\/v2\/comments?post=903"}],"version-history":[{"count":17,"href":"https:\/\/www.profinfo.pl\/blog\/wp-json\/wp\/v2\/posts\/903\/revisions"}],"predecessor-version":[{"id":976,"href":"https:\/\/www.profinfo.pl\/blog\/wp-json\/wp\/v2\/posts\/903\/revisions\/976"}],"wp:featuredmedia":[{"embeddable":true,"href":"https:\/\/www.profinfo.pl\/blog\/wp-json\/wp\/v2\/media\/916"}],"wp:attachment":[{"href":"https:\/\/www.profinfo.pl\/blog\/wp-json\/wp\/v2\/media?parent=903"}],"wp:term":[{"taxonomy":"category","embeddable":true,"href":"https:\/\/www.profinfo.pl\/blog\/wp-json\/wp\/v2\/categories?post=903"},{"taxonomy":"post_tag","embeddable":true,"href":"https:\/\/www.profinfo.pl\/blog\/wp-json\/wp\/v2\/tags?post=903"}],"curies":[{"name":"wp","href":"https:\/\/api.w.org\/{rel}","templated":true}]}}